{"id":91440,"date":"2015-07-07T10:27:51","date_gmt":"2015-07-07T09:27:51","guid":{"rendered":"http:\/\/www.visit-ulcinj.com\/blog\/?p=91440"},"modified":"2015-07-07T10:27:51","modified_gmt":"2015-07-07T09:27:51","slug":"edelweiss-fluturime-te-lira-per-ne-malin-e-zi","status":"publish","type":"post","link":"https:\/\/www.visit-ulcinj.com\/blog\/2015\/07\/07\/edelweiss-fluturime-te-lira-per-ne-malin-e-zi\/","title":{"rendered":"Edelweiss fluturime t\u00eb lira p\u00ebr n\u00eb Malin e Zi"},"content":{"rendered":"<div id=\"stcpDiv\"><a href=\"http:\/\/www.visit-ulcinj.com\/blog\/wp-content\/uploads\/2015\/07\/Edelweiss-Air-Airbus-A330.jpg\"><img loading=\"lazy\" class=\"alignleft wp-image-91437\" src=\"http:\/\/www.visit-ulcinj.com\/blog\/wp-content\/uploads\/2015\/07\/Edelweiss-Air-Airbus-A330.jpg\" alt=\"Edelweiss-Air-Airbus-A330\" width=\"508\" height=\"295\" \/><\/a>P\u00ebr t\u00eb gjith\u00eb bashk\u00ebatdhetar\u00ebt ton\u00eb q\u00eb jeton\u00eb n\u00eb Mal t\u00eb Zi. Kompania e njohur Edelweiss sapo ka b\u00ebr\u00eb t\u00eb ditur q\u00eb do t\u00eb nis\u00eb fluturimet direkte nga Zurich n\u00eb Podgoric\u00eb n\u00eb sezonin veror 2015. Fluturimet do t\u00eb nisin n\u00eb dat\u00eb 5 korrik dhe do t\u00eb realizohen tri her\u00eb jav\u00eb, \u00e7do t\u00eb m\u00ebrkur\u00eb t\u00eb shtunen dhe t\u00eb dielen.<\/p>\n<\/div>\n<div><strong>P\u00ebr me tep\u00ebr informata shiko Linkun: <a href=\"https:\/\/www.flyedelweiss.com\/en\/pages\/home.aspx\" target=\"_blank\">https:\/\/www.flyedelweiss.com\/en\/pages\/home.aspx<\/a><\/strong><\/div>\n","protected":false},"excerpt":{"rendered":"<p>P\u00ebr t\u00eb gjith\u00eb bashk\u00ebatdhetar\u00ebt ton\u00eb q\u00eb jeton\u00eb n\u00eb Mal t\u00eb Zi. Kompania e njohur Edelweiss sapo ka b\u00ebr\u00eb t\u00eb ditur q\u00eb do t\u00eb nis\u00eb fluturimet direkte nga Zurich n\u00eb Podgoric\u00eb n\u00eb sezonin veror 2015. Fluturimet do t\u00eb nisin n\u00eb dat\u00eb 5 korrik dhe do t\u00eb realizohen tri her\u00eb jav\u00eb, \u00e7do t\u00eb m\u00ebrkur\u00eb t\u00eb shtunen dhe [&hellip;]<\/p>\n","protected":false},"author":1,"featured_media":0,"comment_status":"closed","ping_status":"closed","sticky":false,"template":"","format":"standard","meta":{"spay_email":"","jetpack_publicize_message":"","jetpack_is_tweetstorm":false,"jetpack_publicize_feature_enabled":true},"categories":[10],"tags":[],"jetpack_publicize_connections":[],"yoast_head":"<!-- This site is optimized with the Yoast SEO plugin v19.1 - https:\/\/yoast.com\/wordpress\/plugins\/seo\/ -->\n<title>Edelweiss fluturime t\u00eb lira p\u00ebr n\u00eb Malin e Zi - Lajme nga Ulqini<\/title>\n<meta name=\"description\" content=\"P\u00ebr t\u00eb gjith\u00eb bashk\u00ebatdhetar\u00ebt ton\u00eb q\u00eb jeton\u00eb n\u00eb Mal t\u00eb Zi. Kompania e njohur Edelweiss sapo ka b\u00ebr\u00eb t\u00eb ditur q\u00eb do t\u00eb nis\u00eb fluturimet direkte nga Zurich\" \/>\n<meta name=\"robots\" content=\"index, follow, max-snippet:-1, max-image-preview:large, max-video-preview:-1\" \/>\n<link rel=\"canonical\" href=\"https:\/\/www.visit-ulcinj.com\/blog\/2015\/07\/07\/edelweiss-fluturime-te-lira-per-ne-malin-e-zi\/\" \/>\n<meta property=\"og:locale\" content=\"en_US\" \/>\n<meta property=\"og:type\" content=\"article\" \/>\n<meta property=\"og:title\" content=\"Edelweiss fluturime t\u00eb lira p\u00ebr n\u00eb Malin e Zi - Lajme nga Ulqini\" \/>\n<meta property=\"og:description\" content=\"P\u00ebr t\u00eb gjith\u00eb bashk\u00ebatdhetar\u00ebt ton\u00eb q\u00eb jeton\u00eb n\u00eb Mal t\u00eb Zi. Kompania e njohur Edelweiss sapo ka b\u00ebr\u00eb t\u00eb ditur q\u00eb do t\u00eb nis\u00eb fluturimet direkte nga Zurich\" \/>\n<meta property=\"og:url\" content=\"https:\/\/www.visit-ulcinj.com\/blog\/2015\/07\/07\/edelweiss-fluturime-te-lira-per-ne-malin-e-zi\/\" \/>\n<meta property=\"og:site_name\" content=\"Lajme nga Ulqini\" \/>\n<meta property=\"article:published_time\" content=\"2015-07-07T09:27:51+00:00\" \/>\n<meta property=\"og:image\" content=\"http:\/\/www.visit-ulcinj.com\/blog\/wp-content\/uploads\/2015\/07\/Edelweiss-Air-Airbus-A330.jpg\" \/>\n<meta name=\"twitter:label1\" content=\"Written by\" \/>\n\t<meta name=\"twitter:data1\" content=\"ulqini\" \/>\n<script type=\"application\/ld+json\" class=\"yoast-schema-graph\">{\"@context\":\"https:\/\/schema.org\",\"@graph\":[{\"@type\":\"WebSite\",\"@id\":\"https:\/\/www.visit-ulcinj.com\/blog\/#website\",\"url\":\"https:\/\/www.visit-ulcinj.com\/blog\/\",\"name\":\"Lajme nga Ulqini\",\"description\":\"Lajme,Vijesti,Ulqini,Ulqin,Crna Gora,Mali i Zi\",\"potentialAction\":[{\"@type\":\"SearchAction\",\"target\":{\"@type\":\"EntryPoint\",\"urlTemplate\":\"https:\/\/www.visit-ulcinj.com\/blog\/?s={search_term_string}\"},\"query-input\":\"required name=search_term_string\"}],\"inLanguage\":\"en-US\"},{\"@type\":\"ImageObject\",\"inLanguage\":\"en-US\",\"@id\":\"https:\/\/www.visit-ulcinj.com\/blog\/2015\/07\/07\/edelweiss-fluturime-te-lira-per-ne-malin-e-zi\/#primaryimage\",\"url\":\"http:\/\/www.visit-ulcinj.com\/blog\/wp-content\/uploads\/2015\/07\/Edelweiss-Air-Airbus-A330.jpg\",\"contentUrl\":\"http:\/\/www.visit-ulcinj.com\/blog\/wp-content\/uploads\/2015\/07\/Edelweiss-Air-Airbus-A330.jpg\"},{\"@type\":\"WebPage\",\"@id\":\"https:\/\/www.visit-ulcinj.com\/blog\/2015\/07\/07\/edelweiss-fluturime-te-lira-per-ne-malin-e-zi\/#webpage\",\"url\":\"https:\/\/www.visit-ulcinj.com\/blog\/2015\/07\/07\/edelweiss-fluturime-te-lira-per-ne-malin-e-zi\/\",\"name\":\"Edelweiss fluturime t\u00eb lira p\u00ebr n\u00eb Malin e Zi - Lajme nga Ulqini\",\"isPartOf\":{\"@id\":\"https:\/\/www.visit-ulcinj.com\/blog\/#website\"},\"primaryImageOfPage\":{\"@id\":\"https:\/\/www.visit-ulcinj.com\/blog\/2015\/07\/07\/edelweiss-fluturime-te-lira-per-ne-malin-e-zi\/#primaryimage\"},\"datePublished\":\"2015-07-07T09:27:51+00:00\",\"dateModified\":\"2015-07-07T09:27:51+00:00\",\"author\":{\"@id\":\"https:\/\/www.visit-ulcinj.com\/blog\/#\/schema\/person\/dcab619c614d3038751c63bc2aadc06d\"},\"description\":\"P\u00ebr t\u00eb gjith\u00eb bashk\u00ebatdhetar\u00ebt ton\u00eb q\u00eb jeton\u00eb n\u00eb Mal t\u00eb Zi. Kompania e njohur Edelweiss sapo ka b\u00ebr\u00eb t\u00eb ditur q\u00eb do t\u00eb nis\u00eb fluturimet direkte nga Zurich\",\"breadcrumb\":{\"@id\":\"https:\/\/www.visit-ulcinj.com\/blog\/2015\/07\/07\/edelweiss-fluturime-te-lira-per-ne-malin-e-zi\/#breadcrumb\"},\"inLanguage\":\"en-US\",\"potentialAction\":[{\"@type\":\"ReadAction\",\"target\":[\"https:\/\/www.visit-ulcinj.com\/blog\/2015\/07\/07\/edelweiss-fluturime-te-lira-per-ne-malin-e-zi\/\"]}]},{\"@type\":\"BreadcrumbList\",\"@id\":\"https:\/\/www.visit-ulcinj.com\/blog\/2015\/07\/07\/edelweiss-fluturime-te-lira-per-ne-malin-e-zi\/#breadcrumb\",\"itemListElement\":[{\"@type\":\"ListItem\",\"position\":1,\"name\":\"Edelweiss fluturime t\u00eb lira p\u00ebr n\u00eb Malin e Zi\"}]},{\"@type\":\"Person\",\"@id\":\"https:\/\/www.visit-ulcinj.com\/blog\/#\/schema\/person\/dcab619c614d3038751c63bc2aadc06d\",\"name\":\"ulqini\",\"sameAs\":[\"http:\/\/www.visit-ulcinj.com\"],\"url\":\"https:\/\/www.visit-ulcinj.com\/blog\/author\/admin\/\"}]}<\/script>\n<!-- \/ Yoast SEO plugin. -->","yoast_head_json":{"title":"Edelweiss fluturime t\u00eb lira p\u00ebr n\u00eb Malin e Zi - Lajme nga Ulqini","description":"P\u00ebr t\u00eb gjith\u00eb bashk\u00ebatdhetar\u00ebt ton\u00eb q\u00eb jeton\u00eb n\u00eb Mal t\u00eb Zi. Kompania e njohur Edelweiss sapo ka b\u00ebr\u00eb t\u00eb ditur q\u00eb do t\u00eb nis\u00eb fluturimet direkte nga Zurich","robots":{"index":"index","follow":"follow","max-snippet":"max-snippet:-1","max-image-preview":"max-image-preview:large","max-video-preview":"max-video-preview:-1"},"canonical":"https:\/\/www.visit-ulcinj.com\/blog\/2015\/07\/07\/edelweiss-fluturime-te-lira-per-ne-malin-e-zi\/","og_locale":"en_US","og_type":"article","og_title":"Edelweiss fluturime t\u00eb lira p\u00ebr n\u00eb Malin e Zi - Lajme nga Ulqini","og_description":"P\u00ebr t\u00eb gjith\u00eb bashk\u00ebatdhetar\u00ebt ton\u00eb q\u00eb jeton\u00eb n\u00eb Mal t\u00eb Zi. Kompania e njohur Edelweiss sapo ka b\u00ebr\u00eb t\u00eb ditur q\u00eb do t\u00eb nis\u00eb fluturimet direkte nga Zurich","og_url":"https:\/\/www.visit-ulcinj.com\/blog\/2015\/07\/07\/edelweiss-fluturime-te-lira-per-ne-malin-e-zi\/","og_site_name":"Lajme nga Ulqini","article_published_time":"2015-07-07T09:27:51+00:00","og_image":[{"url":"http:\/\/www.visit-ulcinj.com\/blog\/wp-content\/uploads\/2015\/07\/Edelweiss-Air-Airbus-A330.jpg"}],"twitter_misc":{"Written by":"ulqini"},"schema":{"@context":"https:\/\/schema.org","@graph":[{"@type":"WebSite","@id":"https:\/\/www.visit-ulcinj.com\/blog\/#website","url":"https:\/\/www.visit-ulcinj.com\/blog\/","name":"Lajme nga Ulqini","description":"Lajme,Vijesti,Ulqini,Ulqin,Crna Gora,Mali i Zi","potentialAction":[{"@type":"SearchAction","target":{"@type":"EntryPoint","urlTemplate":"https:\/\/www.visit-ulcinj.com\/blog\/?s={search_term_string}"},"query-input":"required name=search_term_string"}],"inLanguage":"en-US"},{"@type":"ImageObject","inLanguage":"en-US","@id":"https:\/\/www.visit-ulcinj.com\/blog\/2015\/07\/07\/edelweiss-fluturime-te-lira-per-ne-malin-e-zi\/#primaryimage","url":"http:\/\/www.visit-ulcinj.com\/blog\/wp-content\/uploads\/2015\/07\/Edelweiss-Air-Airbus-A330.jpg","contentUrl":"http:\/\/www.visit-ulcinj.com\/blog\/wp-content\/uploads\/2015\/07\/Edelweiss-Air-Airbus-A330.jpg"},{"@type":"WebPage","@id":"https:\/\/www.visit-ulcinj.com\/blog\/2015\/07\/07\/edelweiss-fluturime-te-lira-per-ne-malin-e-zi\/#webpage","url":"https:\/\/www.visit-ulcinj.com\/blog\/2015\/07\/07\/edelweiss-fluturime-te-lira-per-ne-malin-e-zi\/","name":"Edelweiss fluturime t\u00eb lira p\u00ebr n\u00eb Malin e Zi - Lajme nga Ulqini","isPartOf":{"@id":"https:\/\/www.visit-ulcinj.com\/blog\/#website"},"primaryImageOfPage":{"@id":"https:\/\/www.visit-ulcinj.com\/blog\/2015\/07\/07\/edelweiss-fluturime-te-lira-per-ne-malin-e-zi\/#primaryimage"},"datePublished":"2015-07-07T09:27:51+00:00","dateModified":"2015-07-07T09:27:51+00:00","author":{"@id":"https:\/\/www.visit-ulcinj.com\/blog\/#\/schema\/person\/dcab619c614d3038751c63bc2aadc06d"},"description":"P\u00ebr t\u00eb gjith\u00eb bashk\u00ebatdhetar\u00ebt ton\u00eb q\u00eb jeton\u00eb n\u00eb Mal t\u00eb Zi. Kompania e njohur Edelweiss sapo ka b\u00ebr\u00eb t\u00eb ditur q\u00eb do t\u00eb nis\u00eb fluturimet direkte nga Zurich","breadcrumb":{"@id":"https:\/\/www.visit-ulcinj.com\/blog\/2015\/07\/07\/edelweiss-fluturime-te-lira-per-ne-malin-e-zi\/#breadcrumb"},"inLanguage":"en-US","potentialAction":[{"@type":"ReadAction","target":["https:\/\/www.visit-ulcinj.com\/blog\/2015\/07\/07\/edelweiss-fluturime-te-lira-per-ne-malin-e-zi\/"]}]},{"@type":"BreadcrumbList","@id":"https:\/\/www.visit-ulcinj.com\/blog\/2015\/07\/07\/edelweiss-fluturime-te-lira-per-ne-malin-e-zi\/#breadcrumb","itemListElement":[{"@type":"ListItem","position":1,"name":"Edelweiss fluturime t\u00eb lira p\u00ebr n\u00eb Malin e Zi"}]},{"@type":"Person","@id":"https:\/\/www.visit-ulcinj.com\/blog\/#\/schema\/person\/dcab619c614d3038751c63bc2aadc06d","name":"ulqini","sameAs":["http:\/\/www.visit-ulcinj.com"],"url":"https:\/\/www.visit-ulcinj.com\/blog\/author\/admin\/"}]}},"jetpack_featured_media_url":"","jetpack_sharing_enabled":true,"jetpack_shortlink":"https:\/\/wp.me\/pe6lTn-nMQ","_links":{"self":[{"href":"https:\/\/www.visit-ulcinj.com\/blog\/wp-json\/wp\/v2\/posts\/91440"}],"collection":[{"href":"https:\/\/www.visit-ulcinj.com\/blog\/wp-json\/wp\/v2\/posts"}],"about":[{"href":"https:\/\/www.visit-ulcinj.com\/blog\/wp-json\/wp\/v2\/types\/post"}],"author":[{"embeddable":true,"href":"https:\/\/www.visit-ulcinj.com\/blog\/wp-json\/wp\/v2\/users\/1"}],"replies":[{"embeddable":true,"href":"https:\/\/www.visit-ulcinj.com\/blog\/wp-json\/wp\/v2\/comments?post=91440"}],"version-history":[{"count":1,"href":"https:\/\/www.visit-ulcinj.com\/blog\/wp-json\/wp\/v2\/posts\/91440\/revisions"}],"predecessor-version":[{"id":91441,"href":"https:\/\/www.visit-ulcinj.com\/blog\/wp-json\/wp\/v2\/posts\/91440\/revisions\/91441"}],"wp:attachment":[{"href":"https:\/\/www.visit-ulcinj.com\/blog\/wp-json\/wp\/v2\/media?parent=91440"}],"wp:term":[{"taxonomy":"category","embeddable":true,"href":"https:\/\/www.visit-ulcinj.com\/blog\/wp-json\/wp\/v2\/categories?post=91440"},{"taxonomy":"post_tag","embeddable":true,"href":"https:\/\/www.visit-ulcinj.com\/blog\/wp-json\/wp\/v2\/tags?post=91440"}],"curies":[{"name":"wp","href":"https:\/\/api.w.org\/{rel}","templated":true}]}}