{"id":91443,"date":"2015-07-07T10:37:37","date_gmt":"2015-07-07T09:37:37","guid":{"rendered":"http:\/\/www.visit-ulcinj.com\/blog\/?p=91443"},"modified":"2015-07-07T10:37:37","modified_gmt":"2015-07-07T09:37:37","slug":"podgorica-se-tresla-cetvrti-put","status":"publish","type":"post","link":"https:\/\/www.visit-ulcinj.com\/blog\/2015\/07\/07\/podgorica-se-tresla-cetvrti-put\/","title":{"rendered":"Podgorica se tresla i \u010detvrti put"},"content":{"rendered":"<p><a href=\"http:\/\/www.visit-ulcinj.com\/blog\/wp-content\/uploads\/2015\/07\/epicentar-Tuzi-podgorica.gif\"><img loading=\"lazy\" class=\"alignleft wp-image-91408\" src=\"http:\/\/www.visit-ulcinj.com\/blog\/wp-content\/uploads\/2015\/07\/epicentar-Tuzi-podgorica.gif\" alt=\"epicentar-Tuzi-podgorica\" width=\"508\" height=\"289\" \/><\/a>Seizmolo\u0161ki zavod Crne Gore registrovao je danas u 11 sati i jedan minut zemljotres manje ja\u010dine, s epicentrom 13 kilometara jugoisto\u010dno od Podgorice.<\/p>\n<p>Ja\u010dina zemljotresa u \u017eari\u0161tu iznosila je tri jedinice Rihterove skale, \u0161to odgovara epicentralnom intenzitetu od IV stepena Merkalijeve skale (MCS).<\/p>\n<p>Prema preliminarnim podacima obrade, \u017eari\u0161te ovog zemljotresa locirano je na dubini od 18 km.<\/p>\n<p>&#8220;Na osnovu teorijskog modela makroseizmi\u010dkog polja ovog regiona, magnitude zemljotresa i dubine hipocentra, ovaj zemljotres nije mogao izazvati materijalne \u0161tete u epicentralnom podru\u010dju&#8221;, saop\u0161teno je iz Seizmolo\u0161kog zavoda.<\/p>\n<p>Podsje\u0107amo, to je <a href=\"http:\/\/www.rtcg.me\/vijesti\/drustvo\/96865\/podgorica-se-tresla-i-treci-put.html\">\u010detvrti potres na podru\u010dju glavnog grada <\/a>za posljednja 24 sata. Zemljotres ja\u010dine 3.9 Rihtera pogodio je ju\u010de centralni dio Crne Gore u 15 sati i 42 minuta, a pola sata kasnije uslijedio je novi potres, ja\u010dine 2.9 Rihtera.<\/p>\n<p><strong>Izvor: RTCG<\/strong><\/p>\n<p><img loading=\"lazy\" class=\"alignnone\" src=\"http:\/\/www.visit-ulcinj.com\/blog\/wp-content\/uploads\/2014\/04\/c8a72.gif\" alt=\"\" width=\"508\" height=\"420\" \/><\/p>\n","protected":false},"excerpt":{"rendered":"<p>Seizmolo\u0161ki zavod Crne Gore registrovao je danas u 11 sati i jedan minut zemljotres manje ja\u010dine, s epicentrom 13 kilometara jugoisto\u010dno od Podgorice. Ja\u010dina zemljotresa u \u017eari\u0161tu iznosila je tri jedinice Rihterove skale, \u0161to odgovara epicentralnom intenzitetu od IV stepena Merkalijeve skale (MCS). Prema preliminarnim podacima obrade, \u017eari\u0161te ovog zemljotresa locirano je na dubini od [&hellip;]<\/p>\n","protected":false},"author":1,"featured_media":0,"comment_status":"closed","ping_status":"closed","sticky":false,"template":"","format":"standard","meta":{"spay_email":"","jetpack_publicize_message":"","jetpack_is_tweetstorm":false,"jetpack_publicize_feature_enabled":true},"categories":[6950],"tags":[],"jetpack_publicize_connections":[],"yoast_head":"<!-- This site is optimized with the Yoast SEO plugin v19.1 - https:\/\/yoast.com\/wordpress\/plugins\/seo\/ -->\n<title>Podgorica se tresla i \u010detvrti put - Lajme nga Ulqini<\/title>\n<meta name=\"description\" content=\"Seizmolo\u0161ki zavod Crne Gore registrovao je danas u 11 sati i jedan minut zemljotres manje ja\u010dine, s epicentrom 13 kilometara jugoisto\u010dno od Podgorice.\" \/>\n<meta name=\"robots\" content=\"index, follow, max-snippet:-1, max-image-preview:large, max-video-preview:-1\" \/>\n<link rel=\"canonical\" href=\"https:\/\/www.visit-ulcinj.com\/blog\/2015\/07\/07\/podgorica-se-tresla-cetvrti-put\/\" \/>\n<meta property=\"og:locale\" content=\"en_US\" \/>\n<meta property=\"og:type\" content=\"article\" \/>\n<meta property=\"og:title\" content=\"Podgorica se tresla i \u010detvrti put - Lajme nga Ulqini\" \/>\n<meta property=\"og:description\" content=\"Seizmolo\u0161ki zavod Crne Gore registrovao je danas u 11 sati i jedan minut zemljotres manje ja\u010dine, s epicentrom 13 kilometara jugoisto\u010dno od Podgorice.\" \/>\n<meta property=\"og:url\" content=\"https:\/\/www.visit-ulcinj.com\/blog\/2015\/07\/07\/podgorica-se-tresla-cetvrti-put\/\" \/>\n<meta property=\"og:site_name\" content=\"Lajme nga Ulqini\" \/>\n<meta property=\"article:published_time\" content=\"2015-07-07T09:37:37+00:00\" \/>\n<meta property=\"og:image\" content=\"http:\/\/www.visit-ulcinj.com\/blog\/wp-content\/uploads\/2015\/07\/epicentar-Tuzi-podgorica.gif\" \/>\n<meta name=\"twitter:label1\" content=\"Written by\" \/>\n\t<meta name=\"twitter:data1\" content=\"ulqini\" \/>\n\t<meta name=\"twitter:label2\" content=\"Est. reading time\" \/>\n\t<meta name=\"twitter:data2\" content=\"1 minute\" \/>\n<script type=\"application\/ld+json\" class=\"yoast-schema-graph\">{\"@context\":\"https:\/\/schema.org\",\"@graph\":[{\"@type\":\"WebSite\",\"@id\":\"https:\/\/www.visit-ulcinj.com\/blog\/#website\",\"url\":\"https:\/\/www.visit-ulcinj.com\/blog\/\",\"name\":\"Lajme nga Ulqini\",\"description\":\"Lajme,Vijesti,Ulqini,Ulqin,Crna Gora,Mali i Zi\",\"potentialAction\":[{\"@type\":\"SearchAction\",\"target\":{\"@type\":\"EntryPoint\",\"urlTemplate\":\"https:\/\/www.visit-ulcinj.com\/blog\/?s={search_term_string}\"},\"query-input\":\"required name=search_term_string\"}],\"inLanguage\":\"en-US\"},{\"@type\":\"ImageObject\",\"inLanguage\":\"en-US\",\"@id\":\"https:\/\/www.visit-ulcinj.com\/blog\/2015\/07\/07\/podgorica-se-tresla-cetvrti-put\/#primaryimage\",\"url\":\"https:\/\/www.visit-ulcinj.com\/blog\/wp-content\/uploads\/2015\/07\/epicentar-Tuzi-podgorica.gif\",\"contentUrl\":\"https:\/\/www.visit-ulcinj.com\/blog\/wp-content\/uploads\/2015\/07\/epicentar-Tuzi-podgorica.gif\",\"width\":952,\"height\":541},{\"@type\":\"WebPage\",\"@id\":\"https:\/\/www.visit-ulcinj.com\/blog\/2015\/07\/07\/podgorica-se-tresla-cetvrti-put\/#webpage\",\"url\":\"https:\/\/www.visit-ulcinj.com\/blog\/2015\/07\/07\/podgorica-se-tresla-cetvrti-put\/\",\"name\":\"Podgorica se tresla i \u010detvrti put - Lajme nga Ulqini\",\"isPartOf\":{\"@id\":\"https:\/\/www.visit-ulcinj.com\/blog\/#website\"},\"primaryImageOfPage\":{\"@id\":\"https:\/\/www.visit-ulcinj.com\/blog\/2015\/07\/07\/podgorica-se-tresla-cetvrti-put\/#primaryimage\"},\"datePublished\":\"2015-07-07T09:37:37+00:00\",\"dateModified\":\"2015-07-07T09:37:37+00:00\",\"author\":{\"@id\":\"https:\/\/www.visit-ulcinj.com\/blog\/#\/schema\/person\/dcab619c614d3038751c63bc2aadc06d\"},\"description\":\"Seizmolo\u0161ki zavod Crne Gore registrovao je danas u 11 sati i jedan minut zemljotres manje ja\u010dine, s epicentrom 13 kilometara jugoisto\u010dno od Podgorice.\",\"breadcrumb\":{\"@id\":\"https:\/\/www.visit-ulcinj.com\/blog\/2015\/07\/07\/podgorica-se-tresla-cetvrti-put\/#breadcrumb\"},\"inLanguage\":\"en-US\",\"potentialAction\":[{\"@type\":\"ReadAction\",\"target\":[\"https:\/\/www.visit-ulcinj.com\/blog\/2015\/07\/07\/podgorica-se-tresla-cetvrti-put\/\"]}]},{\"@type\":\"BreadcrumbList\",\"@id\":\"https:\/\/www.visit-ulcinj.com\/blog\/2015\/07\/07\/podgorica-se-tresla-cetvrti-put\/#breadcrumb\",\"itemListElement\":[{\"@type\":\"ListItem\",\"position\":1,\"name\":\"Podgorica se tresla i \u010detvrti put\"}]},{\"@type\":\"Person\",\"@id\":\"https:\/\/www.visit-ulcinj.com\/blog\/#\/schema\/person\/dcab619c614d3038751c63bc2aadc06d\",\"name\":\"ulqini\",\"sameAs\":[\"http:\/\/www.visit-ulcinj.com\"],\"url\":\"https:\/\/www.visit-ulcinj.com\/blog\/author\/admin\/\"}]}<\/script>\n<!-- \/ Yoast SEO plugin. -->","yoast_head_json":{"title":"Podgorica se tresla i \u010detvrti put - Lajme nga Ulqini","description":"Seizmolo\u0161ki zavod Crne Gore registrovao je danas u 11 sati i jedan minut zemljotres manje ja\u010dine, s epicentrom 13 kilometara jugoisto\u010dno od Podgorice.","robots":{"index":"index","follow":"follow","max-snippet":"max-snippet:-1","max-image-preview":"max-image-preview:large","max-video-preview":"max-video-preview:-1"},"canonical":"https:\/\/www.visit-ulcinj.com\/blog\/2015\/07\/07\/podgorica-se-tresla-cetvrti-put\/","og_locale":"en_US","og_type":"article","og_title":"Podgorica se tresla i \u010detvrti put - Lajme nga Ulqini","og_description":"Seizmolo\u0161ki zavod Crne Gore registrovao je danas u 11 sati i jedan minut zemljotres manje ja\u010dine, s epicentrom 13 kilometara jugoisto\u010dno od Podgorice.","og_url":"https:\/\/www.visit-ulcinj.com\/blog\/2015\/07\/07\/podgorica-se-tresla-cetvrti-put\/","og_site_name":"Lajme nga Ulqini","article_published_time":"2015-07-07T09:37:37+00:00","og_image":[{"url":"http:\/\/www.visit-ulcinj.com\/blog\/wp-content\/uploads\/2015\/07\/epicentar-Tuzi-podgorica.gif"}],"twitter_misc":{"Written by":"ulqini","Est. reading time":"1 minute"},"schema":{"@context":"https:\/\/schema.org","@graph":[{"@type":"WebSite","@id":"https:\/\/www.visit-ulcinj.com\/blog\/#website","url":"https:\/\/www.visit-ulcinj.com\/blog\/","name":"Lajme nga Ulqini","description":"Lajme,Vijesti,Ulqini,Ulqin,Crna Gora,Mali i Zi","potentialAction":[{"@type":"SearchAction","target":{"@type":"EntryPoint","urlTemplate":"https:\/\/www.visit-ulcinj.com\/blog\/?s={search_term_string}"},"query-input":"required name=search_term_string"}],"inLanguage":"en-US"},{"@type":"ImageObject","inLanguage":"en-US","@id":"https:\/\/www.visit-ulcinj.com\/blog\/2015\/07\/07\/podgorica-se-tresla-cetvrti-put\/#primaryimage","url":"https:\/\/www.visit-ulcinj.com\/blog\/wp-content\/uploads\/2015\/07\/epicentar-Tuzi-podgorica.gif","contentUrl":"https:\/\/www.visit-ulcinj.com\/blog\/wp-content\/uploads\/2015\/07\/epicentar-Tuzi-podgorica.gif","width":952,"height":541},{"@type":"WebPage","@id":"https:\/\/www.visit-ulcinj.com\/blog\/2015\/07\/07\/podgorica-se-tresla-cetvrti-put\/#webpage","url":"https:\/\/www.visit-ulcinj.com\/blog\/2015\/07\/07\/podgorica-se-tresla-cetvrti-put\/","name":"Podgorica se tresla i \u010detvrti put - Lajme nga Ulqini","isPartOf":{"@id":"https:\/\/www.visit-ulcinj.com\/blog\/#website"},"primaryImageOfPage":{"@id":"https:\/\/www.visit-ulcinj.com\/blog\/2015\/07\/07\/podgorica-se-tresla-cetvrti-put\/#primaryimage"},"datePublished":"2015-07-07T09:37:37+00:00","dateModified":"2015-07-07T09:37:37+00:00","author":{"@id":"https:\/\/www.visit-ulcinj.com\/blog\/#\/schema\/person\/dcab619c614d3038751c63bc2aadc06d"},"description":"Seizmolo\u0161ki zavod Crne Gore registrovao je danas u 11 sati i jedan minut zemljotres manje ja\u010dine, s epicentrom 13 kilometara jugoisto\u010dno od Podgorice.","breadcrumb":{"@id":"https:\/\/www.visit-ulcinj.com\/blog\/2015\/07\/07\/podgorica-se-tresla-cetvrti-put\/#breadcrumb"},"inLanguage":"en-US","potentialAction":[{"@type":"ReadAction","target":["https:\/\/www.visit-ulcinj.com\/blog\/2015\/07\/07\/podgorica-se-tresla-cetvrti-put\/"]}]},{"@type":"BreadcrumbList","@id":"https:\/\/www.visit-ulcinj.com\/blog\/2015\/07\/07\/podgorica-se-tresla-cetvrti-put\/#breadcrumb","itemListElement":[{"@type":"ListItem","position":1,"name":"Podgorica se tresla i \u010detvrti put"}]},{"@type":"Person","@id":"https:\/\/www.visit-ulcinj.com\/blog\/#\/schema\/person\/dcab619c614d3038751c63bc2aadc06d","name":"ulqini","sameAs":["http:\/\/www.visit-ulcinj.com"],"url":"https:\/\/www.visit-ulcinj.com\/blog\/author\/admin\/"}]}},"jetpack_featured_media_url":"","jetpack_sharing_enabled":true,"jetpack_shortlink":"https:\/\/wp.me\/pe6lTn-nMT","_links":{"self":[{"href":"https:\/\/www.visit-ulcinj.com\/blog\/wp-json\/wp\/v2\/posts\/91443"}],"collection":[{"href":"https:\/\/www.visit-ulcinj.com\/blog\/wp-json\/wp\/v2\/posts"}],"about":[{"href":"https:\/\/www.visit-ulcinj.com\/blog\/wp-json\/wp\/v2\/types\/post"}],"author":[{"embeddable":true,"href":"https:\/\/www.visit-ulcinj.com\/blog\/wp-json\/wp\/v2\/users\/1"}],"replies":[{"embeddable":true,"href":"https:\/\/www.visit-ulcinj.com\/blog\/wp-json\/wp\/v2\/comments?post=91443"}],"version-history":[{"count":1,"href":"https:\/\/www.visit-ulcinj.com\/blog\/wp-json\/wp\/v2\/posts\/91443\/revisions"}],"predecessor-version":[{"id":91444,"href":"https:\/\/www.visit-ulcinj.com\/blog\/wp-json\/wp\/v2\/posts\/91443\/revisions\/91444"}],"wp:attachment":[{"href":"https:\/\/www.visit-ulcinj.com\/blog\/wp-json\/wp\/v2\/media?parent=91443"}],"wp:term":[{"taxonomy":"category","embeddable":true,"href":"https:\/\/www.visit-ulcinj.com\/blog\/wp-json\/wp\/v2\/categories?post=91443"},{"taxonomy":"post_tag","embeddable":true,"href":"https:\/\/www.visit-ulcinj.com\/blog\/wp-json\/wp\/v2\/tags?post=91443"}],"curies":[{"name":"wp","href":"https:\/\/api.w.org\/{rel}","templated":true}]}}