{"id":91445,"date":"2015-07-07T10:46:48","date_gmt":"2015-07-07T09:46:48","guid":{"rendered":"http:\/\/www.visit-ulcinj.com\/blog\/?p=91445"},"modified":"2015-07-07T12:28:09","modified_gmt":"2015-07-07T11:28:09","slug":"termeti-katert-mbrenda-24-oreve-ne-mal-te-zi","status":"publish","type":"post","link":"https:\/\/www.visit-ulcinj.com\/blog\/2015\/07\/07\/termeti-katert-mbrenda-24-oreve-ne-mal-te-zi\/","title":{"rendered":"T\u00ebrmeti i kat\u00ebrt mbrenda 24 or\u00ebve n\u00eb Mal t\u00eb Zi"},"content":{"rendered":"<p><a href=\"http:\/\/www.visit-ulcinj.com\/blog\/wp-content\/uploads\/2015\/07\/epicentar-Tuzi-podgorica.gif\"><img loading=\"lazy\" class=\"alignleft wp-image-91408\" src=\"http:\/\/www.visit-ulcinj.com\/blog\/wp-content\/uploads\/2015\/07\/epicentar-Tuzi-podgorica.gif\" alt=\"epicentar-Tuzi-podgorica\" width=\"508\" height=\"289\" \/><\/a><strong>Instituti Sizmologjis\u00eb i Malit t\u00eb Zi ka b\u00ebr\u00eb t\u00eb ditur se jan\u00eb ndjer\u00eb l\u00ebkundje t\u00ebrmeti sot n\u00eb or\u00ebn 11.01<\/strong><\/p>\n<p>T\u00ebrmeti \u00ebsht\u00eb regjistruar sot n\u00eb or\u00ebn 11:01 minuta, me epiqend\u00ebr 16 kilometra n\u00eb lindje t\u00eb Podgoric\u00ebs, sipas t\u00eb dh\u00ebnave t\u00eb Qendr\u00ebs Sizmologjike Europiane.<\/p>\n<p>Nuk ka pasur raportime p\u00ebr d\u00ebme materiale apo l\u00ebndime n\u00eb njer\u00ebz.<\/p>\n<p><img loading=\"lazy\" class=\"alignnone\" src=\"http:\/\/www.visit-ulcinj.com\/blog\/wp-content\/uploads\/2014\/04\/c8a72.gif\" alt=\"\" width=\"508\" height=\"420\" \/><\/p>\n","protected":false},"excerpt":{"rendered":"<p>Instituti Sizmologjis\u00eb i Malit t\u00eb Zi ka b\u00ebr\u00eb t\u00eb ditur se jan\u00eb ndjer\u00eb l\u00ebkundje t\u00ebrmeti sot n\u00eb or\u00ebn 11.01 T\u00ebrmeti \u00ebsht\u00eb regjistruar sot n\u00eb or\u00ebn 11:01 minuta, me epiqend\u00ebr 16 kilometra n\u00eb lindje t\u00eb Podgoric\u00ebs, sipas t\u00eb dh\u00ebnave t\u00eb Qendr\u00ebs Sizmologjike Europiane. Nuk ka pasur raportime p\u00ebr d\u00ebme materiale apo l\u00ebndime n\u00eb njer\u00ebz.<\/p>\n","protected":false},"author":1,"featured_media":0,"comment_status":"closed","ping_status":"closed","sticky":false,"template":"","format":"standard","meta":{"spay_email":"","jetpack_publicize_message":"","jetpack_is_tweetstorm":false,"jetpack_publicize_feature_enabled":true},"categories":[12],"tags":[],"jetpack_publicize_connections":[],"yoast_head":"<!-- This site is optimized with the Yoast SEO plugin v19.1 - https:\/\/yoast.com\/wordpress\/plugins\/seo\/ -->\n<title>T\u00ebrmeti i kat\u00ebrt mbrenda 24 or\u00ebve n\u00eb Mal t\u00eb Zi - Lajme nga Ulqini<\/title>\n<meta name=\"description\" content=\"Instituti Sizmologjis\u00eb i Malit t\u00eb Zi ka b\u00ebr\u00eb t\u00eb ditur se jan\u00eb ndjer\u00eb l\u00ebkundje t\u00ebrmeti sot n\u00eb or\u00ebn 11.01 T\u00ebrmeti \u00ebsht\u00eb regjistruar sot n\u00eb or\u00ebn 11:01\" \/>\n<meta name=\"robots\" content=\"index, follow, max-snippet:-1, max-image-preview:large, max-video-preview:-1\" \/>\n<link rel=\"canonical\" href=\"https:\/\/www.visit-ulcinj.com\/blog\/2015\/07\/07\/termeti-katert-mbrenda-24-oreve-ne-mal-te-zi\/\" \/>\n<meta property=\"og:locale\" content=\"en_US\" \/>\n<meta property=\"og:type\" content=\"article\" \/>\n<meta property=\"og:title\" content=\"T\u00ebrmeti i kat\u00ebrt mbrenda 24 or\u00ebve n\u00eb Mal t\u00eb Zi - Lajme nga Ulqini\" \/>\n<meta property=\"og:description\" content=\"Instituti Sizmologjis\u00eb i Malit t\u00eb Zi ka b\u00ebr\u00eb t\u00eb ditur se jan\u00eb ndjer\u00eb l\u00ebkundje t\u00ebrmeti sot n\u00eb or\u00ebn 11.01 T\u00ebrmeti \u00ebsht\u00eb regjistruar sot n\u00eb or\u00ebn 11:01\" \/>\n<meta property=\"og:url\" content=\"https:\/\/www.visit-ulcinj.com\/blog\/2015\/07\/07\/termeti-katert-mbrenda-24-oreve-ne-mal-te-zi\/\" \/>\n<meta property=\"og:site_name\" content=\"Lajme nga Ulqini\" \/>\n<meta property=\"article:published_time\" content=\"2015-07-07T09:46:48+00:00\" \/>\n<meta property=\"article:modified_time\" content=\"2015-07-07T11:28:09+00:00\" \/>\n<meta property=\"og:image\" content=\"http:\/\/www.visit-ulcinj.com\/blog\/wp-content\/uploads\/2015\/07\/epicentar-Tuzi-podgorica.gif\" \/>\n<meta name=\"twitter:label1\" content=\"Written by\" \/>\n\t<meta name=\"twitter:data1\" content=\"ulqini\" \/>\n<script type=\"application\/ld+json\" class=\"yoast-schema-graph\">{\"@context\":\"https:\/\/schema.org\",\"@graph\":[{\"@type\":\"WebSite\",\"@id\":\"https:\/\/www.visit-ulcinj.com\/blog\/#website\",\"url\":\"https:\/\/www.visit-ulcinj.com\/blog\/\",\"name\":\"Lajme nga Ulqini\",\"description\":\"Lajme,Vijesti,Ulqini,Ulqin,Crna Gora,Mali i Zi\",\"potentialAction\":[{\"@type\":\"SearchAction\",\"target\":{\"@type\":\"EntryPoint\",\"urlTemplate\":\"https:\/\/www.visit-ulcinj.com\/blog\/?s={search_term_string}\"},\"query-input\":\"required name=search_term_string\"}],\"inLanguage\":\"en-US\"},{\"@type\":\"ImageObject\",\"inLanguage\":\"en-US\",\"@id\":\"https:\/\/www.visit-ulcinj.com\/blog\/2015\/07\/07\/termeti-katert-mbrenda-24-oreve-ne-mal-te-zi\/#primaryimage\",\"url\":\"https:\/\/www.visit-ulcinj.com\/blog\/wp-content\/uploads\/2015\/07\/epicentar-Tuzi-podgorica.gif\",\"contentUrl\":\"https:\/\/www.visit-ulcinj.com\/blog\/wp-content\/uploads\/2015\/07\/epicentar-Tuzi-podgorica.gif\",\"width\":952,\"height\":541},{\"@type\":\"WebPage\",\"@id\":\"https:\/\/www.visit-ulcinj.com\/blog\/2015\/07\/07\/termeti-katert-mbrenda-24-oreve-ne-mal-te-zi\/#webpage\",\"url\":\"https:\/\/www.visit-ulcinj.com\/blog\/2015\/07\/07\/termeti-katert-mbrenda-24-oreve-ne-mal-te-zi\/\",\"name\":\"T\u00ebrmeti i kat\u00ebrt mbrenda 24 or\u00ebve n\u00eb Mal t\u00eb Zi - Lajme nga Ulqini\",\"isPartOf\":{\"@id\":\"https:\/\/www.visit-ulcinj.com\/blog\/#website\"},\"primaryImageOfPage\":{\"@id\":\"https:\/\/www.visit-ulcinj.com\/blog\/2015\/07\/07\/termeti-katert-mbrenda-24-oreve-ne-mal-te-zi\/#primaryimage\"},\"datePublished\":\"2015-07-07T09:46:48+00:00\",\"dateModified\":\"2015-07-07T11:28:09+00:00\",\"author\":{\"@id\":\"https:\/\/www.visit-ulcinj.com\/blog\/#\/schema\/person\/dcab619c614d3038751c63bc2aadc06d\"},\"description\":\"Instituti Sizmologjis\u00eb i Malit t\u00eb Zi ka b\u00ebr\u00eb t\u00eb ditur se jan\u00eb ndjer\u00eb l\u00ebkundje t\u00ebrmeti sot n\u00eb or\u00ebn 11.01 T\u00ebrmeti \u00ebsht\u00eb regjistruar sot n\u00eb or\u00ebn 11:01\",\"breadcrumb\":{\"@id\":\"https:\/\/www.visit-ulcinj.com\/blog\/2015\/07\/07\/termeti-katert-mbrenda-24-oreve-ne-mal-te-zi\/#breadcrumb\"},\"inLanguage\":\"en-US\",\"potentialAction\":[{\"@type\":\"ReadAction\",\"target\":[\"https:\/\/www.visit-ulcinj.com\/blog\/2015\/07\/07\/termeti-katert-mbrenda-24-oreve-ne-mal-te-zi\/\"]}]},{\"@type\":\"BreadcrumbList\",\"@id\":\"https:\/\/www.visit-ulcinj.com\/blog\/2015\/07\/07\/termeti-katert-mbrenda-24-oreve-ne-mal-te-zi\/#breadcrumb\",\"itemListElement\":[{\"@type\":\"ListItem\",\"position\":1,\"name\":\"T\u00ebrmeti i kat\u00ebrt mbrenda 24 or\u00ebve n\u00eb Mal t\u00eb Zi\"}]},{\"@type\":\"Person\",\"@id\":\"https:\/\/www.visit-ulcinj.com\/blog\/#\/schema\/person\/dcab619c614d3038751c63bc2aadc06d\",\"name\":\"ulqini\",\"sameAs\":[\"http:\/\/www.visit-ulcinj.com\"],\"url\":\"https:\/\/www.visit-ulcinj.com\/blog\/author\/admin\/\"}]}<\/script>\n<!-- \/ Yoast SEO plugin. -->","yoast_head_json":{"title":"T\u00ebrmeti i kat\u00ebrt mbrenda 24 or\u00ebve n\u00eb Mal t\u00eb Zi - Lajme nga Ulqini","description":"Instituti Sizmologjis\u00eb i Malit t\u00eb Zi ka b\u00ebr\u00eb t\u00eb ditur se jan\u00eb ndjer\u00eb l\u00ebkundje t\u00ebrmeti sot n\u00eb or\u00ebn 11.01 T\u00ebrmeti \u00ebsht\u00eb regjistruar sot n\u00eb or\u00ebn 11:01","robots":{"index":"index","follow":"follow","max-snippet":"max-snippet:-1","max-image-preview":"max-image-preview:large","max-video-preview":"max-video-preview:-1"},"canonical":"https:\/\/www.visit-ulcinj.com\/blog\/2015\/07\/07\/termeti-katert-mbrenda-24-oreve-ne-mal-te-zi\/","og_locale":"en_US","og_type":"article","og_title":"T\u00ebrmeti i kat\u00ebrt mbrenda 24 or\u00ebve n\u00eb Mal t\u00eb Zi - Lajme nga Ulqini","og_description":"Instituti Sizmologjis\u00eb i Malit t\u00eb Zi ka b\u00ebr\u00eb t\u00eb ditur se jan\u00eb ndjer\u00eb l\u00ebkundje t\u00ebrmeti sot n\u00eb or\u00ebn 11.01 T\u00ebrmeti \u00ebsht\u00eb regjistruar sot n\u00eb or\u00ebn 11:01","og_url":"https:\/\/www.visit-ulcinj.com\/blog\/2015\/07\/07\/termeti-katert-mbrenda-24-oreve-ne-mal-te-zi\/","og_site_name":"Lajme nga Ulqini","article_published_time":"2015-07-07T09:46:48+00:00","article_modified_time":"2015-07-07T11:28:09+00:00","og_image":[{"url":"http:\/\/www.visit-ulcinj.com\/blog\/wp-content\/uploads\/2015\/07\/epicentar-Tuzi-podgorica.gif"}],"twitter_misc":{"Written by":"ulqini"},"schema":{"@context":"https:\/\/schema.org","@graph":[{"@type":"WebSite","@id":"https:\/\/www.visit-ulcinj.com\/blog\/#website","url":"https:\/\/www.visit-ulcinj.com\/blog\/","name":"Lajme nga Ulqini","description":"Lajme,Vijesti,Ulqini,Ulqin,Crna Gora,Mali i Zi","potentialAction":[{"@type":"SearchAction","target":{"@type":"EntryPoint","urlTemplate":"https:\/\/www.visit-ulcinj.com\/blog\/?s={search_term_string}"},"query-input":"required name=search_term_string"}],"inLanguage":"en-US"},{"@type":"ImageObject","inLanguage":"en-US","@id":"https:\/\/www.visit-ulcinj.com\/blog\/2015\/07\/07\/termeti-katert-mbrenda-24-oreve-ne-mal-te-zi\/#primaryimage","url":"https:\/\/www.visit-ulcinj.com\/blog\/wp-content\/uploads\/2015\/07\/epicentar-Tuzi-podgorica.gif","contentUrl":"https:\/\/www.visit-ulcinj.com\/blog\/wp-content\/uploads\/2015\/07\/epicentar-Tuzi-podgorica.gif","width":952,"height":541},{"@type":"WebPage","@id":"https:\/\/www.visit-ulcinj.com\/blog\/2015\/07\/07\/termeti-katert-mbrenda-24-oreve-ne-mal-te-zi\/#webpage","url":"https:\/\/www.visit-ulcinj.com\/blog\/2015\/07\/07\/termeti-katert-mbrenda-24-oreve-ne-mal-te-zi\/","name":"T\u00ebrmeti i kat\u00ebrt mbrenda 24 or\u00ebve n\u00eb Mal t\u00eb Zi - Lajme nga Ulqini","isPartOf":{"@id":"https:\/\/www.visit-ulcinj.com\/blog\/#website"},"primaryImageOfPage":{"@id":"https:\/\/www.visit-ulcinj.com\/blog\/2015\/07\/07\/termeti-katert-mbrenda-24-oreve-ne-mal-te-zi\/#primaryimage"},"datePublished":"2015-07-07T09:46:48+00:00","dateModified":"2015-07-07T11:28:09+00:00","author":{"@id":"https:\/\/www.visit-ulcinj.com\/blog\/#\/schema\/person\/dcab619c614d3038751c63bc2aadc06d"},"description":"Instituti Sizmologjis\u00eb i Malit t\u00eb Zi ka b\u00ebr\u00eb t\u00eb ditur se jan\u00eb ndjer\u00eb l\u00ebkundje t\u00ebrmeti sot n\u00eb or\u00ebn 11.01 T\u00ebrmeti \u00ebsht\u00eb regjistruar sot n\u00eb or\u00ebn 11:01","breadcrumb":{"@id":"https:\/\/www.visit-ulcinj.com\/blog\/2015\/07\/07\/termeti-katert-mbrenda-24-oreve-ne-mal-te-zi\/#breadcrumb"},"inLanguage":"en-US","potentialAction":[{"@type":"ReadAction","target":["https:\/\/www.visit-ulcinj.com\/blog\/2015\/07\/07\/termeti-katert-mbrenda-24-oreve-ne-mal-te-zi\/"]}]},{"@type":"BreadcrumbList","@id":"https:\/\/www.visit-ulcinj.com\/blog\/2015\/07\/07\/termeti-katert-mbrenda-24-oreve-ne-mal-te-zi\/#breadcrumb","itemListElement":[{"@type":"ListItem","position":1,"name":"T\u00ebrmeti i kat\u00ebrt mbrenda 24 or\u00ebve n\u00eb Mal t\u00eb Zi"}]},{"@type":"Person","@id":"https:\/\/www.visit-ulcinj.com\/blog\/#\/schema\/person\/dcab619c614d3038751c63bc2aadc06d","name":"ulqini","sameAs":["http:\/\/www.visit-ulcinj.com"],"url":"https:\/\/www.visit-ulcinj.com\/blog\/author\/admin\/"}]}},"jetpack_featured_media_url":"","jetpack_sharing_enabled":true,"jetpack_shortlink":"https:\/\/wp.me\/pe6lTn-nMV","_links":{"self":[{"href":"https:\/\/www.visit-ulcinj.com\/blog\/wp-json\/wp\/v2\/posts\/91445"}],"collection":[{"href":"https:\/\/www.visit-ulcinj.com\/blog\/wp-json\/wp\/v2\/posts"}],"about":[{"href":"https:\/\/www.visit-ulcinj.com\/blog\/wp-json\/wp\/v2\/types\/post"}],"author":[{"embeddable":true,"href":"https:\/\/www.visit-ulcinj.com\/blog\/wp-json\/wp\/v2\/users\/1"}],"replies":[{"embeddable":true,"href":"https:\/\/www.visit-ulcinj.com\/blog\/wp-json\/wp\/v2\/comments?post=91445"}],"version-history":[{"count":2,"href":"https:\/\/www.visit-ulcinj.com\/blog\/wp-json\/wp\/v2\/posts\/91445\/revisions"}],"predecessor-version":[{"id":91451,"href":"https:\/\/www.visit-ulcinj.com\/blog\/wp-json\/wp\/v2\/posts\/91445\/revisions\/91451"}],"wp:attachment":[{"href":"https:\/\/www.visit-ulcinj.com\/blog\/wp-json\/wp\/v2\/media?parent=91445"}],"wp:term":[{"taxonomy":"category","embeddable":true,"href":"https:\/\/www.visit-ulcinj.com\/blog\/wp-json\/wp\/v2\/categories?post=91445"},{"taxonomy":"post_tag","embeddable":true,"href":"https:\/\/www.visit-ulcinj.com\/blog\/wp-json\/wp\/v2\/tags?post=91445"}],"curies":[{"name":"wp","href":"https:\/\/api.w.org\/{rel}","templated":true}]}}