{"id":91447,"date":"2015-07-07T11:38:06","date_gmt":"2015-07-07T10:38:06","guid":{"rendered":"http:\/\/www.visit-ulcinj.com\/blog\/?p=91447"},"modified":"2015-07-07T11:38:35","modified_gmt":"2015-07-07T10:38:35","slug":"zec-edhe-ada-gjemon-nga-zhurmat-ta-lajmroj-kryeministrin","status":"publish","type":"post","link":"https:\/\/www.visit-ulcinj.com\/blog\/2015\/07\/07\/zec-edhe-ada-gjemon-nga-zhurmat-ta-lajmroj-kryeministrin\/","title":{"rendered":"Zec: Edhe ADA \u201cgj\u00ebmon\u201d nga zhurmat, do ta lajmroj kryeministrin"},"content":{"rendered":"<div class=\"entry\">\n<p><a href=\"http:\/\/www.visit-ulcinj.com\/blog\/wp-content\/uploads\/2015\/07\/Ada-Bojana_Ulcinj-Montenegro-1.jpg\"><img loading=\"lazy\" class=\"alignleft wp-image-91448\" src=\"http:\/\/www.visit-ulcinj.com\/blog\/wp-content\/uploads\/2015\/07\/Ada-Bojana_Ulcinj-Montenegro-1.jpg\" alt=\"Ada-Bojana_Ulcinj-Montenegro-1\" width=\"508\" height=\"203\" srcset=\"https:\/\/www.visit-ulcinj.com\/blog\/wp-content\/uploads\/2015\/07\/Ada-Bojana_Ulcinj-Montenegro-1.jpg 800w, https:\/\/www.visit-ulcinj.com\/blog\/wp-content\/uploads\/2015\/07\/Ada-Bojana_Ulcinj-Montenegro-1-300x120.jpg 300w\" sizes=\"(max-width: 508px) 100vw, 508px\" \/><\/a>Drejtori ekzekutiv i Nd\u00ebrmarrjes hotelerike-turistike \u201cRiviera e Ulqinit\u201d Radomir-Mikan Zec ka deklaruar se rreth 400 mysafir\u00eb, sa jan\u00eb momentalisht n\u00eb Ad\u00eb, nuk mund t\u00eb flen\u00eb nga muzika e lart\u00eb q\u00eb vjen nga kafenet\u00eb nga ana tjet\u00ebr e lumit Buna.<\/p>\n<p>\u201cMuzika \u00ebsht\u00eb e l\u00ebshuar deri n\u00eb ora pes\u00eb e m\u00ebngjesit, k\u00ebshtu q\u00eb mysafir\u00ebt nga k\u00ebrc\u00ebnojn\u00eb me largim dhe penallti\u201d, tha Zeci p\u00ebr \u201cPobjeda\u201d, raporton portali Ul.info.<\/p>\n<p><a href=\"http:\/\/www.visit-ulcinj.com\/blog\/wp-content\/uploads\/2014\/03\/Mikan-Zec.jpg\"><img loading=\"lazy\" class=\"alignleft wp-image-80826\" src=\"http:\/\/www.visit-ulcinj.com\/blog\/wp-content\/uploads\/2014\/03\/Mikan-Zec.jpg\" alt=\"Mikan-Zec\" width=\"508\" height=\"381\" srcset=\"https:\/\/www.visit-ulcinj.com\/blog\/wp-content\/uploads\/2014\/03\/Mikan-Zec.jpg 590w, https:\/\/www.visit-ulcinj.com\/blog\/wp-content\/uploads\/2014\/03\/Mikan-Zec-300x224.jpg 300w\" sizes=\"(max-width: 508px) 100vw, 508px\" \/><\/a><\/p>\n<p>Ai tha se p\u00ebr k\u00ebt\u00eb arsye i d\u00ebrgoi let\u00ebr organeve inspektuese dhe ministrive n\u00eb Qeverin\u00eb e Malit t\u00eb Zi, Drejtoris\u00eb s\u00eb policis\u00eb dhe T\u00eb mirave detare.<\/p>\n<p>\u201cP\u00ebr k\u00ebt\u00eb gj\u00eb m\u00eb duhet ta lajm\u00ebroj\u00eb kryeministrin Millo Gjukanoviq, sepse sa her\u00eb q\u00eb kemi sezon t\u00eb mir\u00eb, si\u00e7 \u00ebsht\u00eb rasti k\u00ebt\u00eb vit, kemi nga ato q\u00eb paraqiten p\u00ebr t\u00eb vrar\u00eb sezonin dhe p\u00ebrfundimisht \u2018Rivier\u00ebn e Ulqinit\u2019\u201d, shtoi Zec.<\/p>\n<div id=\"stcpDiv\">\n<p><strong>D\u00ebmtimet nga zhurmat<\/strong><\/p>\n<p>Zhurmat e larta, shkaktojn simptoma t\u00eb r\u00ebnda, kronike e madje t\u00eb p\u00ebrjetshme n\u00eb sh\u00ebndet. Sipas mjek\u00ebve specialist\u00eb, zhurmat ndikojn\u00eb duke shkaktuar nj\u00eb traum\u00eb t\u00eb strukturave kokleare t\u00eb veshit t\u00eb brendsh\u00ebm, q\u00eb \u00e7ojn\u00eb deri n\u00eb humbje t\u00eb d\u00ebgjimit t\u00eb pakthyesh\u00ebm. Zhurmat ndikojn\u00eb n\u00eb s\u00ebmundjet e hipertensionit, pasi duke \u00e7liruar m\u00eb tep\u00ebr adrenalin\u00eb n\u00eb gjak, rritet tensioni i njer\u00ebzve q\u00eb marrin nivel zhurmash m\u00eb t\u00eb m\u00ebdha se sa norma. Ndikon n\u00eb s\u00ebmundjet ishemike t\u00eb zemr\u00ebs, n\u00eb \u00e7rregullime t\u00eb gjumit, por edhe n\u00eb dob\u00ebsimin e aft\u00ebsive p\u00ebr t\u00eb zhvilluar aktivitet normal e t\u00eb qet\u00eb gjat\u00eb dit\u00ebs.<\/p>\n<div id=\"stcpDiv\">\n<p><strong>Cili esht\u00eb orari q\u00eb lejon muzik\u00eb p\u00ebr mjediset e hapura dhe p\u00ebr mjediset e mbyllura si dhe <\/strong><strong>normat e lejuara nga Bashkimi Evropian p\u00ebr ndotje akustike. Prandaj njerzit kopetent duhen ti pergjigjen turist\u00ebve, sepse ato at\u00eb gj\u00eb e meritojn.<\/strong><\/p>\n<\/div>\n<\/div>\n<\/div>\n","protected":false},"excerpt":{"rendered":"<p>Drejtori ekzekutiv i Nd\u00ebrmarrjes hotelerike-turistike \u201cRiviera e Ulqinit\u201d Radomir-Mikan Zec ka deklaruar se rreth 400 mysafir\u00eb, sa jan\u00eb momentalisht n\u00eb Ad\u00eb, nuk mund t\u00eb flen\u00eb nga muzika e lart\u00eb q\u00eb vjen nga kafenet\u00eb nga ana tjet\u00ebr e lumit Buna. \u201cMuzika \u00ebsht\u00eb e l\u00ebshuar deri n\u00eb ora pes\u00eb e m\u00ebngjesit, k\u00ebshtu q\u00eb mysafir\u00ebt nga k\u00ebrc\u00ebnojn\u00eb me [&hellip;]<\/p>\n","protected":false},"author":1,"featured_media":0,"comment_status":"closed","ping_status":"closed","sticky":false,"template":"","format":"standard","meta":{"spay_email":"","jetpack_publicize_message":"","jetpack_is_tweetstorm":false,"jetpack_publicize_feature_enabled":true},"categories":[11],"tags":[],"jetpack_publicize_connections":[],"yoast_head":"<!-- This site is optimized with the Yoast SEO plugin v19.1 - https:\/\/yoast.com\/wordpress\/plugins\/seo\/ -->\n<title>Zec: Edhe ADA \u201cgj\u00ebmon\u201d nga zhurmat, do ta lajmroj kryeministrin - Lajme nga Ulqini<\/title>\n<meta name=\"description\" content=\"Drejtori ekzekutiv i Nd\u00ebrmarrjes hotelerike-turistike \u201cRiviera e Ulqinit\u201d Radomir-Mikan Zec ka deklaruar se rreth 400 mysafir\u00eb, sa jan\u00eb momentalisht n\u00eb\" \/>\n<meta name=\"robots\" content=\"index, follow, max-snippet:-1, max-image-preview:large, max-video-preview:-1\" \/>\n<link rel=\"canonical\" href=\"https:\/\/www.visit-ulcinj.com\/blog\/2015\/07\/07\/zec-edhe-ada-gjemon-nga-zhurmat-ta-lajmroj-kryeministrin\/\" \/>\n<meta property=\"og:locale\" content=\"en_US\" \/>\n<meta property=\"og:type\" content=\"article\" \/>\n<meta property=\"og:title\" content=\"Zec: Edhe ADA \u201cgj\u00ebmon\u201d nga zhurmat, do ta lajmroj kryeministrin - Lajme nga Ulqini\" \/>\n<meta property=\"og:description\" content=\"Drejtori ekzekutiv i Nd\u00ebrmarrjes hotelerike-turistike \u201cRiviera e Ulqinit\u201d Radomir-Mikan Zec ka deklaruar se rreth 400 mysafir\u00eb, sa jan\u00eb momentalisht n\u00eb\" \/>\n<meta property=\"og:url\" content=\"https:\/\/www.visit-ulcinj.com\/blog\/2015\/07\/07\/zec-edhe-ada-gjemon-nga-zhurmat-ta-lajmroj-kryeministrin\/\" \/>\n<meta property=\"og:site_name\" content=\"Lajme nga Ulqini\" \/>\n<meta property=\"article:published_time\" content=\"2015-07-07T10:38:06+00:00\" \/>\n<meta property=\"article:modified_time\" content=\"2015-07-07T10:38:35+00:00\" \/>\n<meta property=\"og:image\" content=\"http:\/\/www.visit-ulcinj.com\/blog\/wp-content\/uploads\/2015\/07\/Ada-Bojana_Ulcinj-Montenegro-1.jpg\" \/>\n<meta name=\"twitter:label1\" content=\"Written by\" \/>\n\t<meta name=\"twitter:data1\" content=\"ulqini\" \/>\n\t<meta name=\"twitter:label2\" content=\"Est. reading time\" \/>\n\t<meta name=\"twitter:data2\" content=\"2 minutes\" \/>\n<script type=\"application\/ld+json\" class=\"yoast-schema-graph\">{\"@context\":\"https:\/\/schema.org\",\"@graph\":[{\"@type\":\"WebSite\",\"@id\":\"https:\/\/www.visit-ulcinj.com\/blog\/#website\",\"url\":\"https:\/\/www.visit-ulcinj.com\/blog\/\",\"name\":\"Lajme nga Ulqini\",\"description\":\"Lajme,Vijesti,Ulqini,Ulqin,Crna Gora,Mali i Zi\",\"potentialAction\":[{\"@type\":\"SearchAction\",\"target\":{\"@type\":\"EntryPoint\",\"urlTemplate\":\"https:\/\/www.visit-ulcinj.com\/blog\/?s={search_term_string}\"},\"query-input\":\"required name=search_term_string\"}],\"inLanguage\":\"en-US\"},{\"@type\":\"ImageObject\",\"inLanguage\":\"en-US\",\"@id\":\"https:\/\/www.visit-ulcinj.com\/blog\/2015\/07\/07\/zec-edhe-ada-gjemon-nga-zhurmat-ta-lajmroj-kryeministrin\/#primaryimage\",\"url\":\"https:\/\/www.visit-ulcinj.com\/blog\/wp-content\/uploads\/2015\/07\/Ada-Bojana_Ulcinj-Montenegro-1.jpg\",\"contentUrl\":\"https:\/\/www.visit-ulcinj.com\/blog\/wp-content\/uploads\/2015\/07\/Ada-Bojana_Ulcinj-Montenegro-1.jpg\",\"width\":800,\"height\":319},{\"@type\":\"WebPage\",\"@id\":\"https:\/\/www.visit-ulcinj.com\/blog\/2015\/07\/07\/zec-edhe-ada-gjemon-nga-zhurmat-ta-lajmroj-kryeministrin\/#webpage\",\"url\":\"https:\/\/www.visit-ulcinj.com\/blog\/2015\/07\/07\/zec-edhe-ada-gjemon-nga-zhurmat-ta-lajmroj-kryeministrin\/\",\"name\":\"Zec: Edhe ADA \u201cgj\u00ebmon\u201d nga zhurmat, do ta lajmroj kryeministrin - Lajme nga Ulqini\",\"isPartOf\":{\"@id\":\"https:\/\/www.visit-ulcinj.com\/blog\/#website\"},\"primaryImageOfPage\":{\"@id\":\"https:\/\/www.visit-ulcinj.com\/blog\/2015\/07\/07\/zec-edhe-ada-gjemon-nga-zhurmat-ta-lajmroj-kryeministrin\/#primaryimage\"},\"datePublished\":\"2015-07-07T10:38:06+00:00\",\"dateModified\":\"2015-07-07T10:38:35+00:00\",\"author\":{\"@id\":\"https:\/\/www.visit-ulcinj.com\/blog\/#\/schema\/person\/dcab619c614d3038751c63bc2aadc06d\"},\"description\":\"Drejtori ekzekutiv i Nd\u00ebrmarrjes hotelerike-turistike \u201cRiviera e Ulqinit\u201d Radomir-Mikan Zec ka deklaruar se rreth 400 mysafir\u00eb, sa jan\u00eb momentalisht n\u00eb\",\"breadcrumb\":{\"@id\":\"https:\/\/www.visit-ulcinj.com\/blog\/2015\/07\/07\/zec-edhe-ada-gjemon-nga-zhurmat-ta-lajmroj-kryeministrin\/#breadcrumb\"},\"inLanguage\":\"en-US\",\"potentialAction\":[{\"@type\":\"ReadAction\",\"target\":[\"https:\/\/www.visit-ulcinj.com\/blog\/2015\/07\/07\/zec-edhe-ada-gjemon-nga-zhurmat-ta-lajmroj-kryeministrin\/\"]}]},{\"@type\":\"BreadcrumbList\",\"@id\":\"https:\/\/www.visit-ulcinj.com\/blog\/2015\/07\/07\/zec-edhe-ada-gjemon-nga-zhurmat-ta-lajmroj-kryeministrin\/#breadcrumb\",\"itemListElement\":[{\"@type\":\"ListItem\",\"position\":1,\"name\":\"Zec: Edhe ADA \u201cgj\u00ebmon\u201d nga zhurmat, do ta lajmroj kryeministrin\"}]},{\"@type\":\"Person\",\"@id\":\"https:\/\/www.visit-ulcinj.com\/blog\/#\/schema\/person\/dcab619c614d3038751c63bc2aadc06d\",\"name\":\"ulqini\",\"sameAs\":[\"http:\/\/www.visit-ulcinj.com\"],\"url\":\"https:\/\/www.visit-ulcinj.com\/blog\/author\/admin\/\"}]}<\/script>\n<!-- \/ Yoast SEO plugin. -->","yoast_head_json":{"title":"Zec: Edhe ADA \u201cgj\u00ebmon\u201d nga zhurmat, do ta lajmroj kryeministrin - Lajme nga Ulqini","description":"Drejtori ekzekutiv i Nd\u00ebrmarrjes hotelerike-turistike \u201cRiviera e Ulqinit\u201d Radomir-Mikan Zec ka deklaruar se rreth 400 mysafir\u00eb, sa jan\u00eb momentalisht n\u00eb","robots":{"index":"index","follow":"follow","max-snippet":"max-snippet:-1","max-image-preview":"max-image-preview:large","max-video-preview":"max-video-preview:-1"},"canonical":"https:\/\/www.visit-ulcinj.com\/blog\/2015\/07\/07\/zec-edhe-ada-gjemon-nga-zhurmat-ta-lajmroj-kryeministrin\/","og_locale":"en_US","og_type":"article","og_title":"Zec: Edhe ADA \u201cgj\u00ebmon\u201d nga zhurmat, do ta lajmroj kryeministrin - Lajme nga Ulqini","og_description":"Drejtori ekzekutiv i Nd\u00ebrmarrjes hotelerike-turistike \u201cRiviera e Ulqinit\u201d Radomir-Mikan Zec ka deklaruar se rreth 400 mysafir\u00eb, sa jan\u00eb momentalisht n\u00eb","og_url":"https:\/\/www.visit-ulcinj.com\/blog\/2015\/07\/07\/zec-edhe-ada-gjemon-nga-zhurmat-ta-lajmroj-kryeministrin\/","og_site_name":"Lajme nga Ulqini","article_published_time":"2015-07-07T10:38:06+00:00","article_modified_time":"2015-07-07T10:38:35+00:00","og_image":[{"url":"http:\/\/www.visit-ulcinj.com\/blog\/wp-content\/uploads\/2015\/07\/Ada-Bojana_Ulcinj-Montenegro-1.jpg"}],"twitter_misc":{"Written by":"ulqini","Est. reading time":"2 minutes"},"schema":{"@context":"https:\/\/schema.org","@graph":[{"@type":"WebSite","@id":"https:\/\/www.visit-ulcinj.com\/blog\/#website","url":"https:\/\/www.visit-ulcinj.com\/blog\/","name":"Lajme nga Ulqini","description":"Lajme,Vijesti,Ulqini,Ulqin,Crna Gora,Mali i Zi","potentialAction":[{"@type":"SearchAction","target":{"@type":"EntryPoint","urlTemplate":"https:\/\/www.visit-ulcinj.com\/blog\/?s={search_term_string}"},"query-input":"required name=search_term_string"}],"inLanguage":"en-US"},{"@type":"ImageObject","inLanguage":"en-US","@id":"https:\/\/www.visit-ulcinj.com\/blog\/2015\/07\/07\/zec-edhe-ada-gjemon-nga-zhurmat-ta-lajmroj-kryeministrin\/#primaryimage","url":"https:\/\/www.visit-ulcinj.com\/blog\/wp-content\/uploads\/2015\/07\/Ada-Bojana_Ulcinj-Montenegro-1.jpg","contentUrl":"https:\/\/www.visit-ulcinj.com\/blog\/wp-content\/uploads\/2015\/07\/Ada-Bojana_Ulcinj-Montenegro-1.jpg","width":800,"height":319},{"@type":"WebPage","@id":"https:\/\/www.visit-ulcinj.com\/blog\/2015\/07\/07\/zec-edhe-ada-gjemon-nga-zhurmat-ta-lajmroj-kryeministrin\/#webpage","url":"https:\/\/www.visit-ulcinj.com\/blog\/2015\/07\/07\/zec-edhe-ada-gjemon-nga-zhurmat-ta-lajmroj-kryeministrin\/","name":"Zec: Edhe ADA \u201cgj\u00ebmon\u201d nga zhurmat, do ta lajmroj kryeministrin - Lajme nga Ulqini","isPartOf":{"@id":"https:\/\/www.visit-ulcinj.com\/blog\/#website"},"primaryImageOfPage":{"@id":"https:\/\/www.visit-ulcinj.com\/blog\/2015\/07\/07\/zec-edhe-ada-gjemon-nga-zhurmat-ta-lajmroj-kryeministrin\/#primaryimage"},"datePublished":"2015-07-07T10:38:06+00:00","dateModified":"2015-07-07T10:38:35+00:00","author":{"@id":"https:\/\/www.visit-ulcinj.com\/blog\/#\/schema\/person\/dcab619c614d3038751c63bc2aadc06d"},"description":"Drejtori ekzekutiv i Nd\u00ebrmarrjes hotelerike-turistike \u201cRiviera e Ulqinit\u201d Radomir-Mikan Zec ka deklaruar se rreth 400 mysafir\u00eb, sa jan\u00eb momentalisht n\u00eb","breadcrumb":{"@id":"https:\/\/www.visit-ulcinj.com\/blog\/2015\/07\/07\/zec-edhe-ada-gjemon-nga-zhurmat-ta-lajmroj-kryeministrin\/#breadcrumb"},"inLanguage":"en-US","potentialAction":[{"@type":"ReadAction","target":["https:\/\/www.visit-ulcinj.com\/blog\/2015\/07\/07\/zec-edhe-ada-gjemon-nga-zhurmat-ta-lajmroj-kryeministrin\/"]}]},{"@type":"BreadcrumbList","@id":"https:\/\/www.visit-ulcinj.com\/blog\/2015\/07\/07\/zec-edhe-ada-gjemon-nga-zhurmat-ta-lajmroj-kryeministrin\/#breadcrumb","itemListElement":[{"@type":"ListItem","position":1,"name":"Zec: Edhe ADA \u201cgj\u00ebmon\u201d nga zhurmat, do ta lajmroj kryeministrin"}]},{"@type":"Person","@id":"https:\/\/www.visit-ulcinj.com\/blog\/#\/schema\/person\/dcab619c614d3038751c63bc2aadc06d","name":"ulqini","sameAs":["http:\/\/www.visit-ulcinj.com"],"url":"https:\/\/www.visit-ulcinj.com\/blog\/author\/admin\/"}]}},"jetpack_featured_media_url":"","jetpack_sharing_enabled":true,"jetpack_shortlink":"https:\/\/wp.me\/pe6lTn-nMX","_links":{"self":[{"href":"https:\/\/www.visit-ulcinj.com\/blog\/wp-json\/wp\/v2\/posts\/91447"}],"collection":[{"href":"https:\/\/www.visit-ulcinj.com\/blog\/wp-json\/wp\/v2\/posts"}],"about":[{"href":"https:\/\/www.visit-ulcinj.com\/blog\/wp-json\/wp\/v2\/types\/post"}],"author":[{"embeddable":true,"href":"https:\/\/www.visit-ulcinj.com\/blog\/wp-json\/wp\/v2\/users\/1"}],"replies":[{"embeddable":true,"href":"https:\/\/www.visit-ulcinj.com\/blog\/wp-json\/wp\/v2\/comments?post=91447"}],"version-history":[{"count":2,"href":"https:\/\/www.visit-ulcinj.com\/blog\/wp-json\/wp\/v2\/posts\/91447\/revisions"}],"predecessor-version":[{"id":91450,"href":"https:\/\/www.visit-ulcinj.com\/blog\/wp-json\/wp\/v2\/posts\/91447\/revisions\/91450"}],"wp:attachment":[{"href":"https:\/\/www.visit-ulcinj.com\/blog\/wp-json\/wp\/v2\/media?parent=91447"}],"wp:term":[{"taxonomy":"category","embeddable":true,"href":"https:\/\/www.visit-ulcinj.com\/blog\/wp-json\/wp\/v2\/categories?post=91447"},{"taxonomy":"post_tag","embeddable":true,"href":"https:\/\/www.visit-ulcinj.com\/blog\/wp-json\/wp\/v2\/tags?post=91447"}],"curies":[{"name":"wp","href":"https:\/\/api.w.org\/{rel}","templated":true}]}}