{"id":91452,"date":"2015-07-08T10:53:58","date_gmt":"2015-07-08T09:53:58","guid":{"rendered":"http:\/\/www.visit-ulcinj.com\/blog\/?p=91452"},"modified":"2015-07-22T19:07:55","modified_gmt":"2015-07-22T18:07:55","slug":"lajme-me-muhamet-nika-ne-ju-pyesin-ku-shkuan-2500e-per-alkaten","status":"publish","type":"post","link":"https:\/\/www.visit-ulcinj.com\/blog\/2015\/07\/08\/lajme-me-muhamet-nika-ne-ju-pyesin-ku-shkuan-2500e-per-alkaten\/","title":{"rendered":"Lajme.me: Muhamet Nika ne ju pyesim, ku shkuan 2500\u20ac p\u00ebr alkaten?"},"content":{"rendered":"<p><a href=\"http:\/\/www.visit-ulcinj.com\/blog\/wp-content\/uploads\/2015\/07\/Muhamet-Nika-Alkaten.jpg\"><img loading=\"lazy\" class=\"alignleft wp-image-91453\" src=\"http:\/\/www.visit-ulcinj.com\/blog\/wp-content\/uploads\/2015\/07\/Muhamet-Nika-Alkaten.jpg\" alt=\"Muhamet Nika-Alkaten\" width=\"508\" height=\"212\" srcset=\"https:\/\/www.visit-ulcinj.com\/blog\/wp-content\/uploads\/2015\/07\/Muhamet-Nika-Alkaten.jpg 900w, https:\/\/www.visit-ulcinj.com\/blog\/wp-content\/uploads\/2015\/07\/Muhamet-Nika-Alkaten-300x125.jpg 300w\" sizes=\"(max-width: 508px) 100vw, 508px\" \/><\/a>Dim\u00eb q\u00eb kompanit\u00eb e\u00a0ndryshme her\u00eb pas here nisin procese gjyq\u00ebsore ndaj Komun\u00ebs dhe zyrtar\u00ebve t\u00eb saj. Sipas disa burimeve radh\u00ebn e ka kompania <strong>\u201cGradja Komerc\u201d<\/strong> p\u00ebr borxhe q\u00eb arrijn\u00eb shum\u00ebn mbi <strong>400.000 \u20ac<\/strong>, raporton portali Lajme.me.<\/p>\n<p>Nj\u00ebri nga zyrtar\u00ebt e p\u00ebrfshir\u00eb \u00ebsht\u00eb ish kryetari i Kuvendit t\u00eb Ulqinit <strong>Muhamet Nika,<\/strong> i cili n\u00eb llogari t\u00eb Komun\u00ebs, dhe me aprovimin e sekretarit p\u00ebr financa, tani kryetari i komun\u00ebs Fatmir Gjeka, ka t\u00ebrhequr 2500m alkaten me vler\u00eb rreth<strong> 2500\u20ac<\/strong>.<\/p>\n<p>P\u00ebr cfar\u00eb e p\u00ebrdori Kryetari i Kuvendit i at\u00ebhersh\u00ebm 2500m alkaten nuk \u00ebsht\u00eb e qart\u00eb, por sipas dat\u00ebs s\u00eb dokumentave q\u00eb n\u00eb redaksin ton\u00eb vin\u00eb ga i nj\u00ebjti burim, kuptohet qart\u00eb q\u00eb b\u00ebhet fjal\u00eb p\u00ebr koh\u00ebn kur Ulqini ishte n\u00eb fushat\u00eb p\u00ebr zgjedhjet lokale, e tjet\u00ebr q\u00eb k\u00ebto shuma paguhen nga qytetar\u00ebt e Komun\u00ebs s\u00eb Ulqinit.<\/p>\n<p><a href=\"http:\/\/www.visit-ulcinj.com\/blog\/wp-content\/uploads\/2015\/07\/Muhamet-Nika-Gradjakomerc-Ulqin.jpg\"><img loading=\"lazy\" class=\"alignleft wp-image-91454\" src=\"http:\/\/www.visit-ulcinj.com\/blog\/wp-content\/uploads\/2015\/07\/Muhamet-Nika-Gradjakomerc-Ulqin.jpg\" alt=\"Muhamet Nika-Gradjakomerc-Ulqin\" width=\"508\" height=\"680\" \/><\/a><\/p>\n<p><a href=\"http:\/\/www.visit-ulcinj.com\/blog\/wp-content\/uploads\/2015\/07\/Muhamet-Nika-Gradjakomerc-Ulqin-1.jpg\"><img loading=\"lazy\" class=\"alignleft size-full wp-image-91455\" src=\"http:\/\/www.visit-ulcinj.com\/blog\/wp-content\/uploads\/2015\/07\/Muhamet-Nika-Gradjakomerc-Ulqin-1.jpg\" alt=\"Muhamet Nika-Gradjakomerc-Ulqin-1\" width=\"508\" height=\"680\" \/><\/a><\/p>\n","protected":false},"excerpt":{"rendered":"<p>Dim\u00eb q\u00eb kompanit\u00eb e\u00a0ndryshme her\u00eb pas here nisin procese gjyq\u00ebsore ndaj Komun\u00ebs dhe zyrtar\u00ebve t\u00eb saj. Sipas disa burimeve radh\u00ebn e ka kompania \u201cGradja Komerc\u201d p\u00ebr borxhe q\u00eb arrijn\u00eb shum\u00ebn mbi 400.000 \u20ac, raporton portali Lajme.me. Nj\u00ebri nga zyrtar\u00ebt e p\u00ebrfshir\u00eb \u00ebsht\u00eb ish kryetari i Kuvendit t\u00eb Ulqinit Muhamet Nika, i cili n\u00eb llogari t\u00eb [&hellip;]<\/p>\n","protected":false},"author":1,"featured_media":0,"comment_status":"closed","ping_status":"closed","sticky":false,"template":"","format":"standard","meta":{"spay_email":"","jetpack_publicize_message":"","jetpack_is_tweetstorm":false,"jetpack_publicize_feature_enabled":true},"categories":[1,14249],"tags":[],"jetpack_publicize_connections":[],"yoast_head":"<!-- This site is optimized with the Yoast SEO plugin v19.1 - https:\/\/yoast.com\/wordpress\/plugins\/seo\/ -->\n<title>Lajme.me: Muhamet Nika ne ju pyesim, ku shkuan 2500\u20ac p\u00ebr alkaten? - Lajme nga Ulqini<\/title>\n<meta name=\"description\" content=\"Dim\u00eb q\u00eb kompanit\u00eb e\u00a0ndryshme her\u00eb pas here nisin procese gjyq\u00ebsore ndaj Komun\u00ebs dhe zyrtar\u00ebve t\u00eb saj. Sipas disa burimeve radh\u00ebn e ka kompania \u201cGradja\" \/>\n<meta name=\"robots\" content=\"index, follow, max-snippet:-1, max-image-preview:large, max-video-preview:-1\" \/>\n<link rel=\"canonical\" href=\"https:\/\/www.visit-ulcinj.com\/blog\/2015\/07\/08\/lajme-me-muhamet-nika-ne-ju-pyesin-ku-shkuan-2500e-per-alkaten\/\" \/>\n<meta property=\"og:locale\" content=\"en_US\" \/>\n<meta property=\"og:type\" content=\"article\" \/>\n<meta property=\"og:title\" content=\"Lajme.me: Muhamet Nika ne ju pyesim, ku shkuan 2500\u20ac p\u00ebr alkaten? - Lajme nga Ulqini\" \/>\n<meta property=\"og:description\" content=\"Dim\u00eb q\u00eb kompanit\u00eb e\u00a0ndryshme her\u00eb pas here nisin procese gjyq\u00ebsore ndaj Komun\u00ebs dhe zyrtar\u00ebve t\u00eb saj. Sipas disa burimeve radh\u00ebn e ka kompania \u201cGradja\" \/>\n<meta property=\"og:url\" content=\"https:\/\/www.visit-ulcinj.com\/blog\/2015\/07\/08\/lajme-me-muhamet-nika-ne-ju-pyesin-ku-shkuan-2500e-per-alkaten\/\" \/>\n<meta property=\"og:site_name\" content=\"Lajme nga Ulqini\" \/>\n<meta property=\"article:published_time\" content=\"2015-07-08T09:53:58+00:00\" \/>\n<meta property=\"article:modified_time\" content=\"2015-07-22T18:07:55+00:00\" \/>\n<meta property=\"og:image\" content=\"http:\/\/www.visit-ulcinj.com\/blog\/wp-content\/uploads\/2015\/07\/Muhamet-Nika-Alkaten.jpg\" \/>\n<meta name=\"twitter:label1\" content=\"Written by\" \/>\n\t<meta name=\"twitter:data1\" content=\"ulqini\" \/>\n\t<meta name=\"twitter:label2\" content=\"Est. reading time\" \/>\n\t<meta name=\"twitter:data2\" content=\"1 minute\" \/>\n<script type=\"application\/ld+json\" class=\"yoast-schema-graph\">{\"@context\":\"https:\/\/schema.org\",\"@graph\":[{\"@type\":\"WebSite\",\"@id\":\"https:\/\/www.visit-ulcinj.com\/blog\/#website\",\"url\":\"https:\/\/www.visit-ulcinj.com\/blog\/\",\"name\":\"Lajme nga Ulqini\",\"description\":\"Lajme,Vijesti,Ulqini,Ulqin,Crna Gora,Mali i Zi\",\"potentialAction\":[{\"@type\":\"SearchAction\",\"target\":{\"@type\":\"EntryPoint\",\"urlTemplate\":\"https:\/\/www.visit-ulcinj.com\/blog\/?s={search_term_string}\"},\"query-input\":\"required name=search_term_string\"}],\"inLanguage\":\"en-US\"},{\"@type\":\"ImageObject\",\"inLanguage\":\"en-US\",\"@id\":\"https:\/\/www.visit-ulcinj.com\/blog\/2015\/07\/08\/lajme-me-muhamet-nika-ne-ju-pyesin-ku-shkuan-2500e-per-alkaten\/#primaryimage\",\"url\":\"https:\/\/www.visit-ulcinj.com\/blog\/wp-content\/uploads\/2015\/07\/Muhamet-Nika-Alkaten.jpg\",\"contentUrl\":\"https:\/\/www.visit-ulcinj.com\/blog\/wp-content\/uploads\/2015\/07\/Muhamet-Nika-Alkaten.jpg\",\"width\":900,\"height\":375},{\"@type\":\"WebPage\",\"@id\":\"https:\/\/www.visit-ulcinj.com\/blog\/2015\/07\/08\/lajme-me-muhamet-nika-ne-ju-pyesin-ku-shkuan-2500e-per-alkaten\/#webpage\",\"url\":\"https:\/\/www.visit-ulcinj.com\/blog\/2015\/07\/08\/lajme-me-muhamet-nika-ne-ju-pyesin-ku-shkuan-2500e-per-alkaten\/\",\"name\":\"Lajme.me: Muhamet Nika ne ju pyesim, ku shkuan 2500\u20ac p\u00ebr alkaten? - Lajme nga Ulqini\",\"isPartOf\":{\"@id\":\"https:\/\/www.visit-ulcinj.com\/blog\/#website\"},\"primaryImageOfPage\":{\"@id\":\"https:\/\/www.visit-ulcinj.com\/blog\/2015\/07\/08\/lajme-me-muhamet-nika-ne-ju-pyesin-ku-shkuan-2500e-per-alkaten\/#primaryimage\"},\"datePublished\":\"2015-07-08T09:53:58+00:00\",\"dateModified\":\"2015-07-22T18:07:55+00:00\",\"author\":{\"@id\":\"https:\/\/www.visit-ulcinj.com\/blog\/#\/schema\/person\/dcab619c614d3038751c63bc2aadc06d\"},\"description\":\"Dim\u00eb q\u00eb kompanit\u00eb e\u00a0ndryshme her\u00eb pas here nisin procese gjyq\u00ebsore ndaj Komun\u00ebs dhe zyrtar\u00ebve t\u00eb saj. Sipas disa burimeve radh\u00ebn e ka kompania \u201cGradja\",\"breadcrumb\":{\"@id\":\"https:\/\/www.visit-ulcinj.com\/blog\/2015\/07\/08\/lajme-me-muhamet-nika-ne-ju-pyesin-ku-shkuan-2500e-per-alkaten\/#breadcrumb\"},\"inLanguage\":\"en-US\",\"potentialAction\":[{\"@type\":\"ReadAction\",\"target\":[\"https:\/\/www.visit-ulcinj.com\/blog\/2015\/07\/08\/lajme-me-muhamet-nika-ne-ju-pyesin-ku-shkuan-2500e-per-alkaten\/\"]}]},{\"@type\":\"BreadcrumbList\",\"@id\":\"https:\/\/www.visit-ulcinj.com\/blog\/2015\/07\/08\/lajme-me-muhamet-nika-ne-ju-pyesin-ku-shkuan-2500e-per-alkaten\/#breadcrumb\",\"itemListElement\":[{\"@type\":\"ListItem\",\"position\":1,\"name\":\"Lajme.me: Muhamet Nika ne ju pyesim, ku shkuan 2500\u20ac p\u00ebr alkaten?\"}]},{\"@type\":\"Person\",\"@id\":\"https:\/\/www.visit-ulcinj.com\/blog\/#\/schema\/person\/dcab619c614d3038751c63bc2aadc06d\",\"name\":\"ulqini\",\"sameAs\":[\"http:\/\/www.visit-ulcinj.com\"],\"url\":\"https:\/\/www.visit-ulcinj.com\/blog\/author\/admin\/\"}]}<\/script>\n<!-- \/ Yoast SEO plugin. -->","yoast_head_json":{"title":"Lajme.me: Muhamet Nika ne ju pyesim, ku shkuan 2500\u20ac p\u00ebr alkaten? - Lajme nga Ulqini","description":"Dim\u00eb q\u00eb kompanit\u00eb e\u00a0ndryshme her\u00eb pas here nisin procese gjyq\u00ebsore ndaj Komun\u00ebs dhe zyrtar\u00ebve t\u00eb saj. Sipas disa burimeve radh\u00ebn e ka kompania \u201cGradja","robots":{"index":"index","follow":"follow","max-snippet":"max-snippet:-1","max-image-preview":"max-image-preview:large","max-video-preview":"max-video-preview:-1"},"canonical":"https:\/\/www.visit-ulcinj.com\/blog\/2015\/07\/08\/lajme-me-muhamet-nika-ne-ju-pyesin-ku-shkuan-2500e-per-alkaten\/","og_locale":"en_US","og_type":"article","og_title":"Lajme.me: Muhamet Nika ne ju pyesim, ku shkuan 2500\u20ac p\u00ebr alkaten? - Lajme nga Ulqini","og_description":"Dim\u00eb q\u00eb kompanit\u00eb e\u00a0ndryshme her\u00eb pas here nisin procese gjyq\u00ebsore ndaj Komun\u00ebs dhe zyrtar\u00ebve t\u00eb saj. Sipas disa burimeve radh\u00ebn e ka kompania \u201cGradja","og_url":"https:\/\/www.visit-ulcinj.com\/blog\/2015\/07\/08\/lajme-me-muhamet-nika-ne-ju-pyesin-ku-shkuan-2500e-per-alkaten\/","og_site_name":"Lajme nga Ulqini","article_published_time":"2015-07-08T09:53:58+00:00","article_modified_time":"2015-07-22T18:07:55+00:00","og_image":[{"url":"http:\/\/www.visit-ulcinj.com\/blog\/wp-content\/uploads\/2015\/07\/Muhamet-Nika-Alkaten.jpg"}],"twitter_misc":{"Written by":"ulqini","Est. reading time":"1 minute"},"schema":{"@context":"https:\/\/schema.org","@graph":[{"@type":"WebSite","@id":"https:\/\/www.visit-ulcinj.com\/blog\/#website","url":"https:\/\/www.visit-ulcinj.com\/blog\/","name":"Lajme nga Ulqini","description":"Lajme,Vijesti,Ulqini,Ulqin,Crna Gora,Mali i Zi","potentialAction":[{"@type":"SearchAction","target":{"@type":"EntryPoint","urlTemplate":"https:\/\/www.visit-ulcinj.com\/blog\/?s={search_term_string}"},"query-input":"required name=search_term_string"}],"inLanguage":"en-US"},{"@type":"ImageObject","inLanguage":"en-US","@id":"https:\/\/www.visit-ulcinj.com\/blog\/2015\/07\/08\/lajme-me-muhamet-nika-ne-ju-pyesin-ku-shkuan-2500e-per-alkaten\/#primaryimage","url":"https:\/\/www.visit-ulcinj.com\/blog\/wp-content\/uploads\/2015\/07\/Muhamet-Nika-Alkaten.jpg","contentUrl":"https:\/\/www.visit-ulcinj.com\/blog\/wp-content\/uploads\/2015\/07\/Muhamet-Nika-Alkaten.jpg","width":900,"height":375},{"@type":"WebPage","@id":"https:\/\/www.visit-ulcinj.com\/blog\/2015\/07\/08\/lajme-me-muhamet-nika-ne-ju-pyesin-ku-shkuan-2500e-per-alkaten\/#webpage","url":"https:\/\/www.visit-ulcinj.com\/blog\/2015\/07\/08\/lajme-me-muhamet-nika-ne-ju-pyesin-ku-shkuan-2500e-per-alkaten\/","name":"Lajme.me: Muhamet Nika ne ju pyesim, ku shkuan 2500\u20ac p\u00ebr alkaten? - Lajme nga Ulqini","isPartOf":{"@id":"https:\/\/www.visit-ulcinj.com\/blog\/#website"},"primaryImageOfPage":{"@id":"https:\/\/www.visit-ulcinj.com\/blog\/2015\/07\/08\/lajme-me-muhamet-nika-ne-ju-pyesin-ku-shkuan-2500e-per-alkaten\/#primaryimage"},"datePublished":"2015-07-08T09:53:58+00:00","dateModified":"2015-07-22T18:07:55+00:00","author":{"@id":"https:\/\/www.visit-ulcinj.com\/blog\/#\/schema\/person\/dcab619c614d3038751c63bc2aadc06d"},"description":"Dim\u00eb q\u00eb kompanit\u00eb e\u00a0ndryshme her\u00eb pas here nisin procese gjyq\u00ebsore ndaj Komun\u00ebs dhe zyrtar\u00ebve t\u00eb saj. Sipas disa burimeve radh\u00ebn e ka kompania \u201cGradja","breadcrumb":{"@id":"https:\/\/www.visit-ulcinj.com\/blog\/2015\/07\/08\/lajme-me-muhamet-nika-ne-ju-pyesin-ku-shkuan-2500e-per-alkaten\/#breadcrumb"},"inLanguage":"en-US","potentialAction":[{"@type":"ReadAction","target":["https:\/\/www.visit-ulcinj.com\/blog\/2015\/07\/08\/lajme-me-muhamet-nika-ne-ju-pyesin-ku-shkuan-2500e-per-alkaten\/"]}]},{"@type":"BreadcrumbList","@id":"https:\/\/www.visit-ulcinj.com\/blog\/2015\/07\/08\/lajme-me-muhamet-nika-ne-ju-pyesin-ku-shkuan-2500e-per-alkaten\/#breadcrumb","itemListElement":[{"@type":"ListItem","position":1,"name":"Lajme.me: Muhamet Nika ne ju pyesim, ku shkuan 2500\u20ac p\u00ebr alkaten?"}]},{"@type":"Person","@id":"https:\/\/www.visit-ulcinj.com\/blog\/#\/schema\/person\/dcab619c614d3038751c63bc2aadc06d","name":"ulqini","sameAs":["http:\/\/www.visit-ulcinj.com"],"url":"https:\/\/www.visit-ulcinj.com\/blog\/author\/admin\/"}]}},"jetpack_featured_media_url":"","jetpack_sharing_enabled":true,"jetpack_shortlink":"https:\/\/wp.me\/pe6lTn-nN2","_links":{"self":[{"href":"https:\/\/www.visit-ulcinj.com\/blog\/wp-json\/wp\/v2\/posts\/91452"}],"collection":[{"href":"https:\/\/www.visit-ulcinj.com\/blog\/wp-json\/wp\/v2\/posts"}],"about":[{"href":"https:\/\/www.visit-ulcinj.com\/blog\/wp-json\/wp\/v2\/types\/post"}],"author":[{"embeddable":true,"href":"https:\/\/www.visit-ulcinj.com\/blog\/wp-json\/wp\/v2\/users\/1"}],"replies":[{"embeddable":true,"href":"https:\/\/www.visit-ulcinj.com\/blog\/wp-json\/wp\/v2\/comments?post=91452"}],"version-history":[{"count":3,"href":"https:\/\/www.visit-ulcinj.com\/blog\/wp-json\/wp\/v2\/posts\/91452\/revisions"}],"predecessor-version":[{"id":91710,"href":"https:\/\/www.visit-ulcinj.com\/blog\/wp-json\/wp\/v2\/posts\/91452\/revisions\/91710"}],"wp:attachment":[{"href":"https:\/\/www.visit-ulcinj.com\/blog\/wp-json\/wp\/v2\/media?parent=91452"}],"wp:term":[{"taxonomy":"category","embeddable":true,"href":"https:\/\/www.visit-ulcinj.com\/blog\/wp-json\/wp\/v2\/categories?post=91452"},{"taxonomy":"post_tag","embeddable":true,"href":"https:\/\/www.visit-ulcinj.com\/blog\/wp-json\/wp\/v2\/tags?post=91452"}],"curies":[{"name":"wp","href":"https:\/\/api.w.org\/{rel}","templated":true}]}}