{"id":91460,"date":"2015-07-08T11:48:33","date_gmt":"2015-07-08T10:48:33","guid":{"rendered":"http:\/\/www.visit-ulcinj.com\/blog\/?p=91460"},"modified":"2015-07-08T11:48:33","modified_gmt":"2015-07-08T10:48:33","slug":"neser-nenshkruhet-marreveshja-e-koalicionit-pds-forca","status":"publish","type":"post","link":"https:\/\/www.visit-ulcinj.com\/blog\/2015\/07\/08\/neser-nenshkruhet-marreveshja-e-koalicionit-pds-forca\/","title":{"rendered":"Nes\u00ebr n\u00ebnshkruhet marr\u00ebveshja e koalicionit PDS \u2013 Forca"},"content":{"rendered":"<p><a href=\"http:\/\/www.visit-ulcinj.com\/blog\/wp-content\/uploads\/2012\/11\/dps-bs-forca-potpisivanje-sporazuma.jpg\"><img loading=\"lazy\" class=\"alignleft wp-image-65457\" src=\"http:\/\/www.visit-ulcinj.com\/blog\/wp-content\/uploads\/2012\/11\/dps-bs-forca-potpisivanje-sporazuma.jpg\" alt=\"dps-bs-forca-potpisivanje-sporazuma\" width=\"508\" height=\"308\" srcset=\"https:\/\/www.visit-ulcinj.com\/blog\/wp-content\/uploads\/2012\/11\/dps-bs-forca-potpisivanje-sporazuma.jpg 640w, https:\/\/www.visit-ulcinj.com\/blog\/wp-content\/uploads\/2012\/11\/dps-bs-forca-potpisivanje-sporazuma-300x181.jpg 300w\" sizes=\"(max-width: 508px) 100vw, 508px\" \/><\/a>Kryetari i Partis\u00eb demokratike t\u00eb socialist\u00ebve Millo Gjukanoviq dhe kryetari i Forc\u00ebs s\u00eb re demokratike Nazif Cungu do t\u00eb n\u00ebnshkruajn\u00eb nes\u00ebr Aneksin e marr\u00ebveshjes s\u00eb koalicionit t\u00eb k\u00ebtyre dy partive, njoftohet nga PDS-ja, raporton portali Ul.info.<\/p>\n<p>Si\u00e7 \u00ebsht\u00eb lajm\u00ebruar nga PDS-ja, marr\u00ebveshja do t\u00eb n\u00ebnshkruhet n\u00eb nd\u00ebrtes\u00ebn e vjet\u00ebr t\u00eb Qeveris\u00eb.<\/p>\n<p>Portali Analitika p\u00ebrkujton se PDS-ja dhe Forca kan\u00eb n\u00ebnshkruar marr\u00ebveshjen e koalicionit p\u00ebr kryerjen e pushtetit n\u00eb nivel shtet\u00ebror mbas zgjedhjeve parlamentare n\u00eb tetor t\u00eb vitit 2012, nd\u00ebrsa nga Forca deklaronin se nuk jan\u00eb t\u00eb k\u00ebnaqur me shpejt\u00ebsin\u00eb e realizimit t\u00eb saj.<\/p>\n<p>Drejtori politik i PDS-s\u00eb Tarzan Millosheviq ka th\u00ebn\u00eb se partia e tij do t\u00eb ket\u00eb bisedime me t\u00eb gjith\u00eb partit\u00eb nacionale shqiptare.<\/p>\n","protected":false},"excerpt":{"rendered":"<p>Kryetari i Partis\u00eb demokratike t\u00eb socialist\u00ebve Millo Gjukanoviq dhe kryetari i Forc\u00ebs s\u00eb re demokratike Nazif Cungu do t\u00eb n\u00ebnshkruajn\u00eb nes\u00ebr Aneksin e marr\u00ebveshjes s\u00eb koalicionit t\u00eb k\u00ebtyre dy partive, njoftohet nga PDS-ja, raporton portali Ul.info. Si\u00e7 \u00ebsht\u00eb lajm\u00ebruar nga PDS-ja, marr\u00ebveshja do t\u00eb n\u00ebnshkruhet n\u00eb nd\u00ebrtes\u00ebn e vjet\u00ebr t\u00eb Qeveris\u00eb. Portali Analitika p\u00ebrkujton se [&hellip;]<\/p>\n","protected":false},"author":1,"featured_media":0,"comment_status":"closed","ping_status":"closed","sticky":false,"template":"","format":"standard","meta":{"spay_email":"","jetpack_publicize_message":"","jetpack_is_tweetstorm":false,"jetpack_publicize_feature_enabled":true},"categories":[6],"tags":[],"jetpack_publicize_connections":[],"yoast_head":"<!-- This site is optimized with the Yoast SEO plugin v19.1 - https:\/\/yoast.com\/wordpress\/plugins\/seo\/ -->\n<title>Nes\u00ebr n\u00ebnshkruhet marr\u00ebveshja e koalicionit PDS \u2013 Forca - Lajme nga Ulqini<\/title>\n<meta name=\"description\" content=\"Kryetari i Partis\u00eb demokratike t\u00eb socialist\u00ebve Millo Gjukanoviq dhe kryetari i Forc\u00ebs s\u00eb re demokratike Nazif Cungu do t\u00eb n\u00ebnshkruajn\u00eb nes\u00ebr Aneksin e\" \/>\n<meta name=\"robots\" content=\"index, follow, max-snippet:-1, max-image-preview:large, max-video-preview:-1\" \/>\n<link rel=\"canonical\" href=\"https:\/\/www.visit-ulcinj.com\/blog\/2015\/07\/08\/neser-nenshkruhet-marreveshja-e-koalicionit-pds-forca\/\" \/>\n<meta property=\"og:locale\" content=\"en_US\" \/>\n<meta property=\"og:type\" content=\"article\" \/>\n<meta property=\"og:title\" content=\"Nes\u00ebr n\u00ebnshkruhet marr\u00ebveshja e koalicionit PDS \u2013 Forca - Lajme nga Ulqini\" \/>\n<meta property=\"og:description\" content=\"Kryetari i Partis\u00eb demokratike t\u00eb socialist\u00ebve Millo Gjukanoviq dhe kryetari i Forc\u00ebs s\u00eb re demokratike Nazif Cungu do t\u00eb n\u00ebnshkruajn\u00eb nes\u00ebr Aneksin e\" \/>\n<meta property=\"og:url\" content=\"https:\/\/www.visit-ulcinj.com\/blog\/2015\/07\/08\/neser-nenshkruhet-marreveshja-e-koalicionit-pds-forca\/\" \/>\n<meta property=\"og:site_name\" content=\"Lajme nga Ulqini\" \/>\n<meta property=\"article:published_time\" content=\"2015-07-08T10:48:33+00:00\" \/>\n<meta property=\"og:image\" content=\"http:\/\/www.visit-ulcinj.com\/blog\/wp-content\/uploads\/2012\/11\/dps-bs-forca-potpisivanje-sporazuma.jpg\" \/>\n<meta name=\"twitter:label1\" content=\"Written by\" \/>\n\t<meta name=\"twitter:data1\" content=\"ulqini\" \/>\n\t<meta name=\"twitter:label2\" content=\"Est. reading time\" \/>\n\t<meta name=\"twitter:data2\" content=\"1 minute\" \/>\n<script type=\"application\/ld+json\" class=\"yoast-schema-graph\">{\"@context\":\"https:\/\/schema.org\",\"@graph\":[{\"@type\":\"WebSite\",\"@id\":\"https:\/\/www.visit-ulcinj.com\/blog\/#website\",\"url\":\"https:\/\/www.visit-ulcinj.com\/blog\/\",\"name\":\"Lajme nga Ulqini\",\"description\":\"Lajme,Vijesti,Ulqini,Ulqin,Crna Gora,Mali i Zi\",\"potentialAction\":[{\"@type\":\"SearchAction\",\"target\":{\"@type\":\"EntryPoint\",\"urlTemplate\":\"https:\/\/www.visit-ulcinj.com\/blog\/?s={search_term_string}\"},\"query-input\":\"required name=search_term_string\"}],\"inLanguage\":\"en-US\"},{\"@type\":\"ImageObject\",\"inLanguage\":\"en-US\",\"@id\":\"https:\/\/www.visit-ulcinj.com\/blog\/2015\/07\/08\/neser-nenshkruhet-marreveshja-e-koalicionit-pds-forca\/#primaryimage\",\"url\":\"https:\/\/www.visit-ulcinj.com\/blog\/wp-content\/uploads\/2012\/11\/dps-bs-forca-potpisivanje-sporazuma.jpg\",\"contentUrl\":\"https:\/\/www.visit-ulcinj.com\/blog\/wp-content\/uploads\/2012\/11\/dps-bs-forca-potpisivanje-sporazuma.jpg\",\"width\":\"640\",\"height\":\"388\"},{\"@type\":\"WebPage\",\"@id\":\"https:\/\/www.visit-ulcinj.com\/blog\/2015\/07\/08\/neser-nenshkruhet-marreveshja-e-koalicionit-pds-forca\/#webpage\",\"url\":\"https:\/\/www.visit-ulcinj.com\/blog\/2015\/07\/08\/neser-nenshkruhet-marreveshja-e-koalicionit-pds-forca\/\",\"name\":\"Nes\u00ebr n\u00ebnshkruhet marr\u00ebveshja e koalicionit PDS \u2013 Forca - Lajme nga Ulqini\",\"isPartOf\":{\"@id\":\"https:\/\/www.visit-ulcinj.com\/blog\/#website\"},\"primaryImageOfPage\":{\"@id\":\"https:\/\/www.visit-ulcinj.com\/blog\/2015\/07\/08\/neser-nenshkruhet-marreveshja-e-koalicionit-pds-forca\/#primaryimage\"},\"datePublished\":\"2015-07-08T10:48:33+00:00\",\"dateModified\":\"2015-07-08T10:48:33+00:00\",\"author\":{\"@id\":\"https:\/\/www.visit-ulcinj.com\/blog\/#\/schema\/person\/dcab619c614d3038751c63bc2aadc06d\"},\"description\":\"Kryetari i Partis\u00eb demokratike t\u00eb socialist\u00ebve Millo Gjukanoviq dhe kryetari i Forc\u00ebs s\u00eb re demokratike Nazif Cungu do t\u00eb n\u00ebnshkruajn\u00eb nes\u00ebr Aneksin e\",\"breadcrumb\":{\"@id\":\"https:\/\/www.visit-ulcinj.com\/blog\/2015\/07\/08\/neser-nenshkruhet-marreveshja-e-koalicionit-pds-forca\/#breadcrumb\"},\"inLanguage\":\"en-US\",\"potentialAction\":[{\"@type\":\"ReadAction\",\"target\":[\"https:\/\/www.visit-ulcinj.com\/blog\/2015\/07\/08\/neser-nenshkruhet-marreveshja-e-koalicionit-pds-forca\/\"]}]},{\"@type\":\"BreadcrumbList\",\"@id\":\"https:\/\/www.visit-ulcinj.com\/blog\/2015\/07\/08\/neser-nenshkruhet-marreveshja-e-koalicionit-pds-forca\/#breadcrumb\",\"itemListElement\":[{\"@type\":\"ListItem\",\"position\":1,\"name\":\"Nes\u00ebr n\u00ebnshkruhet marr\u00ebveshja e koalicionit PDS \u2013 Forca\"}]},{\"@type\":\"Person\",\"@id\":\"https:\/\/www.visit-ulcinj.com\/blog\/#\/schema\/person\/dcab619c614d3038751c63bc2aadc06d\",\"name\":\"ulqini\",\"sameAs\":[\"http:\/\/www.visit-ulcinj.com\"],\"url\":\"https:\/\/www.visit-ulcinj.com\/blog\/author\/admin\/\"}]}<\/script>\n<!-- \/ Yoast SEO plugin. -->","yoast_head_json":{"title":"Nes\u00ebr n\u00ebnshkruhet marr\u00ebveshja e koalicionit PDS \u2013 Forca - Lajme nga Ulqini","description":"Kryetari i Partis\u00eb demokratike t\u00eb socialist\u00ebve Millo Gjukanoviq dhe kryetari i Forc\u00ebs s\u00eb re demokratike Nazif Cungu do t\u00eb n\u00ebnshkruajn\u00eb nes\u00ebr Aneksin e","robots":{"index":"index","follow":"follow","max-snippet":"max-snippet:-1","max-image-preview":"max-image-preview:large","max-video-preview":"max-video-preview:-1"},"canonical":"https:\/\/www.visit-ulcinj.com\/blog\/2015\/07\/08\/neser-nenshkruhet-marreveshja-e-koalicionit-pds-forca\/","og_locale":"en_US","og_type":"article","og_title":"Nes\u00ebr n\u00ebnshkruhet marr\u00ebveshja e koalicionit PDS \u2013 Forca - Lajme nga Ulqini","og_description":"Kryetari i Partis\u00eb demokratike t\u00eb socialist\u00ebve Millo Gjukanoviq dhe kryetari i Forc\u00ebs s\u00eb re demokratike Nazif Cungu do t\u00eb n\u00ebnshkruajn\u00eb nes\u00ebr Aneksin e","og_url":"https:\/\/www.visit-ulcinj.com\/blog\/2015\/07\/08\/neser-nenshkruhet-marreveshja-e-koalicionit-pds-forca\/","og_site_name":"Lajme nga Ulqini","article_published_time":"2015-07-08T10:48:33+00:00","og_image":[{"url":"http:\/\/www.visit-ulcinj.com\/blog\/wp-content\/uploads\/2012\/11\/dps-bs-forca-potpisivanje-sporazuma.jpg"}],"twitter_misc":{"Written by":"ulqini","Est. reading time":"1 minute"},"schema":{"@context":"https:\/\/schema.org","@graph":[{"@type":"WebSite","@id":"https:\/\/www.visit-ulcinj.com\/blog\/#website","url":"https:\/\/www.visit-ulcinj.com\/blog\/","name":"Lajme nga Ulqini","description":"Lajme,Vijesti,Ulqini,Ulqin,Crna Gora,Mali i Zi","potentialAction":[{"@type":"SearchAction","target":{"@type":"EntryPoint","urlTemplate":"https:\/\/www.visit-ulcinj.com\/blog\/?s={search_term_string}"},"query-input":"required name=search_term_string"}],"inLanguage":"en-US"},{"@type":"ImageObject","inLanguage":"en-US","@id":"https:\/\/www.visit-ulcinj.com\/blog\/2015\/07\/08\/neser-nenshkruhet-marreveshja-e-koalicionit-pds-forca\/#primaryimage","url":"https:\/\/www.visit-ulcinj.com\/blog\/wp-content\/uploads\/2012\/11\/dps-bs-forca-potpisivanje-sporazuma.jpg","contentUrl":"https:\/\/www.visit-ulcinj.com\/blog\/wp-content\/uploads\/2012\/11\/dps-bs-forca-potpisivanje-sporazuma.jpg","width":"640","height":"388"},{"@type":"WebPage","@id":"https:\/\/www.visit-ulcinj.com\/blog\/2015\/07\/08\/neser-nenshkruhet-marreveshja-e-koalicionit-pds-forca\/#webpage","url":"https:\/\/www.visit-ulcinj.com\/blog\/2015\/07\/08\/neser-nenshkruhet-marreveshja-e-koalicionit-pds-forca\/","name":"Nes\u00ebr n\u00ebnshkruhet marr\u00ebveshja e koalicionit PDS \u2013 Forca - Lajme nga Ulqini","isPartOf":{"@id":"https:\/\/www.visit-ulcinj.com\/blog\/#website"},"primaryImageOfPage":{"@id":"https:\/\/www.visit-ulcinj.com\/blog\/2015\/07\/08\/neser-nenshkruhet-marreveshja-e-koalicionit-pds-forca\/#primaryimage"},"datePublished":"2015-07-08T10:48:33+00:00","dateModified":"2015-07-08T10:48:33+00:00","author":{"@id":"https:\/\/www.visit-ulcinj.com\/blog\/#\/schema\/person\/dcab619c614d3038751c63bc2aadc06d"},"description":"Kryetari i Partis\u00eb demokratike t\u00eb socialist\u00ebve Millo Gjukanoviq dhe kryetari i Forc\u00ebs s\u00eb re demokratike Nazif Cungu do t\u00eb n\u00ebnshkruajn\u00eb nes\u00ebr Aneksin e","breadcrumb":{"@id":"https:\/\/www.visit-ulcinj.com\/blog\/2015\/07\/08\/neser-nenshkruhet-marreveshja-e-koalicionit-pds-forca\/#breadcrumb"},"inLanguage":"en-US","potentialAction":[{"@type":"ReadAction","target":["https:\/\/www.visit-ulcinj.com\/blog\/2015\/07\/08\/neser-nenshkruhet-marreveshja-e-koalicionit-pds-forca\/"]}]},{"@type":"BreadcrumbList","@id":"https:\/\/www.visit-ulcinj.com\/blog\/2015\/07\/08\/neser-nenshkruhet-marreveshja-e-koalicionit-pds-forca\/#breadcrumb","itemListElement":[{"@type":"ListItem","position":1,"name":"Nes\u00ebr n\u00ebnshkruhet marr\u00ebveshja e koalicionit PDS \u2013 Forca"}]},{"@type":"Person","@id":"https:\/\/www.visit-ulcinj.com\/blog\/#\/schema\/person\/dcab619c614d3038751c63bc2aadc06d","name":"ulqini","sameAs":["http:\/\/www.visit-ulcinj.com"],"url":"https:\/\/www.visit-ulcinj.com\/blog\/author\/admin\/"}]}},"jetpack_featured_media_url":"","jetpack_sharing_enabled":true,"jetpack_shortlink":"https:\/\/wp.me\/pe6lTn-nNa","_links":{"self":[{"href":"https:\/\/www.visit-ulcinj.com\/blog\/wp-json\/wp\/v2\/posts\/91460"}],"collection":[{"href":"https:\/\/www.visit-ulcinj.com\/blog\/wp-json\/wp\/v2\/posts"}],"about":[{"href":"https:\/\/www.visit-ulcinj.com\/blog\/wp-json\/wp\/v2\/types\/post"}],"author":[{"embeddable":true,"href":"https:\/\/www.visit-ulcinj.com\/blog\/wp-json\/wp\/v2\/users\/1"}],"replies":[{"embeddable":true,"href":"https:\/\/www.visit-ulcinj.com\/blog\/wp-json\/wp\/v2\/comments?post=91460"}],"version-history":[{"count":1,"href":"https:\/\/www.visit-ulcinj.com\/blog\/wp-json\/wp\/v2\/posts\/91460\/revisions"}],"predecessor-version":[{"id":91461,"href":"https:\/\/www.visit-ulcinj.com\/blog\/wp-json\/wp\/v2\/posts\/91460\/revisions\/91461"}],"wp:attachment":[{"href":"https:\/\/www.visit-ulcinj.com\/blog\/wp-json\/wp\/v2\/media?parent=91460"}],"wp:term":[{"taxonomy":"category","embeddable":true,"href":"https:\/\/www.visit-ulcinj.com\/blog\/wp-json\/wp\/v2\/categories?post=91460"},{"taxonomy":"post_tag","embeddable":true,"href":"https:\/\/www.visit-ulcinj.com\/blog\/wp-json\/wp\/v2\/tags?post=91460"}],"curies":[{"name":"wp","href":"https:\/\/api.w.org\/{rel}","templated":true}]}}