{"id":91470,"date":"2015-07-08T18:40:23","date_gmt":"2015-07-08T17:40:23","guid":{"rendered":"http:\/\/www.visit-ulcinj.com\/blog\/?p=91470"},"modified":"2015-07-09T15:03:10","modified_gmt":"2015-07-09T14:03:10","slug":"reagon-nika-alkateni-shkoi-ne-rashtishe","status":"publish","type":"post","link":"https:\/\/www.visit-ulcinj.com\/blog\/2015\/07\/08\/reagon-nika-alkateni-shkoi-ne-rashtishe\/","title":{"rendered":"Reagon Nika:  Alkateni shkoi n\u00eb Rashtish\u00eb&#8230;?!"},"content":{"rendered":"<p><a href=\"http:\/\/www.visit-ulcinj.com\/blog\/wp-content\/uploads\/2015\/02\/Muhamet-Nika-Ulqin.jpg\"><img loading=\"lazy\" class=\"alignleft wp-image-88969 size-medium\" src=\"http:\/\/www.visit-ulcinj.com\/blog\/wp-content\/uploads\/2015\/02\/Muhamet-Nika-Ulqin-300x275.jpg\" alt=\"Muhamet-Nika-Ulqin\" width=\"300\" height=\"275\" srcset=\"https:\/\/www.visit-ulcinj.com\/blog\/wp-content\/uploads\/2015\/02\/Muhamet-Nika-Ulqin-300x275.jpg 300w, https:\/\/www.visit-ulcinj.com\/blog\/wp-content\/uploads\/2015\/02\/Muhamet-Nika-Ulqin.jpg 307w\" sizes=\"(max-width: 300px) 100vw, 300px\" \/><\/a>Mendimi i par\u00eb q\u00eb m\u00eb erdhi n\u00eb kok\u00eb , kur lexova lajmin e shp\u00ebrndar\u00eb me titull &#8211; <strong>Ku shkuan 2500 e. Alkaten<\/strong> ? Ishte se hartuesit e k\u00ebtij lajmi, nuk kan\u00eb po duket me keq ardhje as edhe njohurit\u00eb m\u00eb elementare t\u00eb pun\u00ebs n\u00eb administrat\u00ebn lokale dhe me siguri nuk i din\u00eb sa duhet as pun\u00ebt n\u00eb firma . Andaj po dyshoj q\u00eb tu ket\u00eb \u00a0th\u00ebn\u00eb dikush ndonj\u00ebher\u00eb edhe puna e mbar\u00eb &#8230;?!! <strong>Ose ndoshta q\u00ebllimisht dhe me vet\u00ebdije si portal i nj\u00eb subjekti politik, jan\u00eb v\u00ebn\u00eb n\u00eb mbrojtje t\u00eb tij dhe po kryejn\u00eb pun\u00ebn e Gebelsit- shefit t\u00eb propagand\u00ebs dhe informimit t\u00eb Hitlerit&#8230;?! T\u00eb cilin thuhet se n\u00eb prag t\u00eb kapitullimit t\u00eb tij &#8211; Hitleri , vet\u00eb \u00a0e ekzekutoi t\u00eb parin &#8211; mu at\u00eb , kuptohet p\u00ebr t\u00eb fshehur pisll\u00ebqet e veta&#8230;?!! <\/strong><\/p>\n<p>Pasi si\u00e7 thuhet n\u00eb tekst se n\u00eb afer\u00eb \u201c na qenk\u00ebsh i p\u00ebrfshir\u00eb edhe ish kryetari i Kuvendit Muhamet Nika, p\u00ebrgjigja do ishte se Alkateni shkoi, nga<strong>\u201d un\u00eb i t\u00ebri dhe i b\u00ebri\u201d,<\/strong>si kryetar parlamenti n\u00eb fshatin Rashtish\u00eb . Kuptohet mbi baz\u00ebn e nj\u00eb k\u00ebrkese me t\u00eb cil\u00ebn qytetar\u00ebt e k\u00ebsaj bashkie , qysh, m\u00eb 11.06.2010, i ishin drejtuar sekretariatit p\u00ebr \u00e7\u00ebshtje komunale, p\u00ebr t\u00eb hartuar nj\u00eb projekt t\u00eb furnizimit me uj\u00eb dhe vaditje. Mjetet mendoheshin t\u00eb siguroheshin nga ministria e bujq\u00ebsis\u00eb, pasi t\u00eb sigurohej projekti p\u00ebrkrah\u00ebs ideor nga komuna. Por pasi k\u00ebrkesa u zvarrit dhe projekti nuk u realizua, at\u00ebher\u00eb me fajin e komun\u00ebs \u201c u dogj\u201d edhe afati p\u00ebr konkurrim n\u00eb ministri?! M\u00eb pas me bekimin e sekretarit p\u00ebr buxhet e financa , u b\u00eb edhe ky investim alkateni <strong>&#8211; PARAT I SIGUROVA\u00a0\u00a0 NGA REDUKTIMI I BUXHETIT T\u00cb KABINETIT T\u00cb KRYERTARIT ?!!! DHE K\u00cbT\u00cb DO TA B\u00cbJA P\u00cbRS\u00cbRI NES\u00cbR P\u00cbR NJ\u00cb \u201cRASHTISH\u00cb\u201d TJET\u00cbR &#8230;?!!!<\/strong><\/p>\n<p>&nbsp;<\/p>\n<p>Tjet\u00ebr, shtojm\u00eb se qytetar\u00ebt gjithashtu, me nj\u00eb k\u00ebrkes\u00eb t\u00eb dyt\u00eb , i ishin drejtuar edhe komunales q\u00eb t\u2019i ndihmonte n\u00eb blerjen e nj\u00eb pompe p\u00ebr shtytjen e ujit diku n\u00eb vler\u00eb rreth disa qindra eurosh. Kjo pomp\u00eb nuk u ble m\u00eb n\u00eb Gragj\u00eb, nga fshatar\u00ebt, por \u00a0te nj\u00eb zyrtar aktual nga radh\u00ebt e Forc\u00ebs. K\u00ebshtu i bie q\u00eb n\u00eb lajm t\u00eb jeni t\u00eb mang\u00ebt &#8211; arsyeja mund t\u00eb dihet&#8230;?! Investimi \u00ebsht\u00eb i kryer dhe fal\u00eb shtrirjes met\u00ebr p\u00ebr met\u00ebr t\u00eb 2500 metrave alkaten( sipas skic\u00ebs s\u00eb deponuar m\u00eb posht\u00eb) . 10 familjet e fshatit tash disa vite kan\u00eb uj\u00eb t\u00eb mjaftuesh\u00ebm . Madje kan\u00eb instaluar edhe banjot n\u00eb sht\u00ebpi, duke mos u lar\u00eb m\u00eb \u201c me safa e kallaj\u00e7e..\u201d, si do t\u00eb d\u00ebshironte ndoshta portali i jua, q\u00eb edhe vet\u00eb ish-kryetari i Kuvendit t\u00eb Ulqinit t\u00eb lahej deri sa t\u00eb arrijn\u00eb n\u00eb Ulqin mega projektet e juaja. Kurse \u00a0tokave t\u00eb veta t\u00eb pun\u00ebs dhe p\u00ebr ujitje (bashk\u00eb me fshatar\u00ebt tjer\u00eb), \u00a0 tu ofrohej vet\u00ebm duke ec pas gomarit e ase si ndryshe..?!<\/p>\n<p>Kujtoj qytetar\u00ebt q\u00eb si kryetar\u00eb i kuvendit isha i obliguar edhe me ligj t\u00eb nxjerr vendimin p\u00ebr furnizimin e qytetar\u00ebve me uj\u00eb t\u00eb pijsh\u00ebm, sepse \u00ebsht\u00eb pun\u00eb par\u00ebsore e tija n\u00eb krahasim me mega projekte tjera q\u00eb ju manipuloni. Mjerisht n\u00eb disa fshatra t\u00eb An\u00ebs s\u00eb Malit \u2013 sidomos gjat\u00eb stin\u00ebs s\u00eb ver\u00ebs , edhe sot, para syve t\u00eb pushtetit, ata ende vazhdojn\u00eb e vuajn\u00eb vap\u00ebn e gushtit pa uj\u00eb, p\u00ebr vete dhe gj\u00ebn\u00eb e gjall\u00eb- me skena torturuese, mu si t\u00eb ishin n\u00eb zem\u00ebr t\u00eb Azis\u00eb apo t\u00eb Afrik\u00ebs&#8230;.?!!<\/p>\n<p>Nj\u00eb gj\u00eb \u00ebsht\u00eb m\u00eb se e v\u00ebrtet\u00eb, q\u00eb vlera e faktures s\u00eb alkatenit, <strong>me siguri t\u00eb vetme<\/strong>, \u00ebsht\u00eb barazi me shum\u00ebn e nj\u00eb reprezentacioni t\u00eb pushtetar\u00ebve q\u00eb b\u00ebhej dhe b\u00ebhet n\u00eb Ulqin. P\u00ebr t\u00eb shuar kuriozitetin tuaj pasi reduktuam buxhetin&#8230;. , fjala vjen shpenzimet p\u00ebr BENZIN<strong>( p\u00ebr hat\u00ebr t\u00eb alkatenit)<\/strong> ran\u00eb n\u00eb 0&#8230;, e kjo vlente edhe p\u00ebr MEDITJET, UDHTIME ZYRTARE , REPREZENTACION , PAISJE TJERA MATERIALE etj &#8230;?!!<\/p>\n<p>Bile , ju t\u00eb portalit, po t\u00eb d\u00ebshironi mund t\u00eb informoheni se edhe n\u00eb vet\u00eb bllokun e \u201ckafe xhinic\u00ebs\u201d, derisa isha kryetar kuvendi, apo n\u00ebnkryetar komune, nuk figuron q\u00eb t\u00eb kem pir\u00eb as ekspreso , as kampu\u00e7ino e as uiski dhe shum\u00eb rrall\u00eb ndodhte t\u00eb kem pir\u00eb ndonj\u00eb \u00e7aj &#8230;..?!! Do kish qen\u00eb m\u00eb mir\u00eb p\u00ebr ju , q\u00eb para se t\u00eb hulumtoni n\u00eb firma t\u00eb ndryshme, t\u00eb hulumtoni te arkatari i KK <strong>(n\u00ebse nuk keni hulumtuar)<\/strong> dhe t\u2019i krahasoni shpenzimet e mija , me ata q\u00eb b\u00ebn\u00eb 2 kryetar\u00ebt e subjektit q\u00eb ju mbroni dhe gj\u00ebrat do jen\u00eb m\u00eb se t\u00eb qarta.<\/p>\n<p>Thjesht , p\u00ebr 2mij\u00eb e ca euro, p\u00ebr t\u00eb cilat m\u00eb akuzoni, edhe sot, cekim q\u00eb i kam(i kemi n\u00eb xhep bashk\u00eb me fshatar\u00ebt )dhe mund t\u2019i kthejm\u00eb n\u00eb se duhet \u2013 Por ama 252 mij\u00eb eurot d\u00ebm , n\u00eb vend se 9mij\u00eb , p\u00ebr t\u00eb cil\u00ebt u akuzoi gazeta Dan , t\u00eb cil\u00ebs iu referova e q\u00eb u dogji kaq shum\u00eb&#8230;. dhe reaguat , na duket se jan\u00eb\u00a0\u00a0 t\u00eb pakrahasueshme dhe t\u00eb kompenzueshme&#8230;?!!!<\/p>\n<p>M\u00eb duket q\u00eb me k\u00ebt\u00eb politik\u00eb q\u00eb po b\u00ebn\u00eb portali koh\u00ebve t\u00eb fundit \u00ebsht\u00eb kah e p\u00ebrsh\u00ebndetet subjektin q\u00eb mbron jo vet\u00ebm me \u00a0bashk\u00ebfshatar\u00ebt e mi \u201d q\u00eb u porosisin t\u00eb mos ia m\u00ebsyni m\u00eb k\u00ebtij vendvotimi&#8230;\u201d? Por as \u00a0An\u00ebs s\u00eb Malit , e sa p\u00ebr n\u00eb qytet vler\u00ebsojeni ju vet. &#8230;?!!<\/p>\n<p>Dhe desh harrova edhe pse shum\u00eb pak ka r\u00ebnd\u00ebsi , si ish- kryetar i Kuvendit as nj\u00ebher\u00eb nuk dola n\u00eb fushat\u00eb me Fatmirin dhe as me DPS-in. Andaj \u00ebsht\u00eb v\u00ebshtir\u00eb t\u00eb bindni dik\u00eb q\u00eb Fatmiri , paska financuar n\u00eb fushat\u00eb me alkaten kund\u00ebrshtar\u00ebt e tij- k\u00ebt\u00eb gj\u00eb at\u00ebher\u00eb t\u00eb pakt\u00ebn nuk e kish zakon&#8230;?!!!<\/p>\n<p><a href=\"http:\/\/www.visit-ulcinj.com\/blog\/wp-content\/uploads\/2015\/07\/Muhamet-Nika-Dokument-Ulqin.jpg\"><img loading=\"lazy\" class=\"alignleft wp-image-91471\" src=\"http:\/\/www.visit-ulcinj.com\/blog\/wp-content\/uploads\/2015\/07\/Muhamet-Nika-Dokument-Ulqin.jpg\" alt=\"Muhamet-Nika-Dokument-Ulqin\" width=\"508\" height=\"602\" srcset=\"https:\/\/www.visit-ulcinj.com\/blog\/wp-content\/uploads\/2015\/07\/Muhamet-Nika-Dokument-Ulqin.jpg 627w, https:\/\/www.visit-ulcinj.com\/blog\/wp-content\/uploads\/2015\/07\/Muhamet-Nika-Dokument-Ulqin-253x300.jpg 253w\" sizes=\"(max-width: 508px) 100vw, 508px\" \/><\/a><\/p>\n<p><strong>Shih-K\u00ebrkesa e qytetar\u00ebve drejtuar komun\u00ebs figuron e protokolluar disa muaj m\u00eb her\u00ebt se zgjedhjet?! <\/strong><\/p>\n<p><a href=\"http:\/\/www.visit-ulcinj.com\/blog\/wp-content\/uploads\/2015\/07\/Muhamet-Nika-Dokument-Ulqin-1.jpg\"><img loading=\"lazy\" class=\"alignleft size-full wp-image-91472\" src=\"http:\/\/www.visit-ulcinj.com\/blog\/wp-content\/uploads\/2015\/07\/Muhamet-Nika-Dokument-Ulqin-1.jpg\" alt=\"Muhamet-Nika-Dokument-Ulqin-1\" width=\"508\" height=\"610\" \/><\/a><br \/>\n<strong><br \/>\nSkica ku \u00ebsht\u00eb i futur alkateni n\u00eb funksion mbi baz\u00ebn e k\u00ebrkes\u00ebs q\u00eb u deponua n\u00eb sekretariat&#8230;?!! N\u00ebse d\u00ebshironi mund t\u00eb v\u00ebrtetoni lirisht vendndodhjen &#8211; k\u00ebsaj radhe k\u00ebt\u00eb po e kuptojm\u00eb si \u201cdob\u00ebsi tuaj\u00ebn..\u201d, por m\u00eb kusht q\u00eb vet\u00ebm k\u00ebsaj radhe&#8230;?!!!<\/strong><\/p>\n<p>&nbsp;<\/p>\n<p><strong>Pik\u00ebpamjet e shprehura n\u00eb faqen \u201cOPINIONE\u201d nuk p\u00ebrfaq\u00ebsojn\u00eb domosdoshm\u00ebrisht politik\u00ebn redaksionale t\u00eb \u201eLajmeve nga Ulqini\u201e<\/strong><\/p>\n","protected":false},"excerpt":{"rendered":"<p>Mendimi i par\u00eb q\u00eb m\u00eb erdhi n\u00eb kok\u00eb , kur lexova lajmin e shp\u00ebrndar\u00eb me titull &#8211; Ku shkuan 2500 e. Alkaten ? Ishte se hartuesit e k\u00ebtij lajmi, nuk kan\u00eb po duket me keq ardhje as edhe njohurit\u00eb m\u00eb elementare t\u00eb pun\u00ebs n\u00eb administrat\u00ebn lokale dhe me siguri nuk i din\u00eb sa duhet as [&hellip;]<\/p>\n","protected":false},"author":1,"featured_media":0,"comment_status":"closed","ping_status":"closed","sticky":false,"template":"","format":"standard","meta":{"spay_email":"","jetpack_publicize_message":"","jetpack_is_tweetstorm":false,"jetpack_publicize_feature_enabled":true},"categories":[1,14249],"tags":[],"jetpack_publicize_connections":[],"yoast_head":"<!-- This site is optimized with the Yoast SEO plugin v19.1 - https:\/\/yoast.com\/wordpress\/plugins\/seo\/ -->\n<title>Reagon Nika: Alkateni shkoi n\u00eb Rashtish\u00eb...?! - Lajme nga Ulqini<\/title>\n<meta name=\"description\" content=\"Mendimi i par\u00eb q\u00eb m\u00eb erdhi n\u00eb kok\u00eb , kur lexova lajmin e shp\u00ebrndar\u00eb me titull - Ku shkuan 2500 e. Alkaten ? Ishte se hartuesit e k\u00ebtij lajmi, nuk kan\u00eb po\" \/>\n<meta name=\"robots\" content=\"index, follow, max-snippet:-1, max-image-preview:large, max-video-preview:-1\" \/>\n<link rel=\"canonical\" href=\"https:\/\/www.visit-ulcinj.com\/blog\/2015\/07\/08\/reagon-nika-alkateni-shkoi-ne-rashtishe\/\" \/>\n<meta property=\"og:locale\" content=\"en_US\" \/>\n<meta property=\"og:type\" content=\"article\" \/>\n<meta property=\"og:title\" content=\"Reagon Nika: Alkateni shkoi n\u00eb Rashtish\u00eb...?! - Lajme nga Ulqini\" \/>\n<meta property=\"og:description\" content=\"Mendimi i par\u00eb q\u00eb m\u00eb erdhi n\u00eb kok\u00eb , kur lexova lajmin e shp\u00ebrndar\u00eb me titull - Ku shkuan 2500 e. Alkaten ? Ishte se hartuesit e k\u00ebtij lajmi, nuk kan\u00eb po\" \/>\n<meta property=\"og:url\" content=\"https:\/\/www.visit-ulcinj.com\/blog\/2015\/07\/08\/reagon-nika-alkateni-shkoi-ne-rashtishe\/\" \/>\n<meta property=\"og:site_name\" content=\"Lajme nga Ulqini\" \/>\n<meta property=\"article:published_time\" content=\"2015-07-08T17:40:23+00:00\" \/>\n<meta property=\"article:modified_time\" content=\"2015-07-09T14:03:10+00:00\" \/>\n<meta property=\"og:image\" content=\"http:\/\/www.visit-ulcinj.com\/blog\/wp-content\/uploads\/2015\/02\/Muhamet-Nika-Ulqin-300x275.jpg\" \/>\n<meta name=\"twitter:label1\" content=\"Written by\" \/>\n\t<meta name=\"twitter:data1\" content=\"ulqini\" \/>\n\t<meta name=\"twitter:label2\" content=\"Est. reading time\" \/>\n\t<meta name=\"twitter:data2\" content=\"5 minutes\" \/>\n<script type=\"application\/ld+json\" class=\"yoast-schema-graph\">{\"@context\":\"https:\/\/schema.org\",\"@graph\":[{\"@type\":\"WebSite\",\"@id\":\"https:\/\/www.visit-ulcinj.com\/blog\/#website\",\"url\":\"https:\/\/www.visit-ulcinj.com\/blog\/\",\"name\":\"Lajme nga Ulqini\",\"description\":\"Lajme,Vijesti,Ulqini,Ulqin,Crna Gora,Mali i Zi\",\"potentialAction\":[{\"@type\":\"SearchAction\",\"target\":{\"@type\":\"EntryPoint\",\"urlTemplate\":\"https:\/\/www.visit-ulcinj.com\/blog\/?s={search_term_string}\"},\"query-input\":\"required name=search_term_string\"}],\"inLanguage\":\"en-US\"},{\"@type\":\"ImageObject\",\"inLanguage\":\"en-US\",\"@id\":\"https:\/\/www.visit-ulcinj.com\/blog\/2015\/07\/08\/reagon-nika-alkateni-shkoi-ne-rashtishe\/#primaryimage\",\"url\":\"https:\/\/www.visit-ulcinj.com\/blog\/wp-content\/uploads\/2015\/02\/Muhamet-Nika-Ulqin.jpg\",\"contentUrl\":\"https:\/\/www.visit-ulcinj.com\/blog\/wp-content\/uploads\/2015\/02\/Muhamet-Nika-Ulqin.jpg\",\"width\":307,\"height\":281},{\"@type\":\"WebPage\",\"@id\":\"https:\/\/www.visit-ulcinj.com\/blog\/2015\/07\/08\/reagon-nika-alkateni-shkoi-ne-rashtishe\/#webpage\",\"url\":\"https:\/\/www.visit-ulcinj.com\/blog\/2015\/07\/08\/reagon-nika-alkateni-shkoi-ne-rashtishe\/\",\"name\":\"Reagon Nika: Alkateni shkoi n\u00eb Rashtish\u00eb...?! - Lajme nga Ulqini\",\"isPartOf\":{\"@id\":\"https:\/\/www.visit-ulcinj.com\/blog\/#website\"},\"primaryImageOfPage\":{\"@id\":\"https:\/\/www.visit-ulcinj.com\/blog\/2015\/07\/08\/reagon-nika-alkateni-shkoi-ne-rashtishe\/#primaryimage\"},\"datePublished\":\"2015-07-08T17:40:23+00:00\",\"dateModified\":\"2015-07-09T14:03:10+00:00\",\"author\":{\"@id\":\"https:\/\/www.visit-ulcinj.com\/blog\/#\/schema\/person\/dcab619c614d3038751c63bc2aadc06d\"},\"description\":\"Mendimi i par\u00eb q\u00eb m\u00eb erdhi n\u00eb kok\u00eb , kur lexova lajmin e shp\u00ebrndar\u00eb me titull - Ku shkuan 2500 e. Alkaten ? Ishte se hartuesit e k\u00ebtij lajmi, nuk kan\u00eb po\",\"breadcrumb\":{\"@id\":\"https:\/\/www.visit-ulcinj.com\/blog\/2015\/07\/08\/reagon-nika-alkateni-shkoi-ne-rashtishe\/#breadcrumb\"},\"inLanguage\":\"en-US\",\"potentialAction\":[{\"@type\":\"ReadAction\",\"target\":[\"https:\/\/www.visit-ulcinj.com\/blog\/2015\/07\/08\/reagon-nika-alkateni-shkoi-ne-rashtishe\/\"]}]},{\"@type\":\"BreadcrumbList\",\"@id\":\"https:\/\/www.visit-ulcinj.com\/blog\/2015\/07\/08\/reagon-nika-alkateni-shkoi-ne-rashtishe\/#breadcrumb\",\"itemListElement\":[{\"@type\":\"ListItem\",\"position\":1,\"name\":\"Reagon Nika: Alkateni shkoi n\u00eb Rashtish\u00eb&#8230;?!\"}]},{\"@type\":\"Person\",\"@id\":\"https:\/\/www.visit-ulcinj.com\/blog\/#\/schema\/person\/dcab619c614d3038751c63bc2aadc06d\",\"name\":\"ulqini\",\"sameAs\":[\"http:\/\/www.visit-ulcinj.com\"],\"url\":\"https:\/\/www.visit-ulcinj.com\/blog\/author\/admin\/\"}]}<\/script>\n<!-- \/ Yoast SEO plugin. -->","yoast_head_json":{"title":"Reagon Nika: Alkateni shkoi n\u00eb Rashtish\u00eb...?! - Lajme nga Ulqini","description":"Mendimi i par\u00eb q\u00eb m\u00eb erdhi n\u00eb kok\u00eb , kur lexova lajmin e shp\u00ebrndar\u00eb me titull - Ku shkuan 2500 e. Alkaten ? Ishte se hartuesit e k\u00ebtij lajmi, nuk kan\u00eb po","robots":{"index":"index","follow":"follow","max-snippet":"max-snippet:-1","max-image-preview":"max-image-preview:large","max-video-preview":"max-video-preview:-1"},"canonical":"https:\/\/www.visit-ulcinj.com\/blog\/2015\/07\/08\/reagon-nika-alkateni-shkoi-ne-rashtishe\/","og_locale":"en_US","og_type":"article","og_title":"Reagon Nika: Alkateni shkoi n\u00eb Rashtish\u00eb...?! - Lajme nga Ulqini","og_description":"Mendimi i par\u00eb q\u00eb m\u00eb erdhi n\u00eb kok\u00eb , kur lexova lajmin e shp\u00ebrndar\u00eb me titull - Ku shkuan 2500 e. Alkaten ? Ishte se hartuesit e k\u00ebtij lajmi, nuk kan\u00eb po","og_url":"https:\/\/www.visit-ulcinj.com\/blog\/2015\/07\/08\/reagon-nika-alkateni-shkoi-ne-rashtishe\/","og_site_name":"Lajme nga Ulqini","article_published_time":"2015-07-08T17:40:23+00:00","article_modified_time":"2015-07-09T14:03:10+00:00","og_image":[{"url":"http:\/\/www.visit-ulcinj.com\/blog\/wp-content\/uploads\/2015\/02\/Muhamet-Nika-Ulqin-300x275.jpg"}],"twitter_misc":{"Written by":"ulqini","Est. reading time":"5 minutes"},"schema":{"@context":"https:\/\/schema.org","@graph":[{"@type":"WebSite","@id":"https:\/\/www.visit-ulcinj.com\/blog\/#website","url":"https:\/\/www.visit-ulcinj.com\/blog\/","name":"Lajme nga Ulqini","description":"Lajme,Vijesti,Ulqini,Ulqin,Crna Gora,Mali i Zi","potentialAction":[{"@type":"SearchAction","target":{"@type":"EntryPoint","urlTemplate":"https:\/\/www.visit-ulcinj.com\/blog\/?s={search_term_string}"},"query-input":"required name=search_term_string"}],"inLanguage":"en-US"},{"@type":"ImageObject","inLanguage":"en-US","@id":"https:\/\/www.visit-ulcinj.com\/blog\/2015\/07\/08\/reagon-nika-alkateni-shkoi-ne-rashtishe\/#primaryimage","url":"https:\/\/www.visit-ulcinj.com\/blog\/wp-content\/uploads\/2015\/02\/Muhamet-Nika-Ulqin.jpg","contentUrl":"https:\/\/www.visit-ulcinj.com\/blog\/wp-content\/uploads\/2015\/02\/Muhamet-Nika-Ulqin.jpg","width":307,"height":281},{"@type":"WebPage","@id":"https:\/\/www.visit-ulcinj.com\/blog\/2015\/07\/08\/reagon-nika-alkateni-shkoi-ne-rashtishe\/#webpage","url":"https:\/\/www.visit-ulcinj.com\/blog\/2015\/07\/08\/reagon-nika-alkateni-shkoi-ne-rashtishe\/","name":"Reagon Nika: Alkateni shkoi n\u00eb Rashtish\u00eb...?! - Lajme nga Ulqini","isPartOf":{"@id":"https:\/\/www.visit-ulcinj.com\/blog\/#website"},"primaryImageOfPage":{"@id":"https:\/\/www.visit-ulcinj.com\/blog\/2015\/07\/08\/reagon-nika-alkateni-shkoi-ne-rashtishe\/#primaryimage"},"datePublished":"2015-07-08T17:40:23+00:00","dateModified":"2015-07-09T14:03:10+00:00","author":{"@id":"https:\/\/www.visit-ulcinj.com\/blog\/#\/schema\/person\/dcab619c614d3038751c63bc2aadc06d"},"description":"Mendimi i par\u00eb q\u00eb m\u00eb erdhi n\u00eb kok\u00eb , kur lexova lajmin e shp\u00ebrndar\u00eb me titull - Ku shkuan 2500 e. Alkaten ? Ishte se hartuesit e k\u00ebtij lajmi, nuk kan\u00eb po","breadcrumb":{"@id":"https:\/\/www.visit-ulcinj.com\/blog\/2015\/07\/08\/reagon-nika-alkateni-shkoi-ne-rashtishe\/#breadcrumb"},"inLanguage":"en-US","potentialAction":[{"@type":"ReadAction","target":["https:\/\/www.visit-ulcinj.com\/blog\/2015\/07\/08\/reagon-nika-alkateni-shkoi-ne-rashtishe\/"]}]},{"@type":"BreadcrumbList","@id":"https:\/\/www.visit-ulcinj.com\/blog\/2015\/07\/08\/reagon-nika-alkateni-shkoi-ne-rashtishe\/#breadcrumb","itemListElement":[{"@type":"ListItem","position":1,"name":"Reagon Nika: Alkateni shkoi n\u00eb Rashtish\u00eb&#8230;?!"}]},{"@type":"Person","@id":"https:\/\/www.visit-ulcinj.com\/blog\/#\/schema\/person\/dcab619c614d3038751c63bc2aadc06d","name":"ulqini","sameAs":["http:\/\/www.visit-ulcinj.com"],"url":"https:\/\/www.visit-ulcinj.com\/blog\/author\/admin\/"}]}},"jetpack_featured_media_url":"","jetpack_sharing_enabled":true,"jetpack_shortlink":"https:\/\/wp.me\/pe6lTn-nNk","_links":{"self":[{"href":"https:\/\/www.visit-ulcinj.com\/blog\/wp-json\/wp\/v2\/posts\/91470"}],"collection":[{"href":"https:\/\/www.visit-ulcinj.com\/blog\/wp-json\/wp\/v2\/posts"}],"about":[{"href":"https:\/\/www.visit-ulcinj.com\/blog\/wp-json\/wp\/v2\/types\/post"}],"author":[{"embeddable":true,"href":"https:\/\/www.visit-ulcinj.com\/blog\/wp-json\/wp\/v2\/users\/1"}],"replies":[{"embeddable":true,"href":"https:\/\/www.visit-ulcinj.com\/blog\/wp-json\/wp\/v2\/comments?post=91470"}],"version-history":[{"count":9,"href":"https:\/\/www.visit-ulcinj.com\/blog\/wp-json\/wp\/v2\/posts\/91470\/revisions"}],"predecessor-version":[{"id":91483,"href":"https:\/\/www.visit-ulcinj.com\/blog\/wp-json\/wp\/v2\/posts\/91470\/revisions\/91483"}],"wp:attachment":[{"href":"https:\/\/www.visit-ulcinj.com\/blog\/wp-json\/wp\/v2\/media?parent=91470"}],"wp:term":[{"taxonomy":"category","embeddable":true,"href":"https:\/\/www.visit-ulcinj.com\/blog\/wp-json\/wp\/v2\/categories?post=91470"},{"taxonomy":"post_tag","embeddable":true,"href":"https:\/\/www.visit-ulcinj.com\/blog\/wp-json\/wp\/v2\/tags?post=91470"}],"curies":[{"name":"wp","href":"https:\/\/api.w.org\/{rel}","templated":true}]}}