{"id":91491,"date":"2015-07-09T17:39:21","date_gmt":"2015-07-09T16:39:21","guid":{"rendered":"http:\/\/www.visit-ulcinj.com\/blog\/?p=91491"},"modified":"2015-07-09T18:02:09","modified_gmt":"2015-07-09T17:02:09","slug":"gjeloshaj-forca-dhe-dps-kane-marre-nje-pergjegjesi-shume-te-madhe","status":"publish","type":"post","link":"https:\/\/www.visit-ulcinj.com\/blog\/2015\/07\/09\/gjeloshaj-forca-dhe-dps-kane-marre-nje-pergjegjesi-shume-te-madhe\/","title":{"rendered":"Gjeloshaj: FORCA dhe DPS kan\u00eb marr\u00eb nj\u00eb p\u00ebrgjegj\u00ebsi shum\u00eb t\u00eb madhe"},"content":{"rendered":"<p><strong><a href=\"http:\/\/www.visit-ulcinj.com\/blog\/wp-content\/uploads\/2015\/01\/Nik-Gjeloshaj.jpg\"><img loading=\"lazy\" class=\"alignleft wp-image-88096\" src=\"http:\/\/www.visit-ulcinj.com\/blog\/wp-content\/uploads\/2015\/01\/Nik-Gjeloshaj.jpg\" alt=\"Nik-Gjeloshaj\" width=\"508\" height=\"339\" srcset=\"https:\/\/www.visit-ulcinj.com\/blog\/wp-content\/uploads\/2015\/01\/Nik-Gjeloshaj.jpg 960w, https:\/\/www.visit-ulcinj.com\/blog\/wp-content\/uploads\/2015\/01\/Nik-Gjeloshaj-300x200.jpg 300w\" sizes=\"(max-width: 508px) 100vw, 508px\" \/><\/a>DEKLARAT\u00cb P\u00cbR \u201cDAN\u201d<\/strong><\/p>\n<p>N\u00eb aneks marr\u00ebveshj\u00ebn e n\u00ebnshkruar nga FORCA dhe DPS p\u00ebrgjith\u00ebsisht jan\u00eb t\u00eb renditura k\u00ebrkesat e partive politike shqiptare dhe nuk \u00ebsht\u00eb shpikur \u201cuji i nxet\u201d. P\u00ebr t\u00eb realizuar k\u00ebt\u00eb marr\u00ebveshje FORCA dhe DPS kan\u00eb marr\u00eb nj\u00eb p\u00ebrgjegj\u00ebsi shum\u00eb t\u00eb madhe, lind pyetja se p\u00ebr nj\u00eb koh\u00eb kaq t\u00eb shkurt\u00ebr t\u00eb kufizuar n\u00eb afat mund t\u00eb realizojn\u00eb t\u00eb gjith\u00eb k\u00ebt\u00eb.<\/p>\n<p>P\u00ebr t\u00eb gjitha k\u00ebrkesat politike q\u00eb jan\u00eb t\u00eb parapara n\u00eb k\u00ebt\u00eb aneks marr\u00ebveshje do t\u00eb ken\u00eb p\u00ebrkrahj\u00ebn time n\u00eb <span class=\"text_exposed_show\">Parlament, por p\u00ebr fat t\u00eb keq kjo nuk do ju mjaftoj. <\/span><\/p>\n<div class=\"text_exposed_show\">\n<p>Duhet t\u00eb vazhdoh\u00ebn bisedimet, n\u00eb rall t\u00eb par\u00eb me ato parti q\u00eb p\u00ebrkrahin an\u00ebtar\u00ebsimin e Malit t\u00eb Zi n\u00eb Bashkimin Europian dhe n\u00eb NATO, me SDP, me Malin e Zi Pozitiv si dhe ndoshta edhe SNP, n\u00eb m\u00ebnyr\u00eb q\u00eb t\u00eb fitohet p\u00ebrkrahja e nevojshme p\u00ebr realizimin e k\u00ebrkesave politike t\u00eb parapara n\u00eb aneks. Nevoja p\u00ebr t\u00eb vazhduar bisedimet n\u00eb m\u00ebnyr\u00eb q\u00eb t\u00eb arrihet deri tek shumica n\u00eb Parlament vjen nga pervoja kur partneri i Koalicionit t\u00eb Forc\u00ebs, z. Vasel Sinishtaj ka b\u00ebr\u00eb marr\u00ebveshje me DPS, q\u00eb Tuzi t\u00eb ndryshoj statusin n\u00eb komun\u00eb n\u00eb kuader t\u00eb kryeqytetit, \u00ebsht\u00eb par\u00eb dhe \u00ebsht\u00eb ditur se nuk mjafton vetem arritja e marr\u00ebveshj\u00ebs me DPS.<\/p>\n<p>Jemi t\u00eb vetdish\u00ebm q\u00eb SDP me vite ka bllokuar Mal\u00ebsin\u00eb n\u00eb rrug\u00ebn e saj drejt vetqeverisj\u00ebs lokale, SDP ka p\u00ebrkrahur dhe p\u00ebrkrah akoma q\u00eb Tuzi t\u00eb jet\u00eb Komun\u00eb Urbane.<\/p>\n<p>Gjithsesi, FORCA \u00ebsht\u00eb partia ma e madhe shqiptare n\u00eb Mal t\u00eb Zi dhe ka t\u00eb drejt\u00eb legjitime q\u00eb n\u00eb emrin e saj dhe me p\u00ebrgjegj\u00ebsin\u00eb e saj t\u00eb tentoj t\u00eb zgjidh probleme t\u00eb shqiptar\u00ebve n\u00eb Mal t\u00eb Zi dhe n\u00eb k\u00ebt\u00eb drejtim do ken\u00eb p\u00ebrkrahj\u00ebn tim\u00eb p\u00ebr \u00e7do pik\u00eb t\u00eb k\u00ebsaj marr\u00ebveshje.<\/p>\n<p id=\"js_5\" class=\"_5pbw\" data-ft=\"{&quot;tn&quot;:&quot;C&quot;}\"><strong><span class=\"fwb fcg\" data-ft=\"{&quot;tn&quot;:&quot;k&quot;}\"><a id=\"js_j\" href=\"https:\/\/www.facebook.com\/pages\/Nik-Gjeloshaj\/638633769597292?fref=nf\" data-hovercard=\"\/ajax\/hovercard\/page.php?id=638633769597292&amp;extragetparams=%7B%22fref%22%3A%22nf%22%7D\">Nik Gjeloshaj Facebook<\/a><\/span><\/strong><\/p>\n<p class=\"_5pbw\" data-ft=\"{&quot;tn&quot;:&quot;C&quot;}\"><!--YouTube Error: bad URL entered--><\/p>\n<\/div>\n","protected":false},"excerpt":{"rendered":"<p>DEKLARAT\u00cb P\u00cbR \u201cDAN\u201d N\u00eb aneks marr\u00ebveshj\u00ebn e n\u00ebnshkruar nga FORCA dhe DPS p\u00ebrgjith\u00ebsisht jan\u00eb t\u00eb renditura k\u00ebrkesat e partive politike shqiptare dhe nuk \u00ebsht\u00eb shpikur \u201cuji i nxet\u201d. P\u00ebr t\u00eb realizuar k\u00ebt\u00eb marr\u00ebveshje FORCA dhe DPS kan\u00eb marr\u00eb nj\u00eb p\u00ebrgjegj\u00ebsi shum\u00eb t\u00eb madhe, lind pyetja se p\u00ebr nj\u00eb koh\u00eb kaq t\u00eb shkurt\u00ebr t\u00eb kufizuar n\u00eb [&hellip;]<\/p>\n","protected":false},"author":1,"featured_media":0,"comment_status":"closed","ping_status":"closed","sticky":false,"template":"","format":"standard","meta":{"spay_email":"","jetpack_publicize_message":"","jetpack_is_tweetstorm":false,"jetpack_publicize_feature_enabled":true},"categories":[1,6],"tags":[],"jetpack_publicize_connections":[],"yoast_head":"<!-- This site is optimized with the Yoast SEO plugin v19.1 - https:\/\/yoast.com\/wordpress\/plugins\/seo\/ -->\n<title>Gjeloshaj: FORCA dhe DPS kan\u00eb marr\u00eb nj\u00eb p\u00ebrgjegj\u00ebsi shum\u00eb t\u00eb madhe - Lajme nga Ulqini<\/title>\n<meta name=\"description\" content=\"DEKLARAT\u00cb P\u00cbR \u201cDAN\u201d N\u00eb aneks marr\u00ebveshj\u00ebn e n\u00ebnshkruar nga FORCA dhe DPS p\u00ebrgjith\u00ebsisht jan\u00eb t\u00eb renditura k\u00ebrkesat e partive politike shqiptare dhe nuk\" \/>\n<meta name=\"robots\" content=\"index, follow, max-snippet:-1, max-image-preview:large, max-video-preview:-1\" \/>\n<link rel=\"canonical\" href=\"https:\/\/www.visit-ulcinj.com\/blog\/2015\/07\/09\/gjeloshaj-forca-dhe-dps-kane-marre-nje-pergjegjesi-shume-te-madhe\/\" \/>\n<meta property=\"og:locale\" content=\"en_US\" \/>\n<meta property=\"og:type\" content=\"article\" \/>\n<meta property=\"og:title\" content=\"Gjeloshaj: FORCA dhe DPS kan\u00eb marr\u00eb nj\u00eb p\u00ebrgjegj\u00ebsi shum\u00eb t\u00eb madhe - Lajme nga Ulqini\" \/>\n<meta property=\"og:description\" content=\"DEKLARAT\u00cb P\u00cbR \u201cDAN\u201d N\u00eb aneks marr\u00ebveshj\u00ebn e n\u00ebnshkruar nga FORCA dhe DPS p\u00ebrgjith\u00ebsisht jan\u00eb t\u00eb renditura k\u00ebrkesat e partive politike shqiptare dhe nuk\" \/>\n<meta property=\"og:url\" content=\"https:\/\/www.visit-ulcinj.com\/blog\/2015\/07\/09\/gjeloshaj-forca-dhe-dps-kane-marre-nje-pergjegjesi-shume-te-madhe\/\" \/>\n<meta property=\"og:site_name\" content=\"Lajme nga Ulqini\" \/>\n<meta property=\"article:published_time\" content=\"2015-07-09T16:39:21+00:00\" \/>\n<meta property=\"article:modified_time\" content=\"2015-07-09T17:02:09+00:00\" \/>\n<meta property=\"og:image\" content=\"http:\/\/www.visit-ulcinj.com\/blog\/wp-content\/uploads\/2015\/01\/Nik-Gjeloshaj.jpg\" \/>\n<meta name=\"twitter:label1\" content=\"Written by\" \/>\n\t<meta name=\"twitter:data1\" content=\"ulqini\" \/>\n\t<meta name=\"twitter:label2\" content=\"Est. reading time\" \/>\n\t<meta name=\"twitter:data2\" content=\"2 minutes\" \/>\n<script type=\"application\/ld+json\" class=\"yoast-schema-graph\">{\"@context\":\"https:\/\/schema.org\",\"@graph\":[{\"@type\":\"WebSite\",\"@id\":\"https:\/\/www.visit-ulcinj.com\/blog\/#website\",\"url\":\"https:\/\/www.visit-ulcinj.com\/blog\/\",\"name\":\"Lajme nga Ulqini\",\"description\":\"Lajme,Vijesti,Ulqini,Ulqin,Crna Gora,Mali i Zi\",\"potentialAction\":[{\"@type\":\"SearchAction\",\"target\":{\"@type\":\"EntryPoint\",\"urlTemplate\":\"https:\/\/www.visit-ulcinj.com\/blog\/?s={search_term_string}\"},\"query-input\":\"required name=search_term_string\"}],\"inLanguage\":\"en-US\"},{\"@type\":\"ImageObject\",\"inLanguage\":\"en-US\",\"@id\":\"https:\/\/www.visit-ulcinj.com\/blog\/2015\/07\/09\/gjeloshaj-forca-dhe-dps-kane-marre-nje-pergjegjesi-shume-te-madhe\/#primaryimage\",\"url\":\"https:\/\/www.visit-ulcinj.com\/blog\/wp-content\/uploads\/2015\/01\/Nik-Gjeloshaj.jpg\",\"contentUrl\":\"https:\/\/www.visit-ulcinj.com\/blog\/wp-content\/uploads\/2015\/01\/Nik-Gjeloshaj.jpg\",\"width\":960,\"height\":640},{\"@type\":\"WebPage\",\"@id\":\"https:\/\/www.visit-ulcinj.com\/blog\/2015\/07\/09\/gjeloshaj-forca-dhe-dps-kane-marre-nje-pergjegjesi-shume-te-madhe\/#webpage\",\"url\":\"https:\/\/www.visit-ulcinj.com\/blog\/2015\/07\/09\/gjeloshaj-forca-dhe-dps-kane-marre-nje-pergjegjesi-shume-te-madhe\/\",\"name\":\"Gjeloshaj: FORCA dhe DPS kan\u00eb marr\u00eb nj\u00eb p\u00ebrgjegj\u00ebsi shum\u00eb t\u00eb madhe - Lajme nga Ulqini\",\"isPartOf\":{\"@id\":\"https:\/\/www.visit-ulcinj.com\/blog\/#website\"},\"primaryImageOfPage\":{\"@id\":\"https:\/\/www.visit-ulcinj.com\/blog\/2015\/07\/09\/gjeloshaj-forca-dhe-dps-kane-marre-nje-pergjegjesi-shume-te-madhe\/#primaryimage\"},\"datePublished\":\"2015-07-09T16:39:21+00:00\",\"dateModified\":\"2015-07-09T17:02:09+00:00\",\"author\":{\"@id\":\"https:\/\/www.visit-ulcinj.com\/blog\/#\/schema\/person\/dcab619c614d3038751c63bc2aadc06d\"},\"description\":\"DEKLARAT\u00cb P\u00cbR \u201cDAN\u201d N\u00eb aneks marr\u00ebveshj\u00ebn e n\u00ebnshkruar nga FORCA dhe DPS p\u00ebrgjith\u00ebsisht jan\u00eb t\u00eb renditura k\u00ebrkesat e partive politike shqiptare dhe nuk\",\"breadcrumb\":{\"@id\":\"https:\/\/www.visit-ulcinj.com\/blog\/2015\/07\/09\/gjeloshaj-forca-dhe-dps-kane-marre-nje-pergjegjesi-shume-te-madhe\/#breadcrumb\"},\"inLanguage\":\"en-US\",\"potentialAction\":[{\"@type\":\"ReadAction\",\"target\":[\"https:\/\/www.visit-ulcinj.com\/blog\/2015\/07\/09\/gjeloshaj-forca-dhe-dps-kane-marre-nje-pergjegjesi-shume-te-madhe\/\"]}]},{\"@type\":\"BreadcrumbList\",\"@id\":\"https:\/\/www.visit-ulcinj.com\/blog\/2015\/07\/09\/gjeloshaj-forca-dhe-dps-kane-marre-nje-pergjegjesi-shume-te-madhe\/#breadcrumb\",\"itemListElement\":[{\"@type\":\"ListItem\",\"position\":1,\"name\":\"Gjeloshaj: FORCA dhe DPS kan\u00eb marr\u00eb nj\u00eb p\u00ebrgjegj\u00ebsi shum\u00eb t\u00eb madhe\"}]},{\"@type\":\"Person\",\"@id\":\"https:\/\/www.visit-ulcinj.com\/blog\/#\/schema\/person\/dcab619c614d3038751c63bc2aadc06d\",\"name\":\"ulqini\",\"sameAs\":[\"http:\/\/www.visit-ulcinj.com\"],\"url\":\"https:\/\/www.visit-ulcinj.com\/blog\/author\/admin\/\"}]}<\/script>\n<!-- \/ Yoast SEO plugin. -->","yoast_head_json":{"title":"Gjeloshaj: FORCA dhe DPS kan\u00eb marr\u00eb nj\u00eb p\u00ebrgjegj\u00ebsi shum\u00eb t\u00eb madhe - Lajme nga Ulqini","description":"DEKLARAT\u00cb P\u00cbR \u201cDAN\u201d N\u00eb aneks marr\u00ebveshj\u00ebn e n\u00ebnshkruar nga FORCA dhe DPS p\u00ebrgjith\u00ebsisht jan\u00eb t\u00eb renditura k\u00ebrkesat e partive politike shqiptare dhe nuk","robots":{"index":"index","follow":"follow","max-snippet":"max-snippet:-1","max-image-preview":"max-image-preview:large","max-video-preview":"max-video-preview:-1"},"canonical":"https:\/\/www.visit-ulcinj.com\/blog\/2015\/07\/09\/gjeloshaj-forca-dhe-dps-kane-marre-nje-pergjegjesi-shume-te-madhe\/","og_locale":"en_US","og_type":"article","og_title":"Gjeloshaj: FORCA dhe DPS kan\u00eb marr\u00eb nj\u00eb p\u00ebrgjegj\u00ebsi shum\u00eb t\u00eb madhe - Lajme nga Ulqini","og_description":"DEKLARAT\u00cb P\u00cbR \u201cDAN\u201d N\u00eb aneks marr\u00ebveshj\u00ebn e n\u00ebnshkruar nga FORCA dhe DPS p\u00ebrgjith\u00ebsisht jan\u00eb t\u00eb renditura k\u00ebrkesat e partive politike shqiptare dhe nuk","og_url":"https:\/\/www.visit-ulcinj.com\/blog\/2015\/07\/09\/gjeloshaj-forca-dhe-dps-kane-marre-nje-pergjegjesi-shume-te-madhe\/","og_site_name":"Lajme nga Ulqini","article_published_time":"2015-07-09T16:39:21+00:00","article_modified_time":"2015-07-09T17:02:09+00:00","og_image":[{"url":"http:\/\/www.visit-ulcinj.com\/blog\/wp-content\/uploads\/2015\/01\/Nik-Gjeloshaj.jpg"}],"twitter_misc":{"Written by":"ulqini","Est. reading time":"2 minutes"},"schema":{"@context":"https:\/\/schema.org","@graph":[{"@type":"WebSite","@id":"https:\/\/www.visit-ulcinj.com\/blog\/#website","url":"https:\/\/www.visit-ulcinj.com\/blog\/","name":"Lajme nga Ulqini","description":"Lajme,Vijesti,Ulqini,Ulqin,Crna Gora,Mali i Zi","potentialAction":[{"@type":"SearchAction","target":{"@type":"EntryPoint","urlTemplate":"https:\/\/www.visit-ulcinj.com\/blog\/?s={search_term_string}"},"query-input":"required name=search_term_string"}],"inLanguage":"en-US"},{"@type":"ImageObject","inLanguage":"en-US","@id":"https:\/\/www.visit-ulcinj.com\/blog\/2015\/07\/09\/gjeloshaj-forca-dhe-dps-kane-marre-nje-pergjegjesi-shume-te-madhe\/#primaryimage","url":"https:\/\/www.visit-ulcinj.com\/blog\/wp-content\/uploads\/2015\/01\/Nik-Gjeloshaj.jpg","contentUrl":"https:\/\/www.visit-ulcinj.com\/blog\/wp-content\/uploads\/2015\/01\/Nik-Gjeloshaj.jpg","width":960,"height":640},{"@type":"WebPage","@id":"https:\/\/www.visit-ulcinj.com\/blog\/2015\/07\/09\/gjeloshaj-forca-dhe-dps-kane-marre-nje-pergjegjesi-shume-te-madhe\/#webpage","url":"https:\/\/www.visit-ulcinj.com\/blog\/2015\/07\/09\/gjeloshaj-forca-dhe-dps-kane-marre-nje-pergjegjesi-shume-te-madhe\/","name":"Gjeloshaj: FORCA dhe DPS kan\u00eb marr\u00eb nj\u00eb p\u00ebrgjegj\u00ebsi shum\u00eb t\u00eb madhe - Lajme nga Ulqini","isPartOf":{"@id":"https:\/\/www.visit-ulcinj.com\/blog\/#website"},"primaryImageOfPage":{"@id":"https:\/\/www.visit-ulcinj.com\/blog\/2015\/07\/09\/gjeloshaj-forca-dhe-dps-kane-marre-nje-pergjegjesi-shume-te-madhe\/#primaryimage"},"datePublished":"2015-07-09T16:39:21+00:00","dateModified":"2015-07-09T17:02:09+00:00","author":{"@id":"https:\/\/www.visit-ulcinj.com\/blog\/#\/schema\/person\/dcab619c614d3038751c63bc2aadc06d"},"description":"DEKLARAT\u00cb P\u00cbR \u201cDAN\u201d N\u00eb aneks marr\u00ebveshj\u00ebn e n\u00ebnshkruar nga FORCA dhe DPS p\u00ebrgjith\u00ebsisht jan\u00eb t\u00eb renditura k\u00ebrkesat e partive politike shqiptare dhe nuk","breadcrumb":{"@id":"https:\/\/www.visit-ulcinj.com\/blog\/2015\/07\/09\/gjeloshaj-forca-dhe-dps-kane-marre-nje-pergjegjesi-shume-te-madhe\/#breadcrumb"},"inLanguage":"en-US","potentialAction":[{"@type":"ReadAction","target":["https:\/\/www.visit-ulcinj.com\/blog\/2015\/07\/09\/gjeloshaj-forca-dhe-dps-kane-marre-nje-pergjegjesi-shume-te-madhe\/"]}]},{"@type":"BreadcrumbList","@id":"https:\/\/www.visit-ulcinj.com\/blog\/2015\/07\/09\/gjeloshaj-forca-dhe-dps-kane-marre-nje-pergjegjesi-shume-te-madhe\/#breadcrumb","itemListElement":[{"@type":"ListItem","position":1,"name":"Gjeloshaj: FORCA dhe DPS kan\u00eb marr\u00eb nj\u00eb p\u00ebrgjegj\u00ebsi shum\u00eb t\u00eb madhe"}]},{"@type":"Person","@id":"https:\/\/www.visit-ulcinj.com\/blog\/#\/schema\/person\/dcab619c614d3038751c63bc2aadc06d","name":"ulqini","sameAs":["http:\/\/www.visit-ulcinj.com"],"url":"https:\/\/www.visit-ulcinj.com\/blog\/author\/admin\/"}]}},"jetpack_featured_media_url":"","jetpack_sharing_enabled":true,"jetpack_shortlink":"https:\/\/wp.me\/pe6lTn-nNF","_links":{"self":[{"href":"https:\/\/www.visit-ulcinj.com\/blog\/wp-json\/wp\/v2\/posts\/91491"}],"collection":[{"href":"https:\/\/www.visit-ulcinj.com\/blog\/wp-json\/wp\/v2\/posts"}],"about":[{"href":"https:\/\/www.visit-ulcinj.com\/blog\/wp-json\/wp\/v2\/types\/post"}],"author":[{"embeddable":true,"href":"https:\/\/www.visit-ulcinj.com\/blog\/wp-json\/wp\/v2\/users\/1"}],"replies":[{"embeddable":true,"href":"https:\/\/www.visit-ulcinj.com\/blog\/wp-json\/wp\/v2\/comments?post=91491"}],"version-history":[{"count":2,"href":"https:\/\/www.visit-ulcinj.com\/blog\/wp-json\/wp\/v2\/posts\/91491\/revisions"}],"predecessor-version":[{"id":91494,"href":"https:\/\/www.visit-ulcinj.com\/blog\/wp-json\/wp\/v2\/posts\/91491\/revisions\/91494"}],"wp:attachment":[{"href":"https:\/\/www.visit-ulcinj.com\/blog\/wp-json\/wp\/v2\/media?parent=91491"}],"wp:term":[{"taxonomy":"category","embeddable":true,"href":"https:\/\/www.visit-ulcinj.com\/blog\/wp-json\/wp\/v2\/categories?post=91491"},{"taxonomy":"post_tag","embeddable":true,"href":"https:\/\/www.visit-ulcinj.com\/blog\/wp-json\/wp\/v2\/tags?post=91491"}],"curies":[{"name":"wp","href":"https:\/\/api.w.org\/{rel}","templated":true}]}}