{"id":915,"date":"2008-03-15T13:07:37","date_gmt":"2008-03-15T18:07:37","guid":{"rendered":"http:\/\/www.visit-ulcinj.com\/blog\/2008\/03\/15\/kosova-se-shpejti-me-pasaporta-te-reja\/"},"modified":"2008-07-02T13:07:38","modified_gmt":"2008-07-02T18:07:38","slug":"kosova-se-shpejti-me-pasaporta-te-reja","status":"publish","type":"post","link":"https:\/\/www.visit-ulcinj.com\/blog\/2008\/03\/15\/kosova-se-shpejti-me-pasaporta-te-reja\/","title":{"rendered":"Kosova s\u00eb shpejti me pasaporta t\u00eb reja"},"content":{"rendered":"<p><a title=\"AMBLEMI I KOSOVES\" rel=\"lightbox[pics-1205604224]\" href=\"http:\/\/www.visit-ulcinj.com\/blog\/wp-content\/uploads\/2008\/03\/amblemi-i-kosoves.jpg\"><img loading=\"lazy\" src=\"http:\/\/www.visit-ulcinj.com\/blog\/wp-content\/uploads\/2008\/03\/amblemi-i-kosoves.jpg\" alt=\"AMBLEMI I KOSOVES\" width=\"100\" height=\"111\" align=\"left\" \/><\/a>Shtetasit e Kosov\u00ebs, s\u00eb shpejti mund t\u00eb pajisen me pasaportat e Republik\u00ebs s\u00eb Kosov\u00ebs q\u00eb do t\u00eb jen\u00eb me ngjyr\u00eb t\u00eb kalt\u00ebr t\u00eb mbyllur dhe stem\u00ebn e Republik\u00ebs n\u00eb mes, tha sot n\u00eb mbledhjen e Qeveris\u00eb, kryeministri Hashim Tha\u00e7i, ku u miratua n\u00eb parim Projektligji p\u00ebr nxjerrjen sa m\u00eb t\u00eb shpejt\u00eb t\u00eb dokumenteve t\u00eb reja p\u00ebr shtetasit kosovar\u00eb dhe u diskutuan p\u00ebrgatitjet lidhur me Konferenc\u00ebn e Donator\u00ebve p\u00ebr Kosov\u00ebn q\u00eb pritet t\u00eb mbahet s\u00eb shpejti n\u00eb Bruksel.<br \/>\nKreu i ekzekutivit Hashim Tha\u00e7i i informoi ministrat e kabinetit t\u00eb tij me procesin e njohjes s\u00eb shtet\u00ebsis\u00eb s\u00eb Kosov\u00ebs nga vende t\u00eb ndryshme duke theksuar se n\u00eb dit\u00ebt n\u00eb vijim pret q\u00eb numri i vendeve q\u00eb do ta pranojn\u00eb Kosov\u00ebn do t\u00eb rritet. Tha\u00e7i foli edhe p\u00ebr raportet e shk\u00eblqyera, sipas tij me qeverit\u00eb e vendeve t\u00eb rajonit, si me Shqip\u00ebrin\u00eb dhe Malin e Zi.<br \/>\n\u201cNd\u00ebrsa \u00ebsht\u00eb n\u00eb interesin e jasht\u00ebzakonsh\u00ebm p\u00ebr Kosov\u00ebn paqja dhe stabiliteti n\u00eb Maqedoni. Tashm\u00eb kemi ecur p\u00ebrpara n\u00eb drejtim t\u00eb zgjidhjes s\u00eb \u00e7\u00ebshtjes s\u00eb ngritur m\u00eb her\u00ebt t\u00eb demarkacionit. Mes Prishtin\u00ebs dhe Shkupit ka vet\u00ebm vullnet t\u00eb mir\u00eb, mir\u00ebkuptim dhe fqinj\u00ebsi t\u00eb mir\u00eb\u201d, ka th\u00ebn\u00eb kryeministri Tha\u00e7i.<br \/>\nQeveria n\u00eb mbledhjen e sotme miratoi, n\u00eb parim, Projektligjin p\u00ebr nxjerrjen sa m\u00eb t\u00eb shpejt\u00eb t\u00eb dokumenteve t\u00eb udh\u00ebtimit p\u00ebr shtetasit kosovar\u00eb.<br \/>\nN\u00eb p\u00ebrputhje me statusin e ri t\u00eb Kosov\u00ebs \u00ebsht\u00eb nevoj\u00eb dhe domosdoshm\u00ebri nxjerrja sa m\u00eb shpejt\u00eb t\u00eb dokumenteve t\u00eb reja t\u00eb Republik\u00ebs s\u00eb Kosov\u00ebs, tha kryeministri Tha\u00e7i, i cili nj\u00ebher\u00ebsh b\u00ebri publik dizajnin p\u00ebr pasaportat e reja t\u00eb Republik\u00ebs, q\u00eb do t\u00eb jen\u00eb ngjyr\u00eb kalt\u00ebr e mbyllt\u00eb, me stem\u00ebn e Republik\u00ebs n\u00eb mes.<br \/>\n\u201cKam k\u00ebrkuar nga ministri i Pun\u00ebve t\u00eb Brendshme t\u00eb b\u00ebj\u00eb p\u00ebrgatitjet adekuate p\u00ebr k\u00ebt\u00eb, sikurse p\u00ebr pasaporta let\u00ebrnjoftime, patent\u00eb shofer dhe t\u00eb gjitha dokumentet tjera t\u00eb l\u00ebshuara nga institucionet e Kosov\u00ebs, duhet t\u00eb jen\u00eb t\u00eb reja dhe n\u00eb p\u00ebrputhje me at\u00eb q\u00eb e l\u00ebshon shteti i pavarur dhe sovran i Kosov\u00ebs. K\u00ebtu hyjn\u00eb edhe qytetar\u00ebt tan\u00eb q\u00eb jetojn\u00eb n\u00eb diaspor\u00eb\u201d, ka sqaruar Tha\u00e7i.<br \/>\nKryeministri Hashim Tha\u00e7i, n\u00eb mbledhjen e sotme t\u00eb qeveris\u00eb, foli edhe p\u00ebr procesin e p\u00ebrcaktimit t\u00eb prioriteteve p\u00ebr Konferenc\u00ebn e Donator\u00ebve, q\u00eb sipas tij, pritet t\u00eb zyrtarizohen s\u00eb shpejti.<br \/>\n\u201c Synimi i Qeveris\u00eb \u00ebsht\u00eb q\u00eb k\u00ebto prioritete t\u00eb jen\u00eb t\u00eb p\u00ebrballueshme dhe t\u00eb q\u00ebndrueshme n\u00eb aspektin fiskal. Prioritetet do t\u00eb formojn\u00eb baz\u00ebn p\u00ebr konferenc\u00ebn e donator\u00ebve p\u00ebr Kosov\u00ebn q\u00eb pritet t\u00eb mbahet s\u00eb shpejti n\u00eb Bruksel. P\u00ebrcaktimi i politikave prioritare d\u00ebshmon p\u00ebrkushtimin e fuqish\u00ebm t\u00eb qeveris\u00eb p\u00ebr t\u00eb filluar menj\u00ebher\u00eb adresimin e \u00e7\u00ebshtjeve t\u00eb shp\u00ebrfillura dhe sfiduese p\u00ebr zhvillimin e ardhsh\u00ebm t\u00eb Kosov\u00ebs\u201d.<br \/>\nN\u00eb mesin e prioriteteve kryesore t\u00eb Qeveris\u00eb s\u00eb Kosov\u00ebs p\u00ebr Konferenc\u00ebn e Donator\u00ebve, jan\u00eb sundimi i ligjit, luftimi i korrupsionit, ngritja e cil\u00ebsis\u00eb s\u00eb edukimit, zhvillimi i bujq\u00ebsis\u00eb, politikat fiskale etj. K\u00ebto prioritete sipas Tha\u00e7it, kan\u00eb dal\u00eb nga konsultimet me ministrit\u00eb p\u00ebrkat\u00ebse, nd\u00ebrsa kostoja do t\u00eb caktohet n\u00eb korniz\u00ebn q\u00eb ende \u00ebsht\u00eb duke u p\u00ebrgatitur.<br \/>\nNdryshe n\u00eb mbledhjen e sotme, Qeveria ka miratuar n\u00eb parim edhe Projektligjin p\u00ebr sigurin\u00eb private dhe at\u00eb p\u00ebr vulat n\u00eb institucionet e Republik\u00ebs s\u00eb Kosov\u00ebs.<br \/>\n<strong>RTK<\/strong><\/p>\n<!-- vimeo error: not a vimeo video -->\n","protected":false},"excerpt":{"rendered":"<p><img loading=\"lazy\" src=\"http:\/\/www.visit-ulcinj.com\/blog\/wp-content\/uploads\/2008\/03\/amblemi-i-kosoves.jpg\" alt=\"AMBLEMI I KOSOVES\" align=\"left\" height=\"140\" width=\"140\" \/><\/p>\n","protected":false},"author":1,"featured_media":0,"comment_status":"open","ping_status":"closed","sticky":false,"template":"","format":"standard","meta":{"spay_email":"","jetpack_publicize_message":"","jetpack_is_tweetstorm":false,"jetpack_publicize_feature_enabled":true},"categories":[14],"tags":[],"jetpack_publicize_connections":[],"yoast_head":"<!-- This site is optimized with the Yoast SEO plugin v19.1 - https:\/\/yoast.com\/wordpress\/plugins\/seo\/ -->\n<title>Kosova s\u00eb shpejti me pasaporta t\u00eb reja - Lajme nga Ulqini<\/title>\n<meta name=\"robots\" content=\"index, follow, max-snippet:-1, max-image-preview:large, max-video-preview:-1\" \/>\n<link rel=\"canonical\" href=\"https:\/\/www.visit-ulcinj.com\/blog\/2008\/03\/15\/kosova-se-shpejti-me-pasaporta-te-reja\/\" \/>\n<meta property=\"og:locale\" content=\"en_US\" \/>\n<meta property=\"og:type\" content=\"article\" \/>\n<meta property=\"og:title\" content=\"Kosova s\u00eb shpejti me pasaporta t\u00eb reja - Lajme nga Ulqini\" \/>\n<meta property=\"og:url\" content=\"https:\/\/www.visit-ulcinj.com\/blog\/2008\/03\/15\/kosova-se-shpejti-me-pasaporta-te-reja\/\" \/>\n<meta property=\"og:site_name\" content=\"Lajme nga Ulqini\" \/>\n<meta property=\"article:published_time\" content=\"2008-03-15T18:07:37+00:00\" \/>\n<meta property=\"article:modified_time\" content=\"2008-07-02T18:07:38+00:00\" \/>\n<meta property=\"og:image\" content=\"http:\/\/www.visit-ulcinj.com\/blog\/wp-content\/uploads\/2008\/03\/amblemi-i-kosoves.jpg\" \/>\n<meta name=\"twitter:label1\" content=\"Written by\" \/>\n\t<meta name=\"twitter:data1\" content=\"ulqini\" \/>\n\t<meta name=\"twitter:label2\" content=\"Est. reading time\" \/>\n\t<meta name=\"twitter:data2\" content=\"3 minutes\" \/>\n<script type=\"application\/ld+json\" class=\"yoast-schema-graph\">{\"@context\":\"https:\/\/schema.org\",\"@graph\":[{\"@type\":\"WebSite\",\"@id\":\"https:\/\/www.visit-ulcinj.com\/blog\/#website\",\"url\":\"https:\/\/www.visit-ulcinj.com\/blog\/\",\"name\":\"Lajme nga Ulqini\",\"description\":\"Lajme,Vijesti,Ulqini,Ulqin,Crna Gora,Mali i Zi\",\"potentialAction\":[{\"@type\":\"SearchAction\",\"target\":{\"@type\":\"EntryPoint\",\"urlTemplate\":\"https:\/\/www.visit-ulcinj.com\/blog\/?s={search_term_string}\"},\"query-input\":\"required name=search_term_string\"}],\"inLanguage\":\"en-US\"},{\"@type\":\"ImageObject\",\"inLanguage\":\"en-US\",\"@id\":\"https:\/\/www.visit-ulcinj.com\/blog\/2008\/03\/15\/kosova-se-shpejti-me-pasaporta-te-reja\/#primaryimage\",\"url\":\"http:\/\/www.visit-ulcinj.com\/blog\/wp-content\/uploads\/2008\/03\/amblemi-i-kosoves.jpg\",\"contentUrl\":\"http:\/\/www.visit-ulcinj.com\/blog\/wp-content\/uploads\/2008\/03\/amblemi-i-kosoves.jpg\"},{\"@type\":\"WebPage\",\"@id\":\"https:\/\/www.visit-ulcinj.com\/blog\/2008\/03\/15\/kosova-se-shpejti-me-pasaporta-te-reja\/#webpage\",\"url\":\"https:\/\/www.visit-ulcinj.com\/blog\/2008\/03\/15\/kosova-se-shpejti-me-pasaporta-te-reja\/\",\"name\":\"Kosova s\u00eb shpejti me pasaporta t\u00eb reja - Lajme nga Ulqini\",\"isPartOf\":{\"@id\":\"https:\/\/www.visit-ulcinj.com\/blog\/#website\"},\"primaryImageOfPage\":{\"@id\":\"https:\/\/www.visit-ulcinj.com\/blog\/2008\/03\/15\/kosova-se-shpejti-me-pasaporta-te-reja\/#primaryimage\"},\"datePublished\":\"2008-03-15T18:07:37+00:00\",\"dateModified\":\"2008-07-02T18:07:38+00:00\",\"author\":{\"@id\":\"https:\/\/www.visit-ulcinj.com\/blog\/#\/schema\/person\/dcab619c614d3038751c63bc2aadc06d\"},\"breadcrumb\":{\"@id\":\"https:\/\/www.visit-ulcinj.com\/blog\/2008\/03\/15\/kosova-se-shpejti-me-pasaporta-te-reja\/#breadcrumb\"},\"inLanguage\":\"en-US\",\"potentialAction\":[{\"@type\":\"ReadAction\",\"target\":[\"https:\/\/www.visit-ulcinj.com\/blog\/2008\/03\/15\/kosova-se-shpejti-me-pasaporta-te-reja\/\"]}]},{\"@type\":\"BreadcrumbList\",\"@id\":\"https:\/\/www.visit-ulcinj.com\/blog\/2008\/03\/15\/kosova-se-shpejti-me-pasaporta-te-reja\/#breadcrumb\",\"itemListElement\":[{\"@type\":\"ListItem\",\"position\":1,\"name\":\"Kosova s\u00eb shpejti me pasaporta t\u00eb reja\"}]},{\"@type\":\"Person\",\"@id\":\"https:\/\/www.visit-ulcinj.com\/blog\/#\/schema\/person\/dcab619c614d3038751c63bc2aadc06d\",\"name\":\"ulqini\",\"sameAs\":[\"http:\/\/www.visit-ulcinj.com\"],\"url\":\"https:\/\/www.visit-ulcinj.com\/blog\/author\/admin\/\"}]}<\/script>\n<!-- \/ Yoast SEO plugin. -->","yoast_head_json":{"title":"Kosova s\u00eb shpejti me pasaporta t\u00eb reja - Lajme nga Ulqini","robots":{"index":"index","follow":"follow","max-snippet":"max-snippet:-1","max-image-preview":"max-image-preview:large","max-video-preview":"max-video-preview:-1"},"canonical":"https:\/\/www.visit-ulcinj.com\/blog\/2008\/03\/15\/kosova-se-shpejti-me-pasaporta-te-reja\/","og_locale":"en_US","og_type":"article","og_title":"Kosova s\u00eb shpejti me pasaporta t\u00eb reja - Lajme nga Ulqini","og_url":"https:\/\/www.visit-ulcinj.com\/blog\/2008\/03\/15\/kosova-se-shpejti-me-pasaporta-te-reja\/","og_site_name":"Lajme nga Ulqini","article_published_time":"2008-03-15T18:07:37+00:00","article_modified_time":"2008-07-02T18:07:38+00:00","og_image":[{"url":"http:\/\/www.visit-ulcinj.com\/blog\/wp-content\/uploads\/2008\/03\/amblemi-i-kosoves.jpg"}],"twitter_misc":{"Written by":"ulqini","Est. reading time":"3 minutes"},"schema":{"@context":"https:\/\/schema.org","@graph":[{"@type":"WebSite","@id":"https:\/\/www.visit-ulcinj.com\/blog\/#website","url":"https:\/\/www.visit-ulcinj.com\/blog\/","name":"Lajme nga Ulqini","description":"Lajme,Vijesti,Ulqini,Ulqin,Crna Gora,Mali i Zi","potentialAction":[{"@type":"SearchAction","target":{"@type":"EntryPoint","urlTemplate":"https:\/\/www.visit-ulcinj.com\/blog\/?s={search_term_string}"},"query-input":"required name=search_term_string"}],"inLanguage":"en-US"},{"@type":"ImageObject","inLanguage":"en-US","@id":"https:\/\/www.visit-ulcinj.com\/blog\/2008\/03\/15\/kosova-se-shpejti-me-pasaporta-te-reja\/#primaryimage","url":"http:\/\/www.visit-ulcinj.com\/blog\/wp-content\/uploads\/2008\/03\/amblemi-i-kosoves.jpg","contentUrl":"http:\/\/www.visit-ulcinj.com\/blog\/wp-content\/uploads\/2008\/03\/amblemi-i-kosoves.jpg"},{"@type":"WebPage","@id":"https:\/\/www.visit-ulcinj.com\/blog\/2008\/03\/15\/kosova-se-shpejti-me-pasaporta-te-reja\/#webpage","url":"https:\/\/www.visit-ulcinj.com\/blog\/2008\/03\/15\/kosova-se-shpejti-me-pasaporta-te-reja\/","name":"Kosova s\u00eb shpejti me pasaporta t\u00eb reja - Lajme nga Ulqini","isPartOf":{"@id":"https:\/\/www.visit-ulcinj.com\/blog\/#website"},"primaryImageOfPage":{"@id":"https:\/\/www.visit-ulcinj.com\/blog\/2008\/03\/15\/kosova-se-shpejti-me-pasaporta-te-reja\/#primaryimage"},"datePublished":"2008-03-15T18:07:37+00:00","dateModified":"2008-07-02T18:07:38+00:00","author":{"@id":"https:\/\/www.visit-ulcinj.com\/blog\/#\/schema\/person\/dcab619c614d3038751c63bc2aadc06d"},"breadcrumb":{"@id":"https:\/\/www.visit-ulcinj.com\/blog\/2008\/03\/15\/kosova-se-shpejti-me-pasaporta-te-reja\/#breadcrumb"},"inLanguage":"en-US","potentialAction":[{"@type":"ReadAction","target":["https:\/\/www.visit-ulcinj.com\/blog\/2008\/03\/15\/kosova-se-shpejti-me-pasaporta-te-reja\/"]}]},{"@type":"BreadcrumbList","@id":"https:\/\/www.visit-ulcinj.com\/blog\/2008\/03\/15\/kosova-se-shpejti-me-pasaporta-te-reja\/#breadcrumb","itemListElement":[{"@type":"ListItem","position":1,"name":"Kosova s\u00eb shpejti me pasaporta t\u00eb reja"}]},{"@type":"Person","@id":"https:\/\/www.visit-ulcinj.com\/blog\/#\/schema\/person\/dcab619c614d3038751c63bc2aadc06d","name":"ulqini","sameAs":["http:\/\/www.visit-ulcinj.com"],"url":"https:\/\/www.visit-ulcinj.com\/blog\/author\/admin\/"}]}},"jetpack_featured_media_url":"","jetpack_sharing_enabled":true,"jetpack_shortlink":"https:\/\/wp.me\/pe6lTn-eL","_links":{"self":[{"href":"https:\/\/www.visit-ulcinj.com\/blog\/wp-json\/wp\/v2\/posts\/915"}],"collection":[{"href":"https:\/\/www.visit-ulcinj.com\/blog\/wp-json\/wp\/v2\/posts"}],"about":[{"href":"https:\/\/www.visit-ulcinj.com\/blog\/wp-json\/wp\/v2\/types\/post"}],"author":[{"embeddable":true,"href":"https:\/\/www.visit-ulcinj.com\/blog\/wp-json\/wp\/v2\/users\/1"}],"replies":[{"embeddable":true,"href":"https:\/\/www.visit-ulcinj.com\/blog\/wp-json\/wp\/v2\/comments?post=915"}],"version-history":[{"count":0,"href":"https:\/\/www.visit-ulcinj.com\/blog\/wp-json\/wp\/v2\/posts\/915\/revisions"}],"wp:attachment":[{"href":"https:\/\/www.visit-ulcinj.com\/blog\/wp-json\/wp\/v2\/media?parent=915"}],"wp:term":[{"taxonomy":"category","embeddable":true,"href":"https:\/\/www.visit-ulcinj.com\/blog\/wp-json\/wp\/v2\/categories?post=915"},{"taxonomy":"post_tag","embeddable":true,"href":"https:\/\/www.visit-ulcinj.com\/blog\/wp-json\/wp\/v2\/tags?post=915"}],"curies":[{"name":"wp","href":"https:\/\/api.w.org\/{rel}","templated":true}]}}