{"id":91500,"date":"2015-07-09T18:01:18","date_gmt":"2015-07-09T17:01:18","guid":{"rendered":"http:\/\/www.visit-ulcinj.com\/blog\/?p=91500"},"modified":"2015-07-09T18:01:18","modified_gmt":"2015-07-09T17:01:18","slug":"forca-dhe-dps-nenshkruajne-aneksin-e-marreveshjes-video","status":"publish","type":"post","link":"https:\/\/www.visit-ulcinj.com\/blog\/2015\/07\/09\/forca-dhe-dps-nenshkruajne-aneksin-e-marreveshjes-video\/","title":{"rendered":"Forca dhe DPS n\u00ebnshkruajn\u00eb aneksin e marr\u00ebveshjes &#8211; Video"},"content":{"rendered":"<p lang=\"sq-AL\"><a href=\"http:\/\/www.visit-ulcinj.com\/blog\/wp-content\/uploads\/2015\/07\/Aneks-sporazuma-Forca-DPS-1.jpg\"><img loading=\"lazy\" class=\"alignleft wp-image-91486\" src=\"http:\/\/www.visit-ulcinj.com\/blog\/wp-content\/uploads\/2015\/07\/Aneks-sporazuma-Forca-DPS-1.jpg\" alt=\"Aneks sporazuma Forca-DPS-1\" width=\"508\" height=\"380\" srcset=\"https:\/\/www.visit-ulcinj.com\/blog\/wp-content\/uploads\/2015\/07\/Aneks-sporazuma-Forca-DPS-1.jpg 900w, https:\/\/www.visit-ulcinj.com\/blog\/wp-content\/uploads\/2015\/07\/Aneks-sporazuma-Forca-DPS-1-300x224.jpg 300w\" sizes=\"(max-width: 508px) 100vw, 508px\" \/><\/a>Kryetari i DPS-s\u00eb Milo Djukanovic dhe kryetari i Forc\u00ebs s\u00eb Re Demokratike Nazif Cungu kan\u00eb n\u00ebnshkruar dje n\u00eb Podgoric\u00eb Aneksin e dyt\u00eb t\u00eb Marr\u00ebveshjes p\u00ebr koalicionin pas-zgjedhor t\u00eb bashk\u00ebpunimit n\u00eb mes DPS-s\u00eb dhe Forc\u00ebs.<\/p>\n<p lang=\"sq-AL\">Ky n\u00ebnshkrim i aneksit t\u00eb marr\u00ebveshjes p\u00ebr koalicionin pas-zgjedhor i cili vjen gati 3 vjet pas zgjedhjeve parlamentare ku Forca i dha mb\u00ebshtetje qeveris\u00eb s\u00eb DPS-s\u00eb, parasheh p\u00ebrcaktimin e dinamik\u00ebs s\u00eb operacionalizimit dhe konkretizimit t\u00eb \u00e7\u00ebshtjeve t\u00eb dakorduara pas zgjedhjeve t\u00eb fundit parlamentare.<\/p>\n<p lang=\"sq-AL\"><a href=\"http:\/\/www.visit-ulcinj.com\/blog\/wp-content\/uploads\/2015\/07\/Aneks-sporazuma-Forca-DPS-2.jpg\"><img loading=\"lazy\" class=\"alignleft wp-image-91487\" src=\"http:\/\/www.visit-ulcinj.com\/blog\/wp-content\/uploads\/2015\/07\/Aneks-sporazuma-Forca-DPS-2.jpg\" alt=\"Aneks sporazuma Forca-DPS-2\" width=\"508\" height=\"339\" srcset=\"https:\/\/www.visit-ulcinj.com\/blog\/wp-content\/uploads\/2015\/07\/Aneks-sporazuma-Forca-DPS-2.jpg 900w, https:\/\/www.visit-ulcinj.com\/blog\/wp-content\/uploads\/2015\/07\/Aneks-sporazuma-Forca-DPS-2-300x200.jpg 300w\" sizes=\"(max-width: 508px) 100vw, 508px\" \/><\/a><\/p>\n<p lang=\"sq-AL\">Kjo marr\u00ebveshje parasheh edhe p\u00ebrgatitjen e t\u00eb gjitha akteve ligjore p\u00ebr Komun\u00ebn e Mal\u00ebsis\u00eb-Tuz dhe dor\u00ebzimin e tyre n\u00eb Kuvendin e Malit t\u00eb Zi p\u00ebr miratim. Sipas marr\u00ebveshjes, kjo duhet t\u00eb ndodh\u00eb jo m\u00eb larg se n\u00eb n\u00ebntor t\u00eb vitit 2015.<\/p>\n<p lang=\"sq-AL\">Marr\u00ebveshja po ashtu parasheh zgjedhjen e \u00e7\u00ebshtjes s\u00eb Ullisht\u00ebs s\u00eb Valdanosit n\u00eb Ulqin, \u00e7\u00ebshtja T\u00eb mirat detare, p\u00ebrgatitja e programeve zhvillimore p\u00ebr Ulqin, Mal\u00ebsi-Tuz, Tivar, Rozhaj\u00eb, Plav\u00eb e Guci si dhe \u00e7\u00ebshtje tjera t\u00eb cilat edhe m\u00eb her\u00ebt jan\u00eb premtuar por q\u00eb nuk jan\u00eb realizuar.<\/p>\n<p lang=\"sq-AL\">A do t\u00eb mbesin vet\u00ebm n\u00eb let\u00ebr, apo do t\u00eb realizohet di\u00e7ka nga k\u00ebto, do t\u00eb dihet n\u00eb muajt n\u00eb vijim, por nga praktika DPS-ja premtimet i ka p\u00ebrdor\u00eb p\u00ebr forcimin e pozitave t\u00eb veta.<\/p>\n<p lang=\"sq-AL\">Aneksin e marr\u00ebveshjes mund ta lexoni k\u00ebtu: <a href=\"http:\/\/dps.me\/images\/stories\/dokumenta\/aneks_2_koalicionog_sporazuma_dps_-_forca.pdf\" target=\"_blank\">DPS FORCA<\/a><\/p>\n<p lang=\"sq-AL\"><strong>\/MALESIA.ORG\/<\/strong><\/p>\n<p lang=\"sq-AL\"><!--YouTube Error: bad URL entered--><\/p>\n","protected":false},"excerpt":{"rendered":"<p>Kryetari i DPS-s\u00eb Milo Djukanovic dhe kryetari i Forc\u00ebs s\u00eb Re Demokratike Nazif Cungu kan\u00eb n\u00ebnshkruar dje n\u00eb Podgoric\u00eb Aneksin e dyt\u00eb t\u00eb Marr\u00ebveshjes p\u00ebr koalicionin pas-zgjedhor t\u00eb bashk\u00ebpunimit n\u00eb mes DPS-s\u00eb dhe Forc\u00ebs. Ky n\u00ebnshkrim i aneksit t\u00eb marr\u00ebveshjes p\u00ebr koalicionin pas-zgjedhor i cili vjen gati 3 vjet pas zgjedhjeve parlamentare ku Forca i [&hellip;]<\/p>\n","protected":false},"author":1,"featured_media":0,"comment_status":"closed","ping_status":"closed","sticky":false,"template":"","format":"standard","meta":{"spay_email":"","jetpack_publicize_message":"","jetpack_is_tweetstorm":false,"jetpack_publicize_feature_enabled":true},"categories":[1],"tags":[],"jetpack_publicize_connections":[],"yoast_head":"<!-- This site is optimized with the Yoast SEO plugin v19.1 - https:\/\/yoast.com\/wordpress\/plugins\/seo\/ -->\n<title>Forca dhe DPS n\u00ebnshkruajn\u00eb aneksin e marr\u00ebveshjes - Video - Lajme nga Ulqini<\/title>\n<meta name=\"description\" content=\"Kryetari i DPS-s\u00eb Milo Djukanovic dhe kryetari i Forc\u00ebs s\u00eb Re Demokratike Nazif Cungu kan\u00eb n\u00ebnshkruar dje n\u00eb Podgoric\u00eb Aneksin e dyt\u00eb t\u00eb Marr\u00ebveshjes p\u00ebr\" \/>\n<meta name=\"robots\" content=\"index, follow, max-snippet:-1, max-image-preview:large, max-video-preview:-1\" \/>\n<link rel=\"canonical\" href=\"https:\/\/www.visit-ulcinj.com\/blog\/2015\/07\/09\/forca-dhe-dps-nenshkruajne-aneksin-e-marreveshjes-video\/\" \/>\n<meta property=\"og:locale\" content=\"en_US\" \/>\n<meta property=\"og:type\" content=\"article\" \/>\n<meta property=\"og:title\" content=\"Forca dhe DPS n\u00ebnshkruajn\u00eb aneksin e marr\u00ebveshjes - Video - Lajme nga Ulqini\" \/>\n<meta property=\"og:description\" content=\"Kryetari i DPS-s\u00eb Milo Djukanovic dhe kryetari i Forc\u00ebs s\u00eb Re Demokratike Nazif Cungu kan\u00eb n\u00ebnshkruar dje n\u00eb Podgoric\u00eb Aneksin e dyt\u00eb t\u00eb Marr\u00ebveshjes p\u00ebr\" \/>\n<meta property=\"og:url\" content=\"https:\/\/www.visit-ulcinj.com\/blog\/2015\/07\/09\/forca-dhe-dps-nenshkruajne-aneksin-e-marreveshjes-video\/\" \/>\n<meta property=\"og:site_name\" content=\"Lajme nga Ulqini\" \/>\n<meta property=\"article:published_time\" content=\"2015-07-09T17:01:18+00:00\" \/>\n<meta property=\"og:image\" content=\"http:\/\/www.visit-ulcinj.com\/blog\/wp-content\/uploads\/2015\/07\/Aneks-sporazuma-Forca-DPS-1.jpg\" \/>\n<meta name=\"twitter:label1\" content=\"Written by\" \/>\n\t<meta name=\"twitter:data1\" content=\"ulqini\" \/>\n\t<meta name=\"twitter:label2\" content=\"Est. reading time\" \/>\n\t<meta name=\"twitter:data2\" content=\"1 minute\" \/>\n<script type=\"application\/ld+json\" class=\"yoast-schema-graph\">{\"@context\":\"https:\/\/schema.org\",\"@graph\":[{\"@type\":\"WebSite\",\"@id\":\"https:\/\/www.visit-ulcinj.com\/blog\/#website\",\"url\":\"https:\/\/www.visit-ulcinj.com\/blog\/\",\"name\":\"Lajme nga Ulqini\",\"description\":\"Lajme,Vijesti,Ulqini,Ulqin,Crna Gora,Mali i Zi\",\"potentialAction\":[{\"@type\":\"SearchAction\",\"target\":{\"@type\":\"EntryPoint\",\"urlTemplate\":\"https:\/\/www.visit-ulcinj.com\/blog\/?s={search_term_string}\"},\"query-input\":\"required name=search_term_string\"}],\"inLanguage\":\"en-US\"},{\"@type\":\"ImageObject\",\"inLanguage\":\"en-US\",\"@id\":\"https:\/\/www.visit-ulcinj.com\/blog\/2015\/07\/09\/forca-dhe-dps-nenshkruajne-aneksin-e-marreveshjes-video\/#primaryimage\",\"url\":\"https:\/\/www.visit-ulcinj.com\/blog\/wp-content\/uploads\/2015\/07\/Aneks-sporazuma-Forca-DPS-1.jpg\",\"contentUrl\":\"https:\/\/www.visit-ulcinj.com\/blog\/wp-content\/uploads\/2015\/07\/Aneks-sporazuma-Forca-DPS-1.jpg\",\"width\":900,\"height\":673},{\"@type\":\"WebPage\",\"@id\":\"https:\/\/www.visit-ulcinj.com\/blog\/2015\/07\/09\/forca-dhe-dps-nenshkruajne-aneksin-e-marreveshjes-video\/#webpage\",\"url\":\"https:\/\/www.visit-ulcinj.com\/blog\/2015\/07\/09\/forca-dhe-dps-nenshkruajne-aneksin-e-marreveshjes-video\/\",\"name\":\"Forca dhe DPS n\u00ebnshkruajn\u00eb aneksin e marr\u00ebveshjes - Video - Lajme nga Ulqini\",\"isPartOf\":{\"@id\":\"https:\/\/www.visit-ulcinj.com\/blog\/#website\"},\"primaryImageOfPage\":{\"@id\":\"https:\/\/www.visit-ulcinj.com\/blog\/2015\/07\/09\/forca-dhe-dps-nenshkruajne-aneksin-e-marreveshjes-video\/#primaryimage\"},\"datePublished\":\"2015-07-09T17:01:18+00:00\",\"dateModified\":\"2015-07-09T17:01:18+00:00\",\"author\":{\"@id\":\"https:\/\/www.visit-ulcinj.com\/blog\/#\/schema\/person\/dcab619c614d3038751c63bc2aadc06d\"},\"description\":\"Kryetari i DPS-s\u00eb Milo Djukanovic dhe kryetari i Forc\u00ebs s\u00eb Re Demokratike Nazif Cungu kan\u00eb n\u00ebnshkruar dje n\u00eb Podgoric\u00eb Aneksin e dyt\u00eb t\u00eb Marr\u00ebveshjes p\u00ebr\",\"breadcrumb\":{\"@id\":\"https:\/\/www.visit-ulcinj.com\/blog\/2015\/07\/09\/forca-dhe-dps-nenshkruajne-aneksin-e-marreveshjes-video\/#breadcrumb\"},\"inLanguage\":\"en-US\",\"potentialAction\":[{\"@type\":\"ReadAction\",\"target\":[\"https:\/\/www.visit-ulcinj.com\/blog\/2015\/07\/09\/forca-dhe-dps-nenshkruajne-aneksin-e-marreveshjes-video\/\"]}]},{\"@type\":\"BreadcrumbList\",\"@id\":\"https:\/\/www.visit-ulcinj.com\/blog\/2015\/07\/09\/forca-dhe-dps-nenshkruajne-aneksin-e-marreveshjes-video\/#breadcrumb\",\"itemListElement\":[{\"@type\":\"ListItem\",\"position\":1,\"name\":\"Forca dhe DPS n\u00ebnshkruajn\u00eb aneksin e marr\u00ebveshjes &#8211; Video\"}]},{\"@type\":\"Person\",\"@id\":\"https:\/\/www.visit-ulcinj.com\/blog\/#\/schema\/person\/dcab619c614d3038751c63bc2aadc06d\",\"name\":\"ulqini\",\"sameAs\":[\"http:\/\/www.visit-ulcinj.com\"],\"url\":\"https:\/\/www.visit-ulcinj.com\/blog\/author\/admin\/\"}]}<\/script>\n<!-- \/ Yoast SEO plugin. -->","yoast_head_json":{"title":"Forca dhe DPS n\u00ebnshkruajn\u00eb aneksin e marr\u00ebveshjes - Video - Lajme nga Ulqini","description":"Kryetari i DPS-s\u00eb Milo Djukanovic dhe kryetari i Forc\u00ebs s\u00eb Re Demokratike Nazif Cungu kan\u00eb n\u00ebnshkruar dje n\u00eb Podgoric\u00eb Aneksin e dyt\u00eb t\u00eb Marr\u00ebveshjes p\u00ebr","robots":{"index":"index","follow":"follow","max-snippet":"max-snippet:-1","max-image-preview":"max-image-preview:large","max-video-preview":"max-video-preview:-1"},"canonical":"https:\/\/www.visit-ulcinj.com\/blog\/2015\/07\/09\/forca-dhe-dps-nenshkruajne-aneksin-e-marreveshjes-video\/","og_locale":"en_US","og_type":"article","og_title":"Forca dhe DPS n\u00ebnshkruajn\u00eb aneksin e marr\u00ebveshjes - Video - Lajme nga Ulqini","og_description":"Kryetari i DPS-s\u00eb Milo Djukanovic dhe kryetari i Forc\u00ebs s\u00eb Re Demokratike Nazif Cungu kan\u00eb n\u00ebnshkruar dje n\u00eb Podgoric\u00eb Aneksin e dyt\u00eb t\u00eb Marr\u00ebveshjes p\u00ebr","og_url":"https:\/\/www.visit-ulcinj.com\/blog\/2015\/07\/09\/forca-dhe-dps-nenshkruajne-aneksin-e-marreveshjes-video\/","og_site_name":"Lajme nga Ulqini","article_published_time":"2015-07-09T17:01:18+00:00","og_image":[{"url":"http:\/\/www.visit-ulcinj.com\/blog\/wp-content\/uploads\/2015\/07\/Aneks-sporazuma-Forca-DPS-1.jpg"}],"twitter_misc":{"Written by":"ulqini","Est. reading time":"1 minute"},"schema":{"@context":"https:\/\/schema.org","@graph":[{"@type":"WebSite","@id":"https:\/\/www.visit-ulcinj.com\/blog\/#website","url":"https:\/\/www.visit-ulcinj.com\/blog\/","name":"Lajme nga Ulqini","description":"Lajme,Vijesti,Ulqini,Ulqin,Crna Gora,Mali i Zi","potentialAction":[{"@type":"SearchAction","target":{"@type":"EntryPoint","urlTemplate":"https:\/\/www.visit-ulcinj.com\/blog\/?s={search_term_string}"},"query-input":"required name=search_term_string"}],"inLanguage":"en-US"},{"@type":"ImageObject","inLanguage":"en-US","@id":"https:\/\/www.visit-ulcinj.com\/blog\/2015\/07\/09\/forca-dhe-dps-nenshkruajne-aneksin-e-marreveshjes-video\/#primaryimage","url":"https:\/\/www.visit-ulcinj.com\/blog\/wp-content\/uploads\/2015\/07\/Aneks-sporazuma-Forca-DPS-1.jpg","contentUrl":"https:\/\/www.visit-ulcinj.com\/blog\/wp-content\/uploads\/2015\/07\/Aneks-sporazuma-Forca-DPS-1.jpg","width":900,"height":673},{"@type":"WebPage","@id":"https:\/\/www.visit-ulcinj.com\/blog\/2015\/07\/09\/forca-dhe-dps-nenshkruajne-aneksin-e-marreveshjes-video\/#webpage","url":"https:\/\/www.visit-ulcinj.com\/blog\/2015\/07\/09\/forca-dhe-dps-nenshkruajne-aneksin-e-marreveshjes-video\/","name":"Forca dhe DPS n\u00ebnshkruajn\u00eb aneksin e marr\u00ebveshjes - Video - Lajme nga Ulqini","isPartOf":{"@id":"https:\/\/www.visit-ulcinj.com\/blog\/#website"},"primaryImageOfPage":{"@id":"https:\/\/www.visit-ulcinj.com\/blog\/2015\/07\/09\/forca-dhe-dps-nenshkruajne-aneksin-e-marreveshjes-video\/#primaryimage"},"datePublished":"2015-07-09T17:01:18+00:00","dateModified":"2015-07-09T17:01:18+00:00","author":{"@id":"https:\/\/www.visit-ulcinj.com\/blog\/#\/schema\/person\/dcab619c614d3038751c63bc2aadc06d"},"description":"Kryetari i DPS-s\u00eb Milo Djukanovic dhe kryetari i Forc\u00ebs s\u00eb Re Demokratike Nazif Cungu kan\u00eb n\u00ebnshkruar dje n\u00eb Podgoric\u00eb Aneksin e dyt\u00eb t\u00eb Marr\u00ebveshjes p\u00ebr","breadcrumb":{"@id":"https:\/\/www.visit-ulcinj.com\/blog\/2015\/07\/09\/forca-dhe-dps-nenshkruajne-aneksin-e-marreveshjes-video\/#breadcrumb"},"inLanguage":"en-US","potentialAction":[{"@type":"ReadAction","target":["https:\/\/www.visit-ulcinj.com\/blog\/2015\/07\/09\/forca-dhe-dps-nenshkruajne-aneksin-e-marreveshjes-video\/"]}]},{"@type":"BreadcrumbList","@id":"https:\/\/www.visit-ulcinj.com\/blog\/2015\/07\/09\/forca-dhe-dps-nenshkruajne-aneksin-e-marreveshjes-video\/#breadcrumb","itemListElement":[{"@type":"ListItem","position":1,"name":"Forca dhe DPS n\u00ebnshkruajn\u00eb aneksin e marr\u00ebveshjes &#8211; Video"}]},{"@type":"Person","@id":"https:\/\/www.visit-ulcinj.com\/blog\/#\/schema\/person\/dcab619c614d3038751c63bc2aadc06d","name":"ulqini","sameAs":["http:\/\/www.visit-ulcinj.com"],"url":"https:\/\/www.visit-ulcinj.com\/blog\/author\/admin\/"}]}},"jetpack_featured_media_url":"","jetpack_sharing_enabled":true,"jetpack_shortlink":"https:\/\/wp.me\/pe6lTn-nNO","_links":{"self":[{"href":"https:\/\/www.visit-ulcinj.com\/blog\/wp-json\/wp\/v2\/posts\/91500"}],"collection":[{"href":"https:\/\/www.visit-ulcinj.com\/blog\/wp-json\/wp\/v2\/posts"}],"about":[{"href":"https:\/\/www.visit-ulcinj.com\/blog\/wp-json\/wp\/v2\/types\/post"}],"author":[{"embeddable":true,"href":"https:\/\/www.visit-ulcinj.com\/blog\/wp-json\/wp\/v2\/users\/1"}],"replies":[{"embeddable":true,"href":"https:\/\/www.visit-ulcinj.com\/blog\/wp-json\/wp\/v2\/comments?post=91500"}],"version-history":[{"count":1,"href":"https:\/\/www.visit-ulcinj.com\/blog\/wp-json\/wp\/v2\/posts\/91500\/revisions"}],"predecessor-version":[{"id":91501,"href":"https:\/\/www.visit-ulcinj.com\/blog\/wp-json\/wp\/v2\/posts\/91500\/revisions\/91501"}],"wp:attachment":[{"href":"https:\/\/www.visit-ulcinj.com\/blog\/wp-json\/wp\/v2\/media?parent=91500"}],"wp:term":[{"taxonomy":"category","embeddable":true,"href":"https:\/\/www.visit-ulcinj.com\/blog\/wp-json\/wp\/v2\/categories?post=91500"},{"taxonomy":"post_tag","embeddable":true,"href":"https:\/\/www.visit-ulcinj.com\/blog\/wp-json\/wp\/v2\/tags?post=91500"}],"curies":[{"name":"wp","href":"https:\/\/api.w.org\/{rel}","templated":true}]}}