{"id":91515,"date":"2015-07-11T18:18:18","date_gmt":"2015-07-11T17:18:18","guid":{"rendered":"http:\/\/www.visit-ulcinj.com\/blog\/?p=91515"},"modified":"2015-07-11T18:18:18","modified_gmt":"2015-07-11T17:18:18","slug":"ulcinjanima-racun-za-struju-oko-38-e","status":"publish","type":"post","link":"https:\/\/www.visit-ulcinj.com\/blog\/2015\/07\/11\/ulcinjanima-racun-za-struju-oko-38-e\/","title":{"rendered":"Ulcinjanima ra\u010dun za struju oko 38 \u20ac"},"content":{"rendered":"<p><a href=\"http:\/\/www.visit-ulcinj.com\/blog\/wp-content\/uploads\/2015\/07\/Racun-struje-ilustracija.jpg\"><img loading=\"lazy\" class=\"alignleft wp-image-91516\" src=\"http:\/\/www.visit-ulcinj.com\/blog\/wp-content\/uploads\/2015\/07\/Racun-struje-ilustracija.jpg\" alt=\"Racun-struje-ilustracija\" width=\"508\" height=\"339\" \/><\/a>Doma\u0107instva su u junu potro\u0161ila 84.940.272 kilovat\u010dasova (kWh) elektri\u010dne energije, \u0161to je 1,5 odsto vi\u0161e u odnosu na majsku potro\u0161nju i jedan odsto manje u odnosu na potro\u0161nju ostvarenu tokom juna pro\u0161le godine.<\/p>\n<p>Najni\u017eu prose\u010dnu potro\u0161nju od 23 eura bele\u017ee doma\u0107instva u Pljevljima, dok je najve\u0107a prethodnog meseca o\u010ditana u Ulcinju, gdje su doma\u0107instva u proseku potro\u0161ila struje u vrednosti od oko 38 evra. U Podgorici si doma\u0107instva prose\u010dno potro\u0161ila struje za 32,3 evra.<\/p>\n<p>Ra\u010dun na iznos ve\u0107i od 150 evra dobi\u0107e 0,56 odsto potro\u0161a\u010da, dok je potro\u0161nja od 100 do 150 evra o\u010ditana kod jedan odsto potro\u0161a\u010da, navedeno je u saop\u0161tenju. Junske ra\u010dune umanjene za iznos popusta za redovne plati\u0161e dobi\u0107e 148.354 kupaca u Crnoj Gori, \u0161to je za 4.974 vi\u0161e u odnosu na broj potro\u0161a\u010da kojima je popust obra\u010dunat na majskim fakturama.<\/p>\n<p>Portal CDM, podse\u0107a da je EPCG pokrenula akciju \u201e5 za 5\u201c koja svim privrednim subjektima, odnosno privatnim i javnim preduze\u0107ima i ustanovama, omogu\u0107ava da svoj dug po osnovu utro\u0161ene elektri\u010dne energije izmire u narednih pet godina u 60 mese\u010dnih rata.<\/p>\n<p>Uslov da potro\u0161a\u010di u toj akciji, koja traje do kraja jula, potpi\u0161u protokol o otplati duga po povla\u0161\u0107enim uslovima je da izmire pet poslednih ra\u010duna, navedeno je u tekstu.<\/p>\n<p><strong>Izvor: <\/strong><strong>B92 <\/strong><\/p>\n","protected":false},"excerpt":{"rendered":"<p>Doma\u0107instva su u junu potro\u0161ila 84.940.272 kilovat\u010dasova (kWh) elektri\u010dne energije, \u0161to je 1,5 odsto vi\u0161e u odnosu na majsku potro\u0161nju i jedan odsto manje u odnosu na potro\u0161nju ostvarenu tokom juna pro\u0161le godine. Najni\u017eu prose\u010dnu potro\u0161nju od 23 eura bele\u017ee doma\u0107instva u Pljevljima, dok je najve\u0107a prethodnog meseca o\u010ditana u Ulcinju, gdje su doma\u0107instva u [&hellip;]<\/p>\n","protected":false},"author":1,"featured_media":0,"comment_status":"closed","ping_status":"closed","sticky":false,"template":"","format":"standard","meta":{"spay_email":"","jetpack_publicize_message":"","jetpack_is_tweetstorm":false,"jetpack_publicize_feature_enabled":true},"categories":[6950],"tags":[],"jetpack_publicize_connections":[],"yoast_head":"<!-- This site is optimized with the Yoast SEO plugin v19.1 - https:\/\/yoast.com\/wordpress\/plugins\/seo\/ -->\n<title>Ulcinjanima ra\u010dun za struju oko 38 \u20ac - Lajme nga Ulqini<\/title>\n<meta name=\"description\" content=\"Doma\u0107instva su u junu potro\u0161ila 84.940.272 kilovat\u010dasova (kWh) elektri\u010dne energije, \u0161to je 1,5 odsto vi\u0161e u odnosu na majsku potro\u0161nju i jedan odsto manje\" \/>\n<meta name=\"robots\" content=\"index, follow, max-snippet:-1, max-image-preview:large, max-video-preview:-1\" \/>\n<link rel=\"canonical\" href=\"https:\/\/www.visit-ulcinj.com\/blog\/2015\/07\/11\/ulcinjanima-racun-za-struju-oko-38-e\/\" \/>\n<meta property=\"og:locale\" content=\"en_US\" \/>\n<meta property=\"og:type\" content=\"article\" \/>\n<meta property=\"og:title\" content=\"Ulcinjanima ra\u010dun za struju oko 38 \u20ac - Lajme nga Ulqini\" \/>\n<meta property=\"og:description\" content=\"Doma\u0107instva su u junu potro\u0161ila 84.940.272 kilovat\u010dasova (kWh) elektri\u010dne energije, \u0161to je 1,5 odsto vi\u0161e u odnosu na majsku potro\u0161nju i jedan odsto manje\" \/>\n<meta property=\"og:url\" content=\"https:\/\/www.visit-ulcinj.com\/blog\/2015\/07\/11\/ulcinjanima-racun-za-struju-oko-38-e\/\" \/>\n<meta property=\"og:site_name\" content=\"Lajme nga Ulqini\" \/>\n<meta property=\"article:published_time\" content=\"2015-07-11T17:18:18+00:00\" \/>\n<meta property=\"og:image\" content=\"http:\/\/www.visit-ulcinj.com\/blog\/wp-content\/uploads\/2015\/07\/Racun-struje-ilustracija.jpg\" \/>\n<meta name=\"twitter:label1\" content=\"Written by\" \/>\n\t<meta name=\"twitter:data1\" content=\"ulqini\" \/>\n\t<meta name=\"twitter:label2\" content=\"Est. reading time\" \/>\n\t<meta name=\"twitter:data2\" content=\"1 minute\" \/>\n<script type=\"application\/ld+json\" class=\"yoast-schema-graph\">{\"@context\":\"https:\/\/schema.org\",\"@graph\":[{\"@type\":\"WebSite\",\"@id\":\"https:\/\/www.visit-ulcinj.com\/blog\/#website\",\"url\":\"https:\/\/www.visit-ulcinj.com\/blog\/\",\"name\":\"Lajme nga Ulqini\",\"description\":\"Lajme,Vijesti,Ulqini,Ulqin,Crna Gora,Mali i Zi\",\"potentialAction\":[{\"@type\":\"SearchAction\",\"target\":{\"@type\":\"EntryPoint\",\"urlTemplate\":\"https:\/\/www.visit-ulcinj.com\/blog\/?s={search_term_string}\"},\"query-input\":\"required name=search_term_string\"}],\"inLanguage\":\"en-US\"},{\"@type\":\"ImageObject\",\"inLanguage\":\"en-US\",\"@id\":\"https:\/\/www.visit-ulcinj.com\/blog\/2015\/07\/11\/ulcinjanima-racun-za-struju-oko-38-e\/#primaryimage\",\"url\":\"http:\/\/www.visit-ulcinj.com\/blog\/wp-content\/uploads\/2015\/07\/Racun-struje-ilustracija.jpg\",\"contentUrl\":\"http:\/\/www.visit-ulcinj.com\/blog\/wp-content\/uploads\/2015\/07\/Racun-struje-ilustracija.jpg\"},{\"@type\":\"WebPage\",\"@id\":\"https:\/\/www.visit-ulcinj.com\/blog\/2015\/07\/11\/ulcinjanima-racun-za-struju-oko-38-e\/#webpage\",\"url\":\"https:\/\/www.visit-ulcinj.com\/blog\/2015\/07\/11\/ulcinjanima-racun-za-struju-oko-38-e\/\",\"name\":\"Ulcinjanima ra\u010dun za struju oko 38 \u20ac - Lajme nga Ulqini\",\"isPartOf\":{\"@id\":\"https:\/\/www.visit-ulcinj.com\/blog\/#website\"},\"primaryImageOfPage\":{\"@id\":\"https:\/\/www.visit-ulcinj.com\/blog\/2015\/07\/11\/ulcinjanima-racun-za-struju-oko-38-e\/#primaryimage\"},\"datePublished\":\"2015-07-11T17:18:18+00:00\",\"dateModified\":\"2015-07-11T17:18:18+00:00\",\"author\":{\"@id\":\"https:\/\/www.visit-ulcinj.com\/blog\/#\/schema\/person\/dcab619c614d3038751c63bc2aadc06d\"},\"description\":\"Doma\u0107instva su u junu potro\u0161ila 84.940.272 kilovat\u010dasova (kWh) elektri\u010dne energije, \u0161to je 1,5 odsto vi\u0161e u odnosu na majsku potro\u0161nju i jedan odsto manje\",\"breadcrumb\":{\"@id\":\"https:\/\/www.visit-ulcinj.com\/blog\/2015\/07\/11\/ulcinjanima-racun-za-struju-oko-38-e\/#breadcrumb\"},\"inLanguage\":\"en-US\",\"potentialAction\":[{\"@type\":\"ReadAction\",\"target\":[\"https:\/\/www.visit-ulcinj.com\/blog\/2015\/07\/11\/ulcinjanima-racun-za-struju-oko-38-e\/\"]}]},{\"@type\":\"BreadcrumbList\",\"@id\":\"https:\/\/www.visit-ulcinj.com\/blog\/2015\/07\/11\/ulcinjanima-racun-za-struju-oko-38-e\/#breadcrumb\",\"itemListElement\":[{\"@type\":\"ListItem\",\"position\":1,\"name\":\"Ulcinjanima ra\u010dun za struju oko 38 \u20ac\"}]},{\"@type\":\"Person\",\"@id\":\"https:\/\/www.visit-ulcinj.com\/blog\/#\/schema\/person\/dcab619c614d3038751c63bc2aadc06d\",\"name\":\"ulqini\",\"sameAs\":[\"http:\/\/www.visit-ulcinj.com\"],\"url\":\"https:\/\/www.visit-ulcinj.com\/blog\/author\/admin\/\"}]}<\/script>\n<!-- \/ Yoast SEO plugin. -->","yoast_head_json":{"title":"Ulcinjanima ra\u010dun za struju oko 38 \u20ac - Lajme nga Ulqini","description":"Doma\u0107instva su u junu potro\u0161ila 84.940.272 kilovat\u010dasova (kWh) elektri\u010dne energije, \u0161to je 1,5 odsto vi\u0161e u odnosu na majsku potro\u0161nju i jedan odsto manje","robots":{"index":"index","follow":"follow","max-snippet":"max-snippet:-1","max-image-preview":"max-image-preview:large","max-video-preview":"max-video-preview:-1"},"canonical":"https:\/\/www.visit-ulcinj.com\/blog\/2015\/07\/11\/ulcinjanima-racun-za-struju-oko-38-e\/","og_locale":"en_US","og_type":"article","og_title":"Ulcinjanima ra\u010dun za struju oko 38 \u20ac - Lajme nga Ulqini","og_description":"Doma\u0107instva su u junu potro\u0161ila 84.940.272 kilovat\u010dasova (kWh) elektri\u010dne energije, \u0161to je 1,5 odsto vi\u0161e u odnosu na majsku potro\u0161nju i jedan odsto manje","og_url":"https:\/\/www.visit-ulcinj.com\/blog\/2015\/07\/11\/ulcinjanima-racun-za-struju-oko-38-e\/","og_site_name":"Lajme nga Ulqini","article_published_time":"2015-07-11T17:18:18+00:00","og_image":[{"url":"http:\/\/www.visit-ulcinj.com\/blog\/wp-content\/uploads\/2015\/07\/Racun-struje-ilustracija.jpg"}],"twitter_misc":{"Written by":"ulqini","Est. reading time":"1 minute"},"schema":{"@context":"https:\/\/schema.org","@graph":[{"@type":"WebSite","@id":"https:\/\/www.visit-ulcinj.com\/blog\/#website","url":"https:\/\/www.visit-ulcinj.com\/blog\/","name":"Lajme nga Ulqini","description":"Lajme,Vijesti,Ulqini,Ulqin,Crna Gora,Mali i Zi","potentialAction":[{"@type":"SearchAction","target":{"@type":"EntryPoint","urlTemplate":"https:\/\/www.visit-ulcinj.com\/blog\/?s={search_term_string}"},"query-input":"required name=search_term_string"}],"inLanguage":"en-US"},{"@type":"ImageObject","inLanguage":"en-US","@id":"https:\/\/www.visit-ulcinj.com\/blog\/2015\/07\/11\/ulcinjanima-racun-za-struju-oko-38-e\/#primaryimage","url":"http:\/\/www.visit-ulcinj.com\/blog\/wp-content\/uploads\/2015\/07\/Racun-struje-ilustracija.jpg","contentUrl":"http:\/\/www.visit-ulcinj.com\/blog\/wp-content\/uploads\/2015\/07\/Racun-struje-ilustracija.jpg"},{"@type":"WebPage","@id":"https:\/\/www.visit-ulcinj.com\/blog\/2015\/07\/11\/ulcinjanima-racun-za-struju-oko-38-e\/#webpage","url":"https:\/\/www.visit-ulcinj.com\/blog\/2015\/07\/11\/ulcinjanima-racun-za-struju-oko-38-e\/","name":"Ulcinjanima ra\u010dun za struju oko 38 \u20ac - Lajme nga Ulqini","isPartOf":{"@id":"https:\/\/www.visit-ulcinj.com\/blog\/#website"},"primaryImageOfPage":{"@id":"https:\/\/www.visit-ulcinj.com\/blog\/2015\/07\/11\/ulcinjanima-racun-za-struju-oko-38-e\/#primaryimage"},"datePublished":"2015-07-11T17:18:18+00:00","dateModified":"2015-07-11T17:18:18+00:00","author":{"@id":"https:\/\/www.visit-ulcinj.com\/blog\/#\/schema\/person\/dcab619c614d3038751c63bc2aadc06d"},"description":"Doma\u0107instva su u junu potro\u0161ila 84.940.272 kilovat\u010dasova (kWh) elektri\u010dne energije, \u0161to je 1,5 odsto vi\u0161e u odnosu na majsku potro\u0161nju i jedan odsto manje","breadcrumb":{"@id":"https:\/\/www.visit-ulcinj.com\/blog\/2015\/07\/11\/ulcinjanima-racun-za-struju-oko-38-e\/#breadcrumb"},"inLanguage":"en-US","potentialAction":[{"@type":"ReadAction","target":["https:\/\/www.visit-ulcinj.com\/blog\/2015\/07\/11\/ulcinjanima-racun-za-struju-oko-38-e\/"]}]},{"@type":"BreadcrumbList","@id":"https:\/\/www.visit-ulcinj.com\/blog\/2015\/07\/11\/ulcinjanima-racun-za-struju-oko-38-e\/#breadcrumb","itemListElement":[{"@type":"ListItem","position":1,"name":"Ulcinjanima ra\u010dun za struju oko 38 \u20ac"}]},{"@type":"Person","@id":"https:\/\/www.visit-ulcinj.com\/blog\/#\/schema\/person\/dcab619c614d3038751c63bc2aadc06d","name":"ulqini","sameAs":["http:\/\/www.visit-ulcinj.com"],"url":"https:\/\/www.visit-ulcinj.com\/blog\/author\/admin\/"}]}},"jetpack_featured_media_url":"","jetpack_sharing_enabled":true,"jetpack_shortlink":"https:\/\/wp.me\/pe6lTn-nO3","_links":{"self":[{"href":"https:\/\/www.visit-ulcinj.com\/blog\/wp-json\/wp\/v2\/posts\/91515"}],"collection":[{"href":"https:\/\/www.visit-ulcinj.com\/blog\/wp-json\/wp\/v2\/posts"}],"about":[{"href":"https:\/\/www.visit-ulcinj.com\/blog\/wp-json\/wp\/v2\/types\/post"}],"author":[{"embeddable":true,"href":"https:\/\/www.visit-ulcinj.com\/blog\/wp-json\/wp\/v2\/users\/1"}],"replies":[{"embeddable":true,"href":"https:\/\/www.visit-ulcinj.com\/blog\/wp-json\/wp\/v2\/comments?post=91515"}],"version-history":[{"count":1,"href":"https:\/\/www.visit-ulcinj.com\/blog\/wp-json\/wp\/v2\/posts\/91515\/revisions"}],"predecessor-version":[{"id":91517,"href":"https:\/\/www.visit-ulcinj.com\/blog\/wp-json\/wp\/v2\/posts\/91515\/revisions\/91517"}],"wp:attachment":[{"href":"https:\/\/www.visit-ulcinj.com\/blog\/wp-json\/wp\/v2\/media?parent=91515"}],"wp:term":[{"taxonomy":"category","embeddable":true,"href":"https:\/\/www.visit-ulcinj.com\/blog\/wp-json\/wp\/v2\/categories?post=91515"},{"taxonomy":"post_tag","embeddable":true,"href":"https:\/\/www.visit-ulcinj.com\/blog\/wp-json\/wp\/v2\/tags?post=91515"}],"curies":[{"name":"wp","href":"https:\/\/api.w.org\/{rel}","templated":true}]}}