{"id":91518,"date":"2015-07-12T15:26:38","date_gmt":"2015-07-12T14:26:38","guid":{"rendered":"http:\/\/www.visit-ulcinj.com\/blog\/?p=91518"},"modified":"2015-07-12T18:29:44","modified_gmt":"2015-07-12T17:29:44","slug":"edona-llalloshi-vjen-klip-te-ri-duhet-aktor-bashkim-alaj-video","status":"publish","type":"post","link":"https:\/\/www.visit-ulcinj.com\/blog\/2015\/07\/12\/edona-llalloshi-vjen-klip-te-ri-duhet-aktor-bashkim-alaj-video\/","title":{"rendered":"Edona Llalloshi vjen me klip t\u00eb ri \u201cDuhet\u201d, aktor Bashkim Alaj &#8211; Video"},"content":{"rendered":"<h4><a href=\"http:\/\/www.visit-ulcinj.com\/blog\/wp-content\/uploads\/2015\/07\/Edona-Llalloshi.jpg\"><img loading=\"lazy\" class=\"alignleft wp-image-91519\" src=\"http:\/\/www.visit-ulcinj.com\/blog\/wp-content\/uploads\/2015\/07\/Edona-Llalloshi.jpg\" alt=\"Edona Llalloshi\" width=\"508\" height=\"522\" \/><\/a>K\u00ebng\u00ebtarja Edona Llalloshi ka publikuar klipin e k\u00ebng\u00ebs m\u00eb t\u00eb re \u201cDuhet\u201d.<\/h4>\n<p>Balada e Edon\u00ebs vjen pak muaj pas lansimit t\u00eb k\u00ebng\u00ebs \u201cHeroi\u201d dhe me nj\u00eb stil m\u00eb ndryshe nga hitet tjera.<\/p>\n<p>Teksti dhe muzika \u00ebsht\u00eb realizuar nga Ilir Behrami, orkestrimin e ka kryer Ardian Kastrati nd\u00ebrsa k\u00ebng\u00ebn e ka incizuar Florent Boshnjaku. Aktruan: Fikrete Miftari dhe Bashkim Alaj, Hair &amp; Make up: Fjolla &amp; Sebi, Nails: Genta nails, Dress: Llalloshi Couture.<\/p>\n<p>Klipi i k\u00ebng\u00ebs \u00ebsht\u00eb realizuar nga studioja EMFcreative.<\/p>\n<!--YouTube Error: bad URL entered-->\n","protected":false},"excerpt":{"rendered":"<p>K\u00ebng\u00ebtarja Edona Llalloshi ka publikuar klipin e k\u00ebng\u00ebs m\u00eb t\u00eb re \u201cDuhet\u201d. Balada e Edon\u00ebs vjen pak muaj pas lansimit t\u00eb k\u00ebng\u00ebs \u201cHeroi\u201d dhe me nj\u00eb stil m\u00eb ndryshe nga hitet tjera. Teksti dhe muzika \u00ebsht\u00eb realizuar nga Ilir Behrami, orkestrimin e ka kryer Ardian Kastrati nd\u00ebrsa k\u00ebng\u00ebn e ka incizuar Florent Boshnjaku. Aktruan: Fikrete [&hellip;]<\/p>\n","protected":false},"author":1,"featured_media":0,"comment_status":"closed","ping_status":"closed","sticky":false,"template":"","format":"standard","meta":{"spay_email":"","jetpack_publicize_message":"","jetpack_is_tweetstorm":false,"jetpack_publicize_feature_enabled":true},"categories":[1],"tags":[],"jetpack_publicize_connections":[],"yoast_head":"<!-- This site is optimized with the Yoast SEO plugin v19.1 - https:\/\/yoast.com\/wordpress\/plugins\/seo\/ -->\n<title>Edona Llalloshi vjen me klip t\u00eb ri \u201cDuhet\u201d, aktor Bashkim Alaj - Video - Lajme nga Ulqini<\/title>\n<meta name=\"description\" content=\"K\u00ebng\u00ebtarja Edona Llalloshi ka publikuar klipin e k\u00ebng\u00ebs m\u00eb t\u00eb re \u201cDuhet\u201d. Balada e Edon\u00ebs vjen pak muaj pas lansimit t\u00eb k\u00ebng\u00ebs \u201cHeroi\u201d dhe me nj\u00eb stil m\u00eb\" \/>\n<meta name=\"robots\" content=\"index, follow, max-snippet:-1, max-image-preview:large, max-video-preview:-1\" \/>\n<link rel=\"canonical\" href=\"https:\/\/www.visit-ulcinj.com\/blog\/2015\/07\/12\/edona-llalloshi-vjen-klip-te-ri-duhet-aktor-bashkim-alaj-video\/\" \/>\n<meta property=\"og:locale\" content=\"en_US\" \/>\n<meta property=\"og:type\" content=\"article\" \/>\n<meta property=\"og:title\" content=\"Edona Llalloshi vjen me klip t\u00eb ri \u201cDuhet\u201d, aktor Bashkim Alaj - Video - Lajme nga Ulqini\" \/>\n<meta property=\"og:description\" content=\"K\u00ebng\u00ebtarja Edona Llalloshi ka publikuar klipin e k\u00ebng\u00ebs m\u00eb t\u00eb re \u201cDuhet\u201d. Balada e Edon\u00ebs vjen pak muaj pas lansimit t\u00eb k\u00ebng\u00ebs \u201cHeroi\u201d dhe me nj\u00eb stil m\u00eb\" \/>\n<meta property=\"og:url\" content=\"https:\/\/www.visit-ulcinj.com\/blog\/2015\/07\/12\/edona-llalloshi-vjen-klip-te-ri-duhet-aktor-bashkim-alaj-video\/\" \/>\n<meta property=\"og:site_name\" content=\"Lajme nga Ulqini\" \/>\n<meta property=\"article:published_time\" content=\"2015-07-12T14:26:38+00:00\" \/>\n<meta property=\"article:modified_time\" content=\"2015-07-12T17:29:44+00:00\" \/>\n<meta property=\"og:image\" content=\"http:\/\/www.visit-ulcinj.com\/blog\/wp-content\/uploads\/2015\/07\/Edona-Llalloshi.jpg\" \/>\n<meta name=\"twitter:label1\" content=\"Written by\" \/>\n\t<meta name=\"twitter:data1\" content=\"ulqini\" \/>\n\t<meta name=\"twitter:label2\" content=\"Est. reading time\" \/>\n\t<meta name=\"twitter:data2\" content=\"1 minute\" \/>\n<script type=\"application\/ld+json\" class=\"yoast-schema-graph\">{\"@context\":\"https:\/\/schema.org\",\"@graph\":[{\"@type\":\"WebSite\",\"@id\":\"https:\/\/www.visit-ulcinj.com\/blog\/#website\",\"url\":\"https:\/\/www.visit-ulcinj.com\/blog\/\",\"name\":\"Lajme nga Ulqini\",\"description\":\"Lajme,Vijesti,Ulqini,Ulqin,Crna Gora,Mali i Zi\",\"potentialAction\":[{\"@type\":\"SearchAction\",\"target\":{\"@type\":\"EntryPoint\",\"urlTemplate\":\"https:\/\/www.visit-ulcinj.com\/blog\/?s={search_term_string}\"},\"query-input\":\"required name=search_term_string\"}],\"inLanguage\":\"en-US\"},{\"@type\":\"ImageObject\",\"inLanguage\":\"en-US\",\"@id\":\"https:\/\/www.visit-ulcinj.com\/blog\/2015\/07\/12\/edona-llalloshi-vjen-klip-te-ri-duhet-aktor-bashkim-alaj-video\/#primaryimage\",\"url\":\"http:\/\/www.visit-ulcinj.com\/blog\/wp-content\/uploads\/2015\/07\/Edona-Llalloshi.jpg\",\"contentUrl\":\"http:\/\/www.visit-ulcinj.com\/blog\/wp-content\/uploads\/2015\/07\/Edona-Llalloshi.jpg\"},{\"@type\":\"WebPage\",\"@id\":\"https:\/\/www.visit-ulcinj.com\/blog\/2015\/07\/12\/edona-llalloshi-vjen-klip-te-ri-duhet-aktor-bashkim-alaj-video\/#webpage\",\"url\":\"https:\/\/www.visit-ulcinj.com\/blog\/2015\/07\/12\/edona-llalloshi-vjen-klip-te-ri-duhet-aktor-bashkim-alaj-video\/\",\"name\":\"Edona Llalloshi vjen me klip t\u00eb ri \u201cDuhet\u201d, aktor Bashkim Alaj - Video - Lajme nga Ulqini\",\"isPartOf\":{\"@id\":\"https:\/\/www.visit-ulcinj.com\/blog\/#website\"},\"primaryImageOfPage\":{\"@id\":\"https:\/\/www.visit-ulcinj.com\/blog\/2015\/07\/12\/edona-llalloshi-vjen-klip-te-ri-duhet-aktor-bashkim-alaj-video\/#primaryimage\"},\"datePublished\":\"2015-07-12T14:26:38+00:00\",\"dateModified\":\"2015-07-12T17:29:44+00:00\",\"author\":{\"@id\":\"https:\/\/www.visit-ulcinj.com\/blog\/#\/schema\/person\/dcab619c614d3038751c63bc2aadc06d\"},\"description\":\"K\u00ebng\u00ebtarja Edona Llalloshi ka publikuar klipin e k\u00ebng\u00ebs m\u00eb t\u00eb re \u201cDuhet\u201d. Balada e Edon\u00ebs vjen pak muaj pas lansimit t\u00eb k\u00ebng\u00ebs \u201cHeroi\u201d dhe me nj\u00eb stil m\u00eb\",\"breadcrumb\":{\"@id\":\"https:\/\/www.visit-ulcinj.com\/blog\/2015\/07\/12\/edona-llalloshi-vjen-klip-te-ri-duhet-aktor-bashkim-alaj-video\/#breadcrumb\"},\"inLanguage\":\"en-US\",\"potentialAction\":[{\"@type\":\"ReadAction\",\"target\":[\"https:\/\/www.visit-ulcinj.com\/blog\/2015\/07\/12\/edona-llalloshi-vjen-klip-te-ri-duhet-aktor-bashkim-alaj-video\/\"]}]},{\"@type\":\"BreadcrumbList\",\"@id\":\"https:\/\/www.visit-ulcinj.com\/blog\/2015\/07\/12\/edona-llalloshi-vjen-klip-te-ri-duhet-aktor-bashkim-alaj-video\/#breadcrumb\",\"itemListElement\":[{\"@type\":\"ListItem\",\"position\":1,\"name\":\"Edona Llalloshi vjen me klip t\u00eb ri \u201cDuhet\u201d, aktor Bashkim Alaj &#8211; Video\"}]},{\"@type\":\"Person\",\"@id\":\"https:\/\/www.visit-ulcinj.com\/blog\/#\/schema\/person\/dcab619c614d3038751c63bc2aadc06d\",\"name\":\"ulqini\",\"sameAs\":[\"http:\/\/www.visit-ulcinj.com\"],\"url\":\"https:\/\/www.visit-ulcinj.com\/blog\/author\/admin\/\"}]}<\/script>\n<!-- \/ Yoast SEO plugin. -->","yoast_head_json":{"title":"Edona Llalloshi vjen me klip t\u00eb ri \u201cDuhet\u201d, aktor Bashkim Alaj - Video - Lajme nga Ulqini","description":"K\u00ebng\u00ebtarja Edona Llalloshi ka publikuar klipin e k\u00ebng\u00ebs m\u00eb t\u00eb re \u201cDuhet\u201d. Balada e Edon\u00ebs vjen pak muaj pas lansimit t\u00eb k\u00ebng\u00ebs \u201cHeroi\u201d dhe me nj\u00eb stil m\u00eb","robots":{"index":"index","follow":"follow","max-snippet":"max-snippet:-1","max-image-preview":"max-image-preview:large","max-video-preview":"max-video-preview:-1"},"canonical":"https:\/\/www.visit-ulcinj.com\/blog\/2015\/07\/12\/edona-llalloshi-vjen-klip-te-ri-duhet-aktor-bashkim-alaj-video\/","og_locale":"en_US","og_type":"article","og_title":"Edona Llalloshi vjen me klip t\u00eb ri \u201cDuhet\u201d, aktor Bashkim Alaj - Video - Lajme nga Ulqini","og_description":"K\u00ebng\u00ebtarja Edona Llalloshi ka publikuar klipin e k\u00ebng\u00ebs m\u00eb t\u00eb re \u201cDuhet\u201d. Balada e Edon\u00ebs vjen pak muaj pas lansimit t\u00eb k\u00ebng\u00ebs \u201cHeroi\u201d dhe me nj\u00eb stil m\u00eb","og_url":"https:\/\/www.visit-ulcinj.com\/blog\/2015\/07\/12\/edona-llalloshi-vjen-klip-te-ri-duhet-aktor-bashkim-alaj-video\/","og_site_name":"Lajme nga Ulqini","article_published_time":"2015-07-12T14:26:38+00:00","article_modified_time":"2015-07-12T17:29:44+00:00","og_image":[{"url":"http:\/\/www.visit-ulcinj.com\/blog\/wp-content\/uploads\/2015\/07\/Edona-Llalloshi.jpg"}],"twitter_misc":{"Written by":"ulqini","Est. reading time":"1 minute"},"schema":{"@context":"https:\/\/schema.org","@graph":[{"@type":"WebSite","@id":"https:\/\/www.visit-ulcinj.com\/blog\/#website","url":"https:\/\/www.visit-ulcinj.com\/blog\/","name":"Lajme nga Ulqini","description":"Lajme,Vijesti,Ulqini,Ulqin,Crna Gora,Mali i Zi","potentialAction":[{"@type":"SearchAction","target":{"@type":"EntryPoint","urlTemplate":"https:\/\/www.visit-ulcinj.com\/blog\/?s={search_term_string}"},"query-input":"required name=search_term_string"}],"inLanguage":"en-US"},{"@type":"ImageObject","inLanguage":"en-US","@id":"https:\/\/www.visit-ulcinj.com\/blog\/2015\/07\/12\/edona-llalloshi-vjen-klip-te-ri-duhet-aktor-bashkim-alaj-video\/#primaryimage","url":"http:\/\/www.visit-ulcinj.com\/blog\/wp-content\/uploads\/2015\/07\/Edona-Llalloshi.jpg","contentUrl":"http:\/\/www.visit-ulcinj.com\/blog\/wp-content\/uploads\/2015\/07\/Edona-Llalloshi.jpg"},{"@type":"WebPage","@id":"https:\/\/www.visit-ulcinj.com\/blog\/2015\/07\/12\/edona-llalloshi-vjen-klip-te-ri-duhet-aktor-bashkim-alaj-video\/#webpage","url":"https:\/\/www.visit-ulcinj.com\/blog\/2015\/07\/12\/edona-llalloshi-vjen-klip-te-ri-duhet-aktor-bashkim-alaj-video\/","name":"Edona Llalloshi vjen me klip t\u00eb ri \u201cDuhet\u201d, aktor Bashkim Alaj - Video - Lajme nga Ulqini","isPartOf":{"@id":"https:\/\/www.visit-ulcinj.com\/blog\/#website"},"primaryImageOfPage":{"@id":"https:\/\/www.visit-ulcinj.com\/blog\/2015\/07\/12\/edona-llalloshi-vjen-klip-te-ri-duhet-aktor-bashkim-alaj-video\/#primaryimage"},"datePublished":"2015-07-12T14:26:38+00:00","dateModified":"2015-07-12T17:29:44+00:00","author":{"@id":"https:\/\/www.visit-ulcinj.com\/blog\/#\/schema\/person\/dcab619c614d3038751c63bc2aadc06d"},"description":"K\u00ebng\u00ebtarja Edona Llalloshi ka publikuar klipin e k\u00ebng\u00ebs m\u00eb t\u00eb re \u201cDuhet\u201d. Balada e Edon\u00ebs vjen pak muaj pas lansimit t\u00eb k\u00ebng\u00ebs \u201cHeroi\u201d dhe me nj\u00eb stil m\u00eb","breadcrumb":{"@id":"https:\/\/www.visit-ulcinj.com\/blog\/2015\/07\/12\/edona-llalloshi-vjen-klip-te-ri-duhet-aktor-bashkim-alaj-video\/#breadcrumb"},"inLanguage":"en-US","potentialAction":[{"@type":"ReadAction","target":["https:\/\/www.visit-ulcinj.com\/blog\/2015\/07\/12\/edona-llalloshi-vjen-klip-te-ri-duhet-aktor-bashkim-alaj-video\/"]}]},{"@type":"BreadcrumbList","@id":"https:\/\/www.visit-ulcinj.com\/blog\/2015\/07\/12\/edona-llalloshi-vjen-klip-te-ri-duhet-aktor-bashkim-alaj-video\/#breadcrumb","itemListElement":[{"@type":"ListItem","position":1,"name":"Edona Llalloshi vjen me klip t\u00eb ri \u201cDuhet\u201d, aktor Bashkim Alaj &#8211; Video"}]},{"@type":"Person","@id":"https:\/\/www.visit-ulcinj.com\/blog\/#\/schema\/person\/dcab619c614d3038751c63bc2aadc06d","name":"ulqini","sameAs":["http:\/\/www.visit-ulcinj.com"],"url":"https:\/\/www.visit-ulcinj.com\/blog\/author\/admin\/"}]}},"jetpack_featured_media_url":"","jetpack_sharing_enabled":true,"jetpack_shortlink":"https:\/\/wp.me\/pe6lTn-nO6","_links":{"self":[{"href":"https:\/\/www.visit-ulcinj.com\/blog\/wp-json\/wp\/v2\/posts\/91518"}],"collection":[{"href":"https:\/\/www.visit-ulcinj.com\/blog\/wp-json\/wp\/v2\/posts"}],"about":[{"href":"https:\/\/www.visit-ulcinj.com\/blog\/wp-json\/wp\/v2\/types\/post"}],"author":[{"embeddable":true,"href":"https:\/\/www.visit-ulcinj.com\/blog\/wp-json\/wp\/v2\/users\/1"}],"replies":[{"embeddable":true,"href":"https:\/\/www.visit-ulcinj.com\/blog\/wp-json\/wp\/v2\/comments?post=91518"}],"version-history":[{"count":1,"href":"https:\/\/www.visit-ulcinj.com\/blog\/wp-json\/wp\/v2\/posts\/91518\/revisions"}],"predecessor-version":[{"id":91520,"href":"https:\/\/www.visit-ulcinj.com\/blog\/wp-json\/wp\/v2\/posts\/91518\/revisions\/91520"}],"wp:attachment":[{"href":"https:\/\/www.visit-ulcinj.com\/blog\/wp-json\/wp\/v2\/media?parent=91518"}],"wp:term":[{"taxonomy":"category","embeddable":true,"href":"https:\/\/www.visit-ulcinj.com\/blog\/wp-json\/wp\/v2\/categories?post=91518"},{"taxonomy":"post_tag","embeddable":true,"href":"https:\/\/www.visit-ulcinj.com\/blog\/wp-json\/wp\/v2\/tags?post=91518"}],"curies":[{"name":"wp","href":"https:\/\/api.w.org\/{rel}","templated":true}]}}