{"id":91527,"date":"2015-07-14T15:42:14","date_gmt":"2015-07-14T14:42:14","guid":{"rendered":"http:\/\/www.visit-ulcinj.com\/blog\/?p=91527"},"modified":"2015-07-14T15:42:14","modified_gmt":"2015-07-14T14:42:14","slug":"nik-delosaj-pitanje-samostalne-opstine-tuzi-pred-poslanicima-u-oktobru-kljucna-politicka-volja","status":"publish","type":"post","link":"https:\/\/www.visit-ulcinj.com\/blog\/2015\/07\/14\/nik-delosaj-pitanje-samostalne-opstine-tuzi-pred-poslanicima-u-oktobru-kljucna-politicka-volja\/","title":{"rendered":"Nik \u0110elo\u0161aj: Pitanje samostalne op\u0161tine Tuzi pred poslanicima u oktobru, klju\u010dna politi\u010dka volja"},"content":{"rendered":"<p><a href=\"http:\/\/www.visit-ulcinj.com\/blog\/wp-content\/uploads\/2015\/01\/Nik-Gjeloshaj.jpg\"><img loading=\"lazy\" class=\"alignleft wp-image-88096\" src=\"http:\/\/www.visit-ulcinj.com\/blog\/wp-content\/uploads\/2015\/01\/Nik-Gjeloshaj.jpg\" alt=\"Nik-Gjeloshaj\" width=\"508\" height=\"339\" srcset=\"https:\/\/www.visit-ulcinj.com\/blog\/wp-content\/uploads\/2015\/01\/Nik-Gjeloshaj.jpg 960w, https:\/\/www.visit-ulcinj.com\/blog\/wp-content\/uploads\/2015\/01\/Nik-Gjeloshaj-300x200.jpg 300w\" sizes=\"(max-width: 508px) 100vw, 508px\" \/><\/a>Pitanje formiranja samostalne op\u0161tine Tuzi u parlamentu \u0107e se vjerovato na\u0107i u oktobru, kazao je poslanik Albanske alternative Nik \u0110elo\u0161aj, ocjenjuju\u0107i da uslovi za formiranje punopravne op\u0161tine postoje ve\u0107 du\u017ei period.<\/p>\n<div class=\"body-text\">\n<p>On je, komentari\u0161u\u0107i <strong><a href=\"http:\/\/www.cdm.me\/politika\/dps-i-forca-dokumenta-o-formiranju-opstine-tuzi-dostaviti-do-30-novembra\">Ankeks o postizbornoj koaliciji<\/a><\/strong> Demokratske partije socijalista DPS i Nove demokratske snage \u2013 FORCA, podsjetio da je formiranje punopravne op\u0161tine Tuzi bila opcija mnogih koalicionih sporazuma.<\/p>\n<p>\u0110elo\u0161aj je naveo da \u0107e vrijeme pokazati da li \u0107e Aneks dovesti do rje\u0161enja tog pitanja.<\/p>\n<p>Lideri DPS- a i Force, Milo \u0110ukanovi\u0107 i Nazif Cungu, potpisali su u \u010detvrtak Aneks koalicionog sporazuma u kom je definisan pristup i predvi\u0111eno prikupljanje dokumentacije kako bi se definisala pozicija budu\u0107e op\u0161tine Tuzi.<\/p>\n<p>\u0110elo\u0161aj je, obja\u0161njavau\u0107i da se validnost dokumentacije o odr\u017eivosti samostalne op\u0161tine ne dovodi u pitanje, ve\u0107 da je klju\u010dni faktor politi\u010dka volja, najavio da \u0107e se pitanje Tuzi u parlamentu vjerovato na\u0107i u oktobru.<\/p>\n<p>&#8220;Mogu\u0107nost da Tuzi postanu punopravna op\u0161tina nagovje\u0161tavana je u vi\u0161e navrata i ranije, u razli\u010ditim periodima, prilikom potpisivanja razli\u010ditih koalicionih sporazuma izme\u0111u razli\u010ditih potpisnika. I ne samo da je nagovje\u0161tavana, nego je smatrana za realnu opciju u tim sporazumima, odnosno svim sporazumima\u201c, poru\u010dio je \u0110elo\u0161aj.<\/p>\n<p>Prama njegovim rije\u010dima, vrijeme \u0107e najbolje pokazati da li \u0107e to pitanje biti rije\u0161eno posljednjim Aneksom sporazuma.<\/p>\n<p>&#8220;Ne treba unaprijed odbaciti ono \u0161to bi u perspektivi moglo voditi adekvatnim rje\u0161enjima. Budu\u0107nost \u0107e pokazati da li potpisivanje ovog aneksa vodi tom rje\u0161enju\u201c, rekao je \u0110elo\u0161aj agenciji MINA.<\/p>\n<p>Legitimno je, kako je rekao, pravo Force da na taj na\u010din pokusa rije\u0161iti zahtjeve albanskih naconalnih partija.<\/p>\n<p>Prema rije\u010dima \u0110elo\u0161aja, ne treba isklju\u010dvati ni saradnju sa Socijaldemokratskom partijom SDP i Pozitivnom Crnom Gorom, budu\u0107i da potpisnice Aneksa trenutno nemaju ve\u0107inu u parlamentu.<\/p>\n<p>&#8220;U aneksu su precizirani skoro svi zahtjevi albanskih nacionalnih partija. Znaju\u0107i trenutnu politi\u010dku situaciji a i iskustva od prije, nijesam siguran da potpisnici imaju ve\u0107inu u Skup\u0161tini, zato \u0107u ponoviti da treba nastaviti razgovore sa SDP-om i Pozitivnom, ukoliko \u017eelimo rje\u0161enja a ne samo slova na papiru, koji imaju neke druge ciljeve, \u0161to ne isklju\u010dujem\u201c, naveo je on.<\/p>\n<p>\u0110elo\u0161aj je rekao da \u0107e pitanje samostalne op\u0161tine pokrenuti u oktobru.<\/p>\n<p>&#8220;Jedno je sigurno, u oktobru \u0107e biti na dnevnom radu Skup\u0161tine Crne Gore pitanje op\u0161tine Malesija, pitanje je samo da li \u0107u sam pokrenuti uz podr\u0161ku zvih albanskih partija ili \u0107e biti jo\u0161 potpisnika\u201c, najavio je \u0110elo\u0161aj.<\/p>\n<p>Dokumentacija je, kako je podsjetio, odavno spremna, a dva rje\u0161enja su u skup\u0161tinskoj proceduri.<\/p>\n<p>&#8220;Samo treba predsjednik parlamenta, Ranko Krvokapi\u0107 da ih izvu\u010de iz ladica i uvrsti u dnevni red, zahtjev svih albanskih partija je da budu na dnevnom redu jer \u017eelimo vidjeti sve politi\u010dke partije kako \u0107e se izjasniti\u201c, poru\u010dio je on.<\/p>\n<p>Uslovi za formiranje punopravne op\u0161tine postoje, kako je kazao \u0110elo\u0161aj, ve\u0107 du\u017ei period.<\/p>\n<p>&#8220;To pitanje, kao svako drugo, mo\u017ee biti ispolitizovano i kao takvo mo\u017ee biti predmet razli\u010ditih dogovora me\u0111u partijama\u201c, kazao je on.<\/p>\n<p>Kako je dodao, dokumentacija o odr\u017eivosti punopravne op\u0161tine Tuzi prikupljena je odavno.<\/p>\n<p>&#8220;Ne postavlja se pitanje validnosti dokumentacije. Ovdje je klju\u010dni faktor politi\u010dka volja subjekata koji o tome odlu\u010duju na nivou dr\u017eave\u201c, naveo je \u0110elo\u0161aj.<\/p>\n<p>On je opovrgao navode da vlast zavisi od albanskih poslanika, ocjenjuju\u0107i da je to manipulacija.<\/p>\n<p>&#8220;U Skup\u0161tini imamo dva poslanika Albanskih partija, dok vladaju\u0107a koalicija ima 43 poslanika, matematika u uslovnom elementu ne daje prostora, iako dio javnosti poku\u0161ava predstaviti da vlast zavisi od albanskih partija, \u0161to je velika manipulacija\u201c, zaklju\u010dio je \u0110elo\u0161aj.<\/p>\n<\/div>\n<p>Izvor: CMD<\/p>\n","protected":false},"excerpt":{"rendered":"<p>Pitanje formiranja samostalne op\u0161tine Tuzi u parlamentu \u0107e se vjerovato na\u0107i u oktobru, kazao je poslanik Albanske alternative Nik \u0110elo\u0161aj, ocjenjuju\u0107i da uslovi za formiranje punopravne op\u0161tine postoje ve\u0107 du\u017ei period. On je, komentari\u0161u\u0107i Ankeks o postizbornoj koaliciji Demokratske partije socijalista DPS i Nove demokratske snage \u2013 FORCA, podsjetio da je formiranje punopravne op\u0161tine Tuzi [&hellip;]<\/p>\n","protected":false},"author":1,"featured_media":0,"comment_status":"closed","ping_status":"closed","sticky":false,"template":"","format":"standard","meta":{"spay_email":"","jetpack_publicize_message":"","jetpack_is_tweetstorm":false,"jetpack_publicize_feature_enabled":true},"categories":[8337],"tags":[],"jetpack_publicize_connections":[],"yoast_head":"<!-- This site is optimized with the Yoast SEO plugin v19.1 - https:\/\/yoast.com\/wordpress\/plugins\/seo\/ -->\n<title>Nik \u0110elo\u0161aj: Pitanje samostalne op\u0161tine Tuzi pred poslanicima u oktobru, klju\u010dna politi\u010dka volja - Lajme nga Ulqini<\/title>\n<meta name=\"description\" content=\"Pitanje formiranja samostalne op\u0161tine Tuzi u parlamentu \u0107e se vjerovato na\u0107i u oktobru, kazao je poslanik Albanske alternative Nik \u0110elo\u0161aj, ocjenjuju\u0107i da\" \/>\n<meta name=\"robots\" content=\"index, follow, max-snippet:-1, max-image-preview:large, max-video-preview:-1\" \/>\n<link rel=\"canonical\" href=\"https:\/\/www.visit-ulcinj.com\/blog\/2015\/07\/14\/nik-delosaj-pitanje-samostalne-opstine-tuzi-pred-poslanicima-u-oktobru-kljucna-politicka-volja\/\" \/>\n<meta property=\"og:locale\" content=\"en_US\" \/>\n<meta property=\"og:type\" content=\"article\" \/>\n<meta property=\"og:title\" content=\"Nik \u0110elo\u0161aj: Pitanje samostalne op\u0161tine Tuzi pred poslanicima u oktobru, klju\u010dna politi\u010dka volja - Lajme nga Ulqini\" \/>\n<meta property=\"og:description\" content=\"Pitanje formiranja samostalne op\u0161tine Tuzi u parlamentu \u0107e se vjerovato na\u0107i u oktobru, kazao je poslanik Albanske alternative Nik \u0110elo\u0161aj, ocjenjuju\u0107i da\" \/>\n<meta property=\"og:url\" content=\"https:\/\/www.visit-ulcinj.com\/blog\/2015\/07\/14\/nik-delosaj-pitanje-samostalne-opstine-tuzi-pred-poslanicima-u-oktobru-kljucna-politicka-volja\/\" \/>\n<meta property=\"og:site_name\" content=\"Lajme nga Ulqini\" \/>\n<meta property=\"article:published_time\" content=\"2015-07-14T14:42:14+00:00\" \/>\n<meta property=\"og:image\" content=\"http:\/\/www.visit-ulcinj.com\/blog\/wp-content\/uploads\/2015\/01\/Nik-Gjeloshaj.jpg\" \/>\n<meta name=\"twitter:label1\" content=\"Written by\" \/>\n\t<meta name=\"twitter:data1\" content=\"ulqini\" \/>\n\t<meta name=\"twitter:label2\" content=\"Est. reading time\" \/>\n\t<meta name=\"twitter:data2\" content=\"3 minutes\" \/>\n<script type=\"application\/ld+json\" class=\"yoast-schema-graph\">{\"@context\":\"https:\/\/schema.org\",\"@graph\":[{\"@type\":\"WebSite\",\"@id\":\"https:\/\/www.visit-ulcinj.com\/blog\/#website\",\"url\":\"https:\/\/www.visit-ulcinj.com\/blog\/\",\"name\":\"Lajme nga Ulqini\",\"description\":\"Lajme,Vijesti,Ulqini,Ulqin,Crna Gora,Mali i Zi\",\"potentialAction\":[{\"@type\":\"SearchAction\",\"target\":{\"@type\":\"EntryPoint\",\"urlTemplate\":\"https:\/\/www.visit-ulcinj.com\/blog\/?s={search_term_string}\"},\"query-input\":\"required name=search_term_string\"}],\"inLanguage\":\"en-US\"},{\"@type\":\"ImageObject\",\"inLanguage\":\"en-US\",\"@id\":\"https:\/\/www.visit-ulcinj.com\/blog\/2015\/07\/14\/nik-delosaj-pitanje-samostalne-opstine-tuzi-pred-poslanicima-u-oktobru-kljucna-politicka-volja\/#primaryimage\",\"url\":\"https:\/\/www.visit-ulcinj.com\/blog\/wp-content\/uploads\/2015\/01\/Nik-Gjeloshaj.jpg\",\"contentUrl\":\"https:\/\/www.visit-ulcinj.com\/blog\/wp-content\/uploads\/2015\/01\/Nik-Gjeloshaj.jpg\",\"width\":960,\"height\":640},{\"@type\":\"WebPage\",\"@id\":\"https:\/\/www.visit-ulcinj.com\/blog\/2015\/07\/14\/nik-delosaj-pitanje-samostalne-opstine-tuzi-pred-poslanicima-u-oktobru-kljucna-politicka-volja\/#webpage\",\"url\":\"https:\/\/www.visit-ulcinj.com\/blog\/2015\/07\/14\/nik-delosaj-pitanje-samostalne-opstine-tuzi-pred-poslanicima-u-oktobru-kljucna-politicka-volja\/\",\"name\":\"Nik \u0110elo\u0161aj: Pitanje samostalne op\u0161tine Tuzi pred poslanicima u oktobru, klju\u010dna politi\u010dka volja - Lajme nga Ulqini\",\"isPartOf\":{\"@id\":\"https:\/\/www.visit-ulcinj.com\/blog\/#website\"},\"primaryImageOfPage\":{\"@id\":\"https:\/\/www.visit-ulcinj.com\/blog\/2015\/07\/14\/nik-delosaj-pitanje-samostalne-opstine-tuzi-pred-poslanicima-u-oktobru-kljucna-politicka-volja\/#primaryimage\"},\"datePublished\":\"2015-07-14T14:42:14+00:00\",\"dateModified\":\"2015-07-14T14:42:14+00:00\",\"author\":{\"@id\":\"https:\/\/www.visit-ulcinj.com\/blog\/#\/schema\/person\/dcab619c614d3038751c63bc2aadc06d\"},\"description\":\"Pitanje formiranja samostalne op\u0161tine Tuzi u parlamentu \u0107e se vjerovato na\u0107i u oktobru, kazao je poslanik Albanske alternative Nik \u0110elo\u0161aj, ocjenjuju\u0107i da\",\"breadcrumb\":{\"@id\":\"https:\/\/www.visit-ulcinj.com\/blog\/2015\/07\/14\/nik-delosaj-pitanje-samostalne-opstine-tuzi-pred-poslanicima-u-oktobru-kljucna-politicka-volja\/#breadcrumb\"},\"inLanguage\":\"en-US\",\"potentialAction\":[{\"@type\":\"ReadAction\",\"target\":[\"https:\/\/www.visit-ulcinj.com\/blog\/2015\/07\/14\/nik-delosaj-pitanje-samostalne-opstine-tuzi-pred-poslanicima-u-oktobru-kljucna-politicka-volja\/\"]}]},{\"@type\":\"BreadcrumbList\",\"@id\":\"https:\/\/www.visit-ulcinj.com\/blog\/2015\/07\/14\/nik-delosaj-pitanje-samostalne-opstine-tuzi-pred-poslanicima-u-oktobru-kljucna-politicka-volja\/#breadcrumb\",\"itemListElement\":[{\"@type\":\"ListItem\",\"position\":1,\"name\":\"Nik \u0110elo\u0161aj: Pitanje samostalne op\u0161tine Tuzi pred poslanicima u oktobru, klju\u010dna politi\u010dka volja\"}]},{\"@type\":\"Person\",\"@id\":\"https:\/\/www.visit-ulcinj.com\/blog\/#\/schema\/person\/dcab619c614d3038751c63bc2aadc06d\",\"name\":\"ulqini\",\"sameAs\":[\"http:\/\/www.visit-ulcinj.com\"],\"url\":\"https:\/\/www.visit-ulcinj.com\/blog\/author\/admin\/\"}]}<\/script>\n<!-- \/ Yoast SEO plugin. -->","yoast_head_json":{"title":"Nik \u0110elo\u0161aj: Pitanje samostalne op\u0161tine Tuzi pred poslanicima u oktobru, klju\u010dna politi\u010dka volja - Lajme nga Ulqini","description":"Pitanje formiranja samostalne op\u0161tine Tuzi u parlamentu \u0107e se vjerovato na\u0107i u oktobru, kazao je poslanik Albanske alternative Nik \u0110elo\u0161aj, ocjenjuju\u0107i da","robots":{"index":"index","follow":"follow","max-snippet":"max-snippet:-1","max-image-preview":"max-image-preview:large","max-video-preview":"max-video-preview:-1"},"canonical":"https:\/\/www.visit-ulcinj.com\/blog\/2015\/07\/14\/nik-delosaj-pitanje-samostalne-opstine-tuzi-pred-poslanicima-u-oktobru-kljucna-politicka-volja\/","og_locale":"en_US","og_type":"article","og_title":"Nik \u0110elo\u0161aj: Pitanje samostalne op\u0161tine Tuzi pred poslanicima u oktobru, klju\u010dna politi\u010dka volja - Lajme nga Ulqini","og_description":"Pitanje formiranja samostalne op\u0161tine Tuzi u parlamentu \u0107e se vjerovato na\u0107i u oktobru, kazao je poslanik Albanske alternative Nik \u0110elo\u0161aj, ocjenjuju\u0107i da","og_url":"https:\/\/www.visit-ulcinj.com\/blog\/2015\/07\/14\/nik-delosaj-pitanje-samostalne-opstine-tuzi-pred-poslanicima-u-oktobru-kljucna-politicka-volja\/","og_site_name":"Lajme nga Ulqini","article_published_time":"2015-07-14T14:42:14+00:00","og_image":[{"url":"http:\/\/www.visit-ulcinj.com\/blog\/wp-content\/uploads\/2015\/01\/Nik-Gjeloshaj.jpg"}],"twitter_misc":{"Written by":"ulqini","Est. reading time":"3 minutes"},"schema":{"@context":"https:\/\/schema.org","@graph":[{"@type":"WebSite","@id":"https:\/\/www.visit-ulcinj.com\/blog\/#website","url":"https:\/\/www.visit-ulcinj.com\/blog\/","name":"Lajme nga Ulqini","description":"Lajme,Vijesti,Ulqini,Ulqin,Crna Gora,Mali i Zi","potentialAction":[{"@type":"SearchAction","target":{"@type":"EntryPoint","urlTemplate":"https:\/\/www.visit-ulcinj.com\/blog\/?s={search_term_string}"},"query-input":"required name=search_term_string"}],"inLanguage":"en-US"},{"@type":"ImageObject","inLanguage":"en-US","@id":"https:\/\/www.visit-ulcinj.com\/blog\/2015\/07\/14\/nik-delosaj-pitanje-samostalne-opstine-tuzi-pred-poslanicima-u-oktobru-kljucna-politicka-volja\/#primaryimage","url":"https:\/\/www.visit-ulcinj.com\/blog\/wp-content\/uploads\/2015\/01\/Nik-Gjeloshaj.jpg","contentUrl":"https:\/\/www.visit-ulcinj.com\/blog\/wp-content\/uploads\/2015\/01\/Nik-Gjeloshaj.jpg","width":960,"height":640},{"@type":"WebPage","@id":"https:\/\/www.visit-ulcinj.com\/blog\/2015\/07\/14\/nik-delosaj-pitanje-samostalne-opstine-tuzi-pred-poslanicima-u-oktobru-kljucna-politicka-volja\/#webpage","url":"https:\/\/www.visit-ulcinj.com\/blog\/2015\/07\/14\/nik-delosaj-pitanje-samostalne-opstine-tuzi-pred-poslanicima-u-oktobru-kljucna-politicka-volja\/","name":"Nik \u0110elo\u0161aj: Pitanje samostalne op\u0161tine Tuzi pred poslanicima u oktobru, klju\u010dna politi\u010dka volja - Lajme nga Ulqini","isPartOf":{"@id":"https:\/\/www.visit-ulcinj.com\/blog\/#website"},"primaryImageOfPage":{"@id":"https:\/\/www.visit-ulcinj.com\/blog\/2015\/07\/14\/nik-delosaj-pitanje-samostalne-opstine-tuzi-pred-poslanicima-u-oktobru-kljucna-politicka-volja\/#primaryimage"},"datePublished":"2015-07-14T14:42:14+00:00","dateModified":"2015-07-14T14:42:14+00:00","author":{"@id":"https:\/\/www.visit-ulcinj.com\/blog\/#\/schema\/person\/dcab619c614d3038751c63bc2aadc06d"},"description":"Pitanje formiranja samostalne op\u0161tine Tuzi u parlamentu \u0107e se vjerovato na\u0107i u oktobru, kazao je poslanik Albanske alternative Nik \u0110elo\u0161aj, ocjenjuju\u0107i da","breadcrumb":{"@id":"https:\/\/www.visit-ulcinj.com\/blog\/2015\/07\/14\/nik-delosaj-pitanje-samostalne-opstine-tuzi-pred-poslanicima-u-oktobru-kljucna-politicka-volja\/#breadcrumb"},"inLanguage":"en-US","potentialAction":[{"@type":"ReadAction","target":["https:\/\/www.visit-ulcinj.com\/blog\/2015\/07\/14\/nik-delosaj-pitanje-samostalne-opstine-tuzi-pred-poslanicima-u-oktobru-kljucna-politicka-volja\/"]}]},{"@type":"BreadcrumbList","@id":"https:\/\/www.visit-ulcinj.com\/blog\/2015\/07\/14\/nik-delosaj-pitanje-samostalne-opstine-tuzi-pred-poslanicima-u-oktobru-kljucna-politicka-volja\/#breadcrumb","itemListElement":[{"@type":"ListItem","position":1,"name":"Nik \u0110elo\u0161aj: Pitanje samostalne op\u0161tine Tuzi pred poslanicima u oktobru, klju\u010dna politi\u010dka volja"}]},{"@type":"Person","@id":"https:\/\/www.visit-ulcinj.com\/blog\/#\/schema\/person\/dcab619c614d3038751c63bc2aadc06d","name":"ulqini","sameAs":["http:\/\/www.visit-ulcinj.com"],"url":"https:\/\/www.visit-ulcinj.com\/blog\/author\/admin\/"}]}},"jetpack_featured_media_url":"","jetpack_sharing_enabled":true,"jetpack_shortlink":"https:\/\/wp.me\/pe6lTn-nOf","_links":{"self":[{"href":"https:\/\/www.visit-ulcinj.com\/blog\/wp-json\/wp\/v2\/posts\/91527"}],"collection":[{"href":"https:\/\/www.visit-ulcinj.com\/blog\/wp-json\/wp\/v2\/posts"}],"about":[{"href":"https:\/\/www.visit-ulcinj.com\/blog\/wp-json\/wp\/v2\/types\/post"}],"author":[{"embeddable":true,"href":"https:\/\/www.visit-ulcinj.com\/blog\/wp-json\/wp\/v2\/users\/1"}],"replies":[{"embeddable":true,"href":"https:\/\/www.visit-ulcinj.com\/blog\/wp-json\/wp\/v2\/comments?post=91527"}],"version-history":[{"count":1,"href":"https:\/\/www.visit-ulcinj.com\/blog\/wp-json\/wp\/v2\/posts\/91527\/revisions"}],"predecessor-version":[{"id":91528,"href":"https:\/\/www.visit-ulcinj.com\/blog\/wp-json\/wp\/v2\/posts\/91527\/revisions\/91528"}],"wp:attachment":[{"href":"https:\/\/www.visit-ulcinj.com\/blog\/wp-json\/wp\/v2\/media?parent=91527"}],"wp:term":[{"taxonomy":"category","embeddable":true,"href":"https:\/\/www.visit-ulcinj.com\/blog\/wp-json\/wp\/v2\/categories?post=91527"},{"taxonomy":"post_tag","embeddable":true,"href":"https:\/\/www.visit-ulcinj.com\/blog\/wp-json\/wp\/v2\/tags?post=91527"}],"curies":[{"name":"wp","href":"https:\/\/api.w.org\/{rel}","templated":true}]}}