{"id":91549,"date":"2015-07-15T18:05:50","date_gmt":"2015-07-15T17:05:50","guid":{"rendered":"http:\/\/www.visit-ulcinj.com\/blog\/?p=91549"},"modified":"2015-07-15T18:05:50","modified_gmt":"2015-07-15T17:05:50","slug":"ledri-vula-po-pushon-ne-bune-te-ulqinit","status":"publish","type":"post","link":"https:\/\/www.visit-ulcinj.com\/blog\/2015\/07\/15\/ledri-vula-po-pushon-ne-bune-te-ulqinit\/","title":{"rendered":"Ledri Vula po pushon ne Bun\u00eb t\u00eb Ulqinit"},"content":{"rendered":"<p><a href=\"http:\/\/www.visit-ulcinj.com\/blog\/wp-content\/uploads\/2015\/07\/Ledri-Vula-ne-Bun\u00eb-Ulqin.jpg\"><img loading=\"lazy\" class=\"alignleft wp-image-91550\" src=\"http:\/\/www.visit-ulcinj.com\/blog\/wp-content\/uploads\/2015\/07\/Ledri-Vula-ne-Bun\u00eb-Ulqin.jpg\" alt=\"Ledri Vula ne Bun\u00eb-Ulqin\" width=\"508\" height=\"383\" \/><\/a>Reperat Cozman dhe Ledri Vula jan\u00eb duke i kaluar bashk\u00eb disa dit\u00eb pushimesh verore.<\/p>\n<p>N\u00eb nj\u00eb foto t\u00eb postuar nga Cozman dy artist\u00ebt ndodhen n\u00eb Ulqin.<\/p>\n<p>Edhe pse nuk p\u00ebrfaq\u00ebsojn\u00eb t\u00eb nj\u00ebjt\u00ebn mark\u00eb muzikore, ata kan\u00eb mbetur miq.<\/p>\n<p>Bota Sot<\/p>\n","protected":false},"excerpt":{"rendered":"<p>Reperat Cozman dhe Ledri Vula jan\u00eb duke i kaluar bashk\u00eb disa dit\u00eb pushimesh verore. N\u00eb nj\u00eb foto t\u00eb postuar nga Cozman dy artist\u00ebt ndodhen n\u00eb Ulqin. Edhe pse nuk p\u00ebrfaq\u00ebsojn\u00eb t\u00eb nj\u00ebjt\u00ebn mark\u00eb muzikore, ata kan\u00eb mbetur miq. Bota Sot<\/p>\n","protected":false},"author":1,"featured_media":0,"comment_status":"closed","ping_status":"closed","sticky":false,"template":"","format":"standard","meta":{"spay_email":"","jetpack_publicize_message":"","jetpack_is_tweetstorm":false,"jetpack_publicize_feature_enabled":true},"categories":[1],"tags":[],"jetpack_publicize_connections":[],"yoast_head":"<!-- This site is optimized with the Yoast SEO plugin v19.1 - https:\/\/yoast.com\/wordpress\/plugins\/seo\/ -->\n<title>Ledri Vula po pushon ne Bun\u00eb t\u00eb Ulqinit - Lajme nga Ulqini<\/title>\n<meta name=\"description\" content=\"Reperat Cozman dhe Ledri Vula jan\u00eb duke i kaluar bashk\u00eb disa dit\u00eb pushimesh verore. N\u00eb nj\u00eb foto t\u00eb postuar nga Cozman dy artist\u00ebt ndodhen n\u00eb Ulqin. Edhe\" \/>\n<meta name=\"robots\" content=\"index, follow, max-snippet:-1, max-image-preview:large, max-video-preview:-1\" \/>\n<link rel=\"canonical\" href=\"https:\/\/www.visit-ulcinj.com\/blog\/2015\/07\/15\/ledri-vula-po-pushon-ne-bune-te-ulqinit\/\" \/>\n<meta property=\"og:locale\" content=\"en_US\" \/>\n<meta property=\"og:type\" content=\"article\" \/>\n<meta property=\"og:title\" content=\"Ledri Vula po pushon ne Bun\u00eb t\u00eb Ulqinit - Lajme nga Ulqini\" \/>\n<meta property=\"og:description\" content=\"Reperat Cozman dhe Ledri Vula jan\u00eb duke i kaluar bashk\u00eb disa dit\u00eb pushimesh verore. N\u00eb nj\u00eb foto t\u00eb postuar nga Cozman dy artist\u00ebt ndodhen n\u00eb Ulqin. Edhe\" \/>\n<meta property=\"og:url\" content=\"https:\/\/www.visit-ulcinj.com\/blog\/2015\/07\/15\/ledri-vula-po-pushon-ne-bune-te-ulqinit\/\" \/>\n<meta property=\"og:site_name\" content=\"Lajme nga Ulqini\" \/>\n<meta property=\"article:published_time\" content=\"2015-07-15T17:05:50+00:00\" \/>\n<meta name=\"twitter:label1\" content=\"Written by\" \/>\n\t<meta name=\"twitter:data1\" content=\"ulqini\" \/>\n<script type=\"application\/ld+json\" class=\"yoast-schema-graph\">{\"@context\":\"https:\/\/schema.org\",\"@graph\":[{\"@type\":\"WebSite\",\"@id\":\"https:\/\/www.visit-ulcinj.com\/blog\/#website\",\"url\":\"https:\/\/www.visit-ulcinj.com\/blog\/\",\"name\":\"Lajme nga Ulqini\",\"description\":\"Lajme,Vijesti,Ulqini,Ulqin,Crna Gora,Mali i Zi\",\"potentialAction\":[{\"@type\":\"SearchAction\",\"target\":{\"@type\":\"EntryPoint\",\"urlTemplate\":\"https:\/\/www.visit-ulcinj.com\/blog\/?s={search_term_string}\"},\"query-input\":\"required name=search_term_string\"}],\"inLanguage\":\"en-US\"},{\"@type\":\"WebPage\",\"@id\":\"https:\/\/www.visit-ulcinj.com\/blog\/2015\/07\/15\/ledri-vula-po-pushon-ne-bune-te-ulqinit\/#webpage\",\"url\":\"https:\/\/www.visit-ulcinj.com\/blog\/2015\/07\/15\/ledri-vula-po-pushon-ne-bune-te-ulqinit\/\",\"name\":\"Ledri Vula po pushon ne Bun\u00eb t\u00eb Ulqinit - Lajme nga Ulqini\",\"isPartOf\":{\"@id\":\"https:\/\/www.visit-ulcinj.com\/blog\/#website\"},\"datePublished\":\"2015-07-15T17:05:50+00:00\",\"dateModified\":\"2015-07-15T17:05:50+00:00\",\"author\":{\"@id\":\"https:\/\/www.visit-ulcinj.com\/blog\/#\/schema\/person\/dcab619c614d3038751c63bc2aadc06d\"},\"description\":\"Reperat Cozman dhe Ledri Vula jan\u00eb duke i kaluar bashk\u00eb disa dit\u00eb pushimesh verore. N\u00eb nj\u00eb foto t\u00eb postuar nga Cozman dy artist\u00ebt ndodhen n\u00eb Ulqin. Edhe\",\"breadcrumb\":{\"@id\":\"https:\/\/www.visit-ulcinj.com\/blog\/2015\/07\/15\/ledri-vula-po-pushon-ne-bune-te-ulqinit\/#breadcrumb\"},\"inLanguage\":\"en-US\",\"potentialAction\":[{\"@type\":\"ReadAction\",\"target\":[\"https:\/\/www.visit-ulcinj.com\/blog\/2015\/07\/15\/ledri-vula-po-pushon-ne-bune-te-ulqinit\/\"]}]},{\"@type\":\"BreadcrumbList\",\"@id\":\"https:\/\/www.visit-ulcinj.com\/blog\/2015\/07\/15\/ledri-vula-po-pushon-ne-bune-te-ulqinit\/#breadcrumb\",\"itemListElement\":[{\"@type\":\"ListItem\",\"position\":1,\"name\":\"Ledri Vula po pushon ne Bun\u00eb t\u00eb Ulqinit\"}]},{\"@type\":\"Person\",\"@id\":\"https:\/\/www.visit-ulcinj.com\/blog\/#\/schema\/person\/dcab619c614d3038751c63bc2aadc06d\",\"name\":\"ulqini\",\"sameAs\":[\"http:\/\/www.visit-ulcinj.com\"],\"url\":\"https:\/\/www.visit-ulcinj.com\/blog\/author\/admin\/\"}]}<\/script>\n<!-- \/ Yoast SEO plugin. -->","yoast_head_json":{"title":"Ledri Vula po pushon ne Bun\u00eb t\u00eb Ulqinit - Lajme nga Ulqini","description":"Reperat Cozman dhe Ledri Vula jan\u00eb duke i kaluar bashk\u00eb disa dit\u00eb pushimesh verore. N\u00eb nj\u00eb foto t\u00eb postuar nga Cozman dy artist\u00ebt ndodhen n\u00eb Ulqin. Edhe","robots":{"index":"index","follow":"follow","max-snippet":"max-snippet:-1","max-image-preview":"max-image-preview:large","max-video-preview":"max-video-preview:-1"},"canonical":"https:\/\/www.visit-ulcinj.com\/blog\/2015\/07\/15\/ledri-vula-po-pushon-ne-bune-te-ulqinit\/","og_locale":"en_US","og_type":"article","og_title":"Ledri Vula po pushon ne Bun\u00eb t\u00eb Ulqinit - Lajme nga Ulqini","og_description":"Reperat Cozman dhe Ledri Vula jan\u00eb duke i kaluar bashk\u00eb disa dit\u00eb pushimesh verore. N\u00eb nj\u00eb foto t\u00eb postuar nga Cozman dy artist\u00ebt ndodhen n\u00eb Ulqin. Edhe","og_url":"https:\/\/www.visit-ulcinj.com\/blog\/2015\/07\/15\/ledri-vula-po-pushon-ne-bune-te-ulqinit\/","og_site_name":"Lajme nga Ulqini","article_published_time":"2015-07-15T17:05:50+00:00","twitter_misc":{"Written by":"ulqini"},"schema":{"@context":"https:\/\/schema.org","@graph":[{"@type":"WebSite","@id":"https:\/\/www.visit-ulcinj.com\/blog\/#website","url":"https:\/\/www.visit-ulcinj.com\/blog\/","name":"Lajme nga Ulqini","description":"Lajme,Vijesti,Ulqini,Ulqin,Crna Gora,Mali i Zi","potentialAction":[{"@type":"SearchAction","target":{"@type":"EntryPoint","urlTemplate":"https:\/\/www.visit-ulcinj.com\/blog\/?s={search_term_string}"},"query-input":"required name=search_term_string"}],"inLanguage":"en-US"},{"@type":"WebPage","@id":"https:\/\/www.visit-ulcinj.com\/blog\/2015\/07\/15\/ledri-vula-po-pushon-ne-bune-te-ulqinit\/#webpage","url":"https:\/\/www.visit-ulcinj.com\/blog\/2015\/07\/15\/ledri-vula-po-pushon-ne-bune-te-ulqinit\/","name":"Ledri Vula po pushon ne Bun\u00eb t\u00eb Ulqinit - Lajme nga Ulqini","isPartOf":{"@id":"https:\/\/www.visit-ulcinj.com\/blog\/#website"},"datePublished":"2015-07-15T17:05:50+00:00","dateModified":"2015-07-15T17:05:50+00:00","author":{"@id":"https:\/\/www.visit-ulcinj.com\/blog\/#\/schema\/person\/dcab619c614d3038751c63bc2aadc06d"},"description":"Reperat Cozman dhe Ledri Vula jan\u00eb duke i kaluar bashk\u00eb disa dit\u00eb pushimesh verore. N\u00eb nj\u00eb foto t\u00eb postuar nga Cozman dy artist\u00ebt ndodhen n\u00eb Ulqin. Edhe","breadcrumb":{"@id":"https:\/\/www.visit-ulcinj.com\/blog\/2015\/07\/15\/ledri-vula-po-pushon-ne-bune-te-ulqinit\/#breadcrumb"},"inLanguage":"en-US","potentialAction":[{"@type":"ReadAction","target":["https:\/\/www.visit-ulcinj.com\/blog\/2015\/07\/15\/ledri-vula-po-pushon-ne-bune-te-ulqinit\/"]}]},{"@type":"BreadcrumbList","@id":"https:\/\/www.visit-ulcinj.com\/blog\/2015\/07\/15\/ledri-vula-po-pushon-ne-bune-te-ulqinit\/#breadcrumb","itemListElement":[{"@type":"ListItem","position":1,"name":"Ledri Vula po pushon ne Bun\u00eb t\u00eb Ulqinit"}]},{"@type":"Person","@id":"https:\/\/www.visit-ulcinj.com\/blog\/#\/schema\/person\/dcab619c614d3038751c63bc2aadc06d","name":"ulqini","sameAs":["http:\/\/www.visit-ulcinj.com"],"url":"https:\/\/www.visit-ulcinj.com\/blog\/author\/admin\/"}]}},"jetpack_featured_media_url":"","jetpack_sharing_enabled":true,"jetpack_shortlink":"https:\/\/wp.me\/pe6lTn-nOB","_links":{"self":[{"href":"https:\/\/www.visit-ulcinj.com\/blog\/wp-json\/wp\/v2\/posts\/91549"}],"collection":[{"href":"https:\/\/www.visit-ulcinj.com\/blog\/wp-json\/wp\/v2\/posts"}],"about":[{"href":"https:\/\/www.visit-ulcinj.com\/blog\/wp-json\/wp\/v2\/types\/post"}],"author":[{"embeddable":true,"href":"https:\/\/www.visit-ulcinj.com\/blog\/wp-json\/wp\/v2\/users\/1"}],"replies":[{"embeddable":true,"href":"https:\/\/www.visit-ulcinj.com\/blog\/wp-json\/wp\/v2\/comments?post=91549"}],"version-history":[{"count":1,"href":"https:\/\/www.visit-ulcinj.com\/blog\/wp-json\/wp\/v2\/posts\/91549\/revisions"}],"predecessor-version":[{"id":91551,"href":"https:\/\/www.visit-ulcinj.com\/blog\/wp-json\/wp\/v2\/posts\/91549\/revisions\/91551"}],"wp:attachment":[{"href":"https:\/\/www.visit-ulcinj.com\/blog\/wp-json\/wp\/v2\/media?parent=91549"}],"wp:term":[{"taxonomy":"category","embeddable":true,"href":"https:\/\/www.visit-ulcinj.com\/blog\/wp-json\/wp\/v2\/categories?post=91549"},{"taxonomy":"post_tag","embeddable":true,"href":"https:\/\/www.visit-ulcinj.com\/blog\/wp-json\/wp\/v2\/tags?post=91549"}],"curies":[{"name":"wp","href":"https:\/\/api.w.org\/{rel}","templated":true}]}}