{"id":91552,"date":"2015-07-15T18:31:22","date_gmt":"2015-07-15T17:31:22","guid":{"rendered":"http:\/\/www.visit-ulcinj.com\/blog\/?p=91552"},"modified":"2015-07-15T18:31:22","modified_gmt":"2015-07-15T17:31:22","slug":"cozman-dhe-ledri-pushime-bashke-ne-ulqin","status":"publish","type":"post","link":"https:\/\/www.visit-ulcinj.com\/blog\/2015\/07\/15\/cozman-dhe-ledri-pushime-bashke-ne-ulqin\/","title":{"rendered":"Cozman dhe Ledri pushime bashk\u00eb n\u00eb Ulqin"},"content":{"rendered":"<p><a href=\"http:\/\/www.visit-ulcinj.com\/blog\/wp-content\/uploads\/2015\/07\/Cozman-Ldedri-ne-Ulqin.jpg\"><img loading=\"lazy\" class=\"alignleft wp-image-91553\" src=\"http:\/\/www.visit-ulcinj.com\/blog\/wp-content\/uploads\/2015\/07\/Cozman-Ldedri-ne-Ulqin.jpg\" alt=\"Cozman-Ldedri ne Ulqin\" width=\"508\" height=\"336\" \/><\/a>N\u00eb nj\u00eb foto t\u00eb postuar nga Kozman dy artist\u00ebt ndodhen n\u00eb Ulqin.Edhe pse nuk p\u00ebrfaq\u00ebsojn\u00eb t\u00eb nj\u00ebjt\u00ebn mark\u00eb muzikore, ata kan\u00eb mbetur miq.<\/p>\n<p class=\"r\">Repperat kosovar\u00eb Cozman dhe Ledri Vula jan\u00eb duke i kaluar bashk\u00eb disa dit\u00eb pushimesh verore n\u00eb plazhin Kite Surf Club D&#8217;olcinium.<\/p>\n<p>.<\/p>\n<p>N\u00eb nj\u00eb foto t\u00eb postuar nga Kozman dy artist\u00ebt ndodhen n\u00eb Ulqin.Edhe pse nuk p\u00ebrfaq\u00ebsojn\u00eb t\u00eb nj\u00ebjt\u00ebn mark\u00eb muzikore, ata kan\u00eb mbetur miq.<\/p>\n<p>YllPress<\/p>\n","protected":false},"excerpt":{"rendered":"<p>N\u00eb nj\u00eb foto t\u00eb postuar nga Kozman dy artist\u00ebt ndodhen n\u00eb Ulqin.Edhe pse nuk p\u00ebrfaq\u00ebsojn\u00eb t\u00eb nj\u00ebjt\u00ebn mark\u00eb muzikore, ata kan\u00eb mbetur miq. Repperat kosovar\u00eb Cozman dhe Ledri Vula jan\u00eb duke i kaluar bashk\u00eb disa dit\u00eb pushimesh verore n\u00eb plazhin Kite Surf Club D&#8217;olcinium. . N\u00eb nj\u00eb foto t\u00eb postuar nga Kozman dy artist\u00ebt ndodhen [&hellip;]<\/p>\n","protected":false},"author":1,"featured_media":0,"comment_status":"closed","ping_status":"closed","sticky":false,"template":"","format":"standard","meta":{"spay_email":"","jetpack_publicize_message":"","jetpack_is_tweetstorm":false,"jetpack_publicize_feature_enabled":true},"categories":[1],"tags":[],"jetpack_publicize_connections":[],"yoast_head":"<!-- This site is optimized with the Yoast SEO plugin v19.1 - https:\/\/yoast.com\/wordpress\/plugins\/seo\/ -->\n<title>Cozman dhe Ledri pushime bashk\u00eb n\u00eb Ulqin - Lajme nga Ulqini<\/title>\n<meta name=\"description\" content=\"N\u00eb nj\u00eb foto t\u00eb postuar nga Kozman dy artist\u00ebt ndodhen n\u00eb Ulqin.Edhe pse nuk p\u00ebrfaq\u00ebsojn\u00eb t\u00eb nj\u00ebjt\u00ebn mark\u00eb muzikore, ata kan\u00eb mbetur miq. Repperat kosovar\u00eb\" \/>\n<meta name=\"robots\" content=\"index, follow, max-snippet:-1, max-image-preview:large, max-video-preview:-1\" \/>\n<link rel=\"canonical\" href=\"https:\/\/www.visit-ulcinj.com\/blog\/2015\/07\/15\/cozman-dhe-ledri-pushime-bashke-ne-ulqin\/\" \/>\n<meta property=\"og:locale\" content=\"en_US\" \/>\n<meta property=\"og:type\" content=\"article\" \/>\n<meta property=\"og:title\" content=\"Cozman dhe Ledri pushime bashk\u00eb n\u00eb Ulqin - Lajme nga Ulqini\" \/>\n<meta property=\"og:description\" content=\"N\u00eb nj\u00eb foto t\u00eb postuar nga Kozman dy artist\u00ebt ndodhen n\u00eb Ulqin.Edhe pse nuk p\u00ebrfaq\u00ebsojn\u00eb t\u00eb nj\u00ebjt\u00ebn mark\u00eb muzikore, ata kan\u00eb mbetur miq. Repperat kosovar\u00eb\" \/>\n<meta property=\"og:url\" content=\"https:\/\/www.visit-ulcinj.com\/blog\/2015\/07\/15\/cozman-dhe-ledri-pushime-bashke-ne-ulqin\/\" \/>\n<meta property=\"og:site_name\" content=\"Lajme nga Ulqini\" \/>\n<meta property=\"article:published_time\" content=\"2015-07-15T17:31:22+00:00\" \/>\n<meta property=\"og:image\" content=\"http:\/\/www.visit-ulcinj.com\/blog\/wp-content\/uploads\/2015\/07\/Cozman-Ldedri-ne-Ulqin.jpg\" \/>\n<meta name=\"twitter:label1\" content=\"Written by\" \/>\n\t<meta name=\"twitter:data1\" content=\"ulqini\" \/>\n<script type=\"application\/ld+json\" class=\"yoast-schema-graph\">{\"@context\":\"https:\/\/schema.org\",\"@graph\":[{\"@type\":\"WebSite\",\"@id\":\"https:\/\/www.visit-ulcinj.com\/blog\/#website\",\"url\":\"https:\/\/www.visit-ulcinj.com\/blog\/\",\"name\":\"Lajme nga Ulqini\",\"description\":\"Lajme,Vijesti,Ulqini,Ulqin,Crna Gora,Mali i Zi\",\"potentialAction\":[{\"@type\":\"SearchAction\",\"target\":{\"@type\":\"EntryPoint\",\"urlTemplate\":\"https:\/\/www.visit-ulcinj.com\/blog\/?s={search_term_string}\"},\"query-input\":\"required name=search_term_string\"}],\"inLanguage\":\"en-US\"},{\"@type\":\"ImageObject\",\"inLanguage\":\"en-US\",\"@id\":\"https:\/\/www.visit-ulcinj.com\/blog\/2015\/07\/15\/cozman-dhe-ledri-pushime-bashke-ne-ulqin\/#primaryimage\",\"url\":\"http:\/\/www.visit-ulcinj.com\/blog\/wp-content\/uploads\/2015\/07\/Cozman-Ldedri-ne-Ulqin.jpg\",\"contentUrl\":\"http:\/\/www.visit-ulcinj.com\/blog\/wp-content\/uploads\/2015\/07\/Cozman-Ldedri-ne-Ulqin.jpg\"},{\"@type\":\"WebPage\",\"@id\":\"https:\/\/www.visit-ulcinj.com\/blog\/2015\/07\/15\/cozman-dhe-ledri-pushime-bashke-ne-ulqin\/#webpage\",\"url\":\"https:\/\/www.visit-ulcinj.com\/blog\/2015\/07\/15\/cozman-dhe-ledri-pushime-bashke-ne-ulqin\/\",\"name\":\"Cozman dhe Ledri pushime bashk\u00eb n\u00eb Ulqin - Lajme nga Ulqini\",\"isPartOf\":{\"@id\":\"https:\/\/www.visit-ulcinj.com\/blog\/#website\"},\"primaryImageOfPage\":{\"@id\":\"https:\/\/www.visit-ulcinj.com\/blog\/2015\/07\/15\/cozman-dhe-ledri-pushime-bashke-ne-ulqin\/#primaryimage\"},\"datePublished\":\"2015-07-15T17:31:22+00:00\",\"dateModified\":\"2015-07-15T17:31:22+00:00\",\"author\":{\"@id\":\"https:\/\/www.visit-ulcinj.com\/blog\/#\/schema\/person\/dcab619c614d3038751c63bc2aadc06d\"},\"description\":\"N\u00eb nj\u00eb foto t\u00eb postuar nga Kozman dy artist\u00ebt ndodhen n\u00eb Ulqin.Edhe pse nuk p\u00ebrfaq\u00ebsojn\u00eb t\u00eb nj\u00ebjt\u00ebn mark\u00eb muzikore, ata kan\u00eb mbetur miq. Repperat kosovar\u00eb\",\"breadcrumb\":{\"@id\":\"https:\/\/www.visit-ulcinj.com\/blog\/2015\/07\/15\/cozman-dhe-ledri-pushime-bashke-ne-ulqin\/#breadcrumb\"},\"inLanguage\":\"en-US\",\"potentialAction\":[{\"@type\":\"ReadAction\",\"target\":[\"https:\/\/www.visit-ulcinj.com\/blog\/2015\/07\/15\/cozman-dhe-ledri-pushime-bashke-ne-ulqin\/\"]}]},{\"@type\":\"BreadcrumbList\",\"@id\":\"https:\/\/www.visit-ulcinj.com\/blog\/2015\/07\/15\/cozman-dhe-ledri-pushime-bashke-ne-ulqin\/#breadcrumb\",\"itemListElement\":[{\"@type\":\"ListItem\",\"position\":1,\"name\":\"Cozman dhe Ledri pushime bashk\u00eb n\u00eb Ulqin\"}]},{\"@type\":\"Person\",\"@id\":\"https:\/\/www.visit-ulcinj.com\/blog\/#\/schema\/person\/dcab619c614d3038751c63bc2aadc06d\",\"name\":\"ulqini\",\"sameAs\":[\"http:\/\/www.visit-ulcinj.com\"],\"url\":\"https:\/\/www.visit-ulcinj.com\/blog\/author\/admin\/\"}]}<\/script>\n<!-- \/ Yoast SEO plugin. -->","yoast_head_json":{"title":"Cozman dhe Ledri pushime bashk\u00eb n\u00eb Ulqin - Lajme nga Ulqini","description":"N\u00eb nj\u00eb foto t\u00eb postuar nga Kozman dy artist\u00ebt ndodhen n\u00eb Ulqin.Edhe pse nuk p\u00ebrfaq\u00ebsojn\u00eb t\u00eb nj\u00ebjt\u00ebn mark\u00eb muzikore, ata kan\u00eb mbetur miq. Repperat kosovar\u00eb","robots":{"index":"index","follow":"follow","max-snippet":"max-snippet:-1","max-image-preview":"max-image-preview:large","max-video-preview":"max-video-preview:-1"},"canonical":"https:\/\/www.visit-ulcinj.com\/blog\/2015\/07\/15\/cozman-dhe-ledri-pushime-bashke-ne-ulqin\/","og_locale":"en_US","og_type":"article","og_title":"Cozman dhe Ledri pushime bashk\u00eb n\u00eb Ulqin - Lajme nga Ulqini","og_description":"N\u00eb nj\u00eb foto t\u00eb postuar nga Kozman dy artist\u00ebt ndodhen n\u00eb Ulqin.Edhe pse nuk p\u00ebrfaq\u00ebsojn\u00eb t\u00eb nj\u00ebjt\u00ebn mark\u00eb muzikore, ata kan\u00eb mbetur miq. Repperat kosovar\u00eb","og_url":"https:\/\/www.visit-ulcinj.com\/blog\/2015\/07\/15\/cozman-dhe-ledri-pushime-bashke-ne-ulqin\/","og_site_name":"Lajme nga Ulqini","article_published_time":"2015-07-15T17:31:22+00:00","og_image":[{"url":"http:\/\/www.visit-ulcinj.com\/blog\/wp-content\/uploads\/2015\/07\/Cozman-Ldedri-ne-Ulqin.jpg"}],"twitter_misc":{"Written by":"ulqini"},"schema":{"@context":"https:\/\/schema.org","@graph":[{"@type":"WebSite","@id":"https:\/\/www.visit-ulcinj.com\/blog\/#website","url":"https:\/\/www.visit-ulcinj.com\/blog\/","name":"Lajme nga Ulqini","description":"Lajme,Vijesti,Ulqini,Ulqin,Crna Gora,Mali i Zi","potentialAction":[{"@type":"SearchAction","target":{"@type":"EntryPoint","urlTemplate":"https:\/\/www.visit-ulcinj.com\/blog\/?s={search_term_string}"},"query-input":"required name=search_term_string"}],"inLanguage":"en-US"},{"@type":"ImageObject","inLanguage":"en-US","@id":"https:\/\/www.visit-ulcinj.com\/blog\/2015\/07\/15\/cozman-dhe-ledri-pushime-bashke-ne-ulqin\/#primaryimage","url":"http:\/\/www.visit-ulcinj.com\/blog\/wp-content\/uploads\/2015\/07\/Cozman-Ldedri-ne-Ulqin.jpg","contentUrl":"http:\/\/www.visit-ulcinj.com\/blog\/wp-content\/uploads\/2015\/07\/Cozman-Ldedri-ne-Ulqin.jpg"},{"@type":"WebPage","@id":"https:\/\/www.visit-ulcinj.com\/blog\/2015\/07\/15\/cozman-dhe-ledri-pushime-bashke-ne-ulqin\/#webpage","url":"https:\/\/www.visit-ulcinj.com\/blog\/2015\/07\/15\/cozman-dhe-ledri-pushime-bashke-ne-ulqin\/","name":"Cozman dhe Ledri pushime bashk\u00eb n\u00eb Ulqin - Lajme nga Ulqini","isPartOf":{"@id":"https:\/\/www.visit-ulcinj.com\/blog\/#website"},"primaryImageOfPage":{"@id":"https:\/\/www.visit-ulcinj.com\/blog\/2015\/07\/15\/cozman-dhe-ledri-pushime-bashke-ne-ulqin\/#primaryimage"},"datePublished":"2015-07-15T17:31:22+00:00","dateModified":"2015-07-15T17:31:22+00:00","author":{"@id":"https:\/\/www.visit-ulcinj.com\/blog\/#\/schema\/person\/dcab619c614d3038751c63bc2aadc06d"},"description":"N\u00eb nj\u00eb foto t\u00eb postuar nga Kozman dy artist\u00ebt ndodhen n\u00eb Ulqin.Edhe pse nuk p\u00ebrfaq\u00ebsojn\u00eb t\u00eb nj\u00ebjt\u00ebn mark\u00eb muzikore, ata kan\u00eb mbetur miq. Repperat kosovar\u00eb","breadcrumb":{"@id":"https:\/\/www.visit-ulcinj.com\/blog\/2015\/07\/15\/cozman-dhe-ledri-pushime-bashke-ne-ulqin\/#breadcrumb"},"inLanguage":"en-US","potentialAction":[{"@type":"ReadAction","target":["https:\/\/www.visit-ulcinj.com\/blog\/2015\/07\/15\/cozman-dhe-ledri-pushime-bashke-ne-ulqin\/"]}]},{"@type":"BreadcrumbList","@id":"https:\/\/www.visit-ulcinj.com\/blog\/2015\/07\/15\/cozman-dhe-ledri-pushime-bashke-ne-ulqin\/#breadcrumb","itemListElement":[{"@type":"ListItem","position":1,"name":"Cozman dhe Ledri pushime bashk\u00eb n\u00eb Ulqin"}]},{"@type":"Person","@id":"https:\/\/www.visit-ulcinj.com\/blog\/#\/schema\/person\/dcab619c614d3038751c63bc2aadc06d","name":"ulqini","sameAs":["http:\/\/www.visit-ulcinj.com"],"url":"https:\/\/www.visit-ulcinj.com\/blog\/author\/admin\/"}]}},"jetpack_featured_media_url":"","jetpack_sharing_enabled":true,"jetpack_shortlink":"https:\/\/wp.me\/pe6lTn-nOE","_links":{"self":[{"href":"https:\/\/www.visit-ulcinj.com\/blog\/wp-json\/wp\/v2\/posts\/91552"}],"collection":[{"href":"https:\/\/www.visit-ulcinj.com\/blog\/wp-json\/wp\/v2\/posts"}],"about":[{"href":"https:\/\/www.visit-ulcinj.com\/blog\/wp-json\/wp\/v2\/types\/post"}],"author":[{"embeddable":true,"href":"https:\/\/www.visit-ulcinj.com\/blog\/wp-json\/wp\/v2\/users\/1"}],"replies":[{"embeddable":true,"href":"https:\/\/www.visit-ulcinj.com\/blog\/wp-json\/wp\/v2\/comments?post=91552"}],"version-history":[{"count":1,"href":"https:\/\/www.visit-ulcinj.com\/blog\/wp-json\/wp\/v2\/posts\/91552\/revisions"}],"predecessor-version":[{"id":91554,"href":"https:\/\/www.visit-ulcinj.com\/blog\/wp-json\/wp\/v2\/posts\/91552\/revisions\/91554"}],"wp:attachment":[{"href":"https:\/\/www.visit-ulcinj.com\/blog\/wp-json\/wp\/v2\/media?parent=91552"}],"wp:term":[{"taxonomy":"category","embeddable":true,"href":"https:\/\/www.visit-ulcinj.com\/blog\/wp-json\/wp\/v2\/categories?post=91552"},{"taxonomy":"post_tag","embeddable":true,"href":"https:\/\/www.visit-ulcinj.com\/blog\/wp-json\/wp\/v2\/tags?post=91552"}],"curies":[{"name":"wp","href":"https:\/\/api.w.org\/{rel}","templated":true}]}}