{"id":91585,"date":"2015-07-16T11:11:54","date_gmt":"2015-07-16T10:11:54","guid":{"rendered":"http:\/\/www.visit-ulcinj.com\/blog\/?p=91585"},"modified":"2015-07-16T11:11:54","modified_gmt":"2015-07-16T10:11:54","slug":"dritan-abazovic-krivokapic-da-pokrene-pitanje-povjerenja-vladi","status":"publish","type":"post","link":"https:\/\/www.visit-ulcinj.com\/blog\/2015\/07\/16\/dritan-abazovic-krivokapic-da-pokrene-pitanje-povjerenja-vladi\/","title":{"rendered":"Dritan Abazovi\u0107: Krivokapi\u0107 da pokrene pitanje povjerenja Vladi"},"content":{"rendered":"<p><a href=\"http:\/\/www.visit-ulcinj.com\/blog\/wp-content\/uploads\/2015\/07\/Dritan-Abazovic-Ulcinj.jpg\"><img loading=\"lazy\" class=\"alignleft wp-image-91586\" src=\"http:\/\/www.visit-ulcinj.com\/blog\/wp-content\/uploads\/2015\/07\/Dritan-Abazovic-Ulcinj.jpg\" alt=\"Dritan-Abazovic-Ulcinj\" width=\"508\" height=\"406\" srcset=\"https:\/\/www.visit-ulcinj.com\/blog\/wp-content\/uploads\/2015\/07\/Dritan-Abazovic-Ulcinj.jpg 720w, https:\/\/www.visit-ulcinj.com\/blog\/wp-content\/uploads\/2015\/07\/Dritan-Abazovic-Ulcinj-300x240.jpg 300w\" sizes=\"(max-width: 508px) 100vw, 508px\" \/><\/a>Potpredsjednik Gra\u0111anskog pokreta Ujedinjena reformska akcija URA Dritan Abazovi\u0107 pozvao je lidera Socijaddemokratske partije Ranka Krivokapi\u0107a da prestane sa skrivanjem iza NATO integracija kao razloga za ostanak u koaliciji sa Demokratskom partijom socijalista i da kona\u010dno u parlamentu pokrene pitanje povjerenja Vladi.<\/p>\n<div class=\"body-text\">\n<p>&#8220;Pozivam Krivokapi\u0107a da prestane da se politi\u010dki blamira i da kona\u010dno uskrati povjerenje Vladi Mila \u0110ukanovi\u0107a ukoliko mu je zaista stalo da u Crnoj Gori za\u017eive vladavina prava, funkcionalna demokratija i jake i nezavisne institucije. \u010cini se da je Krivokapi\u0107 aktuelnu vladu vi\u0161e i \u017ee\u0161\u0107e kritikovao nego pojedine opozicione strukture. To bi bio njegov najve\u0107i doprinos evropskim i NATO integracijama Crne Gore. Svako skrivanje iza NATO integracija kao razloga za ostanak u vlasti nije kompatibilno sa zahtjevima na\u0161ih me\u0111unarodnih partnera. Ako ipak odlu\u010di da sa\u010duva Vladu i sopstvenu poziciju, pokaza\u0107e se da njegova zalaganja za vladavinu prava nijesu iskrena. Mora\u0107e da snosi veliku odgovornost za krizu koja ve\u0107 du\u017ee traje i vjerovatno \u0107e se nastaviti ukoliko ova vlada bude pripremala i naredni izborni proces&#8221;, kazao je za Dan Abazovi\u0107.<\/p>\n<p>Napominje da u URA ne \u017eele da umanje zna\u010daj evropskih i evroatlantskih integracija za Crnu Goru, ali smatraju da ti procesi treba da poslu\u017ee za \u0161irenje na\u0161ih demokratskih kapacitteta.<\/p>\n<p>&#8220;Svako skrivanje Vlade iza NATO integracija ru\u017ean izgovor koji nema nikakve veze sa demokratijom. To ima veze isklju\u010divo sa \u010duvanjem li\u010dnih\u00a0pozicija i privilegija koje odre\u0111ene osobe u ovom trenutku u\u017eivaju u vlasti&#8221;, isti\u010de potpredsjednik URA.<\/p>\n<p>U tom politi\u010dkom subjektu, kako je dodao, ne \u017eele da NATO do\u017eivljavaju kao pitanje koje treba da su\u017eava na\u0161u demokratiju i da bude otpor vladavini prava.<\/p>\n<p>&#8220;Mislim da su zahtjevi koji sti\u017eu iz Brisela vrlo jasni i da govore o problemima koji se ti\u010du vladavine prava. Ukoliko budemo ba\u0161tinili vlast koja je proiza\u0161la iz nelegalnih izbora zbog de\u0161avanja objelodanjenih u aferi &#8220;Snimak\u201c, i ako \u017eelimo da je za\u0161titimo zbog nekakve tobo\u017enje vladavine prava, onda smo u velikom konflikgu sami sa sobom&#8221;, isti\u010de Abazovi\u0107.<\/p>\n<p>Takve teze, kako je dodao, ne idu u prilog demokratizaciji Crne Gore niti ispunjavanju zahtjeva na\u0161ih me\u0111unarodnih pargnera u procesima integracija.<\/p>\n<p>&#8220;Sumnjam da bi bilo ko od na\u0161ih zapadnih partnera imao ne\u0161to protiv toga da u Crnoj Gori budu sprovedeni parlamentarni izbori prije vremena i po novom zakonodavstvu, i da iz toga proistekne nova vlast koja \u0107e imati puni legalitet i legitimitet da donosi sve budu\u0107e odluke. Uvjeren sam da bi to oja\u010dalo demokratsko bi\u0107e Crne Gore i unaprijedilo integracione procese. O\u010dekujem da se aktivira pitanje nepovjerenja Vladi i da to izglasamo u parlamentu. Nadam se da neke kvaziopozicione stranke ne\u0107e omogu\u0107iti opstanak DPS-a na vlasti sticanjem mizernih politi\u010dkih privilegija&#8221;, poru\u010dio je Abazovi\u0107.<\/p>\n<p>O\u010dekuje da bi se nakon izglasavanja nepovjerenja Vladi u parlamentu u\u0161lo u fazu u kojoj \u0107e se razgovarati o novom izbornom zakonodavstvu, kako bi se na fer izborima dobila vlast \u010diji legitimitet ne\u0107e niko osporavati. To \u0107e, kako je zaklju\u010dio, biti najve\u0107i iodsticaj integracionim procesima Crne Gore.<\/p>\n<p><strong>Izvor: CDM<\/strong><\/p>\n<\/div>\n","protected":false},"excerpt":{"rendered":"<p>Potpredsjednik Gra\u0111anskog pokreta Ujedinjena reformska akcija URA Dritan Abazovi\u0107 pozvao je lidera Socijaddemokratske partije Ranka Krivokapi\u0107a da prestane sa skrivanjem iza NATO integracija kao razloga za ostanak u koaliciji sa Demokratskom partijom socijalista i da kona\u010dno u parlamentu pokrene pitanje povjerenja Vladi. &#8220;Pozivam Krivokapi\u0107a da prestane da se politi\u010dki blamira i da kona\u010dno uskrati povjerenje [&hellip;]<\/p>\n","protected":false},"author":1,"featured_media":0,"comment_status":"closed","ping_status":"closed","sticky":false,"template":"","format":"standard","meta":{"spay_email":"","jetpack_publicize_message":"","jetpack_is_tweetstorm":false,"jetpack_publicize_feature_enabled":true},"categories":[6950],"tags":[],"jetpack_publicize_connections":[],"yoast_head":"<!-- This site is optimized with the Yoast SEO plugin v19.1 - https:\/\/yoast.com\/wordpress\/plugins\/seo\/ -->\n<title>Dritan Abazovi\u0107: Krivokapi\u0107 da pokrene pitanje povjerenja Vladi - Lajme nga Ulqini<\/title>\n<meta name=\"description\" content=\"Potpredsjednik Gra\u0111anskog pokreta Ujedinjena reformska akcija URA Dritan Abazovi\u0107 pozvao je lidera Socijaddemokratske partije Ranka Krivokapi\u0107a da\" \/>\n<meta name=\"robots\" content=\"index, follow, max-snippet:-1, max-image-preview:large, max-video-preview:-1\" \/>\n<link rel=\"canonical\" href=\"https:\/\/www.visit-ulcinj.com\/blog\/2015\/07\/16\/dritan-abazovic-krivokapic-da-pokrene-pitanje-povjerenja-vladi\/\" \/>\n<meta property=\"og:locale\" content=\"en_US\" \/>\n<meta property=\"og:type\" content=\"article\" \/>\n<meta property=\"og:title\" content=\"Dritan Abazovi\u0107: Krivokapi\u0107 da pokrene pitanje povjerenja Vladi - Lajme nga Ulqini\" \/>\n<meta property=\"og:description\" content=\"Potpredsjednik Gra\u0111anskog pokreta Ujedinjena reformska akcija URA Dritan Abazovi\u0107 pozvao je lidera Socijaddemokratske partije Ranka Krivokapi\u0107a da\" \/>\n<meta property=\"og:url\" content=\"https:\/\/www.visit-ulcinj.com\/blog\/2015\/07\/16\/dritan-abazovic-krivokapic-da-pokrene-pitanje-povjerenja-vladi\/\" \/>\n<meta property=\"og:site_name\" content=\"Lajme nga Ulqini\" \/>\n<meta property=\"article:published_time\" content=\"2015-07-16T10:11:54+00:00\" \/>\n<meta property=\"og:image\" content=\"http:\/\/www.visit-ulcinj.com\/blog\/wp-content\/uploads\/2015\/07\/Dritan-Abazovic-Ulcinj.jpg\" \/>\n<meta name=\"twitter:label1\" content=\"Written by\" \/>\n\t<meta name=\"twitter:data1\" content=\"ulqini\" \/>\n\t<meta name=\"twitter:label2\" content=\"Est. reading time\" \/>\n\t<meta name=\"twitter:data2\" content=\"3 minutes\" \/>\n<script type=\"application\/ld+json\" class=\"yoast-schema-graph\">{\"@context\":\"https:\/\/schema.org\",\"@graph\":[{\"@type\":\"WebSite\",\"@id\":\"https:\/\/www.visit-ulcinj.com\/blog\/#website\",\"url\":\"https:\/\/www.visit-ulcinj.com\/blog\/\",\"name\":\"Lajme nga Ulqini\",\"description\":\"Lajme,Vijesti,Ulqini,Ulqin,Crna Gora,Mali i Zi\",\"potentialAction\":[{\"@type\":\"SearchAction\",\"target\":{\"@type\":\"EntryPoint\",\"urlTemplate\":\"https:\/\/www.visit-ulcinj.com\/blog\/?s={search_term_string}\"},\"query-input\":\"required name=search_term_string\"}],\"inLanguage\":\"en-US\"},{\"@type\":\"ImageObject\",\"inLanguage\":\"en-US\",\"@id\":\"https:\/\/www.visit-ulcinj.com\/blog\/2015\/07\/16\/dritan-abazovic-krivokapic-da-pokrene-pitanje-povjerenja-vladi\/#primaryimage\",\"url\":\"https:\/\/www.visit-ulcinj.com\/blog\/wp-content\/uploads\/2015\/07\/Dritan-Abazovic-Ulcinj.jpg\",\"contentUrl\":\"https:\/\/www.visit-ulcinj.com\/blog\/wp-content\/uploads\/2015\/07\/Dritan-Abazovic-Ulcinj.jpg\",\"width\":720,\"height\":576},{\"@type\":\"WebPage\",\"@id\":\"https:\/\/www.visit-ulcinj.com\/blog\/2015\/07\/16\/dritan-abazovic-krivokapic-da-pokrene-pitanje-povjerenja-vladi\/#webpage\",\"url\":\"https:\/\/www.visit-ulcinj.com\/blog\/2015\/07\/16\/dritan-abazovic-krivokapic-da-pokrene-pitanje-povjerenja-vladi\/\",\"name\":\"Dritan Abazovi\u0107: Krivokapi\u0107 da pokrene pitanje povjerenja Vladi - Lajme nga Ulqini\",\"isPartOf\":{\"@id\":\"https:\/\/www.visit-ulcinj.com\/blog\/#website\"},\"primaryImageOfPage\":{\"@id\":\"https:\/\/www.visit-ulcinj.com\/blog\/2015\/07\/16\/dritan-abazovic-krivokapic-da-pokrene-pitanje-povjerenja-vladi\/#primaryimage\"},\"datePublished\":\"2015-07-16T10:11:54+00:00\",\"dateModified\":\"2015-07-16T10:11:54+00:00\",\"author\":{\"@id\":\"https:\/\/www.visit-ulcinj.com\/blog\/#\/schema\/person\/dcab619c614d3038751c63bc2aadc06d\"},\"description\":\"Potpredsjednik Gra\u0111anskog pokreta Ujedinjena reformska akcija URA Dritan Abazovi\u0107 pozvao je lidera Socijaddemokratske partije Ranka Krivokapi\u0107a da\",\"breadcrumb\":{\"@id\":\"https:\/\/www.visit-ulcinj.com\/blog\/2015\/07\/16\/dritan-abazovic-krivokapic-da-pokrene-pitanje-povjerenja-vladi\/#breadcrumb\"},\"inLanguage\":\"en-US\",\"potentialAction\":[{\"@type\":\"ReadAction\",\"target\":[\"https:\/\/www.visit-ulcinj.com\/blog\/2015\/07\/16\/dritan-abazovic-krivokapic-da-pokrene-pitanje-povjerenja-vladi\/\"]}]},{\"@type\":\"BreadcrumbList\",\"@id\":\"https:\/\/www.visit-ulcinj.com\/blog\/2015\/07\/16\/dritan-abazovic-krivokapic-da-pokrene-pitanje-povjerenja-vladi\/#breadcrumb\",\"itemListElement\":[{\"@type\":\"ListItem\",\"position\":1,\"name\":\"Dritan Abazovi\u0107: Krivokapi\u0107 da pokrene pitanje povjerenja Vladi\"}]},{\"@type\":\"Person\",\"@id\":\"https:\/\/www.visit-ulcinj.com\/blog\/#\/schema\/person\/dcab619c614d3038751c63bc2aadc06d\",\"name\":\"ulqini\",\"sameAs\":[\"http:\/\/www.visit-ulcinj.com\"],\"url\":\"https:\/\/www.visit-ulcinj.com\/blog\/author\/admin\/\"}]}<\/script>\n<!-- \/ Yoast SEO plugin. -->","yoast_head_json":{"title":"Dritan Abazovi\u0107: Krivokapi\u0107 da pokrene pitanje povjerenja Vladi - Lajme nga Ulqini","description":"Potpredsjednik Gra\u0111anskog pokreta Ujedinjena reformska akcija URA Dritan Abazovi\u0107 pozvao je lidera Socijaddemokratske partije Ranka Krivokapi\u0107a da","robots":{"index":"index","follow":"follow","max-snippet":"max-snippet:-1","max-image-preview":"max-image-preview:large","max-video-preview":"max-video-preview:-1"},"canonical":"https:\/\/www.visit-ulcinj.com\/blog\/2015\/07\/16\/dritan-abazovic-krivokapic-da-pokrene-pitanje-povjerenja-vladi\/","og_locale":"en_US","og_type":"article","og_title":"Dritan Abazovi\u0107: Krivokapi\u0107 da pokrene pitanje povjerenja Vladi - Lajme nga Ulqini","og_description":"Potpredsjednik Gra\u0111anskog pokreta Ujedinjena reformska akcija URA Dritan Abazovi\u0107 pozvao je lidera Socijaddemokratske partije Ranka Krivokapi\u0107a da","og_url":"https:\/\/www.visit-ulcinj.com\/blog\/2015\/07\/16\/dritan-abazovic-krivokapic-da-pokrene-pitanje-povjerenja-vladi\/","og_site_name":"Lajme nga Ulqini","article_published_time":"2015-07-16T10:11:54+00:00","og_image":[{"url":"http:\/\/www.visit-ulcinj.com\/blog\/wp-content\/uploads\/2015\/07\/Dritan-Abazovic-Ulcinj.jpg"}],"twitter_misc":{"Written by":"ulqini","Est. reading time":"3 minutes"},"schema":{"@context":"https:\/\/schema.org","@graph":[{"@type":"WebSite","@id":"https:\/\/www.visit-ulcinj.com\/blog\/#website","url":"https:\/\/www.visit-ulcinj.com\/blog\/","name":"Lajme nga Ulqini","description":"Lajme,Vijesti,Ulqini,Ulqin,Crna Gora,Mali i Zi","potentialAction":[{"@type":"SearchAction","target":{"@type":"EntryPoint","urlTemplate":"https:\/\/www.visit-ulcinj.com\/blog\/?s={search_term_string}"},"query-input":"required name=search_term_string"}],"inLanguage":"en-US"},{"@type":"ImageObject","inLanguage":"en-US","@id":"https:\/\/www.visit-ulcinj.com\/blog\/2015\/07\/16\/dritan-abazovic-krivokapic-da-pokrene-pitanje-povjerenja-vladi\/#primaryimage","url":"https:\/\/www.visit-ulcinj.com\/blog\/wp-content\/uploads\/2015\/07\/Dritan-Abazovic-Ulcinj.jpg","contentUrl":"https:\/\/www.visit-ulcinj.com\/blog\/wp-content\/uploads\/2015\/07\/Dritan-Abazovic-Ulcinj.jpg","width":720,"height":576},{"@type":"WebPage","@id":"https:\/\/www.visit-ulcinj.com\/blog\/2015\/07\/16\/dritan-abazovic-krivokapic-da-pokrene-pitanje-povjerenja-vladi\/#webpage","url":"https:\/\/www.visit-ulcinj.com\/blog\/2015\/07\/16\/dritan-abazovic-krivokapic-da-pokrene-pitanje-povjerenja-vladi\/","name":"Dritan Abazovi\u0107: Krivokapi\u0107 da pokrene pitanje povjerenja Vladi - Lajme nga Ulqini","isPartOf":{"@id":"https:\/\/www.visit-ulcinj.com\/blog\/#website"},"primaryImageOfPage":{"@id":"https:\/\/www.visit-ulcinj.com\/blog\/2015\/07\/16\/dritan-abazovic-krivokapic-da-pokrene-pitanje-povjerenja-vladi\/#primaryimage"},"datePublished":"2015-07-16T10:11:54+00:00","dateModified":"2015-07-16T10:11:54+00:00","author":{"@id":"https:\/\/www.visit-ulcinj.com\/blog\/#\/schema\/person\/dcab619c614d3038751c63bc2aadc06d"},"description":"Potpredsjednik Gra\u0111anskog pokreta Ujedinjena reformska akcija URA Dritan Abazovi\u0107 pozvao je lidera Socijaddemokratske partije Ranka Krivokapi\u0107a da","breadcrumb":{"@id":"https:\/\/www.visit-ulcinj.com\/blog\/2015\/07\/16\/dritan-abazovic-krivokapic-da-pokrene-pitanje-povjerenja-vladi\/#breadcrumb"},"inLanguage":"en-US","potentialAction":[{"@type":"ReadAction","target":["https:\/\/www.visit-ulcinj.com\/blog\/2015\/07\/16\/dritan-abazovic-krivokapic-da-pokrene-pitanje-povjerenja-vladi\/"]}]},{"@type":"BreadcrumbList","@id":"https:\/\/www.visit-ulcinj.com\/blog\/2015\/07\/16\/dritan-abazovic-krivokapic-da-pokrene-pitanje-povjerenja-vladi\/#breadcrumb","itemListElement":[{"@type":"ListItem","position":1,"name":"Dritan Abazovi\u0107: Krivokapi\u0107 da pokrene pitanje povjerenja Vladi"}]},{"@type":"Person","@id":"https:\/\/www.visit-ulcinj.com\/blog\/#\/schema\/person\/dcab619c614d3038751c63bc2aadc06d","name":"ulqini","sameAs":["http:\/\/www.visit-ulcinj.com"],"url":"https:\/\/www.visit-ulcinj.com\/blog\/author\/admin\/"}]}},"jetpack_featured_media_url":"","jetpack_sharing_enabled":true,"jetpack_shortlink":"https:\/\/wp.me\/pe6lTn-nPb","_links":{"self":[{"href":"https:\/\/www.visit-ulcinj.com\/blog\/wp-json\/wp\/v2\/posts\/91585"}],"collection":[{"href":"https:\/\/www.visit-ulcinj.com\/blog\/wp-json\/wp\/v2\/posts"}],"about":[{"href":"https:\/\/www.visit-ulcinj.com\/blog\/wp-json\/wp\/v2\/types\/post"}],"author":[{"embeddable":true,"href":"https:\/\/www.visit-ulcinj.com\/blog\/wp-json\/wp\/v2\/users\/1"}],"replies":[{"embeddable":true,"href":"https:\/\/www.visit-ulcinj.com\/blog\/wp-json\/wp\/v2\/comments?post=91585"}],"version-history":[{"count":1,"href":"https:\/\/www.visit-ulcinj.com\/blog\/wp-json\/wp\/v2\/posts\/91585\/revisions"}],"predecessor-version":[{"id":91587,"href":"https:\/\/www.visit-ulcinj.com\/blog\/wp-json\/wp\/v2\/posts\/91585\/revisions\/91587"}],"wp:attachment":[{"href":"https:\/\/www.visit-ulcinj.com\/blog\/wp-json\/wp\/v2\/media?parent=91585"}],"wp:term":[{"taxonomy":"category","embeddable":true,"href":"https:\/\/www.visit-ulcinj.com\/blog\/wp-json\/wp\/v2\/categories?post=91585"},{"taxonomy":"post_tag","embeddable":true,"href":"https:\/\/www.visit-ulcinj.com\/blog\/wp-json\/wp\/v2\/tags?post=91585"}],"curies":[{"name":"wp","href":"https:\/\/api.w.org\/{rel}","templated":true}]}}