{"id":91588,"date":"2015-07-16T11:19:18","date_gmt":"2015-07-16T10:19:18","guid":{"rendered":"http:\/\/www.visit-ulcinj.com\/blog\/?p=91588"},"modified":"2015-07-16T11:19:18","modified_gmt":"2015-07-16T10:19:18","slug":"sve-vise-nudista-odmara-se-na-plazama-ade-bojane","status":"publish","type":"post","link":"https:\/\/www.visit-ulcinj.com\/blog\/2015\/07\/16\/sve-vise-nudista-odmara-se-na-plazama-ade-bojane\/","title":{"rendered":"Sve vi\u0161e nudista odmara se na pla\u017eama Ade Bojane"},"content":{"rendered":"<p><strong><a href=\"http:\/\/www.visit-ulcinj.com\/blog\/wp-content\/uploads\/2014\/04\/nudisticko-naselje-ada-bojana.jpg\"><img loading=\"lazy\" class=\"alignleft wp-image-82019\" src=\"http:\/\/www.visit-ulcinj.com\/blog\/wp-content\/uploads\/2014\/04\/nudisticko-naselje-ada-bojana.jpg\" alt=\"nudisticko-naselje-ada-bojana\" width=\"508\" height=\"339\" srcset=\"https:\/\/www.visit-ulcinj.com\/blog\/wp-content\/uploads\/2014\/04\/nudisticko-naselje-ada-bojana.jpg 790w, https:\/\/www.visit-ulcinj.com\/blog\/wp-content\/uploads\/2014\/04\/nudisticko-naselje-ada-bojana-300x200.jpg 300w\" sizes=\"(max-width: 508px) 100vw, 508px\" \/><\/a>Sve vi\u0161e nudista iz celog sveta odmara se na pla\u017eama Ade Bojane, nadomak Ulcinja. Obnovljene sve ku\u0107ice i dobijena nova kategorija. Nemci i \u010cesi naj\u010de\u0161\u0107i gosti<\/strong><\/p>\n<p>NA &#8220;golom&#8221; ostrvu u delti reke Bojane &#8211; vrelo i tiho. Iako je napolju pakleno, jer temperatura dosti\u017ee i 37 podelak Celzijusove skale, voda koju no\u0107u talasa vetar taman je za rashla\u0111ivanje.<\/p>\n<p>I ove sezone nudisti u\u017eivaju u jedinstvenoj lepoti Ade, u renoviranim bungalovima Nudisti\u010dkog naselja &#8220;Bojana&#8221;. Posle \u010detiri godine zavr\u0161ena je i zadnja faza rekonstrukcije objekata u kojima se odmaraju nudisti, pa je naselje dobilo i vi\u0161u kategoriju &#8211; tri plus zvezdice. Pored sme\u0161tajnog dela koji je dobio novo ruho, renovirani su i vanpansionski objekti.<\/p>\n<p>Popularna &#8220;Barbana&#8221; je doterana, restoran &#8220;Maestral&#8221; na samoj pla\u017ei je tako\u0111e ure\u0111en, a tu su i tereni za tenis, odbojku, mali fudbal&#8230; Gosti u\u017eivaju u vo\u017enji brodom oko ostrva, \u0161etnji i sportskom ribolovu. Uveliko radi i \u0161kola skijanja na vodi, tu su i konji koje turisti iznajmljuju za \u0161etnje uz more. Prava atrakcija je takozvani kajt surfing &#8211; upravljanje zmajevima po vodi.<\/p>\n<p>&#8220;Dobar vetar&#8221; \u010dini da sve vi\u0161e dolaze iskusni surferi, ali i po\u010detnici. Posebno su lepe tople no\u0107i uz dobru ribu, muziku i vino.<\/p>\n<p>Poseta je veoma dobra. Kako ka\u017ee Mikan Zec, direktor HTP &#8220;Ulcinjska rivijera&#8221;, hoteli ovog preduze\u0107a na Velikoj pla\u017ei su puni, a da na Adi boravi vi\u0161e od 350 gostiju. To zna\u010di da je popunjeno vi\u0161e od 60 odsto kapaciteta.<\/p>\n<p>&#8211; Gu\u017eve tek predstoje &#8211; pri\u010da Zec. &#8211; Najave ka\u017eu da \u0107e u drugoj polovini jula i u avgustu biti sve puno. No za svoje stare goste uvek imamo praznu sobu.<\/p>\n<p>Gosti su iz raznih krajeva sveta. Ponajvi\u0161e je \u010ceha, Nemaca koji tradicionalno dolaze, ali i nudista iz regiona.Cene su pristupa\u010dne, kako one sme\u0161tajne, tako i vanpansionske.<\/p>\n<p>Odavno se pri\u010da o tome kako \u0107e ostrvo, koje je udaljeno 17 kilometara od Ulcinja, biti ekskluzivna turisti\u010dka zona. I\u0161lo je ono na tender i do sada, ali strani ulaga\u010di kapitala jo\u0161 nisu zagrizli. Jedinstvena, gotovo netaknuta priroda omogu\u0107ava nove kapacitete i svakako nove sadr\u017eaje koji bi privla\u010dili nudiste koji upravo tra\u017ee ovakve prostore. Ali i komfor koje savremeni turizam i nudizam podrazumevaju.<\/p>\n<p><strong><span class=\"author\">S. Gregovi\u0107<\/span><\/strong><\/p>\n<p><strong>Izvor: Novosti.rs\u00a0<\/strong><\/p>\n<p>&nbsp;<\/p>\n","protected":false},"excerpt":{"rendered":"<p>Sve vi\u0161e nudista iz celog sveta odmara se na pla\u017eama Ade Bojane, nadomak Ulcinja. Obnovljene sve ku\u0107ice i dobijena nova kategorija. Nemci i \u010cesi naj\u010de\u0161\u0107i gosti NA &#8220;golom&#8221; ostrvu u delti reke Bojane &#8211; vrelo i tiho. Iako je napolju pakleno, jer temperatura dosti\u017ee i 37 podelak Celzijusove skale, voda koju no\u0107u talasa vetar taman [&hellip;]<\/p>\n","protected":false},"author":1,"featured_media":0,"comment_status":"closed","ping_status":"closed","sticky":false,"template":"","format":"standard","meta":{"spay_email":"","jetpack_publicize_message":"","jetpack_is_tweetstorm":false,"jetpack_publicize_feature_enabled":true},"categories":[8337],"tags":[],"jetpack_publicize_connections":[],"yoast_head":"<!-- This site is optimized with the Yoast SEO plugin v19.1 - https:\/\/yoast.com\/wordpress\/plugins\/seo\/ -->\n<title>Sve vi\u0161e nudista odmara se na pla\u017eama Ade Bojane - Lajme nga Ulqini<\/title>\n<meta name=\"description\" content=\"Sve vi\u0161e nudista iz celog sveta odmara se na pla\u017eama Ade Bojane, nadomak Ulcinja. Obnovljene sve ku\u0107ice i dobijena nova kategorija. Nemci i \u010cesi naj\u010de\u0161\u0107i\" \/>\n<meta name=\"robots\" content=\"index, follow, max-snippet:-1, max-image-preview:large, max-video-preview:-1\" \/>\n<link rel=\"canonical\" href=\"https:\/\/www.visit-ulcinj.com\/blog\/2015\/07\/16\/sve-vise-nudista-odmara-se-na-plazama-ade-bojane\/\" \/>\n<meta property=\"og:locale\" content=\"en_US\" \/>\n<meta property=\"og:type\" content=\"article\" \/>\n<meta property=\"og:title\" content=\"Sve vi\u0161e nudista odmara se na pla\u017eama Ade Bojane - Lajme nga Ulqini\" \/>\n<meta property=\"og:description\" content=\"Sve vi\u0161e nudista iz celog sveta odmara se na pla\u017eama Ade Bojane, nadomak Ulcinja. Obnovljene sve ku\u0107ice i dobijena nova kategorija. Nemci i \u010cesi naj\u010de\u0161\u0107i\" \/>\n<meta property=\"og:url\" content=\"https:\/\/www.visit-ulcinj.com\/blog\/2015\/07\/16\/sve-vise-nudista-odmara-se-na-plazama-ade-bojane\/\" \/>\n<meta property=\"og:site_name\" content=\"Lajme nga Ulqini\" \/>\n<meta property=\"article:published_time\" content=\"2015-07-16T10:19:18+00:00\" \/>\n<meta property=\"og:image\" content=\"http:\/\/www.visit-ulcinj.com\/blog\/wp-content\/uploads\/2014\/04\/nudisticko-naselje-ada-bojana.jpg\" \/>\n<meta name=\"twitter:label1\" content=\"Written by\" \/>\n\t<meta name=\"twitter:data1\" content=\"ulqini\" \/>\n\t<meta name=\"twitter:label2\" content=\"Est. reading time\" \/>\n\t<meta name=\"twitter:data2\" content=\"2 minutes\" \/>\n<script type=\"application\/ld+json\" class=\"yoast-schema-graph\">{\"@context\":\"https:\/\/schema.org\",\"@graph\":[{\"@type\":\"WebSite\",\"@id\":\"https:\/\/www.visit-ulcinj.com\/blog\/#website\",\"url\":\"https:\/\/www.visit-ulcinj.com\/blog\/\",\"name\":\"Lajme nga Ulqini\",\"description\":\"Lajme,Vijesti,Ulqini,Ulqin,Crna Gora,Mali i Zi\",\"potentialAction\":[{\"@type\":\"SearchAction\",\"target\":{\"@type\":\"EntryPoint\",\"urlTemplate\":\"https:\/\/www.visit-ulcinj.com\/blog\/?s={search_term_string}\"},\"query-input\":\"required name=search_term_string\"}],\"inLanguage\":\"en-US\"},{\"@type\":\"ImageObject\",\"inLanguage\":\"en-US\",\"@id\":\"https:\/\/www.visit-ulcinj.com\/blog\/2015\/07\/16\/sve-vise-nudista-odmara-se-na-plazama-ade-bojane\/#primaryimage\",\"url\":\"https:\/\/www.visit-ulcinj.com\/blog\/wp-content\/uploads\/2014\/04\/nudisticko-naselje-ada-bojana.jpg\",\"contentUrl\":\"https:\/\/www.visit-ulcinj.com\/blog\/wp-content\/uploads\/2014\/04\/nudisticko-naselje-ada-bojana.jpg\",\"width\":790,\"height\":527},{\"@type\":\"WebPage\",\"@id\":\"https:\/\/www.visit-ulcinj.com\/blog\/2015\/07\/16\/sve-vise-nudista-odmara-se-na-plazama-ade-bojane\/#webpage\",\"url\":\"https:\/\/www.visit-ulcinj.com\/blog\/2015\/07\/16\/sve-vise-nudista-odmara-se-na-plazama-ade-bojane\/\",\"name\":\"Sve vi\u0161e nudista odmara se na pla\u017eama Ade Bojane - Lajme nga Ulqini\",\"isPartOf\":{\"@id\":\"https:\/\/www.visit-ulcinj.com\/blog\/#website\"},\"primaryImageOfPage\":{\"@id\":\"https:\/\/www.visit-ulcinj.com\/blog\/2015\/07\/16\/sve-vise-nudista-odmara-se-na-plazama-ade-bojane\/#primaryimage\"},\"datePublished\":\"2015-07-16T10:19:18+00:00\",\"dateModified\":\"2015-07-16T10:19:18+00:00\",\"author\":{\"@id\":\"https:\/\/www.visit-ulcinj.com\/blog\/#\/schema\/person\/dcab619c614d3038751c63bc2aadc06d\"},\"description\":\"Sve vi\u0161e nudista iz celog sveta odmara se na pla\u017eama Ade Bojane, nadomak Ulcinja. Obnovljene sve ku\u0107ice i dobijena nova kategorija. Nemci i \u010cesi naj\u010de\u0161\u0107i\",\"breadcrumb\":{\"@id\":\"https:\/\/www.visit-ulcinj.com\/blog\/2015\/07\/16\/sve-vise-nudista-odmara-se-na-plazama-ade-bojane\/#breadcrumb\"},\"inLanguage\":\"en-US\",\"potentialAction\":[{\"@type\":\"ReadAction\",\"target\":[\"https:\/\/www.visit-ulcinj.com\/blog\/2015\/07\/16\/sve-vise-nudista-odmara-se-na-plazama-ade-bojane\/\"]}]},{\"@type\":\"BreadcrumbList\",\"@id\":\"https:\/\/www.visit-ulcinj.com\/blog\/2015\/07\/16\/sve-vise-nudista-odmara-se-na-plazama-ade-bojane\/#breadcrumb\",\"itemListElement\":[{\"@type\":\"ListItem\",\"position\":1,\"name\":\"Sve vi\u0161e nudista odmara se na pla\u017eama Ade Bojane\"}]},{\"@type\":\"Person\",\"@id\":\"https:\/\/www.visit-ulcinj.com\/blog\/#\/schema\/person\/dcab619c614d3038751c63bc2aadc06d\",\"name\":\"ulqini\",\"sameAs\":[\"http:\/\/www.visit-ulcinj.com\"],\"url\":\"https:\/\/www.visit-ulcinj.com\/blog\/author\/admin\/\"}]}<\/script>\n<!-- \/ Yoast SEO plugin. -->","yoast_head_json":{"title":"Sve vi\u0161e nudista odmara se na pla\u017eama Ade Bojane - Lajme nga Ulqini","description":"Sve vi\u0161e nudista iz celog sveta odmara se na pla\u017eama Ade Bojane, nadomak Ulcinja. Obnovljene sve ku\u0107ice i dobijena nova kategorija. Nemci i \u010cesi naj\u010de\u0161\u0107i","robots":{"index":"index","follow":"follow","max-snippet":"max-snippet:-1","max-image-preview":"max-image-preview:large","max-video-preview":"max-video-preview:-1"},"canonical":"https:\/\/www.visit-ulcinj.com\/blog\/2015\/07\/16\/sve-vise-nudista-odmara-se-na-plazama-ade-bojane\/","og_locale":"en_US","og_type":"article","og_title":"Sve vi\u0161e nudista odmara se na pla\u017eama Ade Bojane - Lajme nga Ulqini","og_description":"Sve vi\u0161e nudista iz celog sveta odmara se na pla\u017eama Ade Bojane, nadomak Ulcinja. Obnovljene sve ku\u0107ice i dobijena nova kategorija. Nemci i \u010cesi naj\u010de\u0161\u0107i","og_url":"https:\/\/www.visit-ulcinj.com\/blog\/2015\/07\/16\/sve-vise-nudista-odmara-se-na-plazama-ade-bojane\/","og_site_name":"Lajme nga Ulqini","article_published_time":"2015-07-16T10:19:18+00:00","og_image":[{"url":"http:\/\/www.visit-ulcinj.com\/blog\/wp-content\/uploads\/2014\/04\/nudisticko-naselje-ada-bojana.jpg"}],"twitter_misc":{"Written by":"ulqini","Est. reading time":"2 minutes"},"schema":{"@context":"https:\/\/schema.org","@graph":[{"@type":"WebSite","@id":"https:\/\/www.visit-ulcinj.com\/blog\/#website","url":"https:\/\/www.visit-ulcinj.com\/blog\/","name":"Lajme nga Ulqini","description":"Lajme,Vijesti,Ulqini,Ulqin,Crna Gora,Mali i Zi","potentialAction":[{"@type":"SearchAction","target":{"@type":"EntryPoint","urlTemplate":"https:\/\/www.visit-ulcinj.com\/blog\/?s={search_term_string}"},"query-input":"required name=search_term_string"}],"inLanguage":"en-US"},{"@type":"ImageObject","inLanguage":"en-US","@id":"https:\/\/www.visit-ulcinj.com\/blog\/2015\/07\/16\/sve-vise-nudista-odmara-se-na-plazama-ade-bojane\/#primaryimage","url":"https:\/\/www.visit-ulcinj.com\/blog\/wp-content\/uploads\/2014\/04\/nudisticko-naselje-ada-bojana.jpg","contentUrl":"https:\/\/www.visit-ulcinj.com\/blog\/wp-content\/uploads\/2014\/04\/nudisticko-naselje-ada-bojana.jpg","width":790,"height":527},{"@type":"WebPage","@id":"https:\/\/www.visit-ulcinj.com\/blog\/2015\/07\/16\/sve-vise-nudista-odmara-se-na-plazama-ade-bojane\/#webpage","url":"https:\/\/www.visit-ulcinj.com\/blog\/2015\/07\/16\/sve-vise-nudista-odmara-se-na-plazama-ade-bojane\/","name":"Sve vi\u0161e nudista odmara se na pla\u017eama Ade Bojane - Lajme nga Ulqini","isPartOf":{"@id":"https:\/\/www.visit-ulcinj.com\/blog\/#website"},"primaryImageOfPage":{"@id":"https:\/\/www.visit-ulcinj.com\/blog\/2015\/07\/16\/sve-vise-nudista-odmara-se-na-plazama-ade-bojane\/#primaryimage"},"datePublished":"2015-07-16T10:19:18+00:00","dateModified":"2015-07-16T10:19:18+00:00","author":{"@id":"https:\/\/www.visit-ulcinj.com\/blog\/#\/schema\/person\/dcab619c614d3038751c63bc2aadc06d"},"description":"Sve vi\u0161e nudista iz celog sveta odmara se na pla\u017eama Ade Bojane, nadomak Ulcinja. Obnovljene sve ku\u0107ice i dobijena nova kategorija. Nemci i \u010cesi naj\u010de\u0161\u0107i","breadcrumb":{"@id":"https:\/\/www.visit-ulcinj.com\/blog\/2015\/07\/16\/sve-vise-nudista-odmara-se-na-plazama-ade-bojane\/#breadcrumb"},"inLanguage":"en-US","potentialAction":[{"@type":"ReadAction","target":["https:\/\/www.visit-ulcinj.com\/blog\/2015\/07\/16\/sve-vise-nudista-odmara-se-na-plazama-ade-bojane\/"]}]},{"@type":"BreadcrumbList","@id":"https:\/\/www.visit-ulcinj.com\/blog\/2015\/07\/16\/sve-vise-nudista-odmara-se-na-plazama-ade-bojane\/#breadcrumb","itemListElement":[{"@type":"ListItem","position":1,"name":"Sve vi\u0161e nudista odmara se na pla\u017eama Ade Bojane"}]},{"@type":"Person","@id":"https:\/\/www.visit-ulcinj.com\/blog\/#\/schema\/person\/dcab619c614d3038751c63bc2aadc06d","name":"ulqini","sameAs":["http:\/\/www.visit-ulcinj.com"],"url":"https:\/\/www.visit-ulcinj.com\/blog\/author\/admin\/"}]}},"jetpack_featured_media_url":"","jetpack_sharing_enabled":true,"jetpack_shortlink":"https:\/\/wp.me\/pe6lTn-nPe","_links":{"self":[{"href":"https:\/\/www.visit-ulcinj.com\/blog\/wp-json\/wp\/v2\/posts\/91588"}],"collection":[{"href":"https:\/\/www.visit-ulcinj.com\/blog\/wp-json\/wp\/v2\/posts"}],"about":[{"href":"https:\/\/www.visit-ulcinj.com\/blog\/wp-json\/wp\/v2\/types\/post"}],"author":[{"embeddable":true,"href":"https:\/\/www.visit-ulcinj.com\/blog\/wp-json\/wp\/v2\/users\/1"}],"replies":[{"embeddable":true,"href":"https:\/\/www.visit-ulcinj.com\/blog\/wp-json\/wp\/v2\/comments?post=91588"}],"version-history":[{"count":1,"href":"https:\/\/www.visit-ulcinj.com\/blog\/wp-json\/wp\/v2\/posts\/91588\/revisions"}],"predecessor-version":[{"id":91589,"href":"https:\/\/www.visit-ulcinj.com\/blog\/wp-json\/wp\/v2\/posts\/91588\/revisions\/91589"}],"wp:attachment":[{"href":"https:\/\/www.visit-ulcinj.com\/blog\/wp-json\/wp\/v2\/media?parent=91588"}],"wp:term":[{"taxonomy":"category","embeddable":true,"href":"https:\/\/www.visit-ulcinj.com\/blog\/wp-json\/wp\/v2\/categories?post=91588"},{"taxonomy":"post_tag","embeddable":true,"href":"https:\/\/www.visit-ulcinj.com\/blog\/wp-json\/wp\/v2\/tags?post=91588"}],"curies":[{"name":"wp","href":"https:\/\/api.w.org\/{rel}","templated":true}]}}