{"id":91590,"date":"2015-07-16T13:53:34","date_gmt":"2015-07-16T12:53:34","guid":{"rendered":"http:\/\/www.visit-ulcinj.com\/blog\/?p=91590"},"modified":"2015-07-19T08:24:20","modified_gmt":"2015-07-19T07:24:20","slug":"ulqini-destinacioni-pushime-verore-2015-video","status":"publish","type":"post","link":"https:\/\/www.visit-ulcinj.com\/blog\/2015\/07\/16\/ulqini-destinacioni-pushime-verore-2015-video\/","title":{"rendered":"Ulqini destinacioni i pushime verore 2015 &#8211; Video"},"content":{"rendered":"<p><a href=\"http:\/\/www.visit-ulcinj.com\/blog\/wp-content\/uploads\/2015\/07\/Hotel-Mediteran-Ulqin.jpg\"><img loading=\"lazy\" class=\"alignleft wp-image-91591\" src=\"http:\/\/www.visit-ulcinj.com\/blog\/wp-content\/uploads\/2015\/07\/Hotel-Mediteran-Ulqin.jpg\" alt=\"Hotel-Mediteran-Ulqin\" width=\"508\" height=\"381\" srcset=\"https:\/\/www.visit-ulcinj.com\/blog\/wp-content\/uploads\/2015\/07\/Hotel-Mediteran-Ulqin.jpg 800w, https:\/\/www.visit-ulcinj.com\/blog\/wp-content\/uploads\/2015\/07\/Hotel-Mediteran-Ulqin-300x225.jpg 300w\" sizes=\"(max-width: 508px) 100vw, 508px\" \/><\/a>Plazhi i Ulqinit edhe m\u00eb tutje mbetet nj\u00ebri nd\u00ebr plazhet m\u00eb t\u00eb frekuentuar nga qytetar\u00ebt dhe diaspora e Republik\u00ebs s\u00eb Kosov\u00ebs dhe Shqiperise, poashtu nj\u00ebri nd\u00ebr hotelet me t\u00eb preferuara n\u00eb Ulqin mbetet Hotel Mediteran.\u00a0 I cili esht\u00eb i vendosur n\u00eb qytetin piktoresk n\u00eb Ulqin i rrethuar nga pyjet e palmave dhe t\u00eb pishave, \u00ebsht\u00eb vet\u00ebm pak metra larg plazhit t\u00eb pishave apo plazhit t\u00eb vog\u00ebl, i vendosur n\u00eb zem\u00ebr t\u00eb Ulqinit.<\/p>\n<p>Hoteli Mediteran esht\u00eb p\u00ebrfaq\u00ebson historin\u00eb e zhvillimit t\u00eb turizmit dhe mik\u00ebpritjes n\u00eb Ulqini, pasi nd\u00ebrtimi I tij daton 50 vite m\u00eb her\u00ebt, ku Ulqini ka shenuar kulmin e suksesit si destinacion I mir\u00ebfillt\u00eb turistik n\u00eb is-Jugoslavin\u00eb. \u00a0 \u00a0<a href=\"https:\/\/www.facebook.com\/HotelMediteranUlqin\/photos\/pcb.10153343846248936\/10153343837953936\/?type=1&amp;theater\">Foto<\/a><\/p>\n<p>Ende sot kjo ndertese qendron krenare duke mos i mbyllur dyert asnjehere dhe duke vazhduar misionin e percaktuar \u201cMik\u00ebpritjen e vizitor\u00ebve t\u00eb Ulqinit\u201d, duke iu falenderuar faktit q\u00eb Hoteli \u00ebsht\u00eb privatizuar nga kompanija Amerikane \u201cBecovic Management Group\u201d, kompani e cili drejtohet nga familja me prejardhje shqiptare \u201cBecovic\u201dnga Ulqini, t\u00eb cil\u00ebt n\u00eb m\u00ebnyr\u00eb t\u00eb vazhdueshme I kushtojn\u00eb kujdes duke risjellur cdo vit\u00eb risi p\u00ebr mysafir\u00ebt e hotelit. Poashtu stafi I hotelit me krenari e ruan k\u00ebt\u00eb objekt, pasi p\u00ebr rreth tij objektet tjera t\u00eb asaj periulle nuk egzistojn\u00eb sot.<\/p>\n<p>&nbsp;<\/p>\n<p>Fakt: The New York Times \u00a0emeroi Hotein Mediteran s\u00eb bashku me Ada Bojana dhe Plazhin e madh t\u00eb Ulqinit si \u201cVendet me t\u00eb preferuara p\u00ebr udh\u00ebtim \u00eb 2010\u201d.\u00a0<a href=\"http:\/\/www.nytimes.com\/2010\/01\/10\/travel\/10places.html?ref=travel&amp;_r=1&amp;pagewanted=6\" target=\"_blank\">Link<\/a><\/p>\n<p>Hotel Mediteran ndodhet ne zem\u00ebr t\u00eb Ulqinit i rrethuar me pisha, vet\u00ebm disa minuta ecje k\u00ebmb\u00eb nga plazhi i vog\u00ebl. Hoteli ofron mikpritjen tradicionale ballkanase me atmosfer\u00ebn e tij t\u00eb ve\u00e7ant\u00eb. Hotel Mediterani, \u00ebsht\u00eb n\u00eb nj\u00eb pozicion dominues me pamje nga deti. Hoteli \u00ebsht\u00eb mikprit\u00ebs, restoranti ofron nj\u00eb meny t\u00eb shum\u00ebllojshme dhe t\u00eb mir\u00eb p\u00ebr njer\u00ebzit q\u00eb duan t\u00eb shijojn\u00eb specialitetet lokale dhe internacionale. Dhomat jan\u00eb t\u00eb mjaftueshme p\u00ebr t\u00eb gjitha k\u00ebrkesat e klient\u00ebve dhe stafi \u00ebsht\u00eb miq\u00ebsor dhe i dobish\u00ebm.<\/p>\n<p>Hotel Mediteran, ka 134 dhoma t\u00eb mrekullueshme t\u00eb rinovuar, t\u00eb vendosura n\u00eb vila t\u00eb ve\u00e7anta, godin\u00ebn qendrore me nj\u00eb hap\u00ebsir\u00eb t\u00eb madhe, sall\u00ebn, restorantin n\u00eb stilin familjar, deck bar, salla p\u00ebr TV dhe surpriza t\u00eb tjera p\u00ebr klient\u00ebt.<\/p>\n<p>Hoteli momentalisht ka num\u00ebr t\u00eb madh turist\u00ebsh nga shtete t\u00eb ndryshme.<br \/>\nSuzana Muja<\/p>\n<!--YouTube Error: bad URL entered-->\n","protected":false},"excerpt":{"rendered":"<p>Plazhi i Ulqinit edhe m\u00eb tutje mbetet nj\u00ebri nd\u00ebr plazhet m\u00eb t\u00eb frekuentuar nga qytetar\u00ebt dhe diaspora e Republik\u00ebs s\u00eb Kosov\u00ebs dhe Shqiperise, poashtu nj\u00ebri nd\u00ebr hotelet me t\u00eb preferuara n\u00eb Ulqin mbetet Hotel Mediteran.\u00a0 I cili esht\u00eb i vendosur n\u00eb qytetin piktoresk n\u00eb Ulqin i rrethuar nga pyjet e palmave dhe t\u00eb pishave, \u00ebsht\u00eb [&hellip;]<\/p>\n","protected":false},"author":1,"featured_media":0,"comment_status":"closed","ping_status":"closed","sticky":false,"template":"","format":"standard","meta":{"spay_email":"","jetpack_publicize_message":"","jetpack_is_tweetstorm":false,"jetpack_publicize_feature_enabled":true},"categories":[1,15],"tags":[],"jetpack_publicize_connections":[],"yoast_head":"<!-- This site is optimized with the Yoast SEO plugin v19.1 - https:\/\/yoast.com\/wordpress\/plugins\/seo\/ -->\n<title>Ulqini destinacioni i pushime verore 2015 - Video - Lajme nga Ulqini<\/title>\n<meta name=\"description\" content=\"Plazhi i Ulqinit edhe m\u00eb tutje mbetet nj\u00ebri nd\u00ebr plazhet m\u00eb t\u00eb frekuentuar nga qytetar\u00ebt dhe diaspora e Republik\u00ebs s\u00eb Kosov\u00ebs dhe Shqiperise, poashtu\" \/>\n<meta name=\"robots\" content=\"index, follow, max-snippet:-1, max-image-preview:large, max-video-preview:-1\" \/>\n<link rel=\"canonical\" href=\"https:\/\/www.visit-ulcinj.com\/blog\/2015\/07\/16\/ulqini-destinacioni-pushime-verore-2015-video\/\" \/>\n<meta property=\"og:locale\" content=\"en_US\" \/>\n<meta property=\"og:type\" content=\"article\" \/>\n<meta property=\"og:title\" content=\"Ulqini destinacioni i pushime verore 2015 - Video - Lajme nga Ulqini\" \/>\n<meta property=\"og:description\" content=\"Plazhi i Ulqinit edhe m\u00eb tutje mbetet nj\u00ebri nd\u00ebr plazhet m\u00eb t\u00eb frekuentuar nga qytetar\u00ebt dhe diaspora e Republik\u00ebs s\u00eb Kosov\u00ebs dhe Shqiperise, poashtu\" \/>\n<meta property=\"og:url\" content=\"https:\/\/www.visit-ulcinj.com\/blog\/2015\/07\/16\/ulqini-destinacioni-pushime-verore-2015-video\/\" \/>\n<meta property=\"og:site_name\" content=\"Lajme nga Ulqini\" \/>\n<meta property=\"article:published_time\" content=\"2015-07-16T12:53:34+00:00\" \/>\n<meta property=\"article:modified_time\" content=\"2015-07-19T07:24:20+00:00\" \/>\n<meta property=\"og:image\" content=\"http:\/\/www.visit-ulcinj.com\/blog\/wp-content\/uploads\/2015\/07\/Hotel-Mediteran-Ulqin.jpg\" \/>\n<meta name=\"twitter:label1\" content=\"Written by\" \/>\n\t<meta name=\"twitter:data1\" content=\"ulqini\" \/>\n\t<meta name=\"twitter:label2\" content=\"Est. reading time\" \/>\n\t<meta name=\"twitter:data2\" content=\"2 minutes\" \/>\n<script type=\"application\/ld+json\" class=\"yoast-schema-graph\">{\"@context\":\"https:\/\/schema.org\",\"@graph\":[{\"@type\":\"WebSite\",\"@id\":\"https:\/\/www.visit-ulcinj.com\/blog\/#website\",\"url\":\"https:\/\/www.visit-ulcinj.com\/blog\/\",\"name\":\"Lajme nga Ulqini\",\"description\":\"Lajme,Vijesti,Ulqini,Ulqin,Crna Gora,Mali i Zi\",\"potentialAction\":[{\"@type\":\"SearchAction\",\"target\":{\"@type\":\"EntryPoint\",\"urlTemplate\":\"https:\/\/www.visit-ulcinj.com\/blog\/?s={search_term_string}\"},\"query-input\":\"required name=search_term_string\"}],\"inLanguage\":\"en-US\"},{\"@type\":\"ImageObject\",\"inLanguage\":\"en-US\",\"@id\":\"https:\/\/www.visit-ulcinj.com\/blog\/2015\/07\/16\/ulqini-destinacioni-pushime-verore-2015-video\/#primaryimage\",\"url\":\"https:\/\/www.visit-ulcinj.com\/blog\/wp-content\/uploads\/2015\/07\/Hotel-Mediteran-Ulqin.jpg\",\"contentUrl\":\"https:\/\/www.visit-ulcinj.com\/blog\/wp-content\/uploads\/2015\/07\/Hotel-Mediteran-Ulqin.jpg\",\"width\":800,\"height\":600},{\"@type\":\"WebPage\",\"@id\":\"https:\/\/www.visit-ulcinj.com\/blog\/2015\/07\/16\/ulqini-destinacioni-pushime-verore-2015-video\/#webpage\",\"url\":\"https:\/\/www.visit-ulcinj.com\/blog\/2015\/07\/16\/ulqini-destinacioni-pushime-verore-2015-video\/\",\"name\":\"Ulqini destinacioni i pushime verore 2015 - Video - Lajme nga Ulqini\",\"isPartOf\":{\"@id\":\"https:\/\/www.visit-ulcinj.com\/blog\/#website\"},\"primaryImageOfPage\":{\"@id\":\"https:\/\/www.visit-ulcinj.com\/blog\/2015\/07\/16\/ulqini-destinacioni-pushime-verore-2015-video\/#primaryimage\"},\"datePublished\":\"2015-07-16T12:53:34+00:00\",\"dateModified\":\"2015-07-19T07:24:20+00:00\",\"author\":{\"@id\":\"https:\/\/www.visit-ulcinj.com\/blog\/#\/schema\/person\/dcab619c614d3038751c63bc2aadc06d\"},\"description\":\"Plazhi i Ulqinit edhe m\u00eb tutje mbetet nj\u00ebri nd\u00ebr plazhet m\u00eb t\u00eb frekuentuar nga qytetar\u00ebt dhe diaspora e Republik\u00ebs s\u00eb Kosov\u00ebs dhe Shqiperise, poashtu\",\"breadcrumb\":{\"@id\":\"https:\/\/www.visit-ulcinj.com\/blog\/2015\/07\/16\/ulqini-destinacioni-pushime-verore-2015-video\/#breadcrumb\"},\"inLanguage\":\"en-US\",\"potentialAction\":[{\"@type\":\"ReadAction\",\"target\":[\"https:\/\/www.visit-ulcinj.com\/blog\/2015\/07\/16\/ulqini-destinacioni-pushime-verore-2015-video\/\"]}]},{\"@type\":\"BreadcrumbList\",\"@id\":\"https:\/\/www.visit-ulcinj.com\/blog\/2015\/07\/16\/ulqini-destinacioni-pushime-verore-2015-video\/#breadcrumb\",\"itemListElement\":[{\"@type\":\"ListItem\",\"position\":1,\"name\":\"Ulqini destinacioni i pushime verore 2015 &#8211; Video\"}]},{\"@type\":\"Person\",\"@id\":\"https:\/\/www.visit-ulcinj.com\/blog\/#\/schema\/person\/dcab619c614d3038751c63bc2aadc06d\",\"name\":\"ulqini\",\"sameAs\":[\"http:\/\/www.visit-ulcinj.com\"],\"url\":\"https:\/\/www.visit-ulcinj.com\/blog\/author\/admin\/\"}]}<\/script>\n<!-- \/ Yoast SEO plugin. -->","yoast_head_json":{"title":"Ulqini destinacioni i pushime verore 2015 - Video - Lajme nga Ulqini","description":"Plazhi i Ulqinit edhe m\u00eb tutje mbetet nj\u00ebri nd\u00ebr plazhet m\u00eb t\u00eb frekuentuar nga qytetar\u00ebt dhe diaspora e Republik\u00ebs s\u00eb Kosov\u00ebs dhe Shqiperise, poashtu","robots":{"index":"index","follow":"follow","max-snippet":"max-snippet:-1","max-image-preview":"max-image-preview:large","max-video-preview":"max-video-preview:-1"},"canonical":"https:\/\/www.visit-ulcinj.com\/blog\/2015\/07\/16\/ulqini-destinacioni-pushime-verore-2015-video\/","og_locale":"en_US","og_type":"article","og_title":"Ulqini destinacioni i pushime verore 2015 - Video - Lajme nga Ulqini","og_description":"Plazhi i Ulqinit edhe m\u00eb tutje mbetet nj\u00ebri nd\u00ebr plazhet m\u00eb t\u00eb frekuentuar nga qytetar\u00ebt dhe diaspora e Republik\u00ebs s\u00eb Kosov\u00ebs dhe Shqiperise, poashtu","og_url":"https:\/\/www.visit-ulcinj.com\/blog\/2015\/07\/16\/ulqini-destinacioni-pushime-verore-2015-video\/","og_site_name":"Lajme nga Ulqini","article_published_time":"2015-07-16T12:53:34+00:00","article_modified_time":"2015-07-19T07:24:20+00:00","og_image":[{"url":"http:\/\/www.visit-ulcinj.com\/blog\/wp-content\/uploads\/2015\/07\/Hotel-Mediteran-Ulqin.jpg"}],"twitter_misc":{"Written by":"ulqini","Est. reading time":"2 minutes"},"schema":{"@context":"https:\/\/schema.org","@graph":[{"@type":"WebSite","@id":"https:\/\/www.visit-ulcinj.com\/blog\/#website","url":"https:\/\/www.visit-ulcinj.com\/blog\/","name":"Lajme nga Ulqini","description":"Lajme,Vijesti,Ulqini,Ulqin,Crna Gora,Mali i Zi","potentialAction":[{"@type":"SearchAction","target":{"@type":"EntryPoint","urlTemplate":"https:\/\/www.visit-ulcinj.com\/blog\/?s={search_term_string}"},"query-input":"required name=search_term_string"}],"inLanguage":"en-US"},{"@type":"ImageObject","inLanguage":"en-US","@id":"https:\/\/www.visit-ulcinj.com\/blog\/2015\/07\/16\/ulqini-destinacioni-pushime-verore-2015-video\/#primaryimage","url":"https:\/\/www.visit-ulcinj.com\/blog\/wp-content\/uploads\/2015\/07\/Hotel-Mediteran-Ulqin.jpg","contentUrl":"https:\/\/www.visit-ulcinj.com\/blog\/wp-content\/uploads\/2015\/07\/Hotel-Mediteran-Ulqin.jpg","width":800,"height":600},{"@type":"WebPage","@id":"https:\/\/www.visit-ulcinj.com\/blog\/2015\/07\/16\/ulqini-destinacioni-pushime-verore-2015-video\/#webpage","url":"https:\/\/www.visit-ulcinj.com\/blog\/2015\/07\/16\/ulqini-destinacioni-pushime-verore-2015-video\/","name":"Ulqini destinacioni i pushime verore 2015 - Video - Lajme nga Ulqini","isPartOf":{"@id":"https:\/\/www.visit-ulcinj.com\/blog\/#website"},"primaryImageOfPage":{"@id":"https:\/\/www.visit-ulcinj.com\/blog\/2015\/07\/16\/ulqini-destinacioni-pushime-verore-2015-video\/#primaryimage"},"datePublished":"2015-07-16T12:53:34+00:00","dateModified":"2015-07-19T07:24:20+00:00","author":{"@id":"https:\/\/www.visit-ulcinj.com\/blog\/#\/schema\/person\/dcab619c614d3038751c63bc2aadc06d"},"description":"Plazhi i Ulqinit edhe m\u00eb tutje mbetet nj\u00ebri nd\u00ebr plazhet m\u00eb t\u00eb frekuentuar nga qytetar\u00ebt dhe diaspora e Republik\u00ebs s\u00eb Kosov\u00ebs dhe Shqiperise, poashtu","breadcrumb":{"@id":"https:\/\/www.visit-ulcinj.com\/blog\/2015\/07\/16\/ulqini-destinacioni-pushime-verore-2015-video\/#breadcrumb"},"inLanguage":"en-US","potentialAction":[{"@type":"ReadAction","target":["https:\/\/www.visit-ulcinj.com\/blog\/2015\/07\/16\/ulqini-destinacioni-pushime-verore-2015-video\/"]}]},{"@type":"BreadcrumbList","@id":"https:\/\/www.visit-ulcinj.com\/blog\/2015\/07\/16\/ulqini-destinacioni-pushime-verore-2015-video\/#breadcrumb","itemListElement":[{"@type":"ListItem","position":1,"name":"Ulqini destinacioni i pushime verore 2015 &#8211; Video"}]},{"@type":"Person","@id":"https:\/\/www.visit-ulcinj.com\/blog\/#\/schema\/person\/dcab619c614d3038751c63bc2aadc06d","name":"ulqini","sameAs":["http:\/\/www.visit-ulcinj.com"],"url":"https:\/\/www.visit-ulcinj.com\/blog\/author\/admin\/"}]}},"jetpack_featured_media_url":"","jetpack_sharing_enabled":true,"jetpack_shortlink":"https:\/\/wp.me\/pe6lTn-nPg","_links":{"self":[{"href":"https:\/\/www.visit-ulcinj.com\/blog\/wp-json\/wp\/v2\/posts\/91590"}],"collection":[{"href":"https:\/\/www.visit-ulcinj.com\/blog\/wp-json\/wp\/v2\/posts"}],"about":[{"href":"https:\/\/www.visit-ulcinj.com\/blog\/wp-json\/wp\/v2\/types\/post"}],"author":[{"embeddable":true,"href":"https:\/\/www.visit-ulcinj.com\/blog\/wp-json\/wp\/v2\/users\/1"}],"replies":[{"embeddable":true,"href":"https:\/\/www.visit-ulcinj.com\/blog\/wp-json\/wp\/v2\/comments?post=91590"}],"version-history":[{"count":2,"href":"https:\/\/www.visit-ulcinj.com\/blog\/wp-json\/wp\/v2\/posts\/91590\/revisions"}],"predecessor-version":[{"id":91597,"href":"https:\/\/www.visit-ulcinj.com\/blog\/wp-json\/wp\/v2\/posts\/91590\/revisions\/91597"}],"wp:attachment":[{"href":"https:\/\/www.visit-ulcinj.com\/blog\/wp-json\/wp\/v2\/media?parent=91590"}],"wp:term":[{"taxonomy":"category","embeddable":true,"href":"https:\/\/www.visit-ulcinj.com\/blog\/wp-json\/wp\/v2\/categories?post=91590"},{"taxonomy":"post_tag","embeddable":true,"href":"https:\/\/www.visit-ulcinj.com\/blog\/wp-json\/wp\/v2\/tags?post=91590"}],"curies":[{"name":"wp","href":"https:\/\/api.w.org\/{rel}","templated":true}]}}