{"id":91594,"date":"2015-07-16T18:01:15","date_gmt":"2015-07-16T17:01:15","guid":{"rendered":"http:\/\/www.visit-ulcinj.com\/blog\/?p=91594"},"modified":"2015-07-16T18:01:15","modified_gmt":"2015-07-16T17:01:15","slug":"kksh-urime-festen-e-bajramit-te-madh","status":"publish","type":"post","link":"https:\/\/www.visit-ulcinj.com\/blog\/2015\/07\/16\/kksh-urime-festen-e-bajramit-te-madh\/","title":{"rendered":"KKSH: Urime fest\u00ebn e Bajramit t\u00eb Madh"},"content":{"rendered":"<p><strong><a href=\"http:\/\/www.visit-ulcinj.com\/blog\/wp-content\/uploads\/2015\/07\/FITER-BAJRAMI.jpg\"><img loading=\"lazy\" class=\"alignleft wp-image-91595 size-full\" src=\"http:\/\/www.visit-ulcinj.com\/blog\/wp-content\/uploads\/2015\/07\/FITER-BAJRAMI.jpg\" alt=\"FITER-BAJRAMI\" width=\"300\" height=\"168\" \/><\/a>K\u00cbSHILLI KOMB\u00cbTAR I SHQIPTAR\u00cbVE N\u00cb MALIN E ZI<\/strong><\/p>\n<p><strong>NACIONALNI SAVJET ALBANACA U CRNOJ GORI<\/strong><\/p>\n<p><strong>ALBANIAN \u00a0 NATIONAL COUNCIL IN MONTENEGRO<\/strong><\/p>\n<p><strong>Nr. 157-d \/15<\/strong><\/p>\n<p>Ulqin, me 16.07. 2015<\/p>\n<p><strong>\u00a0<\/strong><\/p>\n<p style=\"text-align: center;\"><strong>Urime fest\u00ebn e Bajramit t\u00eb Madh <\/strong><\/p>\n<p>&nbsp;<\/p>\n<p>Kryetari i K\u00ebshillit Komb\u00ebtar t\u00eb Shqiptar\u00ebve n\u00eb Malin e Zi, Genci Nimanbegu, uron t\u00eb gjith\u00eb besimtar\u00ebve mysliman g\u00ebzuar fest\u00ebn e Bajramit t\u00eb Madh.<\/p>\n<p>T\u00eb nderuar besimtar mysliman, Ju q\u00eb me vullnet dhe bindje t\u00eb thell\u00eb gjat\u00eb muajti t\u00eb Ramazanit e privuat veten nga ushqimi, pija dhe jo vet\u00ebm, pa dyshim q\u00eb festa e Bajramit, vjen si dhurat\u00eb nga zoti p\u00ebr Ju. Zoti e pranoft\u00eb \u00e7do sakrific\u00eb dhe lutje tuajen.<\/p>\n<p>Uroj q\u00eb k\u00ebto dit\u00eb feste t\u2019i shfrytzojm\u00eb t\u00eb gjith\u00eb s\u00eb bashku, p\u00ebr vizita t\u00eb nd\u00ebrsjellta, p\u00ebr t\u00eb trasmetuar dashuri dhe respekt ndaj nj\u00ebri tjetrit, ashtu si\u00e7 e do tradita e shqiptare.<\/p>\n<p>Le t\u00eb sh\u00ebrbej kjo fest\u00eb si shenj\u00eb mir\u00ebkuptimi, tolerance e unifikimi nd\u00ebrmjet shqiptar\u00ebve t\u00eb t\u00eb gjitha besimeve fetare, n\u00eb nj\u00eb komb\u00eb t\u00eb vetem.<\/p>\n<p>N\u00eb emrin tim personal dhe t\u00eb institucionit q\u00eb drejtoj, Ju uroj t\u00eb kaloni sa m\u00eb mir\u00eb, pran\u00eb miq\u00ebve dhe t\u00eb af\u00ebrmve Tuaj n\u00eb k\u00ebto dit\u00eb t\u00eb sh\u00ebnuara.<\/p>\n<p>&nbsp;<\/p>\n<p>G\u00ebzuar !<\/p>\n<p><strong>Kryetari<\/strong><\/p>\n<p><strong>Genci Nimanbegu<\/strong><\/p>\n","protected":false},"excerpt":{"rendered":"<p>K\u00cbSHILLI KOMB\u00cbTAR I SHQIPTAR\u00cbVE N\u00cb MALIN E ZI NACIONALNI SAVJET ALBANACA U CRNOJ GORI ALBANIAN \u00a0 NATIONAL COUNCIL IN MONTENEGRO Nr. 157-d \/15 Ulqin, me 16.07. 2015 \u00a0 Urime fest\u00ebn e Bajramit t\u00eb Madh &nbsp; Kryetari i K\u00ebshillit Komb\u00ebtar t\u00eb Shqiptar\u00ebve n\u00eb Malin e Zi, Genci Nimanbegu, uron t\u00eb gjith\u00eb besimtar\u00ebve mysliman g\u00ebzuar fest\u00ebn e [&hellip;]<\/p>\n","protected":false},"author":1,"featured_media":0,"comment_status":"closed","ping_status":"closed","sticky":false,"template":"","format":"standard","meta":{"spay_email":"","jetpack_publicize_message":"","jetpack_is_tweetstorm":false,"jetpack_publicize_feature_enabled":true},"categories":[6950],"tags":[],"jetpack_publicize_connections":[],"yoast_head":"<!-- This site is optimized with the Yoast SEO plugin v19.1 - https:\/\/yoast.com\/wordpress\/plugins\/seo\/ -->\n<title>KKSH: Urime fest\u00ebn e Bajramit t\u00eb Madh - Lajme nga Ulqini<\/title>\n<meta name=\"description\" content=\"K\u00cbSHILLI KOMB\u00cbTAR I SHQIPTAR\u00cbVE N\u00cb MALIN E ZI NACIONALNI SAVJET ALBANACA U CRNOJ GORI ALBANIAN \u00a0 NATIONAL COUNCIL IN MONTENEGRO Nr. 157-d \/15 Ulqin, me\" \/>\n<meta name=\"robots\" content=\"index, follow, max-snippet:-1, max-image-preview:large, max-video-preview:-1\" \/>\n<link rel=\"canonical\" href=\"https:\/\/www.visit-ulcinj.com\/blog\/2015\/07\/16\/kksh-urime-festen-e-bajramit-te-madh\/\" \/>\n<meta property=\"og:locale\" content=\"en_US\" \/>\n<meta property=\"og:type\" content=\"article\" \/>\n<meta property=\"og:title\" content=\"KKSH: Urime fest\u00ebn e Bajramit t\u00eb Madh - Lajme nga Ulqini\" \/>\n<meta property=\"og:description\" content=\"K\u00cbSHILLI KOMB\u00cbTAR I SHQIPTAR\u00cbVE N\u00cb MALIN E ZI NACIONALNI SAVJET ALBANACA U CRNOJ GORI ALBANIAN \u00a0 NATIONAL COUNCIL IN MONTENEGRO Nr. 157-d \/15 Ulqin, me\" \/>\n<meta property=\"og:url\" content=\"https:\/\/www.visit-ulcinj.com\/blog\/2015\/07\/16\/kksh-urime-festen-e-bajramit-te-madh\/\" \/>\n<meta property=\"og:site_name\" content=\"Lajme nga Ulqini\" \/>\n<meta property=\"article:published_time\" content=\"2015-07-16T17:01:15+00:00\" \/>\n<meta property=\"og:image\" content=\"http:\/\/www.visit-ulcinj.com\/blog\/wp-content\/uploads\/2015\/07\/FITER-BAJRAMI.jpg\" \/>\n<meta name=\"twitter:label1\" content=\"Written by\" \/>\n\t<meta name=\"twitter:data1\" content=\"ulqini\" \/>\n\t<meta name=\"twitter:label2\" content=\"Est. reading time\" \/>\n\t<meta name=\"twitter:data2\" content=\"1 minute\" \/>\n<script type=\"application\/ld+json\" class=\"yoast-schema-graph\">{\"@context\":\"https:\/\/schema.org\",\"@graph\":[{\"@type\":\"WebSite\",\"@id\":\"https:\/\/www.visit-ulcinj.com\/blog\/#website\",\"url\":\"https:\/\/www.visit-ulcinj.com\/blog\/\",\"name\":\"Lajme nga Ulqini\",\"description\":\"Lajme,Vijesti,Ulqini,Ulqin,Crna Gora,Mali i Zi\",\"potentialAction\":[{\"@type\":\"SearchAction\",\"target\":{\"@type\":\"EntryPoint\",\"urlTemplate\":\"https:\/\/www.visit-ulcinj.com\/blog\/?s={search_term_string}\"},\"query-input\":\"required name=search_term_string\"}],\"inLanguage\":\"en-US\"},{\"@type\":\"ImageObject\",\"inLanguage\":\"en-US\",\"@id\":\"https:\/\/www.visit-ulcinj.com\/blog\/2015\/07\/16\/kksh-urime-festen-e-bajramit-te-madh\/#primaryimage\",\"url\":\"http:\/\/www.visit-ulcinj.com\/blog\/wp-content\/uploads\/2015\/07\/FITER-BAJRAMI.jpg\",\"contentUrl\":\"http:\/\/www.visit-ulcinj.com\/blog\/wp-content\/uploads\/2015\/07\/FITER-BAJRAMI.jpg\"},{\"@type\":\"WebPage\",\"@id\":\"https:\/\/www.visit-ulcinj.com\/blog\/2015\/07\/16\/kksh-urime-festen-e-bajramit-te-madh\/#webpage\",\"url\":\"https:\/\/www.visit-ulcinj.com\/blog\/2015\/07\/16\/kksh-urime-festen-e-bajramit-te-madh\/\",\"name\":\"KKSH: Urime fest\u00ebn e Bajramit t\u00eb Madh - Lajme nga Ulqini\",\"isPartOf\":{\"@id\":\"https:\/\/www.visit-ulcinj.com\/blog\/#website\"},\"primaryImageOfPage\":{\"@id\":\"https:\/\/www.visit-ulcinj.com\/blog\/2015\/07\/16\/kksh-urime-festen-e-bajramit-te-madh\/#primaryimage\"},\"datePublished\":\"2015-07-16T17:01:15+00:00\",\"dateModified\":\"2015-07-16T17:01:15+00:00\",\"author\":{\"@id\":\"https:\/\/www.visit-ulcinj.com\/blog\/#\/schema\/person\/dcab619c614d3038751c63bc2aadc06d\"},\"description\":\"K\u00cbSHILLI KOMB\u00cbTAR I SHQIPTAR\u00cbVE N\u00cb MALIN E ZI NACIONALNI SAVJET ALBANACA U CRNOJ GORI ALBANIAN \u00a0 NATIONAL COUNCIL IN MONTENEGRO Nr. 157-d \/15 Ulqin, me\",\"breadcrumb\":{\"@id\":\"https:\/\/www.visit-ulcinj.com\/blog\/2015\/07\/16\/kksh-urime-festen-e-bajramit-te-madh\/#breadcrumb\"},\"inLanguage\":\"en-US\",\"potentialAction\":[{\"@type\":\"ReadAction\",\"target\":[\"https:\/\/www.visit-ulcinj.com\/blog\/2015\/07\/16\/kksh-urime-festen-e-bajramit-te-madh\/\"]}]},{\"@type\":\"BreadcrumbList\",\"@id\":\"https:\/\/www.visit-ulcinj.com\/blog\/2015\/07\/16\/kksh-urime-festen-e-bajramit-te-madh\/#breadcrumb\",\"itemListElement\":[{\"@type\":\"ListItem\",\"position\":1,\"name\":\"KKSH: Urime fest\u00ebn e Bajramit t\u00eb Madh\"}]},{\"@type\":\"Person\",\"@id\":\"https:\/\/www.visit-ulcinj.com\/blog\/#\/schema\/person\/dcab619c614d3038751c63bc2aadc06d\",\"name\":\"ulqini\",\"sameAs\":[\"http:\/\/www.visit-ulcinj.com\"],\"url\":\"https:\/\/www.visit-ulcinj.com\/blog\/author\/admin\/\"}]}<\/script>\n<!-- \/ Yoast SEO plugin. -->","yoast_head_json":{"title":"KKSH: Urime fest\u00ebn e Bajramit t\u00eb Madh - Lajme nga Ulqini","description":"K\u00cbSHILLI KOMB\u00cbTAR I SHQIPTAR\u00cbVE N\u00cb MALIN E ZI NACIONALNI SAVJET ALBANACA U CRNOJ GORI ALBANIAN \u00a0 NATIONAL COUNCIL IN MONTENEGRO Nr. 157-d \/15 Ulqin, me","robots":{"index":"index","follow":"follow","max-snippet":"max-snippet:-1","max-image-preview":"max-image-preview:large","max-video-preview":"max-video-preview:-1"},"canonical":"https:\/\/www.visit-ulcinj.com\/blog\/2015\/07\/16\/kksh-urime-festen-e-bajramit-te-madh\/","og_locale":"en_US","og_type":"article","og_title":"KKSH: Urime fest\u00ebn e Bajramit t\u00eb Madh - Lajme nga Ulqini","og_description":"K\u00cbSHILLI KOMB\u00cbTAR I SHQIPTAR\u00cbVE N\u00cb MALIN E ZI NACIONALNI SAVJET ALBANACA U CRNOJ GORI ALBANIAN \u00a0 NATIONAL COUNCIL IN MONTENEGRO Nr. 157-d \/15 Ulqin, me","og_url":"https:\/\/www.visit-ulcinj.com\/blog\/2015\/07\/16\/kksh-urime-festen-e-bajramit-te-madh\/","og_site_name":"Lajme nga Ulqini","article_published_time":"2015-07-16T17:01:15+00:00","og_image":[{"url":"http:\/\/www.visit-ulcinj.com\/blog\/wp-content\/uploads\/2015\/07\/FITER-BAJRAMI.jpg"}],"twitter_misc":{"Written by":"ulqini","Est. reading time":"1 minute"},"schema":{"@context":"https:\/\/schema.org","@graph":[{"@type":"WebSite","@id":"https:\/\/www.visit-ulcinj.com\/blog\/#website","url":"https:\/\/www.visit-ulcinj.com\/blog\/","name":"Lajme nga Ulqini","description":"Lajme,Vijesti,Ulqini,Ulqin,Crna Gora,Mali i Zi","potentialAction":[{"@type":"SearchAction","target":{"@type":"EntryPoint","urlTemplate":"https:\/\/www.visit-ulcinj.com\/blog\/?s={search_term_string}"},"query-input":"required name=search_term_string"}],"inLanguage":"en-US"},{"@type":"ImageObject","inLanguage":"en-US","@id":"https:\/\/www.visit-ulcinj.com\/blog\/2015\/07\/16\/kksh-urime-festen-e-bajramit-te-madh\/#primaryimage","url":"http:\/\/www.visit-ulcinj.com\/blog\/wp-content\/uploads\/2015\/07\/FITER-BAJRAMI.jpg","contentUrl":"http:\/\/www.visit-ulcinj.com\/blog\/wp-content\/uploads\/2015\/07\/FITER-BAJRAMI.jpg"},{"@type":"WebPage","@id":"https:\/\/www.visit-ulcinj.com\/blog\/2015\/07\/16\/kksh-urime-festen-e-bajramit-te-madh\/#webpage","url":"https:\/\/www.visit-ulcinj.com\/blog\/2015\/07\/16\/kksh-urime-festen-e-bajramit-te-madh\/","name":"KKSH: Urime fest\u00ebn e Bajramit t\u00eb Madh - Lajme nga Ulqini","isPartOf":{"@id":"https:\/\/www.visit-ulcinj.com\/blog\/#website"},"primaryImageOfPage":{"@id":"https:\/\/www.visit-ulcinj.com\/blog\/2015\/07\/16\/kksh-urime-festen-e-bajramit-te-madh\/#primaryimage"},"datePublished":"2015-07-16T17:01:15+00:00","dateModified":"2015-07-16T17:01:15+00:00","author":{"@id":"https:\/\/www.visit-ulcinj.com\/blog\/#\/schema\/person\/dcab619c614d3038751c63bc2aadc06d"},"description":"K\u00cbSHILLI KOMB\u00cbTAR I SHQIPTAR\u00cbVE N\u00cb MALIN E ZI NACIONALNI SAVJET ALBANACA U CRNOJ GORI ALBANIAN \u00a0 NATIONAL COUNCIL IN MONTENEGRO Nr. 157-d \/15 Ulqin, me","breadcrumb":{"@id":"https:\/\/www.visit-ulcinj.com\/blog\/2015\/07\/16\/kksh-urime-festen-e-bajramit-te-madh\/#breadcrumb"},"inLanguage":"en-US","potentialAction":[{"@type":"ReadAction","target":["https:\/\/www.visit-ulcinj.com\/blog\/2015\/07\/16\/kksh-urime-festen-e-bajramit-te-madh\/"]}]},{"@type":"BreadcrumbList","@id":"https:\/\/www.visit-ulcinj.com\/blog\/2015\/07\/16\/kksh-urime-festen-e-bajramit-te-madh\/#breadcrumb","itemListElement":[{"@type":"ListItem","position":1,"name":"KKSH: Urime fest\u00ebn e Bajramit t\u00eb Madh"}]},{"@type":"Person","@id":"https:\/\/www.visit-ulcinj.com\/blog\/#\/schema\/person\/dcab619c614d3038751c63bc2aadc06d","name":"ulqini","sameAs":["http:\/\/www.visit-ulcinj.com"],"url":"https:\/\/www.visit-ulcinj.com\/blog\/author\/admin\/"}]}},"jetpack_featured_media_url":"","jetpack_sharing_enabled":true,"jetpack_shortlink":"https:\/\/wp.me\/pe6lTn-nPk","_links":{"self":[{"href":"https:\/\/www.visit-ulcinj.com\/blog\/wp-json\/wp\/v2\/posts\/91594"}],"collection":[{"href":"https:\/\/www.visit-ulcinj.com\/blog\/wp-json\/wp\/v2\/posts"}],"about":[{"href":"https:\/\/www.visit-ulcinj.com\/blog\/wp-json\/wp\/v2\/types\/post"}],"author":[{"embeddable":true,"href":"https:\/\/www.visit-ulcinj.com\/blog\/wp-json\/wp\/v2\/users\/1"}],"replies":[{"embeddable":true,"href":"https:\/\/www.visit-ulcinj.com\/blog\/wp-json\/wp\/v2\/comments?post=91594"}],"version-history":[{"count":1,"href":"https:\/\/www.visit-ulcinj.com\/blog\/wp-json\/wp\/v2\/posts\/91594\/revisions"}],"predecessor-version":[{"id":91596,"href":"https:\/\/www.visit-ulcinj.com\/blog\/wp-json\/wp\/v2\/posts\/91594\/revisions\/91596"}],"wp:attachment":[{"href":"https:\/\/www.visit-ulcinj.com\/blog\/wp-json\/wp\/v2\/media?parent=91594"}],"wp:term":[{"taxonomy":"category","embeddable":true,"href":"https:\/\/www.visit-ulcinj.com\/blog\/wp-json\/wp\/v2\/categories?post=91594"},{"taxonomy":"post_tag","embeddable":true,"href":"https:\/\/www.visit-ulcinj.com\/blog\/wp-json\/wp\/v2\/tags?post=91594"}],"curies":[{"name":"wp","href":"https:\/\/api.w.org\/{rel}","templated":true}]}}