{"id":916,"date":"2008-03-15T13:32:26","date_gmt":"2008-03-15T18:32:26","guid":{"rendered":"http:\/\/www.visit-ulcinj.com\/blog\/2008\/03\/15\/klubi-i-karatese-%e2%80%9culqini%e2%80%9d-i-dyti-ne-renditjen-e-pergjithshme\/"},"modified":"2008-03-15T14:00:20","modified_gmt":"2008-03-15T19:00:20","slug":"klubi-i-karatese-%e2%80%9culqini%e2%80%9d-i-dyti-ne-renditjen-e-pergjithshme","status":"publish","type":"post","link":"https:\/\/www.visit-ulcinj.com\/blog\/2008\/03\/15\/klubi-i-karatese-%e2%80%9culqini%e2%80%9d-i-dyti-ne-renditjen-e-pergjithshme\/","title":{"rendered":"Klubi i karates\u00eb \u201cUlqini\u201d i dyti n\u00eb renditjen e p\u00ebrgjithshme"},"content":{"rendered":"<p><a href=\"http:\/\/www.visit-ulcinj.com\/blog\/wp-content\/uploads\/2008\/03\/kk_ulqini.jpg\" rel=\"lightbox[pics-1205605415]\" title=\"KK_Ulqini1\"><img loading=\"lazy\" src=\"http:\/\/www.visit-ulcinj.com\/blog\/wp-content\/uploads\/2008\/03\/kk_ulqini.thumbnail.jpg\" alt=\"KK_Ulqini1\" align=\"left\" height=\"93\" width=\"200\" \/><\/a><strong>\u201cUlqini\u201d shk\u00eblqen sipas tradit\u00ebs<\/strong><br \/>\nM\u00eb 9 mars 2008 u mbajt Kupa e Xll e karates\u00eb \u201cTivari 2008\u201d, ku mor\u00ebn pjes\u00eb 17 klube me mbi 570 garues. N\u00eb k\u00ebt\u00eb gar\u00eb mori pjes\u00eb edhe Klubi i karates\u00eb \u201cUlqini\u201d, i cili u rendit n\u00eb vendin e dyt\u00eb n\u00eb plasmanin gjeneral, menj\u00ebher\u00eb pas Klubit t\u00eb karates\u00eb \u201cBuduqnost. Vendi i tret\u00eb i takoi Klubit t\u00eb Karates\u00eb \u201cOmlladinac\u201d, vendi i kat\u00ebrt Klubit t\u00eb karates\u00eb \u201cBudva\u201d, nd\u00ebrsa vendin e pest\u00eb e zuri klubi i karates\u00eb \u201cAlbulena\u201d. K\u00ebsaj radhe n\u00eb renditjen e p\u00ebrgjithshme u zgjodh\u00ebn 5 klubet m\u00eb t\u00eb suksesshme t\u00eb gar\u00ebs, n\u00eb mesin e t\u00eb cil\u00ebve ishin dy klube nga Ulqini.<br \/>\nKlubi i karates\u00eb \u201cUlqini\u201d n\u00eb Kup\u00ebn e Tivarit mori pjes\u00eb m\u00eb 66 garues. P\u00ebr shum\u00eb prej tyre ishte hera e par\u00eb q\u00eb mor\u00ebn pjes\u00eb n\u00eb gar\u00eb.<br \/>\n&#8211; Suksesi nuk mungoi as k\u00ebsaj radhe. Ne arrit\u00ebm q\u00eb t\u00eb fitojm\u00eb gjithsej 90 medalje n\u00eb disiplinat ekipore dhe individuale: 31 t\u00eb arta, 33 t\u00eb argjendta, 26 t\u00eb bronzta, si dhe nj\u00eb kup\u00eb. Pat\u00ebm 12 ekipe t\u00eb grupmoshave t\u00eb ndryshme, 5 prej t\u00eb cilave u rendit\u00ebn n\u00eb vend t\u00eb par\u00eb.<br \/>\nSynimi jon\u00eb \u00ebsht\u00eb q\u00eb t\u00eb vazhdojm\u00eb me rezultate t\u00eb mira, me q\u00ebllim q\u00eb t\u00eb jemi n\u00eb mesin e m\u00eb t\u00eb mir\u00ebve si\u00e7 kemi qen\u00eb deri tash.<br \/>\nVet\u00eb rezultatet e nj\u00ebpas\u00ebnj\u00ebshme flasin se kush jemi. D\u00ebshmi p\u00ebr k\u00ebt\u00eb \u00ebsht\u00eb suksesi i jon\u00eb n\u00eb gara, ku ndeshemi me klubet m\u00eb t\u00eb mira dhe arrijm\u00eb t\u00eb jemi pjes\u00eb e m\u00eb t\u00eb mir\u00ebve. Edhe pse nga ana financiare jemi shum\u00eb dob\u00ebt, kemi p\u00ebrkrahjen e t\u00eb gjith\u00eb prind\u00ebrve t\u00eb garuesve tan\u00eb, p\u00ebr \u00e7ka i fal\u00ebnderojm\u00eb, sepse me kontributin e tyre dhe tonin f\u00ebmij\u00ebt tan\u00eb jan\u00eb kampion\u00eb t\u00eb \u00e7do gare ku marrin pjes\u00eb \u2013 than\u00eb nj\u00ebz\u00ebri trajner\u00ebt e klubit Naim Duraku, Mirsad Nasradini, Kujtim Sukaliqi dhe kryetrajneri Ruzhdi Rama. <a href=\"http:\/\/www.visit-ulcinj.com\/blog\/wp-content\/uploads\/2008\/03\/kk_ulqini1jpg.jpg\" rel=\"lightbox[pics-1205605415]\" title=\"KK_Ulqini2\"><img loading=\"lazy\" src=\"http:\/\/www.visit-ulcinj.com\/blog\/wp-content\/uploads\/2008\/03\/kk_ulqini1jpg.thumbnail.jpg\" alt=\"KK_Ulqini2\" align=\"right\" height=\"200\" width=\"149\" \/><\/a><br \/>\nNga Klubi i karates\u00eb \u201cUlqini\u201d me medalje t\u00eb arta u shp\u00ebrblyen shum\u00eb garues, e k\u00ebta jan\u00eb: me nga 3 medalje t\u00eb arta Antigona Rama, Seida Suma dhe Jehona Musliq, me nga dy t\u00eb arta Blerta Tahiri, Petar Barlloviq, Liridon Elezi dhe Blerim Sukaliqi, nd\u00ebrsa me nga nj\u00eb t\u00eb art\u00eb u kuror\u00ebzuan Blendisa Osmani, Rexhep Shaba, Edita Kova\u00e7i, Suad Duraku, Besnik Duraku, Bujar Kova\u00e7i, Fatlum \u00c7apriq, Albion Duraku, Xhemale Elezi, Granit Rexha, Arbnor Kullaliq, Dardan Ceka, Pero Maroviq, Muhamet Kraja. P\u00ebrve\u00e7 k\u00ebtyre medaljeve k\u00ebta garues u kuror\u00ebzuan edhe me medalje t\u00eb tjera.<br \/>\nMe nga disa medalje t\u00eb tjera u shp\u00ebrblyen k\u00ebta garues: Jovan Gjakonoviq, Bledar Kabashi, Bleard Osmani, Almeida Ceka, Bledar Seferi, Edisa Shaba, Edon Ceka, Nermin Suma, Admir Luka, Doriana Taipi, Sherife Rama, Mirjeta Nika, Tufik Shurlla, Lulzim Suma, Arlind Nika, Agron Seferi, Diamant Rexha, Ermal Musliq, Fatmir Kurmemi, Ramazan Gjeka, Xhenis Rexhepi, Bajram Tagani, Ethem Ukoviq, Allmir Hajdari dhe Ilaz Gurzakoviq.<\/p>\n<p><a href=\"http:\/\/www.ulqini.de\/\" title=\"Ulcinj-ulqini-ulqin,montenegro\" target=\"_blank\">www.ulqini.de\/<\/a><\/p>\n<!--YouTube Error: bad URL entered-->\n","protected":false},"excerpt":{"rendered":"<p><img loading=\"lazy\" src=\"http:\/\/www.visit-ulcinj.com\/blog\/wp-content\/uploads\/2008\/03\/kk_ulqini.thumbnail.jpg\" alt=\"KK_Ulqini1\" align=\"left\" height=\"140\" width=\"140\" \/><\/p>\n","protected":false},"author":1,"featured_media":0,"comment_status":"open","ping_status":"closed","sticky":false,"template":"","format":"standard","meta":{"spay_email":"","jetpack_publicize_message":"","jetpack_is_tweetstorm":false,"jetpack_publicize_feature_enabled":true},"categories":[3],"tags":[],"jetpack_publicize_connections":[],"yoast_head":"<!-- This site is optimized with the Yoast SEO plugin v19.1 - https:\/\/yoast.com\/wordpress\/plugins\/seo\/ -->\n<title>Klubi i karates\u00eb \u201cUlqini\u201d i dyti n\u00eb renditjen e p\u00ebrgjithshme - Lajme nga Ulqini<\/title>\n<meta name=\"robots\" content=\"index, follow, max-snippet:-1, max-image-preview:large, max-video-preview:-1\" \/>\n<link rel=\"canonical\" href=\"https:\/\/www.visit-ulcinj.com\/blog\/2008\/03\/15\/klubi-i-karatese-\u201culqini\u201d-i-dyti-ne-renditjen-e-pergjithshme\/\" \/>\n<meta property=\"og:locale\" content=\"en_US\" \/>\n<meta property=\"og:type\" content=\"article\" \/>\n<meta property=\"og:title\" content=\"Klubi i karates\u00eb \u201cUlqini\u201d i dyti n\u00eb renditjen e p\u00ebrgjithshme - Lajme nga Ulqini\" \/>\n<meta property=\"og:url\" content=\"https:\/\/www.visit-ulcinj.com\/blog\/2008\/03\/15\/klubi-i-karatese-\u201culqini\u201d-i-dyti-ne-renditjen-e-pergjithshme\/\" \/>\n<meta property=\"og:site_name\" content=\"Lajme nga Ulqini\" \/>\n<meta property=\"article:published_time\" content=\"2008-03-15T18:32:26+00:00\" \/>\n<meta property=\"article:modified_time\" content=\"2008-03-15T19:00:20+00:00\" \/>\n<meta property=\"og:image\" content=\"http:\/\/www.visit-ulcinj.com\/blog\/wp-content\/uploads\/2008\/03\/kk_ulqini.thumbnail.jpg\" \/>\n<meta name=\"twitter:label1\" content=\"Written by\" \/>\n\t<meta name=\"twitter:data1\" content=\"ulqini\" \/>\n\t<meta name=\"twitter:label2\" content=\"Est. reading time\" \/>\n\t<meta name=\"twitter:data2\" content=\"2 minutes\" \/>\n<script type=\"application\/ld+json\" class=\"yoast-schema-graph\">{\"@context\":\"https:\/\/schema.org\",\"@graph\":[{\"@type\":\"WebSite\",\"@id\":\"https:\/\/www.visit-ulcinj.com\/blog\/#website\",\"url\":\"https:\/\/www.visit-ulcinj.com\/blog\/\",\"name\":\"Lajme nga Ulqini\",\"description\":\"Lajme,Vijesti,Ulqini,Ulqin,Crna Gora,Mali i Zi\",\"potentialAction\":[{\"@type\":\"SearchAction\",\"target\":{\"@type\":\"EntryPoint\",\"urlTemplate\":\"https:\/\/www.visit-ulcinj.com\/blog\/?s={search_term_string}\"},\"query-input\":\"required name=search_term_string\"}],\"inLanguage\":\"en-US\"},{\"@type\":\"ImageObject\",\"inLanguage\":\"en-US\",\"@id\":\"https:\/\/www.visit-ulcinj.com\/blog\/2008\/03\/15\/klubi-i-karatese-%e2%80%9culqini%e2%80%9d-i-dyti-ne-renditjen-e-pergjithshme\/#primaryimage\",\"url\":\"http:\/\/www.visit-ulcinj.com\/blog\/wp-content\/uploads\/2008\/03\/kk_ulqini.thumbnail.jpg\",\"contentUrl\":\"http:\/\/www.visit-ulcinj.com\/blog\/wp-content\/uploads\/2008\/03\/kk_ulqini.thumbnail.jpg\"},{\"@type\":\"WebPage\",\"@id\":\"https:\/\/www.visit-ulcinj.com\/blog\/2008\/03\/15\/klubi-i-karatese-%e2%80%9culqini%e2%80%9d-i-dyti-ne-renditjen-e-pergjithshme\/#webpage\",\"url\":\"https:\/\/www.visit-ulcinj.com\/blog\/2008\/03\/15\/klubi-i-karatese-%e2%80%9culqini%e2%80%9d-i-dyti-ne-renditjen-e-pergjithshme\/\",\"name\":\"Klubi i karates\u00eb \u201cUlqini\u201d i dyti n\u00eb renditjen e p\u00ebrgjithshme - Lajme nga Ulqini\",\"isPartOf\":{\"@id\":\"https:\/\/www.visit-ulcinj.com\/blog\/#website\"},\"primaryImageOfPage\":{\"@id\":\"https:\/\/www.visit-ulcinj.com\/blog\/2008\/03\/15\/klubi-i-karatese-%e2%80%9culqini%e2%80%9d-i-dyti-ne-renditjen-e-pergjithshme\/#primaryimage\"},\"datePublished\":\"2008-03-15T18:32:26+00:00\",\"dateModified\":\"2008-03-15T19:00:20+00:00\",\"author\":{\"@id\":\"https:\/\/www.visit-ulcinj.com\/blog\/#\/schema\/person\/dcab619c614d3038751c63bc2aadc06d\"},\"breadcrumb\":{\"@id\":\"https:\/\/www.visit-ulcinj.com\/blog\/2008\/03\/15\/klubi-i-karatese-%e2%80%9culqini%e2%80%9d-i-dyti-ne-renditjen-e-pergjithshme\/#breadcrumb\"},\"inLanguage\":\"en-US\",\"potentialAction\":[{\"@type\":\"ReadAction\",\"target\":[\"https:\/\/www.visit-ulcinj.com\/blog\/2008\/03\/15\/klubi-i-karatese-%e2%80%9culqini%e2%80%9d-i-dyti-ne-renditjen-e-pergjithshme\/\"]}]},{\"@type\":\"BreadcrumbList\",\"@id\":\"https:\/\/www.visit-ulcinj.com\/blog\/2008\/03\/15\/klubi-i-karatese-%e2%80%9culqini%e2%80%9d-i-dyti-ne-renditjen-e-pergjithshme\/#breadcrumb\",\"itemListElement\":[{\"@type\":\"ListItem\",\"position\":1,\"name\":\"Klubi i karates\u00eb \u201cUlqini\u201d i dyti n\u00eb renditjen e p\u00ebrgjithshme\"}]},{\"@type\":\"Person\",\"@id\":\"https:\/\/www.visit-ulcinj.com\/blog\/#\/schema\/person\/dcab619c614d3038751c63bc2aadc06d\",\"name\":\"ulqini\",\"sameAs\":[\"http:\/\/www.visit-ulcinj.com\"],\"url\":\"https:\/\/www.visit-ulcinj.com\/blog\/author\/admin\/\"}]}<\/script>\n<!-- \/ Yoast SEO plugin. -->","yoast_head_json":{"title":"Klubi i karates\u00eb \u201cUlqini\u201d i dyti n\u00eb renditjen e p\u00ebrgjithshme - Lajme nga Ulqini","robots":{"index":"index","follow":"follow","max-snippet":"max-snippet:-1","max-image-preview":"max-image-preview:large","max-video-preview":"max-video-preview:-1"},"canonical":"https:\/\/www.visit-ulcinj.com\/blog\/2008\/03\/15\/klubi-i-karatese-\u201culqini\u201d-i-dyti-ne-renditjen-e-pergjithshme\/","og_locale":"en_US","og_type":"article","og_title":"Klubi i karates\u00eb \u201cUlqini\u201d i dyti n\u00eb renditjen e p\u00ebrgjithshme - Lajme nga Ulqini","og_url":"https:\/\/www.visit-ulcinj.com\/blog\/2008\/03\/15\/klubi-i-karatese-\u201culqini\u201d-i-dyti-ne-renditjen-e-pergjithshme\/","og_site_name":"Lajme nga Ulqini","article_published_time":"2008-03-15T18:32:26+00:00","article_modified_time":"2008-03-15T19:00:20+00:00","og_image":[{"url":"http:\/\/www.visit-ulcinj.com\/blog\/wp-content\/uploads\/2008\/03\/kk_ulqini.thumbnail.jpg"}],"twitter_misc":{"Written by":"ulqini","Est. reading time":"2 minutes"},"schema":{"@context":"https:\/\/schema.org","@graph":[{"@type":"WebSite","@id":"https:\/\/www.visit-ulcinj.com\/blog\/#website","url":"https:\/\/www.visit-ulcinj.com\/blog\/","name":"Lajme nga Ulqini","description":"Lajme,Vijesti,Ulqini,Ulqin,Crna Gora,Mali i Zi","potentialAction":[{"@type":"SearchAction","target":{"@type":"EntryPoint","urlTemplate":"https:\/\/www.visit-ulcinj.com\/blog\/?s={search_term_string}"},"query-input":"required name=search_term_string"}],"inLanguage":"en-US"},{"@type":"ImageObject","inLanguage":"en-US","@id":"https:\/\/www.visit-ulcinj.com\/blog\/2008\/03\/15\/klubi-i-karatese-%e2%80%9culqini%e2%80%9d-i-dyti-ne-renditjen-e-pergjithshme\/#primaryimage","url":"http:\/\/www.visit-ulcinj.com\/blog\/wp-content\/uploads\/2008\/03\/kk_ulqini.thumbnail.jpg","contentUrl":"http:\/\/www.visit-ulcinj.com\/blog\/wp-content\/uploads\/2008\/03\/kk_ulqini.thumbnail.jpg"},{"@type":"WebPage","@id":"https:\/\/www.visit-ulcinj.com\/blog\/2008\/03\/15\/klubi-i-karatese-%e2%80%9culqini%e2%80%9d-i-dyti-ne-renditjen-e-pergjithshme\/#webpage","url":"https:\/\/www.visit-ulcinj.com\/blog\/2008\/03\/15\/klubi-i-karatese-%e2%80%9culqini%e2%80%9d-i-dyti-ne-renditjen-e-pergjithshme\/","name":"Klubi i karates\u00eb \u201cUlqini\u201d i dyti n\u00eb renditjen e p\u00ebrgjithshme - Lajme nga Ulqini","isPartOf":{"@id":"https:\/\/www.visit-ulcinj.com\/blog\/#website"},"primaryImageOfPage":{"@id":"https:\/\/www.visit-ulcinj.com\/blog\/2008\/03\/15\/klubi-i-karatese-%e2%80%9culqini%e2%80%9d-i-dyti-ne-renditjen-e-pergjithshme\/#primaryimage"},"datePublished":"2008-03-15T18:32:26+00:00","dateModified":"2008-03-15T19:00:20+00:00","author":{"@id":"https:\/\/www.visit-ulcinj.com\/blog\/#\/schema\/person\/dcab619c614d3038751c63bc2aadc06d"},"breadcrumb":{"@id":"https:\/\/www.visit-ulcinj.com\/blog\/2008\/03\/15\/klubi-i-karatese-%e2%80%9culqini%e2%80%9d-i-dyti-ne-renditjen-e-pergjithshme\/#breadcrumb"},"inLanguage":"en-US","potentialAction":[{"@type":"ReadAction","target":["https:\/\/www.visit-ulcinj.com\/blog\/2008\/03\/15\/klubi-i-karatese-%e2%80%9culqini%e2%80%9d-i-dyti-ne-renditjen-e-pergjithshme\/"]}]},{"@type":"BreadcrumbList","@id":"https:\/\/www.visit-ulcinj.com\/blog\/2008\/03\/15\/klubi-i-karatese-%e2%80%9culqini%e2%80%9d-i-dyti-ne-renditjen-e-pergjithshme\/#breadcrumb","itemListElement":[{"@type":"ListItem","position":1,"name":"Klubi i karates\u00eb \u201cUlqini\u201d i dyti n\u00eb renditjen e p\u00ebrgjithshme"}]},{"@type":"Person","@id":"https:\/\/www.visit-ulcinj.com\/blog\/#\/schema\/person\/dcab619c614d3038751c63bc2aadc06d","name":"ulqini","sameAs":["http:\/\/www.visit-ulcinj.com"],"url":"https:\/\/www.visit-ulcinj.com\/blog\/author\/admin\/"}]}},"jetpack_featured_media_url":"","jetpack_sharing_enabled":true,"jetpack_shortlink":"https:\/\/wp.me\/pe6lTn-eM","_links":{"self":[{"href":"https:\/\/www.visit-ulcinj.com\/blog\/wp-json\/wp\/v2\/posts\/916"}],"collection":[{"href":"https:\/\/www.visit-ulcinj.com\/blog\/wp-json\/wp\/v2\/posts"}],"about":[{"href":"https:\/\/www.visit-ulcinj.com\/blog\/wp-json\/wp\/v2\/types\/post"}],"author":[{"embeddable":true,"href":"https:\/\/www.visit-ulcinj.com\/blog\/wp-json\/wp\/v2\/users\/1"}],"replies":[{"embeddable":true,"href":"https:\/\/www.visit-ulcinj.com\/blog\/wp-json\/wp\/v2\/comments?post=916"}],"version-history":[{"count":0,"href":"https:\/\/www.visit-ulcinj.com\/blog\/wp-json\/wp\/v2\/posts\/916\/revisions"}],"wp:attachment":[{"href":"https:\/\/www.visit-ulcinj.com\/blog\/wp-json\/wp\/v2\/media?parent=916"}],"wp:term":[{"taxonomy":"category","embeddable":true,"href":"https:\/\/www.visit-ulcinj.com\/blog\/wp-json\/wp\/v2\/categories?post=916"},{"taxonomy":"post_tag","embeddable":true,"href":"https:\/\/www.visit-ulcinj.com\/blog\/wp-json\/wp\/v2\/tags?post=916"}],"curies":[{"name":"wp","href":"https:\/\/api.w.org\/{rel}","templated":true}]}}