{"id":91601,"date":"2015-07-17T06:02:49","date_gmt":"2015-07-17T05:02:49","guid":{"rendered":"http:\/\/www.visit-ulcinj.com\/blog\/?p=91601"},"modified":"2015-07-17T06:02:49","modified_gmt":"2015-07-17T05:02:49","slug":"udsh-urim-per-festen-e-fiter-bajramit-2","status":"publish","type":"post","link":"https:\/\/www.visit-ulcinj.com\/blog\/2015\/07\/17\/udsh-urim-per-festen-e-fiter-bajramit-2\/","title":{"rendered":"UDSH: Urim p\u00ebr  festen e Fit\u00ebr Bajramit"},"content":{"rendered":"<p><a href=\"http:\/\/www.visit-ulcinj.com\/blog\/wp-content\/uploads\/2012\/08\/Udsh-ja-me-fat-bajrami.jpg\"><img loading=\"lazy\" class=\"alignleft wp-image-62941\" src=\"http:\/\/www.visit-ulcinj.com\/blog\/wp-content\/uploads\/2012\/08\/Udsh-ja-me-fat-bajrami.jpg\" alt=\"Udsh-ja-me-fat-bajrami\" width=\"508\" height=\"350\" srcset=\"https:\/\/www.visit-ulcinj.com\/blog\/wp-content\/uploads\/2012\/08\/Udsh-ja-me-fat-bajrami.jpg 603w, https:\/\/www.visit-ulcinj.com\/blog\/wp-content\/uploads\/2012\/08\/Udsh-ja-me-fat-bajrami-300x206.jpg 300w\" sizes=\"(max-width: 508px) 100vw, 508px\" \/><\/a>M\u00eb rastin e Festes s\u00eb Fit\u00ebr Bajramit , Unioni Demokratik i Shqiptar\u00ebve shfryt\u00ebzon rastin q\u00eb t\u00eb gjith\u00eb besimtar\u00ebve t\u00eb Fes\u00eb Islame ti p\u00ebrgezoi p\u00ebrzemrsisht p\u00ebr k\u00ebt\u00eb Fest t\u00eb madhnuar , duke i uru paq\u00eb, shendet dhe mbaresi.<\/p>\n<p>Shprehim nderimin ton\u00eb p\u00ebr t\u00eb gjith\u00eb t\u00eb cil\u00ebt me agj\u00ebrim kan\u00eb kaluar nj\u00eb muaj n\u00ebn shenj\u00ebn e adhurimit t\u00eb Zotit , n\u00ebn shenj\u00ebn e mir\u00ebsis\u00eb dhe t\u00eb p\u00ebrul\u00ebsis\u00eb , t\u00eb sakrific\u00ebs e t\u00eb dashuris\u00eb p\u00ebr nj\u00ebri tjetrin duke rritur edhe m\u00eb shum\u00eb dashurin\u00eb e nd\u00ebrsjell\u00eb , paqen dhe solidaritetin.<\/p>\n<p>G\u00ebzuar Festen e Fit\u00ebr Bajramit , pa\u00e7i sh\u00ebndet , fat dhe suksese n\u00eb jet\u00eb kudo q\u00eb jeni.<\/p>\n<p>&nbsp;<\/p>\n<p>Sh\u00ebrbimi p\u00ebr informim t\u00eb UDSH-s\u00eb<\/p>\n<p>&nbsp;<\/p>\n","protected":false},"excerpt":{"rendered":"<p>M\u00eb rastin e Festes s\u00eb Fit\u00ebr Bajramit , Unioni Demokratik i Shqiptar\u00ebve shfryt\u00ebzon rastin q\u00eb t\u00eb gjith\u00eb besimtar\u00ebve t\u00eb Fes\u00eb Islame ti p\u00ebrgezoi p\u00ebrzemrsisht p\u00ebr k\u00ebt\u00eb Fest t\u00eb madhnuar , duke i uru paq\u00eb, shendet dhe mbaresi. Shprehim nderimin ton\u00eb p\u00ebr t\u00eb gjith\u00eb t\u00eb cil\u00ebt me agj\u00ebrim kan\u00eb kaluar nj\u00eb muaj n\u00ebn shenj\u00ebn e adhurimit [&hellip;]<\/p>\n","protected":false},"author":1,"featured_media":0,"comment_status":"closed","ping_status":"closed","sticky":false,"template":"","format":"standard","meta":{"spay_email":"","jetpack_publicize_message":"","jetpack_is_tweetstorm":false,"jetpack_publicize_feature_enabled":true},"categories":[6950],"tags":[],"jetpack_publicize_connections":[],"yoast_head":"<!-- This site is optimized with the Yoast SEO plugin v19.1 - https:\/\/yoast.com\/wordpress\/plugins\/seo\/ -->\n<title>UDSH: Urim p\u00ebr festen e Fit\u00ebr Bajramit - Lajme nga Ulqini<\/title>\n<meta name=\"description\" content=\"M\u00eb rastin e Festes s\u00eb Fit\u00ebr Bajramit , Unioni Demokratik i Shqiptar\u00ebve shfryt\u00ebzon rastin q\u00eb t\u00eb gjith\u00eb besimtar\u00ebve t\u00eb Fes\u00eb Islame ti p\u00ebrgezoi p\u00ebrzemrsisht\" \/>\n<meta name=\"robots\" content=\"index, follow, max-snippet:-1, max-image-preview:large, max-video-preview:-1\" \/>\n<link rel=\"canonical\" href=\"https:\/\/www.visit-ulcinj.com\/blog\/2015\/07\/17\/udsh-urim-per-festen-e-fiter-bajramit-2\/\" \/>\n<meta property=\"og:locale\" content=\"en_US\" \/>\n<meta property=\"og:type\" content=\"article\" \/>\n<meta property=\"og:title\" content=\"UDSH: Urim p\u00ebr festen e Fit\u00ebr Bajramit - Lajme nga Ulqini\" \/>\n<meta property=\"og:description\" content=\"M\u00eb rastin e Festes s\u00eb Fit\u00ebr Bajramit , Unioni Demokratik i Shqiptar\u00ebve shfryt\u00ebzon rastin q\u00eb t\u00eb gjith\u00eb besimtar\u00ebve t\u00eb Fes\u00eb Islame ti p\u00ebrgezoi p\u00ebrzemrsisht\" \/>\n<meta property=\"og:url\" content=\"https:\/\/www.visit-ulcinj.com\/blog\/2015\/07\/17\/udsh-urim-per-festen-e-fiter-bajramit-2\/\" \/>\n<meta property=\"og:site_name\" content=\"Lajme nga Ulqini\" \/>\n<meta property=\"article:published_time\" content=\"2015-07-17T05:02:49+00:00\" \/>\n<meta property=\"og:image\" content=\"http:\/\/www.visit-ulcinj.com\/blog\/wp-content\/uploads\/2012\/08\/Udsh-ja-me-fat-bajrami.jpg\" \/>\n<meta name=\"twitter:label1\" content=\"Written by\" \/>\n\t<meta name=\"twitter:data1\" content=\"ulqini\" \/>\n\t<meta name=\"twitter:label2\" content=\"Est. reading time\" \/>\n\t<meta name=\"twitter:data2\" content=\"1 minute\" \/>\n<script type=\"application\/ld+json\" class=\"yoast-schema-graph\">{\"@context\":\"https:\/\/schema.org\",\"@graph\":[{\"@type\":\"WebSite\",\"@id\":\"https:\/\/www.visit-ulcinj.com\/blog\/#website\",\"url\":\"https:\/\/www.visit-ulcinj.com\/blog\/\",\"name\":\"Lajme nga Ulqini\",\"description\":\"Lajme,Vijesti,Ulqini,Ulqin,Crna Gora,Mali i Zi\",\"potentialAction\":[{\"@type\":\"SearchAction\",\"target\":{\"@type\":\"EntryPoint\",\"urlTemplate\":\"https:\/\/www.visit-ulcinj.com\/blog\/?s={search_term_string}\"},\"query-input\":\"required name=search_term_string\"}],\"inLanguage\":\"en-US\"},{\"@type\":\"ImageObject\",\"inLanguage\":\"en-US\",\"@id\":\"https:\/\/www.visit-ulcinj.com\/blog\/2015\/07\/17\/udsh-urim-per-festen-e-fiter-bajramit-2\/#primaryimage\",\"url\":\"https:\/\/www.visit-ulcinj.com\/blog\/wp-content\/uploads\/2012\/08\/Udsh-ja-me-fat-bajrami.jpg\",\"contentUrl\":\"https:\/\/www.visit-ulcinj.com\/blog\/wp-content\/uploads\/2012\/08\/Udsh-ja-me-fat-bajrami.jpg\",\"width\":\"603\",\"height\":\"415\"},{\"@type\":\"WebPage\",\"@id\":\"https:\/\/www.visit-ulcinj.com\/blog\/2015\/07\/17\/udsh-urim-per-festen-e-fiter-bajramit-2\/#webpage\",\"url\":\"https:\/\/www.visit-ulcinj.com\/blog\/2015\/07\/17\/udsh-urim-per-festen-e-fiter-bajramit-2\/\",\"name\":\"UDSH: Urim p\u00ebr festen e Fit\u00ebr Bajramit - Lajme nga Ulqini\",\"isPartOf\":{\"@id\":\"https:\/\/www.visit-ulcinj.com\/blog\/#website\"},\"primaryImageOfPage\":{\"@id\":\"https:\/\/www.visit-ulcinj.com\/blog\/2015\/07\/17\/udsh-urim-per-festen-e-fiter-bajramit-2\/#primaryimage\"},\"datePublished\":\"2015-07-17T05:02:49+00:00\",\"dateModified\":\"2015-07-17T05:02:49+00:00\",\"author\":{\"@id\":\"https:\/\/www.visit-ulcinj.com\/blog\/#\/schema\/person\/dcab619c614d3038751c63bc2aadc06d\"},\"description\":\"M\u00eb rastin e Festes s\u00eb Fit\u00ebr Bajramit , Unioni Demokratik i Shqiptar\u00ebve shfryt\u00ebzon rastin q\u00eb t\u00eb gjith\u00eb besimtar\u00ebve t\u00eb Fes\u00eb Islame ti p\u00ebrgezoi p\u00ebrzemrsisht\",\"breadcrumb\":{\"@id\":\"https:\/\/www.visit-ulcinj.com\/blog\/2015\/07\/17\/udsh-urim-per-festen-e-fiter-bajramit-2\/#breadcrumb\"},\"inLanguage\":\"en-US\",\"potentialAction\":[{\"@type\":\"ReadAction\",\"target\":[\"https:\/\/www.visit-ulcinj.com\/blog\/2015\/07\/17\/udsh-urim-per-festen-e-fiter-bajramit-2\/\"]}]},{\"@type\":\"BreadcrumbList\",\"@id\":\"https:\/\/www.visit-ulcinj.com\/blog\/2015\/07\/17\/udsh-urim-per-festen-e-fiter-bajramit-2\/#breadcrumb\",\"itemListElement\":[{\"@type\":\"ListItem\",\"position\":1,\"name\":\"UDSH: Urim p\u00ebr festen e Fit\u00ebr Bajramit\"}]},{\"@type\":\"Person\",\"@id\":\"https:\/\/www.visit-ulcinj.com\/blog\/#\/schema\/person\/dcab619c614d3038751c63bc2aadc06d\",\"name\":\"ulqini\",\"sameAs\":[\"http:\/\/www.visit-ulcinj.com\"],\"url\":\"https:\/\/www.visit-ulcinj.com\/blog\/author\/admin\/\"}]}<\/script>\n<!-- \/ Yoast SEO plugin. -->","yoast_head_json":{"title":"UDSH: Urim p\u00ebr festen e Fit\u00ebr Bajramit - Lajme nga Ulqini","description":"M\u00eb rastin e Festes s\u00eb Fit\u00ebr Bajramit , Unioni Demokratik i Shqiptar\u00ebve shfryt\u00ebzon rastin q\u00eb t\u00eb gjith\u00eb besimtar\u00ebve t\u00eb Fes\u00eb Islame ti p\u00ebrgezoi p\u00ebrzemrsisht","robots":{"index":"index","follow":"follow","max-snippet":"max-snippet:-1","max-image-preview":"max-image-preview:large","max-video-preview":"max-video-preview:-1"},"canonical":"https:\/\/www.visit-ulcinj.com\/blog\/2015\/07\/17\/udsh-urim-per-festen-e-fiter-bajramit-2\/","og_locale":"en_US","og_type":"article","og_title":"UDSH: Urim p\u00ebr festen e Fit\u00ebr Bajramit - Lajme nga Ulqini","og_description":"M\u00eb rastin e Festes s\u00eb Fit\u00ebr Bajramit , Unioni Demokratik i Shqiptar\u00ebve shfryt\u00ebzon rastin q\u00eb t\u00eb gjith\u00eb besimtar\u00ebve t\u00eb Fes\u00eb Islame ti p\u00ebrgezoi p\u00ebrzemrsisht","og_url":"https:\/\/www.visit-ulcinj.com\/blog\/2015\/07\/17\/udsh-urim-per-festen-e-fiter-bajramit-2\/","og_site_name":"Lajme nga Ulqini","article_published_time":"2015-07-17T05:02:49+00:00","og_image":[{"url":"http:\/\/www.visit-ulcinj.com\/blog\/wp-content\/uploads\/2012\/08\/Udsh-ja-me-fat-bajrami.jpg"}],"twitter_misc":{"Written by":"ulqini","Est. reading time":"1 minute"},"schema":{"@context":"https:\/\/schema.org","@graph":[{"@type":"WebSite","@id":"https:\/\/www.visit-ulcinj.com\/blog\/#website","url":"https:\/\/www.visit-ulcinj.com\/blog\/","name":"Lajme nga Ulqini","description":"Lajme,Vijesti,Ulqini,Ulqin,Crna Gora,Mali i Zi","potentialAction":[{"@type":"SearchAction","target":{"@type":"EntryPoint","urlTemplate":"https:\/\/www.visit-ulcinj.com\/blog\/?s={search_term_string}"},"query-input":"required name=search_term_string"}],"inLanguage":"en-US"},{"@type":"ImageObject","inLanguage":"en-US","@id":"https:\/\/www.visit-ulcinj.com\/blog\/2015\/07\/17\/udsh-urim-per-festen-e-fiter-bajramit-2\/#primaryimage","url":"https:\/\/www.visit-ulcinj.com\/blog\/wp-content\/uploads\/2012\/08\/Udsh-ja-me-fat-bajrami.jpg","contentUrl":"https:\/\/www.visit-ulcinj.com\/blog\/wp-content\/uploads\/2012\/08\/Udsh-ja-me-fat-bajrami.jpg","width":"603","height":"415"},{"@type":"WebPage","@id":"https:\/\/www.visit-ulcinj.com\/blog\/2015\/07\/17\/udsh-urim-per-festen-e-fiter-bajramit-2\/#webpage","url":"https:\/\/www.visit-ulcinj.com\/blog\/2015\/07\/17\/udsh-urim-per-festen-e-fiter-bajramit-2\/","name":"UDSH: Urim p\u00ebr festen e Fit\u00ebr Bajramit - Lajme nga Ulqini","isPartOf":{"@id":"https:\/\/www.visit-ulcinj.com\/blog\/#website"},"primaryImageOfPage":{"@id":"https:\/\/www.visit-ulcinj.com\/blog\/2015\/07\/17\/udsh-urim-per-festen-e-fiter-bajramit-2\/#primaryimage"},"datePublished":"2015-07-17T05:02:49+00:00","dateModified":"2015-07-17T05:02:49+00:00","author":{"@id":"https:\/\/www.visit-ulcinj.com\/blog\/#\/schema\/person\/dcab619c614d3038751c63bc2aadc06d"},"description":"M\u00eb rastin e Festes s\u00eb Fit\u00ebr Bajramit , Unioni Demokratik i Shqiptar\u00ebve shfryt\u00ebzon rastin q\u00eb t\u00eb gjith\u00eb besimtar\u00ebve t\u00eb Fes\u00eb Islame ti p\u00ebrgezoi p\u00ebrzemrsisht","breadcrumb":{"@id":"https:\/\/www.visit-ulcinj.com\/blog\/2015\/07\/17\/udsh-urim-per-festen-e-fiter-bajramit-2\/#breadcrumb"},"inLanguage":"en-US","potentialAction":[{"@type":"ReadAction","target":["https:\/\/www.visit-ulcinj.com\/blog\/2015\/07\/17\/udsh-urim-per-festen-e-fiter-bajramit-2\/"]}]},{"@type":"BreadcrumbList","@id":"https:\/\/www.visit-ulcinj.com\/blog\/2015\/07\/17\/udsh-urim-per-festen-e-fiter-bajramit-2\/#breadcrumb","itemListElement":[{"@type":"ListItem","position":1,"name":"UDSH: Urim p\u00ebr festen e Fit\u00ebr Bajramit"}]},{"@type":"Person","@id":"https:\/\/www.visit-ulcinj.com\/blog\/#\/schema\/person\/dcab619c614d3038751c63bc2aadc06d","name":"ulqini","sameAs":["http:\/\/www.visit-ulcinj.com"],"url":"https:\/\/www.visit-ulcinj.com\/blog\/author\/admin\/"}]}},"jetpack_featured_media_url":"","jetpack_sharing_enabled":true,"jetpack_shortlink":"https:\/\/wp.me\/pe6lTn-nPr","_links":{"self":[{"href":"https:\/\/www.visit-ulcinj.com\/blog\/wp-json\/wp\/v2\/posts\/91601"}],"collection":[{"href":"https:\/\/www.visit-ulcinj.com\/blog\/wp-json\/wp\/v2\/posts"}],"about":[{"href":"https:\/\/www.visit-ulcinj.com\/blog\/wp-json\/wp\/v2\/types\/post"}],"author":[{"embeddable":true,"href":"https:\/\/www.visit-ulcinj.com\/blog\/wp-json\/wp\/v2\/users\/1"}],"replies":[{"embeddable":true,"href":"https:\/\/www.visit-ulcinj.com\/blog\/wp-json\/wp\/v2\/comments?post=91601"}],"version-history":[{"count":1,"href":"https:\/\/www.visit-ulcinj.com\/blog\/wp-json\/wp\/v2\/posts\/91601\/revisions"}],"predecessor-version":[{"id":91602,"href":"https:\/\/www.visit-ulcinj.com\/blog\/wp-json\/wp\/v2\/posts\/91601\/revisions\/91602"}],"wp:attachment":[{"href":"https:\/\/www.visit-ulcinj.com\/blog\/wp-json\/wp\/v2\/media?parent=91601"}],"wp:term":[{"taxonomy":"category","embeddable":true,"href":"https:\/\/www.visit-ulcinj.com\/blog\/wp-json\/wp\/v2\/categories?post=91601"},{"taxonomy":"post_tag","embeddable":true,"href":"https:\/\/www.visit-ulcinj.com\/blog\/wp-json\/wp\/v2\/tags?post=91601"}],"curies":[{"name":"wp","href":"https:\/\/api.w.org\/{rel}","templated":true}]}}