{"id":91603,"date":"2015-07-17T20:37:22","date_gmt":"2015-07-17T19:37:22","guid":{"rendered":"http:\/\/www.visit-ulcinj.com\/blog\/?p=91603"},"modified":"2015-07-17T20:37:22","modified_gmt":"2015-07-17T19:37:22","slug":"ulcinj-stoj-tuze-drzavu-zbog-30-metara-putnog-pojasa","status":"publish","type":"post","link":"https:\/\/www.visit-ulcinj.com\/blog\/2015\/07\/17\/ulcinj-stoj-tuze-drzavu-zbog-30-metara-putnog-pojasa\/","title":{"rendered":"Ulcinj &#8211; \u0160toj: Tu\u017ee dr\u017eavu zbog 30 metara putnog pojasa"},"content":{"rendered":"<p><span class=\"tekstcijeli\"><span class=\"kapital\"><a href=\"http:\/\/www.visit-ulcinj.com\/blog\/wp-content\/uploads\/2015\/07\/\u0160toj-ulcinj.jpg\"><img loading=\"lazy\" class=\"alignleft wp-image-91604\" src=\"http:\/\/www.visit-ulcinj.com\/blog\/wp-content\/uploads\/2015\/07\/\u0160toj-ulcinj.jpg\" alt=\"\u0160toj-ulcinj\" width=\"508\" height=\"347\" srcset=\"https:\/\/www.visit-ulcinj.com\/blog\/wp-content\/uploads\/2015\/07\/\u0160toj-ulcinj.jpg 847w, https:\/\/www.visit-ulcinj.com\/blog\/wp-content\/uploads\/2015\/07\/\u0160toj-ulcinj-300x205.jpg 300w\" sizes=\"(max-width: 508px) 100vw, 508px\" \/><\/a>T<\/span>ri\u00adde\u00adse\u00adtak mje\u00ad\u0161ta\u00adna Mje\u00adsne za\u00adjed\u00adni\u00adce \u0160toj iz Ul\u00adci\u00adnja naja\u00advi\u00adlo je ju\u00ad\u010de da \u0107e nad\u00adle\u00ad\u017enom su\u00addu pod\u00adni\u00adje\u00adti kri\u00advi\u010d\u00adne pri\u00adja\u00adve pro\u00adtiv Upra\u00adve za ne\u00adkret\u00adni\u00adne od\u00adno\u00adsno od\u00adgo\u00advor\u00adnih u Ko\u00admi\u00adsi\u00adji za iz\u00adla\u00adga\u00adnje ko\u00adja je 1998. go\u00addi\u00adne do\u00adni\u00adje\u00adla rje\u00ad\u0161e\u00adnje ko\u00adjim je kao svo\u00adji\u00adna dr\u00ad\u017ea\u00adve Cr\u00adne Go\u00adre upi\u00adsa\u00adna ka\u00adta\u00adstar\u00adska par\u00adce\u00adla broj 3538\/1. Ta par\u00adce\u00adla ina\u00ad\u010de ob\u00adu\u00adhva\u00adta Ve\u00adli\u00adka pla\u00ad\u017ea \u2013 Ada Bo\u00adja\u00adna sa put\u00adnim za\u00ad\u0161tit\u00adnim po\u00adja\u00adsom od ukup\u00adno 30 me\u00adta\u00adra za ko\u00adji \u0160to\u00adja\u00adni tvr\u00adde da je ne\u00adza\u00adko\u00adni\u00adto utvr\u00ad\u0111en, jer pro\u00adla\u00adzi kroz nji\u00adho\u00adva ima\u00adnja i is\u00adti\u00ad\u010du da su o\u0161te\u00ad\u0107e\u00adni jer je bez op\u00ad\u0161tin\u00adske od\u00adlu\u00adke o eks\u00adpro\u00adpri\u00adja\u00adci\u00adji za\u00admlji\u00ad\u0161ta, bez ika\u00adka\u00adve na\u00addok\u00adna\u00adde i bez zna\u00adnja vla\u00adsni\u00adka pri\u00advat\u00adna imo\u00advi\u00adna pro\u00adgla\u00ad\u0161e\u00adna put\u00adnim po\u00adja\u00adsom.<br \/>\n&#8211; Od\u00adlu\u00ad\u010di\u00adli smo da an\u00adga\u00ad\u017eu\u00adje\u00admo vje\u00ad\u0161ta\u00adka ge\u00ado\u00addetske stru\u00adke, a po\u00adtom i advo\u00adka\u00adta ko\u00adji \u0107e pod\u00adni\u00adje\u00adti pri\u00adja\u00adve pro\u00adtiv od\u00adgo\u00advor\u00adnih za oti\u00adma\u00adnje na\u00ad\u0161e imo\u00advi\u00adne. To nam je sa\u00adda je\u00addi\u00adno pre\u00ado\u00adsta\u00adlo jer smo od tu\u00ad\u017ei\u00adla\u00ad\u0161tva do\u00adbi\u00adli od\u00adgo\u00advor da na\u00adkon na\u00ad\u0161e ne\u00addav\u00adne pri\u00adja\u00adve i for\u00admi\u00adra\u00adnja pred\u00adme\u00adta, ni\u00adsu na\u00ad\u0161li osnov za po\u00adkre\u00adta\u00adnje kri\u00advi\u010d\u00adnog po\u00adstup\u00adka pro\u00adtiv bi\u00adlo kog li\u00adca za bi\u00adlo ko\u00adje dje\u00adlo ko\u00adje se god\u00adni po slu\u00ad\u017ebe\u00adnoj du\u00ad\u017eno\u00adsti. Oni su oba\u00advje\u00adsti\u00adli da je pred\u00admet ar\u00adhi\u00advi\u00adran i upu\u00adti\u00adli da uko\u00adli\u00adko \u017ee\u00adli\u00admo sa\u00admi pod\u00adne\u00adse\u00admo kri\u00advi\u010d\u00adnu pri\u00adja\u00advu za kon\u00adkret\u00adno kri\u00advi\u010d\u00adno dje\u00adlo i za to pod\u00adne\u00adse\u00admo do\u00adka\u00adze &#8211; ka\u00ad\u017ee Vik\u00adtor Ma\u00adko\u00advi\u0107, pred\u00adsjed\u00adnik MZ \u0160toj.<br \/>\nPod\u00adsje\u00adti\u00admo \u0160to\u00adja\u00adni su ne\u00addav\u00adno pi\u00adsa\u00adli vr\u00adhov\u00adnom dr\u00ad\u017eav\u00adnom tu\u00ad\u017ei\u00ado\u00adcu Ivi\u00adci Stan\u00adko\u00advi\u00ad\u0107u i tra\u00ad\u017ei\u00adli da se utvr\u00addi na ko\u00adji su na\u00ad\u010din osta\u00adli bez vri\u00adjed\u00adne imo\u00advi\u00adne u isto\u00adi\u00adme\u00adnom na\u00adse\u00adlju uz ma\u00adgi\u00adstral\u00adni put Ul\u00adcinj \u2013 Ada Bo\u00adja\u00adna. Za\u00adhtje\u00adva\u00adli su da se utvr\u00addi od\u00adgo\u00advor\u00adnost dr\u00ad\u017eav\u00adnih or\u00adga\u00adna i imo\u00advi\u00adna vra\u00adti u pr\u00advo\u00adbit\u00adno sta\u00adnje. Do\u00adpi\u00adsi Stan\u00adkvi\u00ad\u0107u upu\u00adti\u00adli su i pot\u00adpi\u00adsa\u00adli pred\u00adstav\u00adni\u00adci po\u00adro\u00addi\u00adca Ru\u00addo\u00advi\u0107, Ma\u00adko\u00advi\u0107, Ali\u0107, \u0160kre\u00adlja, Jo\u00advi\u0107, \u0110o\u00adno\u00advi\u0107, Ele\u00adzo\u00advi\u0107, Nik\u00adpre\u00adlje\u00advi\u0107 i Ve\u00adlo\u00advi\u0107.<br \/>\nMa\u00adko\u00advi\u0107 pod\u00adsje\u00ad\u0107a je da je do po\u00adda\u00adta\u00adka o \u201eo\u010di\u00adgled\u00adnoj plja\u010d\u00adki\u201d do\u00ad\u0161ao sa\u00adsvim slu\u00ad\u010daj\u00adno jer jer sa\u00adznao da se po\u00adje\u00addin\u00adci\u00adma ko\u00adji su od\u00adlu\u00ad\u010di\u00adli da pro\u00adda\u00adju dio mo\u00advi\u00adne uz ni\u00adsu sla\u00adga\u00adle po\u00advr\u00ad\u0161i\u00adne.<br \/>\n&#8211; Is\u00adpo\u00adsta\u00advi\u00adlo se da je put\u00adni po\u00adjas za\u00adhva\u00adta ve\u00adli\u00adku kva\u00addra\u00adtu\u00adru sa jed\u00adne i dru\u00adge stra\u00adne pu\u00adta i da ne po\u00adsto\u00adji ni\u00adti jed\u00adna od\u00adlu\u00adka ili pi\u00adsa\u00adni trag da je ze\u00admlji\u00ad\u0161te od\u00adu\u00adze\u00adto od pri\u00advat\u00adni\u00adka ili da je po\u00adklo\u00adnje\u00adno dr\u00ad\u017ea\u00advi. Tom imo\u00advi\u00adnom sa\u00adda ras\u00adpo\u00adla\u00ad\u017ee dr\u00ad\u017ea\u00adva, a ni\u00adko ni\u00adje ni\u00ad\u0161ta pot\u00adpi\u00adsao ni\u00adti je ne\u00adko obe\u00ad\u0161te\u00ad\u0107en. Za\u00adin\u00adter\u00adso\u00adva\u00adli smo se za to i po\u00adku\u00ad\u0161a\u00adli da usta\u00adno\u00advi\u00admo o \u010de\u00admu se ra\u00addi i ka\u00adko je to mo\u00adgu\u00ad\u0107e. Pro\u00advje\u00adrio sam i u ka\u00adta\u00adstru i ta\u00admo su mi re\u00adkli da ne zna\u00adju ka\u00adko je do to\u00adga do\u00ad\u0161lo ali da su spor\u00adne kva\u00addra\u00adtu\u00adre upi\u00adsa\u00adne kao put\u00adni po\u00adjas. Na\u00adma je ja\u00adsno da put\u00adni po\u00adjas mo\u00adra po\u00adsto\u00adja\u00adti i to ni\u00adje spor\u00adno. Pro\u00adble\u00adma\u00adti\u010d\u00adno je ko ga je ka\u00adda i ka\u00adko utr\u00addio i iz\u00adu\u00adzeo na na\u00ad\u0161u \u0161te\u00adtu. U pi\u00adta\u00adnju je ve\u00adli\u00adka imo\u00advi\u00adna mno\u00adgo\u00adbroj\u00adnih vla\u00adsni\u00adka, mo\u00ad\u017eda oko 100 hi\u00adlja\u00adda kva\u00adra\u00adta, jer se ra\u00addi o di\u00adje\u00adlu pu\u00adta od ne\u00adko\u00adli\u00adko ki\u00adlo\u00adme\u00adta\u00adra i broj\u00adnim ima\u00adnji\u00adma sa jed\u00adne i dru\u00adge stra\u00adne ko\u00adlo\u00advo\u00adza &#8211; tvr\u00addi Ma\u00adko\u00advi\u0107.<br \/>\nPre\u00adma nje\u00adgo\u00advim ri\u00adje\u00ad\u010di\u00adma ne\u00addav\u00adno je od Mi\u00adni\u00adstar\u00adstva fi\u00adna\u00adsi\u00adja do\u00adbio in\u00adfor\u00adma\u00adci\u00adju da pre\u00adma po\u00adda\u00adci\u00adma Upra\u00adve za ne\u00adkret\u00adni\u00adne na rje\u00ad\u0161e\u00adnje Ko\u00admi\u00adsi\u00adje za iz\u00adla\u00adga\u00adnje ko\u00adje je do\u00adni\u00adje\u00adto 1998. go\u00addi\u00adne pod bro\u00adjem 05 -339-08 od ni\u00adje bi\u00adlo \u017eal\u00adbi stran\u00adka ko\u00adje su ima\u00adle pra\u00advo da ga tu\u00ad\u017ebom ospo\u00adre.<br \/>\n\u2013 Pro\u00adblem je u to\u00adme \u0161to ni\u00adko ni\u00adje ni znao za to, a ka\u00admo\u00adli da je imao pri\u00adli\u00adke da vi\u00addi to rje\u00ad\u0161e\u00adnje. Da su zna\u00adli o\u0161te\u00ad\u0107e\u00adni bi se si\u00adgur\u00adno \u017ea\u00adli\u00adli jer je u pi\u00adta\u00adnju put\u00adni po\u00adjas po 15 me\u00adta\u00adra sa jed\u00adne i dru\u00adge stra\u00adne pu\u00adta. Da\u00adkle, taj po\u00adjas je du\u00adbo\u00adko u\u0161ao u pri\u00advat\u00adnu imo\u00advi\u00adnu a da lju\u00addi o to\u00adme ni\u00adsu ima\u00adli poj\u00adma, do\u00adda\u00adje Ma\u00adko\u00advi\u0107.<br \/>\nPut pre\u00adma Adi Bo\u00adja\u00adni iz\u00adgra\u00ad\u0111en dav\u00adno ali ni\u00adje od\u00admah utvr\u00ad\u0111en put\u00adni po\u00adjas. Put je \u0161i\u00adrok \u0161est do se\u00addam me\u00adta\u00adra i pre\u00adma po\u00adda\u00adci\u00adma Upra\u00adve za ne\u00adkret\u00adni\u00adne sa put\u00adnim po\u00adja\u00adsnom ob\u00adu\u00adhva\u00adta 243631 me\u00adta\u00adra kva\u00addra\u00adt\u00adnih. <strong>M.K.<\/strong><\/p>\n<p><strong> Mje\u00ad\u0161ta\u00adni nu\u00adde kom\u00adpro\u00admis<\/strong><\/p>\n<p>Mje\u00ad\u0161ta\u00adni \u0160to\u00adja tvr\u00adde da su sprem\u00adni na kom\u00adpro\u00admi\u00adsno rje\u00ad\u0161e\u00adnje ka\u00adko bi se iz\u00adbje\u00adgao even\u00adtu\u00adal\u00adni sud\u00adski spor i tro\u00ad\u0161ko\u00advi po tom osno\u00advu.<br \/>\n&#8211; Uko\u00adli\u00adko po\u00adsto\u00adji do\u00adbra vo\u00adlja nad\u00adle\u00ad\u017enih, mi\u00adslim da ovo mo\u00ad\u017ee\u00admo da rje\u00ad\u0161i\u00admo na obo\u00adstra\u00adno za\u00addo\u00advolj\u00adstvo. Svi mi ko\u00adji smo o\u0161te\u00ad\u0107e\u00adni sprem\u00adni smo da se od\u00adrek\u00adne\u00admo di\u00adje\u00adla imo\u00advi\u00adne i pot\u00adpi\u00ad\u0161e\u00admo da je po\u00adkla\u00adnja\u00admo za po\u00adme\u00adnu\u00adti po\u00adjas. Ali sva\u00adka\u00adko ne mo\u00ad\u017ee\u00admo pri\u00adsta\u00adti na po 15 me\u00adta\u00adra sa li\u00adje\u00adve i de\u00adsne stra\u00adne pu\u00adta &#8211; ka\u00ad\u017ee Ma\u00adko\u00advi\u0107.<br \/>\nPre\u00adma za\u00adko\u00adnu o pu\u00adte\u00advi\u00adma put\u00adni po\u00adjas, po\u00adjas ze\u00admlji\u00ad\u0161ta sa obje stra\u00adne pu\u00adta ko\u00adji pri\u00adpa\u00adda tom pu\u00adtu, a \u010di\u00adja \u0161i\u00adri\u00adna van na\u00adse\u00adlja iz\u00adno\u00adsi za auto\u00adpu\u00adte\u00adve, ma\u00adgi\u00adstral\u00adne i re\u00adgi\u00ado\u00adnal\u00adne pu\u00adte\u00adve naj\u00adma\u00adnje dva me\u00adtra, a za lo\u00adkal\u00adne pu\u00adte\u00adve je\u00addan me\u00adtar, ra\u00ad\u010du\u00adna\u00adju\u00ad\u0107i od li\u00adni\u00adje ko\u00adju \u010di\u00adne kraj\u00adnje ta\u010d\u00adke po\u00adpre\u010d\u00adnih pro\u00adfi\u00adla pu\u00adta (od spolj\u00adne ivi\u00adce usje\u00adka i no\u00ad\u017ei\u00adce na\u00adsi\u00adpa, ako ne po\u00adsto\u00adji ja\u00adrak).<\/p>\n<p><strong>\u0110e\u00adka: Op\u00ad\u0161ti\u00adna sprem\u00adna da po\u00admog\u00adne u rje\u00ad\u0161a\u00adva\u00adnju pro\u00adble\u00adma<\/strong><\/p>\n<p>Pred\u00adsjed\u00adnik Op\u00ad\u0161ti\u00adne Ul\u00adcinj Fat\u00admir \u0110e\u00adka ka\u00adzao je ju\u00ad\u010de za \u201eDan\u201d da je \u010duo za pro\u00adblem mje\u00ad\u0161ta\u00adna \u0160to\u00adja ali da ni\u00adje do de\u00adta\u00adlja upo\u00adznat sa tim slu\u00ad\u010da\u00adjem. \u0110e\u00adka je ka\u00adzao da sve tr\u00adte\u00adba is\u00adpi\u00adta\u00adti i da je Op\u00ad\u0161ti\u00adna na ras\u00adpo\u00adla\u00adga\u00adnju da u okvi\u00adru svo\u00adjih nad\u00adle\u00ad\u017eno\u00adsti po\u00admog\u00adne da se u skla\u00addu sa za\u00adko\u00adnom ri\u00adje\u00ad\u0161i pro\u00adblem.<br \/>\n\u2013 Ako je ugro\u00ad\u017ee\u00adno ne\u00ad\u010di\u00adje pra\u00advo po\u00adsto\u00adje nad\u00adle\u00ad\u017een in\u00adsti\u00adtu\u00adci\u00adje ko\u00adje se tim ba\u00adve. Da\u00adkle, ne\u00adspor\u00adno je da tre\u00adba da se utvr\u00addi da li je ugro\u00ad\u017ee\u00adno ne\u00ad\u010di\u00adje imo\u00advin\u00adsko pra\u00advo i mi \u0107e\u00admo sa\u00adsvim si\u00adgur\u00adno po\u00admo\u00ad\u0107i sve \u0161to je do nas &#8211; ka\u00adzao je \u0110e\u00adka.<\/span><\/p>\n<p><strong>Izvor: DAN<\/strong><\/p>\n","protected":false},"excerpt":{"rendered":"<p>Tri\u00adde\u00adse\u00adtak mje\u00ad\u0161ta\u00adna Mje\u00adsne za\u00adjed\u00adni\u00adce \u0160toj iz Ul\u00adci\u00adnja naja\u00advi\u00adlo je ju\u00ad\u010de da \u0107e nad\u00adle\u00ad\u017enom su\u00addu pod\u00adni\u00adje\u00adti kri\u00advi\u010d\u00adne pri\u00adja\u00adve pro\u00adtiv Upra\u00adve za ne\u00adkret\u00adni\u00adne od\u00adno\u00adsno od\u00adgo\u00advor\u00adnih u Ko\u00admi\u00adsi\u00adji za iz\u00adla\u00adga\u00adnje ko\u00adja je 1998. go\u00addi\u00adne do\u00adni\u00adje\u00adla rje\u00ad\u0161e\u00adnje ko\u00adjim je kao svo\u00adji\u00adna dr\u00ad\u017ea\u00adve Cr\u00adne Go\u00adre upi\u00adsa\u00adna ka\u00adta\u00adstar\u00adska par\u00adce\u00adla broj 3538\/1. Ta par\u00adce\u00adla ina\u00ad\u010de ob\u00adu\u00adhva\u00adta Ve\u00adli\u00adka pla\u00ad\u017ea \u2013 Ada Bo\u00adja\u00adna sa [&hellip;]<\/p>\n","protected":false},"author":1,"featured_media":0,"comment_status":"closed","ping_status":"closed","sticky":false,"template":"","format":"standard","meta":{"spay_email":"","jetpack_publicize_message":"","jetpack_is_tweetstorm":false,"jetpack_publicize_feature_enabled":true},"categories":[8337],"tags":[],"jetpack_publicize_connections":[],"yoast_head":"<!-- This site is optimized with the Yoast SEO plugin v19.1 - https:\/\/yoast.com\/wordpress\/plugins\/seo\/ -->\n<title>Ulcinj - \u0160toj: Tu\u017ee dr\u017eavu zbog 30 metara putnog pojasa - Lajme nga Ulqini<\/title>\n<meta name=\"description\" content=\"Tri\u00adde\u00adse\u00adtak mje\u00ad\u0161ta\u00adna Mje\u00adsne za\u00adjed\u00adni\u00adce \u0160toj iz Ul\u00adci\u00adnja naja\u00advi\u00adlo je ju\u00ad\u010de da \u0107e nad\u00adle\u00ad\u017enom su\u00addu pod\u00adni\u00adje\u00adti kri\u00advi\u010d\u00adne pri\u00adja\u00adve pro\u00adtiv\" \/>\n<meta name=\"robots\" content=\"index, follow, max-snippet:-1, max-image-preview:large, max-video-preview:-1\" \/>\n<link rel=\"canonical\" href=\"https:\/\/www.visit-ulcinj.com\/blog\/2015\/07\/17\/ulcinj-stoj-tuze-drzavu-zbog-30-metara-putnog-pojasa\/\" \/>\n<meta property=\"og:locale\" content=\"en_US\" \/>\n<meta property=\"og:type\" content=\"article\" \/>\n<meta property=\"og:title\" content=\"Ulcinj - \u0160toj: Tu\u017ee dr\u017eavu zbog 30 metara putnog pojasa - Lajme nga Ulqini\" \/>\n<meta property=\"og:description\" content=\"Tri\u00adde\u00adse\u00adtak mje\u00ad\u0161ta\u00adna Mje\u00adsne za\u00adjed\u00adni\u00adce \u0160toj iz Ul\u00adci\u00adnja naja\u00advi\u00adlo je ju\u00ad\u010de da \u0107e nad\u00adle\u00ad\u017enom su\u00addu pod\u00adni\u00adje\u00adti kri\u00advi\u010d\u00adne pri\u00adja\u00adve pro\u00adtiv\" \/>\n<meta property=\"og:url\" content=\"https:\/\/www.visit-ulcinj.com\/blog\/2015\/07\/17\/ulcinj-stoj-tuze-drzavu-zbog-30-metara-putnog-pojasa\/\" \/>\n<meta property=\"og:site_name\" content=\"Lajme nga Ulqini\" \/>\n<meta property=\"article:published_time\" content=\"2015-07-17T19:37:22+00:00\" \/>\n<meta name=\"twitter:label1\" content=\"Written by\" \/>\n\t<meta name=\"twitter:data1\" content=\"ulqini\" \/>\n\t<meta name=\"twitter:label2\" content=\"Est. reading time\" \/>\n\t<meta name=\"twitter:data2\" content=\"9 minutes\" \/>\n<script type=\"application\/ld+json\" class=\"yoast-schema-graph\">{\"@context\":\"https:\/\/schema.org\",\"@graph\":[{\"@type\":\"WebSite\",\"@id\":\"https:\/\/www.visit-ulcinj.com\/blog\/#website\",\"url\":\"https:\/\/www.visit-ulcinj.com\/blog\/\",\"name\":\"Lajme nga Ulqini\",\"description\":\"Lajme,Vijesti,Ulqini,Ulqin,Crna Gora,Mali i Zi\",\"potentialAction\":[{\"@type\":\"SearchAction\",\"target\":{\"@type\":\"EntryPoint\",\"urlTemplate\":\"https:\/\/www.visit-ulcinj.com\/blog\/?s={search_term_string}\"},\"query-input\":\"required name=search_term_string\"}],\"inLanguage\":\"en-US\"},{\"@type\":\"WebPage\",\"@id\":\"https:\/\/www.visit-ulcinj.com\/blog\/2015\/07\/17\/ulcinj-stoj-tuze-drzavu-zbog-30-metara-putnog-pojasa\/#webpage\",\"url\":\"https:\/\/www.visit-ulcinj.com\/blog\/2015\/07\/17\/ulcinj-stoj-tuze-drzavu-zbog-30-metara-putnog-pojasa\/\",\"name\":\"Ulcinj - \u0160toj: Tu\u017ee dr\u017eavu zbog 30 metara putnog pojasa - Lajme nga Ulqini\",\"isPartOf\":{\"@id\":\"https:\/\/www.visit-ulcinj.com\/blog\/#website\"},\"datePublished\":\"2015-07-17T19:37:22+00:00\",\"dateModified\":\"2015-07-17T19:37:22+00:00\",\"author\":{\"@id\":\"https:\/\/www.visit-ulcinj.com\/blog\/#\/schema\/person\/dcab619c614d3038751c63bc2aadc06d\"},\"description\":\"Tri\u00adde\u00adse\u00adtak mje\u00ad\u0161ta\u00adna Mje\u00adsne za\u00adjed\u00adni\u00adce \u0160toj iz Ul\u00adci\u00adnja naja\u00advi\u00adlo je ju\u00ad\u010de da \u0107e nad\u00adle\u00ad\u017enom su\u00addu pod\u00adni\u00adje\u00adti kri\u00advi\u010d\u00adne pri\u00adja\u00adve pro\u00adtiv\",\"breadcrumb\":{\"@id\":\"https:\/\/www.visit-ulcinj.com\/blog\/2015\/07\/17\/ulcinj-stoj-tuze-drzavu-zbog-30-metara-putnog-pojasa\/#breadcrumb\"},\"inLanguage\":\"en-US\",\"potentialAction\":[{\"@type\":\"ReadAction\",\"target\":[\"https:\/\/www.visit-ulcinj.com\/blog\/2015\/07\/17\/ulcinj-stoj-tuze-drzavu-zbog-30-metara-putnog-pojasa\/\"]}]},{\"@type\":\"BreadcrumbList\",\"@id\":\"https:\/\/www.visit-ulcinj.com\/blog\/2015\/07\/17\/ulcinj-stoj-tuze-drzavu-zbog-30-metara-putnog-pojasa\/#breadcrumb\",\"itemListElement\":[{\"@type\":\"ListItem\",\"position\":1,\"name\":\"Ulcinj &#8211; \u0160toj: Tu\u017ee dr\u017eavu zbog 30 metara putnog pojasa\"}]},{\"@type\":\"Person\",\"@id\":\"https:\/\/www.visit-ulcinj.com\/blog\/#\/schema\/person\/dcab619c614d3038751c63bc2aadc06d\",\"name\":\"ulqini\",\"sameAs\":[\"http:\/\/www.visit-ulcinj.com\"],\"url\":\"https:\/\/www.visit-ulcinj.com\/blog\/author\/admin\/\"}]}<\/script>\n<!-- \/ Yoast SEO plugin. -->","yoast_head_json":{"title":"Ulcinj - \u0160toj: Tu\u017ee dr\u017eavu zbog 30 metara putnog pojasa - Lajme nga Ulqini","description":"Tri\u00adde\u00adse\u00adtak mje\u00ad\u0161ta\u00adna Mje\u00adsne za\u00adjed\u00adni\u00adce \u0160toj iz Ul\u00adci\u00adnja naja\u00advi\u00adlo je ju\u00ad\u010de da \u0107e nad\u00adle\u00ad\u017enom su\u00addu pod\u00adni\u00adje\u00adti kri\u00advi\u010d\u00adne pri\u00adja\u00adve pro\u00adtiv","robots":{"index":"index","follow":"follow","max-snippet":"max-snippet:-1","max-image-preview":"max-image-preview:large","max-video-preview":"max-video-preview:-1"},"canonical":"https:\/\/www.visit-ulcinj.com\/blog\/2015\/07\/17\/ulcinj-stoj-tuze-drzavu-zbog-30-metara-putnog-pojasa\/","og_locale":"en_US","og_type":"article","og_title":"Ulcinj - \u0160toj: Tu\u017ee dr\u017eavu zbog 30 metara putnog pojasa - Lajme nga Ulqini","og_description":"Tri\u00adde\u00adse\u00adtak mje\u00ad\u0161ta\u00adna Mje\u00adsne za\u00adjed\u00adni\u00adce \u0160toj iz Ul\u00adci\u00adnja naja\u00advi\u00adlo je ju\u00ad\u010de da \u0107e nad\u00adle\u00ad\u017enom su\u00addu pod\u00adni\u00adje\u00adti kri\u00advi\u010d\u00adne pri\u00adja\u00adve pro\u00adtiv","og_url":"https:\/\/www.visit-ulcinj.com\/blog\/2015\/07\/17\/ulcinj-stoj-tuze-drzavu-zbog-30-metara-putnog-pojasa\/","og_site_name":"Lajme nga Ulqini","article_published_time":"2015-07-17T19:37:22+00:00","twitter_misc":{"Written by":"ulqini","Est. reading time":"9 minutes"},"schema":{"@context":"https:\/\/schema.org","@graph":[{"@type":"WebSite","@id":"https:\/\/www.visit-ulcinj.com\/blog\/#website","url":"https:\/\/www.visit-ulcinj.com\/blog\/","name":"Lajme nga Ulqini","description":"Lajme,Vijesti,Ulqini,Ulqin,Crna Gora,Mali i Zi","potentialAction":[{"@type":"SearchAction","target":{"@type":"EntryPoint","urlTemplate":"https:\/\/www.visit-ulcinj.com\/blog\/?s={search_term_string}"},"query-input":"required name=search_term_string"}],"inLanguage":"en-US"},{"@type":"WebPage","@id":"https:\/\/www.visit-ulcinj.com\/blog\/2015\/07\/17\/ulcinj-stoj-tuze-drzavu-zbog-30-metara-putnog-pojasa\/#webpage","url":"https:\/\/www.visit-ulcinj.com\/blog\/2015\/07\/17\/ulcinj-stoj-tuze-drzavu-zbog-30-metara-putnog-pojasa\/","name":"Ulcinj - \u0160toj: Tu\u017ee dr\u017eavu zbog 30 metara putnog pojasa - Lajme nga Ulqini","isPartOf":{"@id":"https:\/\/www.visit-ulcinj.com\/blog\/#website"},"datePublished":"2015-07-17T19:37:22+00:00","dateModified":"2015-07-17T19:37:22+00:00","author":{"@id":"https:\/\/www.visit-ulcinj.com\/blog\/#\/schema\/person\/dcab619c614d3038751c63bc2aadc06d"},"description":"Tri\u00adde\u00adse\u00adtak mje\u00ad\u0161ta\u00adna Mje\u00adsne za\u00adjed\u00adni\u00adce \u0160toj iz Ul\u00adci\u00adnja naja\u00advi\u00adlo je ju\u00ad\u010de da \u0107e nad\u00adle\u00ad\u017enom su\u00addu pod\u00adni\u00adje\u00adti kri\u00advi\u010d\u00adne pri\u00adja\u00adve pro\u00adtiv","breadcrumb":{"@id":"https:\/\/www.visit-ulcinj.com\/blog\/2015\/07\/17\/ulcinj-stoj-tuze-drzavu-zbog-30-metara-putnog-pojasa\/#breadcrumb"},"inLanguage":"en-US","potentialAction":[{"@type":"ReadAction","target":["https:\/\/www.visit-ulcinj.com\/blog\/2015\/07\/17\/ulcinj-stoj-tuze-drzavu-zbog-30-metara-putnog-pojasa\/"]}]},{"@type":"BreadcrumbList","@id":"https:\/\/www.visit-ulcinj.com\/blog\/2015\/07\/17\/ulcinj-stoj-tuze-drzavu-zbog-30-metara-putnog-pojasa\/#breadcrumb","itemListElement":[{"@type":"ListItem","position":1,"name":"Ulcinj &#8211; \u0160toj: Tu\u017ee dr\u017eavu zbog 30 metara putnog pojasa"}]},{"@type":"Person","@id":"https:\/\/www.visit-ulcinj.com\/blog\/#\/schema\/person\/dcab619c614d3038751c63bc2aadc06d","name":"ulqini","sameAs":["http:\/\/www.visit-ulcinj.com"],"url":"https:\/\/www.visit-ulcinj.com\/blog\/author\/admin\/"}]}},"jetpack_featured_media_url":"","jetpack_sharing_enabled":true,"jetpack_shortlink":"https:\/\/wp.me\/pe6lTn-nPt","_links":{"self":[{"href":"https:\/\/www.visit-ulcinj.com\/blog\/wp-json\/wp\/v2\/posts\/91603"}],"collection":[{"href":"https:\/\/www.visit-ulcinj.com\/blog\/wp-json\/wp\/v2\/posts"}],"about":[{"href":"https:\/\/www.visit-ulcinj.com\/blog\/wp-json\/wp\/v2\/types\/post"}],"author":[{"embeddable":true,"href":"https:\/\/www.visit-ulcinj.com\/blog\/wp-json\/wp\/v2\/users\/1"}],"replies":[{"embeddable":true,"href":"https:\/\/www.visit-ulcinj.com\/blog\/wp-json\/wp\/v2\/comments?post=91603"}],"version-history":[{"count":1,"href":"https:\/\/www.visit-ulcinj.com\/blog\/wp-json\/wp\/v2\/posts\/91603\/revisions"}],"predecessor-version":[{"id":91605,"href":"https:\/\/www.visit-ulcinj.com\/blog\/wp-json\/wp\/v2\/posts\/91603\/revisions\/91605"}],"wp:attachment":[{"href":"https:\/\/www.visit-ulcinj.com\/blog\/wp-json\/wp\/v2\/media?parent=91603"}],"wp:term":[{"taxonomy":"category","embeddable":true,"href":"https:\/\/www.visit-ulcinj.com\/blog\/wp-json\/wp\/v2\/categories?post=91603"},{"taxonomy":"post_tag","embeddable":true,"href":"https:\/\/www.visit-ulcinj.com\/blog\/wp-json\/wp\/v2\/tags?post=91603"}],"curies":[{"name":"wp","href":"https:\/\/api.w.org\/{rel}","templated":true}]}}