{"id":91611,"date":"2015-07-17T21:03:55","date_gmt":"2015-07-17T20:03:55","guid":{"rendered":"http:\/\/www.visit-ulcinj.com\/blog\/?p=91611"},"modified":"2015-07-17T21:03:55","modified_gmt":"2015-07-17T20:03:55","slug":"nto-cg-sezona-ide-u-dobrom-pravcu","status":"publish","type":"post","link":"https:\/\/www.visit-ulcinj.com\/blog\/2015\/07\/17\/nto-cg-sezona-ide-u-dobrom-pravcu\/","title":{"rendered":"NTO CG: Sezona ide u dobrom pravcu"},"content":{"rendered":"<p><a href=\"http:\/\/www.visit-ulcinj.com\/blog\/wp-content\/uploads\/2013\/07\/pjescana-velika-plaza-ulcinj.3.jpg\"><img loading=\"lazy\" class=\"alignleft wp-image-73514\" src=\"http:\/\/www.visit-ulcinj.com\/blog\/wp-content\/uploads\/2013\/07\/pjescana-velika-plaza-ulcinj.3.jpg\" alt=\"pjescana velika plaza ulcinj.3\" width=\"508\" height=\"339\" srcset=\"https:\/\/www.visit-ulcinj.com\/blog\/wp-content\/uploads\/2013\/07\/pjescana-velika-plaza-ulcinj.3.jpg 632w, https:\/\/www.visit-ulcinj.com\/blog\/wp-content\/uploads\/2013\/07\/pjescana-velika-plaza-ulcinj.3-300x200.jpg 300w\" sizes=\"(max-width: 508px) 100vw, 508px\" \/><\/a>U Crnoj Gori je ovog vikenda boravilo oko 100 hiljada turista, 20 odsto vi\u0161e nego u uporednom periodu, dok je samo u hotelima zabilje\u017een rast posjete od 14 odsto, saop\u0161teno je iz Nacionalne turisti\u010dke organizacije (NTO).<\/p>\n<p>\u201cAktivnosti koje smo realizovali u prethodnom periodu na svim nivoima i turisti\u010dki pokazatelji za pet mjeseci pokazuju da se sezona u Crnoj Gori razvija u dobrom pravcu. To pokazuju dosada\u0161nji pozitivni trendovi rasta turisti\u010dkog prometa, posjete i gostiju\u201d, kazali su agenciji Mina-business predstavnici NTO.<\/p>\n<p>Oni su naveli da je bolja posje\u0107enost ostvarena i u nacionalnim parkovima, koje je u junu posjetilo oko 40 hiljada turista, 35 odsto vi\u0161e nego u istom periodu pro\u0161le godine.<\/p>\n<p>Prema rije\u010dima predstavnika NTO, grani\u010dni prelazi bilje\u017ee u junu rast broja putnika od oko deset odsto u odnosu na uporedni period, dok su aerodromi u Podgorici i Tivtu za prvih pola godine opslu\u017eili vi\u0161e od pola miliona putnika.<\/p>\n<p>U Luku Kotor je u prvih \u0161est mjeseci ove godine uplovilo 145 kruzera, 15 odsto vi\u0161e nego u uporednom periodu pro\u0161le, dok je broj putnika koji su pristigli na taj na\u010din porastao 59 odsto na 144 hiljade.<\/p>\n<p>Iz NTO su podsjetili da je, prema podacima Monstata, Crnu Goru u maju posjetilo 99,98 hiljada turista, 9,5 odsto vi\u0161e nego u istom periodu pro\u0161le godine, dok je broj ostvarenih no\u0107enja porastao 8,3 odsto na 437,6 hiljada.<\/p>\n<p>Najve\u0107i broj no\u0107enja, \u010dak 88,8 odsto ostvarili su strani turisti, a 11,2 odsto doma\u0107i.<\/p>\n<p>\u00bbRaznovrstan zabavni program ide u prilog \u010dinjenici da pored tradicionalno kvalitetnog odmora, na\u0161i gosti ciljno dolaze zbog manifestacija koje okupljaju sve zna\u010dajniji broj posjetilaca\u00ab, saop\u0161tili su predstavnici NTO.<\/p>\n<p>Oni su podsjetili da se u Budvi od sjutra do subote odr\u017eava Sea Dance festival, na kojem se o\u010dekuje duplo ve\u0107a posjeta u odnosu na pro\u0161lu godinu.<\/p>\n<p>\u00bbMe\u0111u najavljenim posjetiocima iz preko 50 zemalja svijeta, najvi\u0161e \u0107e biti iz zapadne Evrope, odnosno Velike Britanije, Francuske, Holandije i Belgije\u00ab, najavili su predstavnici NTO.<\/p>\n<p>Oni su kazali i da je Crna Gora, prema zvani\u010dnim podacima Monstata za prvih pet mjeseci, uspjela da odr\u017ei poziciju na tr\u017ei\u0161tu Rusije.<\/p>\n<p>\u00bbPo\u010detkom godine su se, zbog krize na tr\u017ei\u0161tu Rusije, pojavile najave da nas o\u010dekuje te\u0161ka turisti\u010dka sezona, na koju \u0107e se odraziti tada o\u010dekivani pad ruskog tr\u017ei\u0161ta. U strukturi no\u0107enja stranih turista u prvih pet mjeseci ove godine, ruski turisti u\u010destvuju sa oko 22 odsto, pet odsto vi\u0161e nego u istom periodu pro\u0161le\u00ab, naveli su iz NTO.<\/p>\n<p>U NTO o\u010dekuju da \u0107e, uz najavljeni rast broja turista iz zapadne Evrope i odr\u017eavanje pozicije na klju\u010dnim emitivnim tr\u017ei\u0161tima, kao \u0161to je rusko i tr\u017ei\u0161te zemalja biv\u0161eg Sovjetskog Saveza, ove godine biti ostvaren rezultat na nivou predhodne ili \u010dak i blagi rast.<\/p>\n<p>Predstavnici NTO su saop\u0161tili da je i na crnogorskim planinama zabilje\u017een zna\u010dajan rast prometa.<\/p>\n<p>\u00bbKada je u pitanju sjever, pristupa\u010dne cijene smje\u0161taja i bogat program manifestacija u zna\u010dajnoj mjeri doprinose pove\u0107anju gostiju. Cijene hotelskog smje\u0161taja na \u017dabljaku i Kola\u0161inu kre\u0107u se ve\u0107 od 22 eura po osobi na bazi polupansiona, dok su u privatnom smje\u0161taju one od osam do 15 eura, zavisno od lokacije i kategorije\u00ab, kazali su predstavnici NTO.<\/p>\n<p>Oni su podsjetili da \u0107e se na \u017dabljaku uskoro odr\u017eati Dani planinskog cvije\u0107a, dok je u toku manifestacija Udahni Kola\u0161in, gdje se trenutno odr\u017eava ko\u0161arka\u0161ki kamp u organizaciji proslavljenih crnogorskih asova.<\/p>\n<p>\u00bbZvanani\u010dno je otvorena ljetnja sezona i u Ski centru Kola\u0161in 1450. Za razliku od prethodnih godina, ovoga ljeta \u017ei\u010dara \u0106upovi \u0107e raditi svake subote i nedjelje do kraja avgusta\u00ab, rekli su iz NTO.<\/p>\n<p>Oni su dodali da \u0107e pored panoramske vo\u017enje, u saradnji sa Turisti\u010dkom organizacijom Kola\u0161ina, biti organizovani i razli\u010diti zanimljivi doga\u0111aji na padinama Bjelasice.<\/p>\n<p><strong>Izvor: TVCG<\/strong><\/p>\n","protected":false},"excerpt":{"rendered":"<p>U Crnoj Gori je ovog vikenda boravilo oko 100 hiljada turista, 20 odsto vi\u0161e nego u uporednom periodu, dok je samo u hotelima zabilje\u017een rast posjete od 14 odsto, saop\u0161teno je iz Nacionalne turisti\u010dke organizacije (NTO). \u201cAktivnosti koje smo realizovali u prethodnom periodu na svim nivoima i turisti\u010dki pokazatelji za pet mjeseci pokazuju da se [&hellip;]<\/p>\n","protected":false},"author":1,"featured_media":0,"comment_status":"closed","ping_status":"closed","sticky":false,"template":"","format":"standard","meta":{"spay_email":"","jetpack_publicize_message":"","jetpack_is_tweetstorm":false,"jetpack_publicize_feature_enabled":true},"categories":[6950],"tags":[],"jetpack_publicize_connections":[],"yoast_head":"<!-- This site is optimized with the Yoast SEO plugin v19.1 - https:\/\/yoast.com\/wordpress\/plugins\/seo\/ -->\n<title>NTO CG: Sezona ide u dobrom pravcu - Lajme nga Ulqini<\/title>\n<meta name=\"description\" content=\"U Crnoj Gori je ovog vikenda boravilo oko 100 hiljada turista, 20 odsto vi\u0161e nego u uporednom periodu, dok je samo u hotelima zabilje\u017een rast posjete od\" \/>\n<meta name=\"robots\" content=\"index, follow, max-snippet:-1, max-image-preview:large, max-video-preview:-1\" \/>\n<link rel=\"canonical\" href=\"https:\/\/www.visit-ulcinj.com\/blog\/2015\/07\/17\/nto-cg-sezona-ide-u-dobrom-pravcu\/\" \/>\n<meta property=\"og:locale\" content=\"en_US\" \/>\n<meta property=\"og:type\" content=\"article\" \/>\n<meta property=\"og:title\" content=\"NTO CG: Sezona ide u dobrom pravcu - Lajme nga Ulqini\" \/>\n<meta property=\"og:description\" content=\"U Crnoj Gori je ovog vikenda boravilo oko 100 hiljada turista, 20 odsto vi\u0161e nego u uporednom periodu, dok je samo u hotelima zabilje\u017een rast posjete od\" \/>\n<meta property=\"og:url\" content=\"https:\/\/www.visit-ulcinj.com\/blog\/2015\/07\/17\/nto-cg-sezona-ide-u-dobrom-pravcu\/\" \/>\n<meta property=\"og:site_name\" content=\"Lajme nga Ulqini\" \/>\n<meta property=\"article:published_time\" content=\"2015-07-17T20:03:55+00:00\" \/>\n<meta property=\"og:image\" content=\"http:\/\/www.visit-ulcinj.com\/blog\/wp-content\/uploads\/2013\/07\/pjescana-velika-plaza-ulcinj.3.jpg\" \/>\n<meta name=\"twitter:label1\" content=\"Written by\" \/>\n\t<meta name=\"twitter:data1\" content=\"ulqini\" \/>\n\t<meta name=\"twitter:label2\" content=\"Est. reading time\" \/>\n\t<meta name=\"twitter:data2\" content=\"3 minutes\" \/>\n<script type=\"application\/ld+json\" class=\"yoast-schema-graph\">{\"@context\":\"https:\/\/schema.org\",\"@graph\":[{\"@type\":\"WebSite\",\"@id\":\"https:\/\/www.visit-ulcinj.com\/blog\/#website\",\"url\":\"https:\/\/www.visit-ulcinj.com\/blog\/\",\"name\":\"Lajme nga Ulqini\",\"description\":\"Lajme,Vijesti,Ulqini,Ulqin,Crna Gora,Mali i Zi\",\"potentialAction\":[{\"@type\":\"SearchAction\",\"target\":{\"@type\":\"EntryPoint\",\"urlTemplate\":\"https:\/\/www.visit-ulcinj.com\/blog\/?s={search_term_string}\"},\"query-input\":\"required name=search_term_string\"}],\"inLanguage\":\"en-US\"},{\"@type\":\"ImageObject\",\"inLanguage\":\"en-US\",\"@id\":\"https:\/\/www.visit-ulcinj.com\/blog\/2015\/07\/17\/nto-cg-sezona-ide-u-dobrom-pravcu\/#primaryimage\",\"url\":\"https:\/\/www.visit-ulcinj.com\/blog\/wp-content\/uploads\/2013\/07\/pjescana-velika-plaza-ulcinj.3.jpg\",\"contentUrl\":\"https:\/\/www.visit-ulcinj.com\/blog\/wp-content\/uploads\/2013\/07\/pjescana-velika-plaza-ulcinj.3.jpg\",\"width\":632,\"height\":422},{\"@type\":\"WebPage\",\"@id\":\"https:\/\/www.visit-ulcinj.com\/blog\/2015\/07\/17\/nto-cg-sezona-ide-u-dobrom-pravcu\/#webpage\",\"url\":\"https:\/\/www.visit-ulcinj.com\/blog\/2015\/07\/17\/nto-cg-sezona-ide-u-dobrom-pravcu\/\",\"name\":\"NTO CG: Sezona ide u dobrom pravcu - Lajme nga Ulqini\",\"isPartOf\":{\"@id\":\"https:\/\/www.visit-ulcinj.com\/blog\/#website\"},\"primaryImageOfPage\":{\"@id\":\"https:\/\/www.visit-ulcinj.com\/blog\/2015\/07\/17\/nto-cg-sezona-ide-u-dobrom-pravcu\/#primaryimage\"},\"datePublished\":\"2015-07-17T20:03:55+00:00\",\"dateModified\":\"2015-07-17T20:03:55+00:00\",\"author\":{\"@id\":\"https:\/\/www.visit-ulcinj.com\/blog\/#\/schema\/person\/dcab619c614d3038751c63bc2aadc06d\"},\"description\":\"U Crnoj Gori je ovog vikenda boravilo oko 100 hiljada turista, 20 odsto vi\u0161e nego u uporednom periodu, dok je samo u hotelima zabilje\u017een rast posjete od\",\"breadcrumb\":{\"@id\":\"https:\/\/www.visit-ulcinj.com\/blog\/2015\/07\/17\/nto-cg-sezona-ide-u-dobrom-pravcu\/#breadcrumb\"},\"inLanguage\":\"en-US\",\"potentialAction\":[{\"@type\":\"ReadAction\",\"target\":[\"https:\/\/www.visit-ulcinj.com\/blog\/2015\/07\/17\/nto-cg-sezona-ide-u-dobrom-pravcu\/\"]}]},{\"@type\":\"BreadcrumbList\",\"@id\":\"https:\/\/www.visit-ulcinj.com\/blog\/2015\/07\/17\/nto-cg-sezona-ide-u-dobrom-pravcu\/#breadcrumb\",\"itemListElement\":[{\"@type\":\"ListItem\",\"position\":1,\"name\":\"NTO CG: Sezona ide u dobrom pravcu\"}]},{\"@type\":\"Person\",\"@id\":\"https:\/\/www.visit-ulcinj.com\/blog\/#\/schema\/person\/dcab619c614d3038751c63bc2aadc06d\",\"name\":\"ulqini\",\"sameAs\":[\"http:\/\/www.visit-ulcinj.com\"],\"url\":\"https:\/\/www.visit-ulcinj.com\/blog\/author\/admin\/\"}]}<\/script>\n<!-- \/ Yoast SEO plugin. -->","yoast_head_json":{"title":"NTO CG: Sezona ide u dobrom pravcu - Lajme nga Ulqini","description":"U Crnoj Gori je ovog vikenda boravilo oko 100 hiljada turista, 20 odsto vi\u0161e nego u uporednom periodu, dok je samo u hotelima zabilje\u017een rast posjete od","robots":{"index":"index","follow":"follow","max-snippet":"max-snippet:-1","max-image-preview":"max-image-preview:large","max-video-preview":"max-video-preview:-1"},"canonical":"https:\/\/www.visit-ulcinj.com\/blog\/2015\/07\/17\/nto-cg-sezona-ide-u-dobrom-pravcu\/","og_locale":"en_US","og_type":"article","og_title":"NTO CG: Sezona ide u dobrom pravcu - Lajme nga Ulqini","og_description":"U Crnoj Gori je ovog vikenda boravilo oko 100 hiljada turista, 20 odsto vi\u0161e nego u uporednom periodu, dok je samo u hotelima zabilje\u017een rast posjete od","og_url":"https:\/\/www.visit-ulcinj.com\/blog\/2015\/07\/17\/nto-cg-sezona-ide-u-dobrom-pravcu\/","og_site_name":"Lajme nga Ulqini","article_published_time":"2015-07-17T20:03:55+00:00","og_image":[{"url":"http:\/\/www.visit-ulcinj.com\/blog\/wp-content\/uploads\/2013\/07\/pjescana-velika-plaza-ulcinj.3.jpg"}],"twitter_misc":{"Written by":"ulqini","Est. reading time":"3 minutes"},"schema":{"@context":"https:\/\/schema.org","@graph":[{"@type":"WebSite","@id":"https:\/\/www.visit-ulcinj.com\/blog\/#website","url":"https:\/\/www.visit-ulcinj.com\/blog\/","name":"Lajme nga Ulqini","description":"Lajme,Vijesti,Ulqini,Ulqin,Crna Gora,Mali i Zi","potentialAction":[{"@type":"SearchAction","target":{"@type":"EntryPoint","urlTemplate":"https:\/\/www.visit-ulcinj.com\/blog\/?s={search_term_string}"},"query-input":"required name=search_term_string"}],"inLanguage":"en-US"},{"@type":"ImageObject","inLanguage":"en-US","@id":"https:\/\/www.visit-ulcinj.com\/blog\/2015\/07\/17\/nto-cg-sezona-ide-u-dobrom-pravcu\/#primaryimage","url":"https:\/\/www.visit-ulcinj.com\/blog\/wp-content\/uploads\/2013\/07\/pjescana-velika-plaza-ulcinj.3.jpg","contentUrl":"https:\/\/www.visit-ulcinj.com\/blog\/wp-content\/uploads\/2013\/07\/pjescana-velika-plaza-ulcinj.3.jpg","width":632,"height":422},{"@type":"WebPage","@id":"https:\/\/www.visit-ulcinj.com\/blog\/2015\/07\/17\/nto-cg-sezona-ide-u-dobrom-pravcu\/#webpage","url":"https:\/\/www.visit-ulcinj.com\/blog\/2015\/07\/17\/nto-cg-sezona-ide-u-dobrom-pravcu\/","name":"NTO CG: Sezona ide u dobrom pravcu - Lajme nga Ulqini","isPartOf":{"@id":"https:\/\/www.visit-ulcinj.com\/blog\/#website"},"primaryImageOfPage":{"@id":"https:\/\/www.visit-ulcinj.com\/blog\/2015\/07\/17\/nto-cg-sezona-ide-u-dobrom-pravcu\/#primaryimage"},"datePublished":"2015-07-17T20:03:55+00:00","dateModified":"2015-07-17T20:03:55+00:00","author":{"@id":"https:\/\/www.visit-ulcinj.com\/blog\/#\/schema\/person\/dcab619c614d3038751c63bc2aadc06d"},"description":"U Crnoj Gori je ovog vikenda boravilo oko 100 hiljada turista, 20 odsto vi\u0161e nego u uporednom periodu, dok je samo u hotelima zabilje\u017een rast posjete od","breadcrumb":{"@id":"https:\/\/www.visit-ulcinj.com\/blog\/2015\/07\/17\/nto-cg-sezona-ide-u-dobrom-pravcu\/#breadcrumb"},"inLanguage":"en-US","potentialAction":[{"@type":"ReadAction","target":["https:\/\/www.visit-ulcinj.com\/blog\/2015\/07\/17\/nto-cg-sezona-ide-u-dobrom-pravcu\/"]}]},{"@type":"BreadcrumbList","@id":"https:\/\/www.visit-ulcinj.com\/blog\/2015\/07\/17\/nto-cg-sezona-ide-u-dobrom-pravcu\/#breadcrumb","itemListElement":[{"@type":"ListItem","position":1,"name":"NTO CG: Sezona ide u dobrom pravcu"}]},{"@type":"Person","@id":"https:\/\/www.visit-ulcinj.com\/blog\/#\/schema\/person\/dcab619c614d3038751c63bc2aadc06d","name":"ulqini","sameAs":["http:\/\/www.visit-ulcinj.com"],"url":"https:\/\/www.visit-ulcinj.com\/blog\/author\/admin\/"}]}},"jetpack_featured_media_url":"","jetpack_sharing_enabled":true,"jetpack_shortlink":"https:\/\/wp.me\/pe6lTn-nPB","_links":{"self":[{"href":"https:\/\/www.visit-ulcinj.com\/blog\/wp-json\/wp\/v2\/posts\/91611"}],"collection":[{"href":"https:\/\/www.visit-ulcinj.com\/blog\/wp-json\/wp\/v2\/posts"}],"about":[{"href":"https:\/\/www.visit-ulcinj.com\/blog\/wp-json\/wp\/v2\/types\/post"}],"author":[{"embeddable":true,"href":"https:\/\/www.visit-ulcinj.com\/blog\/wp-json\/wp\/v2\/users\/1"}],"replies":[{"embeddable":true,"href":"https:\/\/www.visit-ulcinj.com\/blog\/wp-json\/wp\/v2\/comments?post=91611"}],"version-history":[{"count":1,"href":"https:\/\/www.visit-ulcinj.com\/blog\/wp-json\/wp\/v2\/posts\/91611\/revisions"}],"predecessor-version":[{"id":91612,"href":"https:\/\/www.visit-ulcinj.com\/blog\/wp-json\/wp\/v2\/posts\/91611\/revisions\/91612"}],"wp:attachment":[{"href":"https:\/\/www.visit-ulcinj.com\/blog\/wp-json\/wp\/v2\/media?parent=91611"}],"wp:term":[{"taxonomy":"category","embeddable":true,"href":"https:\/\/www.visit-ulcinj.com\/blog\/wp-json\/wp\/v2\/categories?post=91611"},{"taxonomy":"post_tag","embeddable":true,"href":"https:\/\/www.visit-ulcinj.com\/blog\/wp-json\/wp\/v2\/tags?post=91611"}],"curies":[{"name":"wp","href":"https:\/\/api.w.org\/{rel}","templated":true}]}}