{"id":91613,"date":"2015-07-17T21:13:31","date_gmt":"2015-07-17T20:13:31","guid":{"rendered":"http:\/\/www.visit-ulcinj.com\/blog\/?p=91613"},"modified":"2015-07-17T21:13:31","modified_gmt":"2015-07-17T20:13:31","slug":"revistaporta-ulqini-qe-bene-turistet-te-kthehen-perseri-aty","status":"publish","type":"post","link":"https:\/\/www.visit-ulcinj.com\/blog\/2015\/07\/17\/revistaporta-ulqini-qe-bene-turistet-te-kthehen-perseri-aty\/","title":{"rendered":"RevistaPorta: Ulqini q\u00eb i b\u00ebn\u00eb turist\u00ebt t\u00eb kthehen p\u00ebrs\u00ebri aty"},"content":{"rendered":"<p><a href=\"http:\/\/www.visit-ulcinj.com\/blog\/wp-content\/uploads\/2014\/07\/plazhi-vogel-ulqin1.jpg\"><img loading=\"lazy\" class=\"alignleft wp-image-84033\" src=\"http:\/\/www.visit-ulcinj.com\/blog\/wp-content\/uploads\/2014\/07\/plazhi-vogel-ulqin1.jpg\" alt=\"plazhi-vogel-ulqin\" width=\"508\" height=\"406\" srcset=\"https:\/\/www.visit-ulcinj.com\/blog\/wp-content\/uploads\/2014\/07\/plazhi-vogel-ulqin1.jpg 640w, https:\/\/www.visit-ulcinj.com\/blog\/wp-content\/uploads\/2014\/07\/plazhi-vogel-ulqin1-300x239.jpg 300w\" sizes=\"(max-width: 508px) 100vw, 508px\" \/><\/a>Qytet i Ulqinit tashm\u00eb ka hapur sezonin.<\/p>\n<p>Ky vend mbetet i preferuar gjithmon\u00eb nga turist\u00ebt kosovar\u00eb por edhe m\u00eb tep\u00ebr nga shqiptar\u00ebt q\u00eb jetojn\u00eb n\u00eb diaspor\u00eb.<\/p>\n<p>Hotelet, plazhet e reja e kafiterit\u00eb kan\u00eb filluar t\u00eb shtohen n\u00eb k\u00ebt\u00eb vend, mir\u00ebpo p\u00ebrshtypja \u00ebsht\u00eb q\u00eb asgj\u00eb s\u2019ka ndryshuar dhe kur e viziton pothuajse t\u00eb duket q\u00eb je kthyer n\u00eb koh\u00eb.<\/p>\n<p>Ofertat nga hotelet e sht\u00ebpit\u00eb e ndryshme p\u00ebr pushim jan\u00eb t\u00eb shumta.<\/p>\n<p>P\u00ebr ata q\u00eb d\u00ebshirojn\u00eb t\u00eb vendosen n\u00eb hotel dhe t\u00eb mos shqet\u00ebsohen p\u00ebr asgj\u00eb, gjithmon\u00eb zgjedhje \u00ebsht\u00eb hotel Albatrosi, nj\u00eb vend ky q\u00eb ndodhet krejt pran\u00eb plazhit dhe aty jeni larg zhurmave t\u00eb qytetit.<\/p>\n<p>Deri n\u00eb fund t\u00eb muajit gusht \u00e7mimi p\u00ebr person n\u00eb hotel Albastros \u00ebsht\u00eb 35 euro, por kjo varet edhe nga dhoma q\u00eb zgjidhni.<\/p>\n<p>Kalaja e Ulqinit mbetet vendi m\u00eb i d\u00ebshiruar p\u00ebr shumic\u00ebn e vizitoreve.<\/p>\n<p>Duke u vendosur n\u00eb Kala jeni krejt pran\u00eb qendr\u00ebs dhe nuk ju duhet vetura. N\u00eb at\u00eb hapsir\u00eb nuk ka luks por do t\u00eb ndjeheni mir\u00eb n\u00eb dhomat modeste me pamje krejt n\u00eb det.<\/p>\n<p>Pak hapa prej dhom\u00ebs i keni restoranet q\u00eb mund t\u00eb shijoni peshkun e adritikut me \u00e7mime mjaft t\u00eb volitshme.<\/p>\n<p>\u00c7mime n\u00eb k\u00ebt\u00eb vend mund t\u00eb gjeni duke filluar nga 30 euro e m\u00eb lart\u00eb.<\/p>\n<p>E n\u00ebse doni q\u00eb t\u00eb kaloni pushimin me buxhet minimal zgjedhje tjet\u00ebr mbesin edhe sht\u00ebpit\u00eb private, p\u00ebrreth plazhit te vog\u00ebl, por edhe n\u00eb plazh t\u00eb madh\u00eb.<\/p>\n<p>\u00c7mimet p\u00ebr dhom\u00eb fillojn\u00eb nga 20 euro.<\/p>\n<p>P\u00ebr ata q\u00eb p\u00eblqejn\u00eb jet\u00ebn e nat\u00ebs k\u00ebt\u00eb vit do t\u00eb ket\u00eb shum\u00eb zhgjedhje.<\/p>\n<p>Kafiteri t\u00eb shumta jan\u00eb shtuar n\u00eb plazhin e vog\u00ebl, duke e b\u00ebr\u00eb k\u00ebt\u00eb qytet edhe m\u00eb t\u00eb bukur.<\/p>\n<p>Diskoteka Hangover \u00ebsht\u00eb nj\u00eb prej m\u00eb t\u00eb frekuentuarave aktualisht, por nuk mungojn\u00eb as shum\u00eb vende t\u00eb tjera. (RevistaPorta)<\/p>\n","protected":false},"excerpt":{"rendered":"<p>Qytet i Ulqinit tashm\u00eb ka hapur sezonin. Ky vend mbetet i preferuar gjithmon\u00eb nga turist\u00ebt kosovar\u00eb por edhe m\u00eb tep\u00ebr nga shqiptar\u00ebt q\u00eb jetojn\u00eb n\u00eb diaspor\u00eb. Hotelet, plazhet e reja e kafiterit\u00eb kan\u00eb filluar t\u00eb shtohen n\u00eb k\u00ebt\u00eb vend, mir\u00ebpo p\u00ebrshtypja \u00ebsht\u00eb q\u00eb asgj\u00eb s\u2019ka ndryshuar dhe kur e viziton pothuajse t\u00eb duket q\u00eb je [&hellip;]<\/p>\n","protected":false},"author":1,"featured_media":0,"comment_status":"closed","ping_status":"closed","sticky":false,"template":"","format":"standard","meta":{"spay_email":"","jetpack_publicize_message":"","jetpack_is_tweetstorm":false,"jetpack_publicize_feature_enabled":true},"categories":[12],"tags":[],"jetpack_publicize_connections":[],"yoast_head":"<!-- This site is optimized with the Yoast SEO plugin v19.1 - https:\/\/yoast.com\/wordpress\/plugins\/seo\/ -->\n<title>RevistaPorta: Ulqini q\u00eb i b\u00ebn\u00eb turist\u00ebt t\u00eb kthehen p\u00ebrs\u00ebri aty - Lajme nga Ulqini<\/title>\n<meta name=\"description\" content=\"Qytet i Ulqinit tashm\u00eb ka hapur sezonin. Ky vend mbetet i preferuar gjithmon\u00eb nga turist\u00ebt kosovar\u00eb por edhe m\u00eb tep\u00ebr nga shqiptar\u00ebt q\u00eb jetojn\u00eb n\u00eb\" \/>\n<meta name=\"robots\" content=\"index, follow, max-snippet:-1, max-image-preview:large, max-video-preview:-1\" \/>\n<link rel=\"canonical\" href=\"https:\/\/www.visit-ulcinj.com\/blog\/2015\/07\/17\/revistaporta-ulqini-qe-bene-turistet-te-kthehen-perseri-aty\/\" \/>\n<meta property=\"og:locale\" content=\"en_US\" \/>\n<meta property=\"og:type\" content=\"article\" \/>\n<meta property=\"og:title\" content=\"RevistaPorta: Ulqini q\u00eb i b\u00ebn\u00eb turist\u00ebt t\u00eb kthehen p\u00ebrs\u00ebri aty - Lajme nga Ulqini\" \/>\n<meta property=\"og:description\" content=\"Qytet i Ulqinit tashm\u00eb ka hapur sezonin. Ky vend mbetet i preferuar gjithmon\u00eb nga turist\u00ebt kosovar\u00eb por edhe m\u00eb tep\u00ebr nga shqiptar\u00ebt q\u00eb jetojn\u00eb n\u00eb\" \/>\n<meta property=\"og:url\" content=\"https:\/\/www.visit-ulcinj.com\/blog\/2015\/07\/17\/revistaporta-ulqini-qe-bene-turistet-te-kthehen-perseri-aty\/\" \/>\n<meta property=\"og:site_name\" content=\"Lajme nga Ulqini\" \/>\n<meta property=\"article:published_time\" content=\"2015-07-17T20:13:31+00:00\" \/>\n<meta property=\"og:image\" content=\"http:\/\/www.visit-ulcinj.com\/blog\/wp-content\/uploads\/2014\/07\/plazhi-vogel-ulqin1.jpg\" \/>\n<meta name=\"twitter:label1\" content=\"Written by\" \/>\n\t<meta name=\"twitter:data1\" content=\"ulqini\" \/>\n\t<meta name=\"twitter:label2\" content=\"Est. reading time\" \/>\n\t<meta name=\"twitter:data2\" content=\"2 minutes\" \/>\n<script type=\"application\/ld+json\" class=\"yoast-schema-graph\">{\"@context\":\"https:\/\/schema.org\",\"@graph\":[{\"@type\":\"WebSite\",\"@id\":\"https:\/\/www.visit-ulcinj.com\/blog\/#website\",\"url\":\"https:\/\/www.visit-ulcinj.com\/blog\/\",\"name\":\"Lajme nga Ulqini\",\"description\":\"Lajme,Vijesti,Ulqini,Ulqin,Crna Gora,Mali i Zi\",\"potentialAction\":[{\"@type\":\"SearchAction\",\"target\":{\"@type\":\"EntryPoint\",\"urlTemplate\":\"https:\/\/www.visit-ulcinj.com\/blog\/?s={search_term_string}\"},\"query-input\":\"required name=search_term_string\"}],\"inLanguage\":\"en-US\"},{\"@type\":\"ImageObject\",\"inLanguage\":\"en-US\",\"@id\":\"https:\/\/www.visit-ulcinj.com\/blog\/2015\/07\/17\/revistaporta-ulqini-qe-bene-turistet-te-kthehen-perseri-aty\/#primaryimage\",\"url\":\"https:\/\/www.visit-ulcinj.com\/blog\/wp-content\/uploads\/2014\/07\/plazhi-vogel-ulqin1.jpg\",\"contentUrl\":\"https:\/\/www.visit-ulcinj.com\/blog\/wp-content\/uploads\/2014\/07\/plazhi-vogel-ulqin1.jpg\",\"width\":640,\"height\":511},{\"@type\":\"WebPage\",\"@id\":\"https:\/\/www.visit-ulcinj.com\/blog\/2015\/07\/17\/revistaporta-ulqini-qe-bene-turistet-te-kthehen-perseri-aty\/#webpage\",\"url\":\"https:\/\/www.visit-ulcinj.com\/blog\/2015\/07\/17\/revistaporta-ulqini-qe-bene-turistet-te-kthehen-perseri-aty\/\",\"name\":\"RevistaPorta: Ulqini q\u00eb i b\u00ebn\u00eb turist\u00ebt t\u00eb kthehen p\u00ebrs\u00ebri aty - Lajme nga Ulqini\",\"isPartOf\":{\"@id\":\"https:\/\/www.visit-ulcinj.com\/blog\/#website\"},\"primaryImageOfPage\":{\"@id\":\"https:\/\/www.visit-ulcinj.com\/blog\/2015\/07\/17\/revistaporta-ulqini-qe-bene-turistet-te-kthehen-perseri-aty\/#primaryimage\"},\"datePublished\":\"2015-07-17T20:13:31+00:00\",\"dateModified\":\"2015-07-17T20:13:31+00:00\",\"author\":{\"@id\":\"https:\/\/www.visit-ulcinj.com\/blog\/#\/schema\/person\/dcab619c614d3038751c63bc2aadc06d\"},\"description\":\"Qytet i Ulqinit tashm\u00eb ka hapur sezonin. Ky vend mbetet i preferuar gjithmon\u00eb nga turist\u00ebt kosovar\u00eb por edhe m\u00eb tep\u00ebr nga shqiptar\u00ebt q\u00eb jetojn\u00eb n\u00eb\",\"breadcrumb\":{\"@id\":\"https:\/\/www.visit-ulcinj.com\/blog\/2015\/07\/17\/revistaporta-ulqini-qe-bene-turistet-te-kthehen-perseri-aty\/#breadcrumb\"},\"inLanguage\":\"en-US\",\"potentialAction\":[{\"@type\":\"ReadAction\",\"target\":[\"https:\/\/www.visit-ulcinj.com\/blog\/2015\/07\/17\/revistaporta-ulqini-qe-bene-turistet-te-kthehen-perseri-aty\/\"]}]},{\"@type\":\"BreadcrumbList\",\"@id\":\"https:\/\/www.visit-ulcinj.com\/blog\/2015\/07\/17\/revistaporta-ulqini-qe-bene-turistet-te-kthehen-perseri-aty\/#breadcrumb\",\"itemListElement\":[{\"@type\":\"ListItem\",\"position\":1,\"name\":\"RevistaPorta: Ulqini q\u00eb i b\u00ebn\u00eb turist\u00ebt t\u00eb kthehen p\u00ebrs\u00ebri aty\"}]},{\"@type\":\"Person\",\"@id\":\"https:\/\/www.visit-ulcinj.com\/blog\/#\/schema\/person\/dcab619c614d3038751c63bc2aadc06d\",\"name\":\"ulqini\",\"sameAs\":[\"http:\/\/www.visit-ulcinj.com\"],\"url\":\"https:\/\/www.visit-ulcinj.com\/blog\/author\/admin\/\"}]}<\/script>\n<!-- \/ Yoast SEO plugin. -->","yoast_head_json":{"title":"RevistaPorta: Ulqini q\u00eb i b\u00ebn\u00eb turist\u00ebt t\u00eb kthehen p\u00ebrs\u00ebri aty - Lajme nga Ulqini","description":"Qytet i Ulqinit tashm\u00eb ka hapur sezonin. Ky vend mbetet i preferuar gjithmon\u00eb nga turist\u00ebt kosovar\u00eb por edhe m\u00eb tep\u00ebr nga shqiptar\u00ebt q\u00eb jetojn\u00eb n\u00eb","robots":{"index":"index","follow":"follow","max-snippet":"max-snippet:-1","max-image-preview":"max-image-preview:large","max-video-preview":"max-video-preview:-1"},"canonical":"https:\/\/www.visit-ulcinj.com\/blog\/2015\/07\/17\/revistaporta-ulqini-qe-bene-turistet-te-kthehen-perseri-aty\/","og_locale":"en_US","og_type":"article","og_title":"RevistaPorta: Ulqini q\u00eb i b\u00ebn\u00eb turist\u00ebt t\u00eb kthehen p\u00ebrs\u00ebri aty - Lajme nga Ulqini","og_description":"Qytet i Ulqinit tashm\u00eb ka hapur sezonin. Ky vend mbetet i preferuar gjithmon\u00eb nga turist\u00ebt kosovar\u00eb por edhe m\u00eb tep\u00ebr nga shqiptar\u00ebt q\u00eb jetojn\u00eb n\u00eb","og_url":"https:\/\/www.visit-ulcinj.com\/blog\/2015\/07\/17\/revistaporta-ulqini-qe-bene-turistet-te-kthehen-perseri-aty\/","og_site_name":"Lajme nga Ulqini","article_published_time":"2015-07-17T20:13:31+00:00","og_image":[{"url":"http:\/\/www.visit-ulcinj.com\/blog\/wp-content\/uploads\/2014\/07\/plazhi-vogel-ulqin1.jpg"}],"twitter_misc":{"Written by":"ulqini","Est. reading time":"2 minutes"},"schema":{"@context":"https:\/\/schema.org","@graph":[{"@type":"WebSite","@id":"https:\/\/www.visit-ulcinj.com\/blog\/#website","url":"https:\/\/www.visit-ulcinj.com\/blog\/","name":"Lajme nga Ulqini","description":"Lajme,Vijesti,Ulqini,Ulqin,Crna Gora,Mali i Zi","potentialAction":[{"@type":"SearchAction","target":{"@type":"EntryPoint","urlTemplate":"https:\/\/www.visit-ulcinj.com\/blog\/?s={search_term_string}"},"query-input":"required name=search_term_string"}],"inLanguage":"en-US"},{"@type":"ImageObject","inLanguage":"en-US","@id":"https:\/\/www.visit-ulcinj.com\/blog\/2015\/07\/17\/revistaporta-ulqini-qe-bene-turistet-te-kthehen-perseri-aty\/#primaryimage","url":"https:\/\/www.visit-ulcinj.com\/blog\/wp-content\/uploads\/2014\/07\/plazhi-vogel-ulqin1.jpg","contentUrl":"https:\/\/www.visit-ulcinj.com\/blog\/wp-content\/uploads\/2014\/07\/plazhi-vogel-ulqin1.jpg","width":640,"height":511},{"@type":"WebPage","@id":"https:\/\/www.visit-ulcinj.com\/blog\/2015\/07\/17\/revistaporta-ulqini-qe-bene-turistet-te-kthehen-perseri-aty\/#webpage","url":"https:\/\/www.visit-ulcinj.com\/blog\/2015\/07\/17\/revistaporta-ulqini-qe-bene-turistet-te-kthehen-perseri-aty\/","name":"RevistaPorta: Ulqini q\u00eb i b\u00ebn\u00eb turist\u00ebt t\u00eb kthehen p\u00ebrs\u00ebri aty - Lajme nga Ulqini","isPartOf":{"@id":"https:\/\/www.visit-ulcinj.com\/blog\/#website"},"primaryImageOfPage":{"@id":"https:\/\/www.visit-ulcinj.com\/blog\/2015\/07\/17\/revistaporta-ulqini-qe-bene-turistet-te-kthehen-perseri-aty\/#primaryimage"},"datePublished":"2015-07-17T20:13:31+00:00","dateModified":"2015-07-17T20:13:31+00:00","author":{"@id":"https:\/\/www.visit-ulcinj.com\/blog\/#\/schema\/person\/dcab619c614d3038751c63bc2aadc06d"},"description":"Qytet i Ulqinit tashm\u00eb ka hapur sezonin. Ky vend mbetet i preferuar gjithmon\u00eb nga turist\u00ebt kosovar\u00eb por edhe m\u00eb tep\u00ebr nga shqiptar\u00ebt q\u00eb jetojn\u00eb n\u00eb","breadcrumb":{"@id":"https:\/\/www.visit-ulcinj.com\/blog\/2015\/07\/17\/revistaporta-ulqini-qe-bene-turistet-te-kthehen-perseri-aty\/#breadcrumb"},"inLanguage":"en-US","potentialAction":[{"@type":"ReadAction","target":["https:\/\/www.visit-ulcinj.com\/blog\/2015\/07\/17\/revistaporta-ulqini-qe-bene-turistet-te-kthehen-perseri-aty\/"]}]},{"@type":"BreadcrumbList","@id":"https:\/\/www.visit-ulcinj.com\/blog\/2015\/07\/17\/revistaporta-ulqini-qe-bene-turistet-te-kthehen-perseri-aty\/#breadcrumb","itemListElement":[{"@type":"ListItem","position":1,"name":"RevistaPorta: Ulqini q\u00eb i b\u00ebn\u00eb turist\u00ebt t\u00eb kthehen p\u00ebrs\u00ebri aty"}]},{"@type":"Person","@id":"https:\/\/www.visit-ulcinj.com\/blog\/#\/schema\/person\/dcab619c614d3038751c63bc2aadc06d","name":"ulqini","sameAs":["http:\/\/www.visit-ulcinj.com"],"url":"https:\/\/www.visit-ulcinj.com\/blog\/author\/admin\/"}]}},"jetpack_featured_media_url":"","jetpack_sharing_enabled":true,"jetpack_shortlink":"https:\/\/wp.me\/pe6lTn-nPD","_links":{"self":[{"href":"https:\/\/www.visit-ulcinj.com\/blog\/wp-json\/wp\/v2\/posts\/91613"}],"collection":[{"href":"https:\/\/www.visit-ulcinj.com\/blog\/wp-json\/wp\/v2\/posts"}],"about":[{"href":"https:\/\/www.visit-ulcinj.com\/blog\/wp-json\/wp\/v2\/types\/post"}],"author":[{"embeddable":true,"href":"https:\/\/www.visit-ulcinj.com\/blog\/wp-json\/wp\/v2\/users\/1"}],"replies":[{"embeddable":true,"href":"https:\/\/www.visit-ulcinj.com\/blog\/wp-json\/wp\/v2\/comments?post=91613"}],"version-history":[{"count":1,"href":"https:\/\/www.visit-ulcinj.com\/blog\/wp-json\/wp\/v2\/posts\/91613\/revisions"}],"predecessor-version":[{"id":91614,"href":"https:\/\/www.visit-ulcinj.com\/blog\/wp-json\/wp\/v2\/posts\/91613\/revisions\/91614"}],"wp:attachment":[{"href":"https:\/\/www.visit-ulcinj.com\/blog\/wp-json\/wp\/v2\/media?parent=91613"}],"wp:term":[{"taxonomy":"category","embeddable":true,"href":"https:\/\/www.visit-ulcinj.com\/blog\/wp-json\/wp\/v2\/categories?post=91613"},{"taxonomy":"post_tag","embeddable":true,"href":"https:\/\/www.visit-ulcinj.com\/blog\/wp-json\/wp\/v2\/tags?post=91613"}],"curies":[{"name":"wp","href":"https:\/\/api.w.org\/{rel}","templated":true}]}}