{"id":91626,"date":"2015-07-18T10:24:37","date_gmt":"2015-07-18T09:24:37","guid":{"rendered":"http:\/\/www.visit-ulcinj.com\/blog\/?p=91626"},"modified":"2015-07-18T10:24:37","modified_gmt":"2015-07-18T09:24:37","slug":"sulc-austrijski-investitori-vide-potencijal-crne-gore-u-turizmu","status":"publish","type":"post","link":"https:\/\/www.visit-ulcinj.com\/blog\/2015\/07\/18\/sulc-austrijski-investitori-vide-potencijal-crne-gore-u-turizmu\/","title":{"rendered":"\u0160ulc: Austrijski investitori vide potencijal Crne Gore u turizmu"},"content":{"rendered":"<p><a href=\"http:\/\/www.visit-ulcinj.com\/blog\/wp-content\/uploads\/2015\/07\/Copacabana-Beach-Ulcinj-Montenegro.jpg\"><img loading=\"lazy\" class=\"alignleft wp-image-91627\" src=\"http:\/\/www.visit-ulcinj.com\/blog\/wp-content\/uploads\/2015\/07\/Copacabana-Beach-Ulcinj-Montenegro.jpg\" alt=\"Copacabana Beach, Ulcinj-Montenegro\" width=\"508\" height=\"339\" srcset=\"https:\/\/www.visit-ulcinj.com\/blog\/wp-content\/uploads\/2015\/07\/Copacabana-Beach-Ulcinj-Montenegro.jpg 900w, https:\/\/www.visit-ulcinj.com\/blog\/wp-content\/uploads\/2015\/07\/Copacabana-Beach-Ulcinj-Montenegro-300x200.jpg 300w\" sizes=\"(max-width: 508px) 100vw, 508px\" \/><\/a>Austrija pripada grupi najve\u0107ih stranih investitora u Crnoj Gori, koji su zainteresovani za ulaganje u oblastima gra\u0111evine i finansijskih usluga, avi\u0161e potedncijala vide u oblasti obnovljive energije,. kao i u turizmu, smatra potpredsjednik Savezne privredne komore Austrije Marta \u0160ulc.<\/p>\n<div class=\"col-xs-12 text-vijest\">\n<p>Kako je kazala za Glasnik Privredne komore (PKCG),\u00a0saradnja austrijske i crnogorske privredne komore na izuzetno visokom nivou, koja je rezultirala realizacijom va\u017enih privrednih projekata.<\/p>\n<p>\u201cJa li\u010dno dolazim iz te industrijske grane. Stoga i ja u poslovnom smislu pratim va\u0161u zemlju, tu divlju ljepotu, rekla je \u0160ulc, koja je i zamjenik predsjednika Asocijacije evropskih privrednih komora Eurochambers.<\/p>\n<p>Ona ka\u017ee da obje komore ve\u0107 dugo sara\u0111uju, prenosi MINA-business.<\/p>\n<p>&#8220;Predsjednici obje privredne komore su pro\u0161le godine, tokom dr\u017eavne posjete i u prisustvu predsjednika Austrije, Heinza Fischera, potpisala ugovor o saradnji\u201d, navela je \u0160ulc.<\/p>\n<p>U tom smislu, kako je dodala, vidi se da saradnja napreduje, isto kao \u0161to se nada da \u0107e napredovati i ekonomska saradnja izme\u0111u dvije zemlje. Tako\u0111e, obrazovanje, kao osnova za sve dalje korake u \u017eivotu, mo\u017ee i treba da igra ulogu i u tome.<\/p>\n<p>Odgovaraju\u0107i na pitanje na \u010demu temelje i kako razvijaju obrazovni model koji godinama uspje\u0161no funkcioni\u0161e, \u0160ulc je kazala da posredni\u010dke institucije, posebno kompanije i njihovi predstavnici, provajderi su u dualnom stru\u010dnom obrazovanju i obuci.<\/p>\n<p>\u201cOvo se reflektuje na sveukupnu upravlja\u010dku i finansijsku strukturu. Upravljanje uklju\u010duje pravnu regulativu i odgovornost u dualnom sistemu obrazovanja i obuke. Kada je rije\u010d o nacionalnom nivou, proces uklju\u010duje i ministarstva resorna za obuke u \u0161kolama i kompanijama\u201d, precizirala je ona.<\/p>\n<p>Pravne osnove obuke su, kako je navela, postavljene posebnim zakonom. Prilikom odre\u0111ivanja profila zanimanja i regulativa vezanih za obuku pokazalo se korisnim da se direktno iskoristi prakti\u010dno iskustvo kompanija.<\/p>\n<p>\u201cKroz svoje asocijacije i predstavnike, kao \u0161to je Savezna privredna komora Austrije, one aktivno sara\u0111uju u razvijanju profila zanimanja i pravnih regulativa vezanih za obuku, ali i postaju aktivne u savjetodavnom i regulatornom svojstvu i po mnogim drugim pitanjima vezanim za dualni sistem obrazovanja i obuke\u201d, ukazala je \u0160ulc.<\/p>\n<p>Prema njenim rije\u010dima, zbog toga je neophodno da su odgovorna ministarstva i organi vlasti voljni da prenesu kompetencije na takvo tijelo i da od njega prihvate i sprovedu preporuke i koncepte. Na pitanje \u0161ta bi predlo\u017eila Crnoj Gori kad je rije\u010d o obrazovanju, odgovorila da se usljed razli\u010ditih okvirnih uslova, austrijski model ne mo\u017ee doslovno prenijeti u drugi sistem.<\/p>\n<p>\u201cMoglo bi se pokazati uspje\u0161nim kada bi se prenijeli faktori uspjeha, kao \u0161to su privla\u010dnost dualnog obrazovanja za mlade ljude i koristi za kompanije, dualnog sistema u postoje\u0107i pravni i institucionalni okvir. Sli\u010dne pilot-aktivnosti su bile realizovane u okviru Evropske alijanse za pripravni\u010dki sta\u017e\u201d, ocijenila je \u0160ulc.<\/p>\n<p>Ona je dodala da se mo\u017ee re\u0107i da je model socijalnog partnerstva veoma dobro funkcionisao tokom posljednjih decenija.<\/p>\n<p>\u201cDok u drugim zemljama redovno vidite dugotrajne \u0161trajkove, u Austriji imamo socijalni mir i trajanje \u0161trajka mjerimo u sekundama na godi\u0161njem nivou. Stoga austrijski model socijalnog partnerstva prou\u010davaju mnoge zemlje i mo\u017eda u njemu ima ne\u0161to i za na\u0161e prijatelje iz Crne Gore\u201d, ocijenila je \u0160ulc.<\/p>\n<p>Me\u0111unarodna pore\u0111enja su, kako je navela, pokazala da zemlje sa kooperativnim sistemom posti\u017eu mnogo bolje rezultate u makroekonomskom smislu nego dr\u017eave u kojima su strukture socijalnog partnerstva od manjeg zna\u010daja. \u0160ulc\u00a0je, govore\u0107i o budu\u0107im aktivnostima Eurochambersa, kazala da se ta institucija stara da donosioci politika EU shvataju zna\u010dajnu ulogu koju preduze\u0107a igraju na evropskom nivou.<\/p>\n<p>\u201cMi u Eurochambresu imamo za cilj da maksimalno smanjimo administrativna i regulatorna optere\u0107enja na evropska preduze\u0107a i staramo se da unutra\u0161nje tr\u017ei\u0161te postane stvarnost. Pristup finansijama za preduze\u0107a i energetsku, kao i politiku za\u0161tite \u017eivotne sredine, klju\u010dni su faktori u tom smislu\u201d, navela je \u0160ulc.<\/p>\n<p>Njihov cilj je, kako je dodala, da obezbijede trgovinu i omogu\u0107e proces ekonomske integracije susjednih zemalja u interesu obje strane.<\/p>\n<p>\u201cKao predsjednik Komiteta za ljude i vje\u0161tine radimo na tome da smanjimo nepodudaranja izme\u0111u dostupnih vje\u0161tina i kompetencija u odnosu na one koje zahtijeva preduzetni\u010dki sektor. Imamo aktivnu ulogu u Evropskoj alijansi za pripravni\u010dki sta\u017e, kojom koordinira Evropska komisija i \u010diji je cilj da se okupe organi vlasti, preduze\u0107a, socijalni partneri, predstavnici mladih i ostali klju\u010dni faktori u namjeri da se promovi\u0161e \u0161ema pripravni\u010dkog sta\u017ea i inicijative \u0161irom Evrope\u201d, zaklju\u010dila je \u0160ulc u intervjuu.<\/p>\n<p><strong>Izvor: MINA \/ Kolektiv.me<\/strong><\/p>\n<\/div>\n","protected":false},"excerpt":{"rendered":"<p>Austrija pripada grupi najve\u0107ih stranih investitora u Crnoj Gori, koji su zainteresovani za ulaganje u oblastima gra\u0111evine i finansijskih usluga, avi\u0161e potedncijala vide u oblasti obnovljive energije,. kao i u turizmu, smatra potpredsjednik Savezne privredne komore Austrije Marta \u0160ulc. Kako je kazala za Glasnik Privredne komore (PKCG),\u00a0saradnja austrijske i crnogorske privredne komore na izuzetno visokom [&hellip;]<\/p>\n","protected":false},"author":1,"featured_media":0,"comment_status":"closed","ping_status":"closed","sticky":false,"template":"","format":"standard","meta":{"spay_email":"","jetpack_publicize_message":"","jetpack_is_tweetstorm":false,"jetpack_publicize_feature_enabled":true},"categories":[8337],"tags":[],"jetpack_publicize_connections":[],"yoast_head":"<!-- This site is optimized with the Yoast SEO plugin v19.1 - https:\/\/yoast.com\/wordpress\/plugins\/seo\/ -->\n<title>\u0160ulc: Austrijski investitori vide potencijal Crne Gore u turizmu - Lajme nga Ulqini<\/title>\n<meta name=\"description\" content=\"Austrija pripada grupi najve\u0107ih stranih investitora u Crnoj Gori, koji su zainteresovani za ulaganje u oblastima gra\u0111evine i finansijskih usluga, avi\u0161e\" \/>\n<meta name=\"robots\" content=\"index, follow, max-snippet:-1, max-image-preview:large, max-video-preview:-1\" \/>\n<link rel=\"canonical\" href=\"https:\/\/www.visit-ulcinj.com\/blog\/2015\/07\/18\/sulc-austrijski-investitori-vide-potencijal-crne-gore-u-turizmu\/\" \/>\n<meta property=\"og:locale\" content=\"en_US\" \/>\n<meta property=\"og:type\" content=\"article\" \/>\n<meta property=\"og:title\" content=\"\u0160ulc: Austrijski investitori vide potencijal Crne Gore u turizmu - Lajme nga Ulqini\" \/>\n<meta property=\"og:description\" content=\"Austrija pripada grupi najve\u0107ih stranih investitora u Crnoj Gori, koji su zainteresovani za ulaganje u oblastima gra\u0111evine i finansijskih usluga, avi\u0161e\" \/>\n<meta property=\"og:url\" content=\"https:\/\/www.visit-ulcinj.com\/blog\/2015\/07\/18\/sulc-austrijski-investitori-vide-potencijal-crne-gore-u-turizmu\/\" \/>\n<meta property=\"og:site_name\" content=\"Lajme nga Ulqini\" \/>\n<meta property=\"article:published_time\" content=\"2015-07-18T09:24:37+00:00\" \/>\n<meta property=\"og:image\" content=\"http:\/\/www.visit-ulcinj.com\/blog\/wp-content\/uploads\/2015\/07\/Copacabana-Beach-Ulcinj-Montenegro.jpg\" \/>\n<meta name=\"twitter:label1\" content=\"Written by\" \/>\n\t<meta name=\"twitter:data1\" content=\"ulqini\" \/>\n\t<meta name=\"twitter:label2\" content=\"Est. reading time\" \/>\n\t<meta name=\"twitter:data2\" content=\"4 minutes\" \/>\n<script type=\"application\/ld+json\" class=\"yoast-schema-graph\">{\"@context\":\"https:\/\/schema.org\",\"@graph\":[{\"@type\":\"WebSite\",\"@id\":\"https:\/\/www.visit-ulcinj.com\/blog\/#website\",\"url\":\"https:\/\/www.visit-ulcinj.com\/blog\/\",\"name\":\"Lajme nga Ulqini\",\"description\":\"Lajme,Vijesti,Ulqini,Ulqin,Crna Gora,Mali i Zi\",\"potentialAction\":[{\"@type\":\"SearchAction\",\"target\":{\"@type\":\"EntryPoint\",\"urlTemplate\":\"https:\/\/www.visit-ulcinj.com\/blog\/?s={search_term_string}\"},\"query-input\":\"required name=search_term_string\"}],\"inLanguage\":\"en-US\"},{\"@type\":\"ImageObject\",\"inLanguage\":\"en-US\",\"@id\":\"https:\/\/www.visit-ulcinj.com\/blog\/2015\/07\/18\/sulc-austrijski-investitori-vide-potencijal-crne-gore-u-turizmu\/#primaryimage\",\"url\":\"https:\/\/www.visit-ulcinj.com\/blog\/wp-content\/uploads\/2015\/07\/Copacabana-Beach-Ulcinj-Montenegro.jpg\",\"contentUrl\":\"https:\/\/www.visit-ulcinj.com\/blog\/wp-content\/uploads\/2015\/07\/Copacabana-Beach-Ulcinj-Montenegro.jpg\",\"width\":900,\"height\":600},{\"@type\":\"WebPage\",\"@id\":\"https:\/\/www.visit-ulcinj.com\/blog\/2015\/07\/18\/sulc-austrijski-investitori-vide-potencijal-crne-gore-u-turizmu\/#webpage\",\"url\":\"https:\/\/www.visit-ulcinj.com\/blog\/2015\/07\/18\/sulc-austrijski-investitori-vide-potencijal-crne-gore-u-turizmu\/\",\"name\":\"\u0160ulc: Austrijski investitori vide potencijal Crne Gore u turizmu - Lajme nga Ulqini\",\"isPartOf\":{\"@id\":\"https:\/\/www.visit-ulcinj.com\/blog\/#website\"},\"primaryImageOfPage\":{\"@id\":\"https:\/\/www.visit-ulcinj.com\/blog\/2015\/07\/18\/sulc-austrijski-investitori-vide-potencijal-crne-gore-u-turizmu\/#primaryimage\"},\"datePublished\":\"2015-07-18T09:24:37+00:00\",\"dateModified\":\"2015-07-18T09:24:37+00:00\",\"author\":{\"@id\":\"https:\/\/www.visit-ulcinj.com\/blog\/#\/schema\/person\/dcab619c614d3038751c63bc2aadc06d\"},\"description\":\"Austrija pripada grupi najve\u0107ih stranih investitora u Crnoj Gori, koji su zainteresovani za ulaganje u oblastima gra\u0111evine i finansijskih usluga, avi\u0161e\",\"breadcrumb\":{\"@id\":\"https:\/\/www.visit-ulcinj.com\/blog\/2015\/07\/18\/sulc-austrijski-investitori-vide-potencijal-crne-gore-u-turizmu\/#breadcrumb\"},\"inLanguage\":\"en-US\",\"potentialAction\":[{\"@type\":\"ReadAction\",\"target\":[\"https:\/\/www.visit-ulcinj.com\/blog\/2015\/07\/18\/sulc-austrijski-investitori-vide-potencijal-crne-gore-u-turizmu\/\"]}]},{\"@type\":\"BreadcrumbList\",\"@id\":\"https:\/\/www.visit-ulcinj.com\/blog\/2015\/07\/18\/sulc-austrijski-investitori-vide-potencijal-crne-gore-u-turizmu\/#breadcrumb\",\"itemListElement\":[{\"@type\":\"ListItem\",\"position\":1,\"name\":\"\u0160ulc: Austrijski investitori vide potencijal Crne Gore u turizmu\"}]},{\"@type\":\"Person\",\"@id\":\"https:\/\/www.visit-ulcinj.com\/blog\/#\/schema\/person\/dcab619c614d3038751c63bc2aadc06d\",\"name\":\"ulqini\",\"sameAs\":[\"http:\/\/www.visit-ulcinj.com\"],\"url\":\"https:\/\/www.visit-ulcinj.com\/blog\/author\/admin\/\"}]}<\/script>\n<!-- \/ Yoast SEO plugin. -->","yoast_head_json":{"title":"\u0160ulc: Austrijski investitori vide potencijal Crne Gore u turizmu - Lajme nga Ulqini","description":"Austrija pripada grupi najve\u0107ih stranih investitora u Crnoj Gori, koji su zainteresovani za ulaganje u oblastima gra\u0111evine i finansijskih usluga, avi\u0161e","robots":{"index":"index","follow":"follow","max-snippet":"max-snippet:-1","max-image-preview":"max-image-preview:large","max-video-preview":"max-video-preview:-1"},"canonical":"https:\/\/www.visit-ulcinj.com\/blog\/2015\/07\/18\/sulc-austrijski-investitori-vide-potencijal-crne-gore-u-turizmu\/","og_locale":"en_US","og_type":"article","og_title":"\u0160ulc: Austrijski investitori vide potencijal Crne Gore u turizmu - Lajme nga Ulqini","og_description":"Austrija pripada grupi najve\u0107ih stranih investitora u Crnoj Gori, koji su zainteresovani za ulaganje u oblastima gra\u0111evine i finansijskih usluga, avi\u0161e","og_url":"https:\/\/www.visit-ulcinj.com\/blog\/2015\/07\/18\/sulc-austrijski-investitori-vide-potencijal-crne-gore-u-turizmu\/","og_site_name":"Lajme nga Ulqini","article_published_time":"2015-07-18T09:24:37+00:00","og_image":[{"url":"http:\/\/www.visit-ulcinj.com\/blog\/wp-content\/uploads\/2015\/07\/Copacabana-Beach-Ulcinj-Montenegro.jpg"}],"twitter_misc":{"Written by":"ulqini","Est. reading time":"4 minutes"},"schema":{"@context":"https:\/\/schema.org","@graph":[{"@type":"WebSite","@id":"https:\/\/www.visit-ulcinj.com\/blog\/#website","url":"https:\/\/www.visit-ulcinj.com\/blog\/","name":"Lajme nga Ulqini","description":"Lajme,Vijesti,Ulqini,Ulqin,Crna Gora,Mali i Zi","potentialAction":[{"@type":"SearchAction","target":{"@type":"EntryPoint","urlTemplate":"https:\/\/www.visit-ulcinj.com\/blog\/?s={search_term_string}"},"query-input":"required name=search_term_string"}],"inLanguage":"en-US"},{"@type":"ImageObject","inLanguage":"en-US","@id":"https:\/\/www.visit-ulcinj.com\/blog\/2015\/07\/18\/sulc-austrijski-investitori-vide-potencijal-crne-gore-u-turizmu\/#primaryimage","url":"https:\/\/www.visit-ulcinj.com\/blog\/wp-content\/uploads\/2015\/07\/Copacabana-Beach-Ulcinj-Montenegro.jpg","contentUrl":"https:\/\/www.visit-ulcinj.com\/blog\/wp-content\/uploads\/2015\/07\/Copacabana-Beach-Ulcinj-Montenegro.jpg","width":900,"height":600},{"@type":"WebPage","@id":"https:\/\/www.visit-ulcinj.com\/blog\/2015\/07\/18\/sulc-austrijski-investitori-vide-potencijal-crne-gore-u-turizmu\/#webpage","url":"https:\/\/www.visit-ulcinj.com\/blog\/2015\/07\/18\/sulc-austrijski-investitori-vide-potencijal-crne-gore-u-turizmu\/","name":"\u0160ulc: Austrijski investitori vide potencijal Crne Gore u turizmu - Lajme nga Ulqini","isPartOf":{"@id":"https:\/\/www.visit-ulcinj.com\/blog\/#website"},"primaryImageOfPage":{"@id":"https:\/\/www.visit-ulcinj.com\/blog\/2015\/07\/18\/sulc-austrijski-investitori-vide-potencijal-crne-gore-u-turizmu\/#primaryimage"},"datePublished":"2015-07-18T09:24:37+00:00","dateModified":"2015-07-18T09:24:37+00:00","author":{"@id":"https:\/\/www.visit-ulcinj.com\/blog\/#\/schema\/person\/dcab619c614d3038751c63bc2aadc06d"},"description":"Austrija pripada grupi najve\u0107ih stranih investitora u Crnoj Gori, koji su zainteresovani za ulaganje u oblastima gra\u0111evine i finansijskih usluga, avi\u0161e","breadcrumb":{"@id":"https:\/\/www.visit-ulcinj.com\/blog\/2015\/07\/18\/sulc-austrijski-investitori-vide-potencijal-crne-gore-u-turizmu\/#breadcrumb"},"inLanguage":"en-US","potentialAction":[{"@type":"ReadAction","target":["https:\/\/www.visit-ulcinj.com\/blog\/2015\/07\/18\/sulc-austrijski-investitori-vide-potencijal-crne-gore-u-turizmu\/"]}]},{"@type":"BreadcrumbList","@id":"https:\/\/www.visit-ulcinj.com\/blog\/2015\/07\/18\/sulc-austrijski-investitori-vide-potencijal-crne-gore-u-turizmu\/#breadcrumb","itemListElement":[{"@type":"ListItem","position":1,"name":"\u0160ulc: Austrijski investitori vide potencijal Crne Gore u turizmu"}]},{"@type":"Person","@id":"https:\/\/www.visit-ulcinj.com\/blog\/#\/schema\/person\/dcab619c614d3038751c63bc2aadc06d","name":"ulqini","sameAs":["http:\/\/www.visit-ulcinj.com"],"url":"https:\/\/www.visit-ulcinj.com\/blog\/author\/admin\/"}]}},"jetpack_featured_media_url":"","jetpack_sharing_enabled":true,"jetpack_shortlink":"https:\/\/wp.me\/pe6lTn-nPQ","_links":{"self":[{"href":"https:\/\/www.visit-ulcinj.com\/blog\/wp-json\/wp\/v2\/posts\/91626"}],"collection":[{"href":"https:\/\/www.visit-ulcinj.com\/blog\/wp-json\/wp\/v2\/posts"}],"about":[{"href":"https:\/\/www.visit-ulcinj.com\/blog\/wp-json\/wp\/v2\/types\/post"}],"author":[{"embeddable":true,"href":"https:\/\/www.visit-ulcinj.com\/blog\/wp-json\/wp\/v2\/users\/1"}],"replies":[{"embeddable":true,"href":"https:\/\/www.visit-ulcinj.com\/blog\/wp-json\/wp\/v2\/comments?post=91626"}],"version-history":[{"count":1,"href":"https:\/\/www.visit-ulcinj.com\/blog\/wp-json\/wp\/v2\/posts\/91626\/revisions"}],"predecessor-version":[{"id":91628,"href":"https:\/\/www.visit-ulcinj.com\/blog\/wp-json\/wp\/v2\/posts\/91626\/revisions\/91628"}],"wp:attachment":[{"href":"https:\/\/www.visit-ulcinj.com\/blog\/wp-json\/wp\/v2\/media?parent=91626"}],"wp:term":[{"taxonomy":"category","embeddable":true,"href":"https:\/\/www.visit-ulcinj.com\/blog\/wp-json\/wp\/v2\/categories?post=91626"},{"taxonomy":"post_tag","embeddable":true,"href":"https:\/\/www.visit-ulcinj.com\/blog\/wp-json\/wp\/v2\/tags?post=91626"}],"curies":[{"name":"wp","href":"https:\/\/api.w.org\/{rel}","templated":true}]}}