{"id":91629,"date":"2015-07-18T15:36:29","date_gmt":"2015-07-18T14:36:29","guid":{"rendered":"http:\/\/www.visit-ulcinj.com\/blog\/?p=91629"},"modified":"2015-08-03T13:27:07","modified_gmt":"2015-08-03T12:27:07","slug":"summer-fest-nga-shqiperia-shtrihet-edhe-ne-ulqin","status":"publish","type":"post","link":"https:\/\/www.visit-ulcinj.com\/blog\/2015\/07\/18\/summer-fest-nga-shqiperia-shtrihet-edhe-ne-ulqin\/","title":{"rendered":"\u201cSummer fest\u201d nga Shqip\u00ebria shtrihet edhe n\u00eb Ulqin"},"content":{"rendered":"<div class=\"right-content\">\n<div class=\"content-wrap\">\n<p><a href=\"http:\/\/www.visit-ulcinj.com\/blog\/wp-content\/uploads\/2015\/07\/Summer-fest-Ulqin-2015.jpg\"><img loading=\"lazy\" class=\"alignleft wp-image-91630\" src=\"http:\/\/www.visit-ulcinj.com\/blog\/wp-content\/uploads\/2015\/07\/Summer-fest-Ulqin-2015.jpg\" alt=\"Summer fest-Ulqin-2015\" width=\"508\" height=\"243\" \/><\/a>\u201cFondacioni Dritan Hoxha\u201d me mb\u00ebshtetjen mediatike t\u00eb Top Channel, Top Albania Radio dhe My Music sjell s\u00ebrish festivalin \u201cSummer Fest\u201d.<\/p>\n<p>N\u00eb ver\u00ebn 2015 ky\u00a0festival veror do t\u00eb udh\u00ebtoj\u00eb n\u00eb disa qytete t\u00eb Shqip\u00ebris\u00eb por ajo q\u00eb p\u00ebrb\u00ebn nj\u00eb risi n\u00eb k\u00ebt\u00eb edicion t\u00eb \u201cSummer Fest\u201d, \u00ebsht\u00eb se ai zgjeron kufijt\u00eb e tij duke u shtrir edhe n\u00eb Kosov\u00eb, Maqedoni dhe Mal t\u00eb Zi.<\/p>\n<p>N\u00ebn prezantimin e Luana e Marina Vjollc\u00ebs festivali nis m\u00eb 3 korrik n\u00eb Tiran\u00eb dhe vazhdon m\u00eb 8 korrik n\u00eb Pogradec, m\u00eb 14 n\u00eb Shkod\u00ebr, m\u00eb 19 n\u00eb Strug\u00eb, m\u00eb 25 n\u00eb Prishtin\u00eb, m\u00eb 31 n\u00eb Ulqin, me 5 gusht n\u00eb Durr\u00ebs, m\u00eb 10 n\u00eb Vlor\u00eb dhe m\u00eb 15 gusht n\u00eb Sarand\u00eb.<\/p>\n<p>Viteve t\u00eb kaluara n\u00eb k\u00ebt\u00eb ngjarje kan\u00eb marr\u00eb pjes\u00eb artist t\u00eb njohur nisur nga Adelina Ismajli, Elvana Gjata, Flori, Nita Latifi, Nora Istrefi, Genta Ismajli, Besa Kok\u00ebdhima etj.<\/p>\n<p>KosovaLive<\/p>\n<!--YouTube Error: bad URL entered-->\n<\/div>\n<\/div>\n","protected":false},"excerpt":{"rendered":"<p>\u201cFondacioni Dritan Hoxha\u201d me mb\u00ebshtetjen mediatike t\u00eb Top Channel, Top Albania Radio dhe My Music sjell s\u00ebrish festivalin \u201cSummer Fest\u201d. N\u00eb ver\u00ebn 2015 ky\u00a0festival veror do t\u00eb udh\u00ebtoj\u00eb n\u00eb disa qytete t\u00eb Shqip\u00ebris\u00eb por ajo q\u00eb p\u00ebrb\u00ebn nj\u00eb risi n\u00eb k\u00ebt\u00eb edicion t\u00eb \u201cSummer Fest\u201d, \u00ebsht\u00eb se ai zgjeron kufijt\u00eb e tij duke u shtrir [&hellip;]<\/p>\n","protected":false},"author":1,"featured_media":0,"comment_status":"closed","ping_status":"closed","sticky":false,"template":"","format":"standard","meta":{"spay_email":"","jetpack_publicize_message":"","jetpack_is_tweetstorm":false,"jetpack_publicize_feature_enabled":true},"categories":[4],"tags":[],"jetpack_publicize_connections":[],"yoast_head":"<!-- This site is optimized with the Yoast SEO plugin v19.1 - https:\/\/yoast.com\/wordpress\/plugins\/seo\/ -->\n<title>\u201cSummer fest\u201d nga Shqip\u00ebria shtrihet edhe n\u00eb Ulqin - Lajme nga Ulqini<\/title>\n<meta name=\"description\" content=\"\u201cFondacioni Dritan Hoxha\u201d me mb\u00ebshtetjen mediatike t\u00eb Top Channel, Top Albania Radio dhe My Music sjell s\u00ebrish festivalin \u201cSummer Fest\u201d. N\u00eb ver\u00ebn 2015\" \/>\n<meta name=\"robots\" content=\"index, follow, max-snippet:-1, max-image-preview:large, max-video-preview:-1\" \/>\n<link rel=\"canonical\" href=\"https:\/\/www.visit-ulcinj.com\/blog\/2015\/07\/18\/summer-fest-nga-shqiperia-shtrihet-edhe-ne-ulqin\/\" \/>\n<meta property=\"og:locale\" content=\"en_US\" \/>\n<meta property=\"og:type\" content=\"article\" \/>\n<meta property=\"og:title\" content=\"\u201cSummer fest\u201d nga Shqip\u00ebria shtrihet edhe n\u00eb Ulqin - Lajme nga Ulqini\" \/>\n<meta property=\"og:description\" content=\"\u201cFondacioni Dritan Hoxha\u201d me mb\u00ebshtetjen mediatike t\u00eb Top Channel, Top Albania Radio dhe My Music sjell s\u00ebrish festivalin \u201cSummer Fest\u201d. N\u00eb ver\u00ebn 2015\" \/>\n<meta property=\"og:url\" content=\"https:\/\/www.visit-ulcinj.com\/blog\/2015\/07\/18\/summer-fest-nga-shqiperia-shtrihet-edhe-ne-ulqin\/\" \/>\n<meta property=\"og:site_name\" content=\"Lajme nga Ulqini\" \/>\n<meta property=\"article:published_time\" content=\"2015-07-18T14:36:29+00:00\" \/>\n<meta property=\"article:modified_time\" content=\"2015-08-03T12:27:07+00:00\" \/>\n<meta property=\"og:image\" content=\"http:\/\/www.visit-ulcinj.com\/blog\/wp-content\/uploads\/2015\/07\/Summer-fest-Ulqin-2015.jpg\" \/>\n<meta name=\"twitter:label1\" content=\"Written by\" \/>\n\t<meta name=\"twitter:data1\" content=\"ulqini\" \/>\n\t<meta name=\"twitter:label2\" content=\"Est. reading time\" \/>\n\t<meta name=\"twitter:data2\" content=\"1 minute\" \/>\n<script type=\"application\/ld+json\" class=\"yoast-schema-graph\">{\"@context\":\"https:\/\/schema.org\",\"@graph\":[{\"@type\":\"WebSite\",\"@id\":\"https:\/\/www.visit-ulcinj.com\/blog\/#website\",\"url\":\"https:\/\/www.visit-ulcinj.com\/blog\/\",\"name\":\"Lajme nga Ulqini\",\"description\":\"Lajme,Vijesti,Ulqini,Ulqin,Crna Gora,Mali i Zi\",\"potentialAction\":[{\"@type\":\"SearchAction\",\"target\":{\"@type\":\"EntryPoint\",\"urlTemplate\":\"https:\/\/www.visit-ulcinj.com\/blog\/?s={search_term_string}\"},\"query-input\":\"required name=search_term_string\"}],\"inLanguage\":\"en-US\"},{\"@type\":\"ImageObject\",\"inLanguage\":\"en-US\",\"@id\":\"https:\/\/www.visit-ulcinj.com\/blog\/2015\/07\/18\/summer-fest-nga-shqiperia-shtrihet-edhe-ne-ulqin\/#primaryimage\",\"url\":\"http:\/\/www.visit-ulcinj.com\/blog\/wp-content\/uploads\/2015\/07\/Summer-fest-Ulqin-2015.jpg\",\"contentUrl\":\"http:\/\/www.visit-ulcinj.com\/blog\/wp-content\/uploads\/2015\/07\/Summer-fest-Ulqin-2015.jpg\"},{\"@type\":\"WebPage\",\"@id\":\"https:\/\/www.visit-ulcinj.com\/blog\/2015\/07\/18\/summer-fest-nga-shqiperia-shtrihet-edhe-ne-ulqin\/#webpage\",\"url\":\"https:\/\/www.visit-ulcinj.com\/blog\/2015\/07\/18\/summer-fest-nga-shqiperia-shtrihet-edhe-ne-ulqin\/\",\"name\":\"\u201cSummer fest\u201d nga Shqip\u00ebria shtrihet edhe n\u00eb Ulqin - Lajme nga Ulqini\",\"isPartOf\":{\"@id\":\"https:\/\/www.visit-ulcinj.com\/blog\/#website\"},\"primaryImageOfPage\":{\"@id\":\"https:\/\/www.visit-ulcinj.com\/blog\/2015\/07\/18\/summer-fest-nga-shqiperia-shtrihet-edhe-ne-ulqin\/#primaryimage\"},\"datePublished\":\"2015-07-18T14:36:29+00:00\",\"dateModified\":\"2015-08-03T12:27:07+00:00\",\"author\":{\"@id\":\"https:\/\/www.visit-ulcinj.com\/blog\/#\/schema\/person\/dcab619c614d3038751c63bc2aadc06d\"},\"description\":\"\u201cFondacioni Dritan Hoxha\u201d me mb\u00ebshtetjen mediatike t\u00eb Top Channel, Top Albania Radio dhe My Music sjell s\u00ebrish festivalin \u201cSummer Fest\u201d. N\u00eb ver\u00ebn 2015\",\"breadcrumb\":{\"@id\":\"https:\/\/www.visit-ulcinj.com\/blog\/2015\/07\/18\/summer-fest-nga-shqiperia-shtrihet-edhe-ne-ulqin\/#breadcrumb\"},\"inLanguage\":\"en-US\",\"potentialAction\":[{\"@type\":\"ReadAction\",\"target\":[\"https:\/\/www.visit-ulcinj.com\/blog\/2015\/07\/18\/summer-fest-nga-shqiperia-shtrihet-edhe-ne-ulqin\/\"]}]},{\"@type\":\"BreadcrumbList\",\"@id\":\"https:\/\/www.visit-ulcinj.com\/blog\/2015\/07\/18\/summer-fest-nga-shqiperia-shtrihet-edhe-ne-ulqin\/#breadcrumb\",\"itemListElement\":[{\"@type\":\"ListItem\",\"position\":1,\"name\":\"\u201cSummer fest\u201d nga Shqip\u00ebria shtrihet edhe n\u00eb Ulqin\"}]},{\"@type\":\"Person\",\"@id\":\"https:\/\/www.visit-ulcinj.com\/blog\/#\/schema\/person\/dcab619c614d3038751c63bc2aadc06d\",\"name\":\"ulqini\",\"sameAs\":[\"http:\/\/www.visit-ulcinj.com\"],\"url\":\"https:\/\/www.visit-ulcinj.com\/blog\/author\/admin\/\"}]}<\/script>\n<!-- \/ Yoast SEO plugin. -->","yoast_head_json":{"title":"\u201cSummer fest\u201d nga Shqip\u00ebria shtrihet edhe n\u00eb Ulqin - Lajme nga Ulqini","description":"\u201cFondacioni Dritan Hoxha\u201d me mb\u00ebshtetjen mediatike t\u00eb Top Channel, Top Albania Radio dhe My Music sjell s\u00ebrish festivalin \u201cSummer Fest\u201d. N\u00eb ver\u00ebn 2015","robots":{"index":"index","follow":"follow","max-snippet":"max-snippet:-1","max-image-preview":"max-image-preview:large","max-video-preview":"max-video-preview:-1"},"canonical":"https:\/\/www.visit-ulcinj.com\/blog\/2015\/07\/18\/summer-fest-nga-shqiperia-shtrihet-edhe-ne-ulqin\/","og_locale":"en_US","og_type":"article","og_title":"\u201cSummer fest\u201d nga Shqip\u00ebria shtrihet edhe n\u00eb Ulqin - Lajme nga Ulqini","og_description":"\u201cFondacioni Dritan Hoxha\u201d me mb\u00ebshtetjen mediatike t\u00eb Top Channel, Top Albania Radio dhe My Music sjell s\u00ebrish festivalin \u201cSummer Fest\u201d. N\u00eb ver\u00ebn 2015","og_url":"https:\/\/www.visit-ulcinj.com\/blog\/2015\/07\/18\/summer-fest-nga-shqiperia-shtrihet-edhe-ne-ulqin\/","og_site_name":"Lajme nga Ulqini","article_published_time":"2015-07-18T14:36:29+00:00","article_modified_time":"2015-08-03T12:27:07+00:00","og_image":[{"url":"http:\/\/www.visit-ulcinj.com\/blog\/wp-content\/uploads\/2015\/07\/Summer-fest-Ulqin-2015.jpg"}],"twitter_misc":{"Written by":"ulqini","Est. reading time":"1 minute"},"schema":{"@context":"https:\/\/schema.org","@graph":[{"@type":"WebSite","@id":"https:\/\/www.visit-ulcinj.com\/blog\/#website","url":"https:\/\/www.visit-ulcinj.com\/blog\/","name":"Lajme nga Ulqini","description":"Lajme,Vijesti,Ulqini,Ulqin,Crna Gora,Mali i Zi","potentialAction":[{"@type":"SearchAction","target":{"@type":"EntryPoint","urlTemplate":"https:\/\/www.visit-ulcinj.com\/blog\/?s={search_term_string}"},"query-input":"required name=search_term_string"}],"inLanguage":"en-US"},{"@type":"ImageObject","inLanguage":"en-US","@id":"https:\/\/www.visit-ulcinj.com\/blog\/2015\/07\/18\/summer-fest-nga-shqiperia-shtrihet-edhe-ne-ulqin\/#primaryimage","url":"http:\/\/www.visit-ulcinj.com\/blog\/wp-content\/uploads\/2015\/07\/Summer-fest-Ulqin-2015.jpg","contentUrl":"http:\/\/www.visit-ulcinj.com\/blog\/wp-content\/uploads\/2015\/07\/Summer-fest-Ulqin-2015.jpg"},{"@type":"WebPage","@id":"https:\/\/www.visit-ulcinj.com\/blog\/2015\/07\/18\/summer-fest-nga-shqiperia-shtrihet-edhe-ne-ulqin\/#webpage","url":"https:\/\/www.visit-ulcinj.com\/blog\/2015\/07\/18\/summer-fest-nga-shqiperia-shtrihet-edhe-ne-ulqin\/","name":"\u201cSummer fest\u201d nga Shqip\u00ebria shtrihet edhe n\u00eb Ulqin - Lajme nga Ulqini","isPartOf":{"@id":"https:\/\/www.visit-ulcinj.com\/blog\/#website"},"primaryImageOfPage":{"@id":"https:\/\/www.visit-ulcinj.com\/blog\/2015\/07\/18\/summer-fest-nga-shqiperia-shtrihet-edhe-ne-ulqin\/#primaryimage"},"datePublished":"2015-07-18T14:36:29+00:00","dateModified":"2015-08-03T12:27:07+00:00","author":{"@id":"https:\/\/www.visit-ulcinj.com\/blog\/#\/schema\/person\/dcab619c614d3038751c63bc2aadc06d"},"description":"\u201cFondacioni Dritan Hoxha\u201d me mb\u00ebshtetjen mediatike t\u00eb Top Channel, Top Albania Radio dhe My Music sjell s\u00ebrish festivalin \u201cSummer Fest\u201d. N\u00eb ver\u00ebn 2015","breadcrumb":{"@id":"https:\/\/www.visit-ulcinj.com\/blog\/2015\/07\/18\/summer-fest-nga-shqiperia-shtrihet-edhe-ne-ulqin\/#breadcrumb"},"inLanguage":"en-US","potentialAction":[{"@type":"ReadAction","target":["https:\/\/www.visit-ulcinj.com\/blog\/2015\/07\/18\/summer-fest-nga-shqiperia-shtrihet-edhe-ne-ulqin\/"]}]},{"@type":"BreadcrumbList","@id":"https:\/\/www.visit-ulcinj.com\/blog\/2015\/07\/18\/summer-fest-nga-shqiperia-shtrihet-edhe-ne-ulqin\/#breadcrumb","itemListElement":[{"@type":"ListItem","position":1,"name":"\u201cSummer fest\u201d nga Shqip\u00ebria shtrihet edhe n\u00eb Ulqin"}]},{"@type":"Person","@id":"https:\/\/www.visit-ulcinj.com\/blog\/#\/schema\/person\/dcab619c614d3038751c63bc2aadc06d","name":"ulqini","sameAs":["http:\/\/www.visit-ulcinj.com"],"url":"https:\/\/www.visit-ulcinj.com\/blog\/author\/admin\/"}]}},"jetpack_featured_media_url":"","jetpack_sharing_enabled":true,"jetpack_shortlink":"https:\/\/wp.me\/pe6lTn-nPT","_links":{"self":[{"href":"https:\/\/www.visit-ulcinj.com\/blog\/wp-json\/wp\/v2\/posts\/91629"}],"collection":[{"href":"https:\/\/www.visit-ulcinj.com\/blog\/wp-json\/wp\/v2\/posts"}],"about":[{"href":"https:\/\/www.visit-ulcinj.com\/blog\/wp-json\/wp\/v2\/types\/post"}],"author":[{"embeddable":true,"href":"https:\/\/www.visit-ulcinj.com\/blog\/wp-json\/wp\/v2\/users\/1"}],"replies":[{"embeddable":true,"href":"https:\/\/www.visit-ulcinj.com\/blog\/wp-json\/wp\/v2\/comments?post=91629"}],"version-history":[{"count":1,"href":"https:\/\/www.visit-ulcinj.com\/blog\/wp-json\/wp\/v2\/posts\/91629\/revisions"}],"predecessor-version":[{"id":91631,"href":"https:\/\/www.visit-ulcinj.com\/blog\/wp-json\/wp\/v2\/posts\/91629\/revisions\/91631"}],"wp:attachment":[{"href":"https:\/\/www.visit-ulcinj.com\/blog\/wp-json\/wp\/v2\/media?parent=91629"}],"wp:term":[{"taxonomy":"category","embeddable":true,"href":"https:\/\/www.visit-ulcinj.com\/blog\/wp-json\/wp\/v2\/categories?post=91629"},{"taxonomy":"post_tag","embeddable":true,"href":"https:\/\/www.visit-ulcinj.com\/blog\/wp-json\/wp\/v2\/tags?post=91629"}],"curies":[{"name":"wp","href":"https:\/\/api.w.org\/{rel}","templated":true}]}}