{"id":91632,"date":"2015-07-18T15:40:21","date_gmt":"2015-07-18T14:40:21","guid":{"rendered":"http:\/\/www.visit-ulcinj.com\/blog\/?p=91632"},"modified":"2015-07-18T15:40:21","modified_gmt":"2015-07-18T14:40:21","slug":"dr-jakupi-hyjme-ne-arenen-politike-qe-njerezve-te-ju-kthejme-dinjitetin","status":"publish","type":"post","link":"https:\/\/www.visit-ulcinj.com\/blog\/2015\/07\/18\/dr-jakupi-hyjme-ne-arenen-politike-qe-njerezve-te-ju-kthejme-dinjitetin\/","title":{"rendered":"Dr. Jakupi: Hyjm\u00eb n\u00eb aren\u00ebn politike q\u00eb njer\u00ebzve t\u00eb ju kthejm\u00eb dinjitetin"},"content":{"rendered":"<p><a href=\"http:\/\/www.visit-ulcinj.com\/blog\/wp-content\/uploads\/2014\/11\/Isat-Jakupi.jpg\"><img loading=\"lazy\" class=\"alignleft wp-image-86529\" src=\"http:\/\/www.visit-ulcinj.com\/blog\/wp-content\/uploads\/2014\/11\/Isat-Jakupi.jpg\" alt=\"Isat-Jakupi\" width=\"508\" height=\"407\" srcset=\"https:\/\/www.visit-ulcinj.com\/blog\/wp-content\/uploads\/2014\/11\/Isat-Jakupi.jpg 644w, https:\/\/www.visit-ulcinj.com\/blog\/wp-content\/uploads\/2014\/11\/Isat-Jakupi-300x240.jpg 300w\" sizes=\"(max-width: 508px) 100vw, 508px\" \/><\/a>Lideri i Partis\u00eb qendrore shqiptare p\u00ebr integrime (PQSHI) dr Isat Jakupi ka njoftuar se me vendimin e Ministris\u00eb s\u00eb zhvillimit t\u00eb q\u00ebndruesh\u00ebm dhe turizmit kjo parti pak koh\u00eb m\u00eb par\u00eb \u00ebsht\u00eb regjistruar n\u00eb Regjistrin e partive politike, raporton portali Ul.info.<\/p>\n<p>Ai tha se me k\u00ebt\u00eb jan\u00eb krijuar parakushtet q\u00eb t\u00eb filloj veprimtaria e v\u00ebrtet e k\u00ebtij subjekti m\u00eb t\u00eb ri n\u00eb vend.<\/p>\n<p>\u201cHyjm\u00eb n\u00eb aren\u00ebn politike q\u00eb njer\u00ebzve t\u00eb ju kthejm\u00eb dinjitetin\u201d, tha dr Jakupi.<\/p>\n","protected":false},"excerpt":{"rendered":"<p>Lideri i Partis\u00eb qendrore shqiptare p\u00ebr integrime (PQSHI) dr Isat Jakupi ka njoftuar se me vendimin e Ministris\u00eb s\u00eb zhvillimit t\u00eb q\u00ebndruesh\u00ebm dhe turizmit kjo parti pak koh\u00eb m\u00eb par\u00eb \u00ebsht\u00eb regjistruar n\u00eb Regjistrin e partive politike, raporton portali Ul.info. Ai tha se me k\u00ebt\u00eb jan\u00eb krijuar parakushtet q\u00eb t\u00eb filloj veprimtaria e v\u00ebrtet e [&hellip;]<\/p>\n","protected":false},"author":1,"featured_media":0,"comment_status":"closed","ping_status":"closed","sticky":false,"template":"","format":"standard","meta":{"spay_email":"","jetpack_publicize_message":"","jetpack_is_tweetstorm":false,"jetpack_publicize_feature_enabled":true},"categories":[6],"tags":[],"jetpack_publicize_connections":[],"yoast_head":"<!-- This site is optimized with the Yoast SEO plugin v19.1 - https:\/\/yoast.com\/wordpress\/plugins\/seo\/ -->\n<title>Dr. Jakupi: Hyjm\u00eb n\u00eb aren\u00ebn politike q\u00eb njer\u00ebzve t\u00eb ju kthejm\u00eb dinjitetin - Lajme nga Ulqini<\/title>\n<meta name=\"description\" content=\"Lideri i Partis\u00eb qendrore shqiptare p\u00ebr integrime (PQSHI) dr Isat Jakupi ka njoftuar se me vendimin e Ministris\u00eb s\u00eb zhvillimit t\u00eb q\u00ebndruesh\u00ebm dhe turizmit\" \/>\n<meta name=\"robots\" content=\"index, follow, max-snippet:-1, max-image-preview:large, max-video-preview:-1\" \/>\n<link rel=\"canonical\" href=\"https:\/\/www.visit-ulcinj.com\/blog\/2015\/07\/18\/dr-jakupi-hyjme-ne-arenen-politike-qe-njerezve-te-ju-kthejme-dinjitetin\/\" \/>\n<meta property=\"og:locale\" content=\"en_US\" \/>\n<meta property=\"og:type\" content=\"article\" \/>\n<meta property=\"og:title\" content=\"Dr. Jakupi: Hyjm\u00eb n\u00eb aren\u00ebn politike q\u00eb njer\u00ebzve t\u00eb ju kthejm\u00eb dinjitetin - Lajme nga Ulqini\" \/>\n<meta property=\"og:description\" content=\"Lideri i Partis\u00eb qendrore shqiptare p\u00ebr integrime (PQSHI) dr Isat Jakupi ka njoftuar se me vendimin e Ministris\u00eb s\u00eb zhvillimit t\u00eb q\u00ebndruesh\u00ebm dhe turizmit\" \/>\n<meta property=\"og:url\" content=\"https:\/\/www.visit-ulcinj.com\/blog\/2015\/07\/18\/dr-jakupi-hyjme-ne-arenen-politike-qe-njerezve-te-ju-kthejme-dinjitetin\/\" \/>\n<meta property=\"og:site_name\" content=\"Lajme nga Ulqini\" \/>\n<meta property=\"article:published_time\" content=\"2015-07-18T14:40:21+00:00\" \/>\n<meta property=\"og:image\" content=\"http:\/\/www.visit-ulcinj.com\/blog\/wp-content\/uploads\/2014\/11\/Isat-Jakupi.jpg\" \/>\n<meta name=\"twitter:label1\" content=\"Written by\" \/>\n\t<meta name=\"twitter:data1\" content=\"ulqini\" \/>\n<script type=\"application\/ld+json\" class=\"yoast-schema-graph\">{\"@context\":\"https:\/\/schema.org\",\"@graph\":[{\"@type\":\"WebSite\",\"@id\":\"https:\/\/www.visit-ulcinj.com\/blog\/#website\",\"url\":\"https:\/\/www.visit-ulcinj.com\/blog\/\",\"name\":\"Lajme nga Ulqini\",\"description\":\"Lajme,Vijesti,Ulqini,Ulqin,Crna Gora,Mali i Zi\",\"potentialAction\":[{\"@type\":\"SearchAction\",\"target\":{\"@type\":\"EntryPoint\",\"urlTemplate\":\"https:\/\/www.visit-ulcinj.com\/blog\/?s={search_term_string}\"},\"query-input\":\"required name=search_term_string\"}],\"inLanguage\":\"en-US\"},{\"@type\":\"ImageObject\",\"inLanguage\":\"en-US\",\"@id\":\"https:\/\/www.visit-ulcinj.com\/blog\/2015\/07\/18\/dr-jakupi-hyjme-ne-arenen-politike-qe-njerezve-te-ju-kthejme-dinjitetin\/#primaryimage\",\"url\":\"https:\/\/www.visit-ulcinj.com\/blog\/wp-content\/uploads\/2014\/11\/Isat-Jakupi.jpg\",\"contentUrl\":\"https:\/\/www.visit-ulcinj.com\/blog\/wp-content\/uploads\/2014\/11\/Isat-Jakupi.jpg\",\"width\":644,\"height\":516},{\"@type\":\"WebPage\",\"@id\":\"https:\/\/www.visit-ulcinj.com\/blog\/2015\/07\/18\/dr-jakupi-hyjme-ne-arenen-politike-qe-njerezve-te-ju-kthejme-dinjitetin\/#webpage\",\"url\":\"https:\/\/www.visit-ulcinj.com\/blog\/2015\/07\/18\/dr-jakupi-hyjme-ne-arenen-politike-qe-njerezve-te-ju-kthejme-dinjitetin\/\",\"name\":\"Dr. Jakupi: Hyjm\u00eb n\u00eb aren\u00ebn politike q\u00eb njer\u00ebzve t\u00eb ju kthejm\u00eb dinjitetin - Lajme nga Ulqini\",\"isPartOf\":{\"@id\":\"https:\/\/www.visit-ulcinj.com\/blog\/#website\"},\"primaryImageOfPage\":{\"@id\":\"https:\/\/www.visit-ulcinj.com\/blog\/2015\/07\/18\/dr-jakupi-hyjme-ne-arenen-politike-qe-njerezve-te-ju-kthejme-dinjitetin\/#primaryimage\"},\"datePublished\":\"2015-07-18T14:40:21+00:00\",\"dateModified\":\"2015-07-18T14:40:21+00:00\",\"author\":{\"@id\":\"https:\/\/www.visit-ulcinj.com\/blog\/#\/schema\/person\/dcab619c614d3038751c63bc2aadc06d\"},\"description\":\"Lideri i Partis\u00eb qendrore shqiptare p\u00ebr integrime (PQSHI) dr Isat Jakupi ka njoftuar se me vendimin e Ministris\u00eb s\u00eb zhvillimit t\u00eb q\u00ebndruesh\u00ebm dhe turizmit\",\"breadcrumb\":{\"@id\":\"https:\/\/www.visit-ulcinj.com\/blog\/2015\/07\/18\/dr-jakupi-hyjme-ne-arenen-politike-qe-njerezve-te-ju-kthejme-dinjitetin\/#breadcrumb\"},\"inLanguage\":\"en-US\",\"potentialAction\":[{\"@type\":\"ReadAction\",\"target\":[\"https:\/\/www.visit-ulcinj.com\/blog\/2015\/07\/18\/dr-jakupi-hyjme-ne-arenen-politike-qe-njerezve-te-ju-kthejme-dinjitetin\/\"]}]},{\"@type\":\"BreadcrumbList\",\"@id\":\"https:\/\/www.visit-ulcinj.com\/blog\/2015\/07\/18\/dr-jakupi-hyjme-ne-arenen-politike-qe-njerezve-te-ju-kthejme-dinjitetin\/#breadcrumb\",\"itemListElement\":[{\"@type\":\"ListItem\",\"position\":1,\"name\":\"Dr. Jakupi: Hyjm\u00eb n\u00eb aren\u00ebn politike q\u00eb njer\u00ebzve t\u00eb ju kthejm\u00eb dinjitetin\"}]},{\"@type\":\"Person\",\"@id\":\"https:\/\/www.visit-ulcinj.com\/blog\/#\/schema\/person\/dcab619c614d3038751c63bc2aadc06d\",\"name\":\"ulqini\",\"sameAs\":[\"http:\/\/www.visit-ulcinj.com\"],\"url\":\"https:\/\/www.visit-ulcinj.com\/blog\/author\/admin\/\"}]}<\/script>\n<!-- \/ Yoast SEO plugin. -->","yoast_head_json":{"title":"Dr. Jakupi: Hyjm\u00eb n\u00eb aren\u00ebn politike q\u00eb njer\u00ebzve t\u00eb ju kthejm\u00eb dinjitetin - Lajme nga Ulqini","description":"Lideri i Partis\u00eb qendrore shqiptare p\u00ebr integrime (PQSHI) dr Isat Jakupi ka njoftuar se me vendimin e Ministris\u00eb s\u00eb zhvillimit t\u00eb q\u00ebndruesh\u00ebm dhe turizmit","robots":{"index":"index","follow":"follow","max-snippet":"max-snippet:-1","max-image-preview":"max-image-preview:large","max-video-preview":"max-video-preview:-1"},"canonical":"https:\/\/www.visit-ulcinj.com\/blog\/2015\/07\/18\/dr-jakupi-hyjme-ne-arenen-politike-qe-njerezve-te-ju-kthejme-dinjitetin\/","og_locale":"en_US","og_type":"article","og_title":"Dr. Jakupi: Hyjm\u00eb n\u00eb aren\u00ebn politike q\u00eb njer\u00ebzve t\u00eb ju kthejm\u00eb dinjitetin - Lajme nga Ulqini","og_description":"Lideri i Partis\u00eb qendrore shqiptare p\u00ebr integrime (PQSHI) dr Isat Jakupi ka njoftuar se me vendimin e Ministris\u00eb s\u00eb zhvillimit t\u00eb q\u00ebndruesh\u00ebm dhe turizmit","og_url":"https:\/\/www.visit-ulcinj.com\/blog\/2015\/07\/18\/dr-jakupi-hyjme-ne-arenen-politike-qe-njerezve-te-ju-kthejme-dinjitetin\/","og_site_name":"Lajme nga Ulqini","article_published_time":"2015-07-18T14:40:21+00:00","og_image":[{"url":"http:\/\/www.visit-ulcinj.com\/blog\/wp-content\/uploads\/2014\/11\/Isat-Jakupi.jpg"}],"twitter_misc":{"Written by":"ulqini"},"schema":{"@context":"https:\/\/schema.org","@graph":[{"@type":"WebSite","@id":"https:\/\/www.visit-ulcinj.com\/blog\/#website","url":"https:\/\/www.visit-ulcinj.com\/blog\/","name":"Lajme nga Ulqini","description":"Lajme,Vijesti,Ulqini,Ulqin,Crna Gora,Mali i Zi","potentialAction":[{"@type":"SearchAction","target":{"@type":"EntryPoint","urlTemplate":"https:\/\/www.visit-ulcinj.com\/blog\/?s={search_term_string}"},"query-input":"required name=search_term_string"}],"inLanguage":"en-US"},{"@type":"ImageObject","inLanguage":"en-US","@id":"https:\/\/www.visit-ulcinj.com\/blog\/2015\/07\/18\/dr-jakupi-hyjme-ne-arenen-politike-qe-njerezve-te-ju-kthejme-dinjitetin\/#primaryimage","url":"https:\/\/www.visit-ulcinj.com\/blog\/wp-content\/uploads\/2014\/11\/Isat-Jakupi.jpg","contentUrl":"https:\/\/www.visit-ulcinj.com\/blog\/wp-content\/uploads\/2014\/11\/Isat-Jakupi.jpg","width":644,"height":516},{"@type":"WebPage","@id":"https:\/\/www.visit-ulcinj.com\/blog\/2015\/07\/18\/dr-jakupi-hyjme-ne-arenen-politike-qe-njerezve-te-ju-kthejme-dinjitetin\/#webpage","url":"https:\/\/www.visit-ulcinj.com\/blog\/2015\/07\/18\/dr-jakupi-hyjme-ne-arenen-politike-qe-njerezve-te-ju-kthejme-dinjitetin\/","name":"Dr. Jakupi: Hyjm\u00eb n\u00eb aren\u00ebn politike q\u00eb njer\u00ebzve t\u00eb ju kthejm\u00eb dinjitetin - Lajme nga Ulqini","isPartOf":{"@id":"https:\/\/www.visit-ulcinj.com\/blog\/#website"},"primaryImageOfPage":{"@id":"https:\/\/www.visit-ulcinj.com\/blog\/2015\/07\/18\/dr-jakupi-hyjme-ne-arenen-politike-qe-njerezve-te-ju-kthejme-dinjitetin\/#primaryimage"},"datePublished":"2015-07-18T14:40:21+00:00","dateModified":"2015-07-18T14:40:21+00:00","author":{"@id":"https:\/\/www.visit-ulcinj.com\/blog\/#\/schema\/person\/dcab619c614d3038751c63bc2aadc06d"},"description":"Lideri i Partis\u00eb qendrore shqiptare p\u00ebr integrime (PQSHI) dr Isat Jakupi ka njoftuar se me vendimin e Ministris\u00eb s\u00eb zhvillimit t\u00eb q\u00ebndruesh\u00ebm dhe turizmit","breadcrumb":{"@id":"https:\/\/www.visit-ulcinj.com\/blog\/2015\/07\/18\/dr-jakupi-hyjme-ne-arenen-politike-qe-njerezve-te-ju-kthejme-dinjitetin\/#breadcrumb"},"inLanguage":"en-US","potentialAction":[{"@type":"ReadAction","target":["https:\/\/www.visit-ulcinj.com\/blog\/2015\/07\/18\/dr-jakupi-hyjme-ne-arenen-politike-qe-njerezve-te-ju-kthejme-dinjitetin\/"]}]},{"@type":"BreadcrumbList","@id":"https:\/\/www.visit-ulcinj.com\/blog\/2015\/07\/18\/dr-jakupi-hyjme-ne-arenen-politike-qe-njerezve-te-ju-kthejme-dinjitetin\/#breadcrumb","itemListElement":[{"@type":"ListItem","position":1,"name":"Dr. Jakupi: Hyjm\u00eb n\u00eb aren\u00ebn politike q\u00eb njer\u00ebzve t\u00eb ju kthejm\u00eb dinjitetin"}]},{"@type":"Person","@id":"https:\/\/www.visit-ulcinj.com\/blog\/#\/schema\/person\/dcab619c614d3038751c63bc2aadc06d","name":"ulqini","sameAs":["http:\/\/www.visit-ulcinj.com"],"url":"https:\/\/www.visit-ulcinj.com\/blog\/author\/admin\/"}]}},"jetpack_featured_media_url":"","jetpack_sharing_enabled":true,"jetpack_shortlink":"https:\/\/wp.me\/pe6lTn-nPW","_links":{"self":[{"href":"https:\/\/www.visit-ulcinj.com\/blog\/wp-json\/wp\/v2\/posts\/91632"}],"collection":[{"href":"https:\/\/www.visit-ulcinj.com\/blog\/wp-json\/wp\/v2\/posts"}],"about":[{"href":"https:\/\/www.visit-ulcinj.com\/blog\/wp-json\/wp\/v2\/types\/post"}],"author":[{"embeddable":true,"href":"https:\/\/www.visit-ulcinj.com\/blog\/wp-json\/wp\/v2\/users\/1"}],"replies":[{"embeddable":true,"href":"https:\/\/www.visit-ulcinj.com\/blog\/wp-json\/wp\/v2\/comments?post=91632"}],"version-history":[{"count":1,"href":"https:\/\/www.visit-ulcinj.com\/blog\/wp-json\/wp\/v2\/posts\/91632\/revisions"}],"predecessor-version":[{"id":91633,"href":"https:\/\/www.visit-ulcinj.com\/blog\/wp-json\/wp\/v2\/posts\/91632\/revisions\/91633"}],"wp:attachment":[{"href":"https:\/\/www.visit-ulcinj.com\/blog\/wp-json\/wp\/v2\/media?parent=91632"}],"wp:term":[{"taxonomy":"category","embeddable":true,"href":"https:\/\/www.visit-ulcinj.com\/blog\/wp-json\/wp\/v2\/categories?post=91632"},{"taxonomy":"post_tag","embeddable":true,"href":"https:\/\/www.visit-ulcinj.com\/blog\/wp-json\/wp\/v2\/tags?post=91632"}],"curies":[{"name":"wp","href":"https:\/\/api.w.org\/{rel}","templated":true}]}}