{"id":91640,"date":"2015-07-19T14:18:04","date_gmt":"2015-07-19T13:18:04","guid":{"rendered":"http:\/\/www.visit-ulcinj.com\/blog\/?p=91640"},"modified":"2015-07-21T08:11:21","modified_gmt":"2015-07-21T07:11:21","slug":"une-po-jap-doreheqe-ju-si-te-doni","status":"publish","type":"post","link":"https:\/\/www.visit-ulcinj.com\/blog\/2015\/07\/19\/une-po-jap-doreheqe-ju-si-te-doni\/","title":{"rendered":"Un\u00eb  po jap dor\u00ebheqe &#8211; ju si t\u00eb doni?!!"},"content":{"rendered":"<p><strong><em><a href=\"http:\/\/www.visit-ulcinj.com\/blog\/wp-content\/uploads\/2015\/07\/TV-ULQINI.jpg\"><img loading=\"lazy\" class=\"alignleft wp-image-91642\" src=\"http:\/\/www.visit-ulcinj.com\/blog\/wp-content\/uploads\/2015\/07\/TV-ULQINI.jpg\" alt=\"TV-ULQINI\" width=\"508\" height=\"292\" srcset=\"https:\/\/www.visit-ulcinj.com\/blog\/wp-content\/uploads\/2015\/07\/TV-ULQINI.jpg 470w, https:\/\/www.visit-ulcinj.com\/blog\/wp-content\/uploads\/2015\/07\/TV-ULQINI-300x172.jpg 300w\" sizes=\"(max-width: 508px) 100vw, 508px\" \/><\/a>Shkruan: Muhamet Nika, <\/em><\/strong><\/p>\n<p><strong><em>\u00a0<\/em><\/strong><\/p>\n<p><strong><em>D\u00ebshira p\u00ebr monopol n\u00eb informim me pasojat dhe sfidat &#8230;<\/em><\/strong><\/p>\n<p><strong>Aktualisht po t\u00eb v\u00ebshtrosh gjendjen e informimit shqip , del se ai i \u00ebsht\u00eb n\u00ebnshtruar nj\u00eb amullie t\u00eb plot\u00eb si pasoj\u00eb e rrethanave t\u00eb ndryshme q\u00eb lidhen me d\u00ebshir\u00ebn e politik\u00ebs p\u00ebr kontroll mbi mediat. Nga ana e tjet\u00ebr zhvillimi i vrullsh\u00ebm teknologjik ka b\u00ebr\u00eb q\u00eb\u201d burgosja e informacionit\u201d,\u201cnga politika\u201dp\u00ebr t\u00eb fshehur t\u00eb v\u00ebrtet\u00ebn, t\u00eb b\u00ebhet fare e pa mundur. Avancimi i internetit kusht\u00ebzoi, q\u00eb \u00e7do politik\u00eb t\u00eb krijoj\u00eb sistemin e vet sulmues apo mbrojt\u00ebs, p\u00ebr mes vep-faqeve t\u00eb internetit, nga ku mbrohet ose sulmohet me mjete djall\u00ebzore pala kund\u00ebrshtare. Kurse media konvencionale neutralizohet po thuaj se fare&#8230;?!!<\/strong><\/p>\n<p><strong> P\u00ebr ndryshe nuk ka se si t\u00eb kuptohet, q\u00eb t\u00eb gjith\u00eb gazetar\u00eb heshtin , bashk\u00eb me ata t\u00eb cil\u00ebt me mua konkurruan n\u00eb konkursin e shpallur p\u00ebr k\u00ebshillin programor t\u00eb Koh\u00ebs Javore nga KKSH- dhe q\u00eb nuk po realizohet.<\/strong><\/p>\n<p><strong> Gjendja k\u00ebsi soji\u00a0\u00a0 dihet se do t\u00eb vazhdoj\u00eb p\u00ebr sa t\u00eb mos zgjidhet organi p\u00ebrkat\u00ebs, dhe \u00a0rolin e tij ta kryej G.Niman Begu, si kryetar k\u00ebshilli.?!!!<\/strong><\/p>\n<p><strong>Pasi n\u00eb media , gj\u00ebja m\u00eb e p\u00ebrulur sipas neve \u00ebsht\u00eb konformizmi informativ dhe pasi q\u00eb ndoshta konkurrimi im p\u00ebr t\u00eb qen\u00eb i zgjedhur n\u00eb struktur\u00ebn e k\u00ebshillit ka krijuar ng\u00ebr\u00e7in e cekur duke prishur interesat e sferave t\u00eb ndikimit n\u00eb m\u00ebnyr\u00eb permanente, duke dashur t\u00eb ndikoj q\u00eb procesi i nisur t\u00eb zhvillohet deri n\u00eb fund, publikisht t\u00ebrheq kandidatur\u00ebn time p\u00ebr t\u00eb qen\u00eb i zgjedhur n\u00eb k\u00ebshill . Me k\u00ebt\u00eb rast, bashkohem, me t\u00eb gjith\u00eb t\u00eb tjer\u00ebt , q\u00eb e kishin n\u00eb plan t\u00eb konkurronin , por e injoruan me t\u00eb drejt\u00eb at\u00eb, duke e para ndjer\u00eb skenarin q\u00eb po luhej \u201c nga ajka \u2013 yndyra e kombit- KKSH-ja\u201d?!! Kurse e gjith\u00eb kjo nuk n\u00ebnkupton nj\u00eb pasivitet timin dhe animuzitet, n\u00eb k\u00ebt\u00eb drejtim ve\u00e7se , p\u00ebrkundrazi , nj\u00eb veprim me pritje aktive. Kut them k\u00ebshtu aludoj edhe n\u00eb mund\u00ebsin\u00eb e thirrjes s\u00eb kuvendit t\u00eb elektor\u00ebve t\u00eb K\u00ebshillit Komb\u00ebtar, p\u00ebr t\u00eb shqyrtuar pun\u00ebn e ng\u00ebr\u00e7it total t\u00eb KKSH-s\u00eb n\u00eb shum\u00eb aspekte.<\/strong><\/p>\n<p><strong>Edhe dy fjal\u00eb p\u00ebr \u00a0RTUL-in<\/strong><\/p>\n<p><strong>Nuk mjaftoi q\u00eb k\u00ebtyre dit\u00ebve t\u00eb vap\u00ebs t\u00eb b\u00ebjm\u00eb sehir vet\u00ebm n\u00eb sjelljet e kryetarit t\u00eb K\u00ebshillit Nacional- Genc Nimanbegut, q\u00eb thjesht grabiti funksionin e tret\u00eb t\u00eb radh\u00ebs pas atij t\u00eb deputetit dhe kryetarit t\u00eb K\u00ebshillit Nacional- mendojm\u00eb n\u00eb at\u00eb te k\u00ebshillit n\u00eb formim t\u00eb Koh\u00ebs Javore, por shohim se opinioni nuk mund t\u00eb jet\u00eb i k\u00ebnaqur as me dertet e Radio Ulqinit. P\u00ebr k\u00ebt\u00eb flet edhe shkrim i gazetarit Esat Mehmeti :<\/strong><strong><em> Radio Ulqini (s)kremton 28 vjetorin e themelimit&#8230;?!<\/em><\/strong><\/p>\n<p><strong>Sipas bindjeve t\u00eb mija ,<\/strong> mendoj se e teprojm\u00eb n\u00eb p\u00ebrgjith\u00ebsi, me idealizimin e pun\u00ebve t\u00eb s\u00eb shkuar\u00ebs . Sidomos kur kujtohemi e flasim gjat\u00eb jubileve t\u00eb ndrysh\u00ebm dhe harrojm\u00eb se datat dhe ngjarjet e tyre, dikur kishin p\u00ebr q\u00ebllim, tu b\u00ebnin jehon\u00eb sa m\u00eb t\u00eb madhe do vendimeve \u00a0politike shtet\u00ebrore q\u00eb lidheshin \u00a0doemos me \u00a0procesin e \u00e7\u2019 komb\u00ebtarizimit shqiptar\u00eb n\u00eb Mal t\u00eb Zi.<\/p>\n<p>Duke mos e zgjatur , shtojm\u00eb q\u00eb edhe sot- fjala bie, \u00a0po t\u00eb lyp\u00ebsh aktin e themelimit t\u00eb radio Ulqinit, t\u00eb para 28 viteve, sheh se q\u00ebllimi par\u00ebsor i themelimit ishte destabilizimi i shtetit am\u00eb e jo informimi lokal. Edhe pse me k\u00ebt\u00eb nuk po e mohojm\u00eb q\u00eb ndonj\u00eb gazetar\u00eb t\u00eb ket\u00eb b\u00ebr\u00eb informim objektiv e komb\u00ebtar, por deri sa nuk pati gazetar\u00eb t\u00eb sanksionuar , ky konstatim mbetet i dyshimt\u00eb.<\/p>\n<p><strong>Kujt i takon radio Ulqini-RTUL<strong>?!!!<\/strong><\/strong><\/p>\n<p><strong> Deri sa isha kryetar Parlamenti n\u00eb Ulqin, me nisiativ\u00ebn time- organizova procedur\u00ebn e themelimit t\u00eb RTUL-it, duke e b\u00ebr\u00eb zyrtar at\u00eb, edhe pse fare mir\u00eb e dija q\u00eb nuk kishte interesim p\u00ebr te, as nga pozita e at\u00ebhershme DPS- UDSH,q\u00eb kish mediume tjera dhe as nga opozita , q\u00eb preferonteTV-Teut\u00ebn.<\/strong><\/p>\n<p><strong>Evidentohet q\u00eb praktika e par\u00eb e infuzionit t\u00eb TV-Teut\u00ebs nga mjetet buxhetore t\u00eb komun\u00ebs- pa nj\u00eb rregullore transmetimi dhe vendim t\u00eb financimit filloi e nisi me ardhjen e Forc\u00ebs n\u00eb krye t\u00eb Kuvendit &#8211; Koha e XH. Cakulit . Kjo praktik\u00eb nuk u nd\u00ebrpre dhe vazhdon edhe sot. Dhe k\u00ebshtu buxheti i Teut\u00ebs, filloi t\u00eb mbushej nga arka e komun\u00ebs, n\u00eb em\u00ebr t\u00eb sh\u00ebrbimeve t\u00eb kryera mediatike p\u00ebr kuvend dhe komun\u00eb. K\u00ebt\u00eb e favorizonte edhe d\u00ebshira e politikan\u00ebve lokal\u00eb q\u00eb preferonin ekranin, n\u00eb vend se radion. N\u00eb fakt po i binte q\u00eb mjetet nga hisja t\u00eb cilat i takonin radio Ulqinit*RTUL-it &#8211; me buxhet t\u00eb komun\u00ebs t\u2019i merrte TV -TEUTA.<\/strong><\/p>\n<p><strong><em>Dhe tash kujt i takon radio Ulqini?!<\/em><\/strong><strong> Sipas marr\u00ebveshjes p\u00ebr pushtet lokal- FORC\u00cb \u2013 PD, i bie q\u00eb RTUL- t\u00eb administrohet dhe mbik\u00ebqyret nga Partia Demokratike. Andaj mediave dhe portaleve t\u00eb saja , nuk i b\u00ebn fare p\u00ebrshtypje, as kur \u00a0TOP CHANEL &#8211; RTUL-it i dhuron nj\u00eb kamer\u00eb televizive?!<\/strong><\/p>\n<p>Si mik i Radios, dhe informimit shqip, nuk arrij ta kuptoj nj\u00eb gj\u00eb dhe prandaj\u00a0\u00a0 pyes:\u00a0\u00a0 Se si \u00a0p\u00ebr shembull ka mund\u00ebsi, q\u00eb kafshata ime ,e cila , m\u00eb takon mua dhe as kujt tjet\u00ebr ta marr\u00eb tjetri, pa t\u00eb drejt\u00eb<strong>( dhe pa nj\u00eb vendim paraprak kuvendi<\/strong> e vet\u00eb t\u00eb hesht&#8230;)?!!<\/p>\n<p>Kujtojm\u00eb, q\u00eb kur ekzekutivi i Forc\u00ebs, n\u00eb mandatin q\u00eb shkoi, uli 30 % t\u00eb rrogave t\u00eb te pun\u00ebsuarve n\u00eb komun\u00eb , p\u00ebr t\u00eb pun\u00ebsuar 3o pun\u00ebtor\u00eb t\u00eb k\u00ebtij subjekti, pun\u00ebtor\u00ebt e komun\u00ebs u ankuan p\u00ebr paligjshm\u00ebri n\u00eb gjykat\u00eb dhe kusht\u00ebzuan kthimin n\u00eb gjendjen paraprake t\u00eb pjesshme t\u00eb tyre. Kurse tjet\u00ebr, deri sa nj\u00ebshi i ekzekutivit lejoi ekzekutimin e 3milion eurove borxhe t\u00eb komun\u00ebs n\u00eb d\u00ebm t\u00eb rrogave t\u00eb tyre , sindikata e tyre, k\u00ebrc\u00ebnoj dhe paralajm\u00ebroi \u201cbllokad\u00eb kolektive p\u00ebr minusin n\u00eb rroga &#8211; Sipas ligjit dihet se rrogat kan\u00eb p\u00ebrpar\u00ebsi n\u00eb raport me borxhet dhe p\u00ebr pasoj\u00eb l\u00ebnd\u00ebt gjyq\u00ebsore disi kan\u00eb filluar e rrallohen&#8230;?!<\/p>\n<p>Duke p\u00ebrfunduar k\u00ebtu shkrimin kujtojm\u00eb n\u00eb at\u00eb q\u00eb thuhet, se : \u201c N\u00ebse k\u00ebrkon ndihm\u00eb nga tjetri, fillimisht t\u00eb takon t\u00eb mbrosh veten e t\u00eb rezistosh&#8230;?!!<\/p>\n<p>V\u00ebm\u00eb n\u00eb dijeni, q\u00eb sipas ligjit t\u00eb ri edhe informimi k\u00ebrkohet t\u00eb privatizohet?! Por kjo edhe mund t\u00eb simulohet me ligj, n\u00eb momentin kur institucion, u mbetet t\u00eb pun\u00ebsuarve disa rroga t\u00eb pa shlyera . Ndoshta kjo edhe synohet t\u00eb provokohet ?!<\/p>\n<p><a href=\"http:\/\/www.visit-ulcinj.com\/blog\/wp-content\/uploads\/2015\/07\/Muhamet-Nika.jpg\"><img loading=\"lazy\" class=\"alignleft size-full wp-image-91641\" src=\"http:\/\/www.visit-ulcinj.com\/blog\/wp-content\/uploads\/2015\/07\/Muhamet-Nika.jpg\" alt=\"Muhamet-Nika\" width=\"351\" height=\"81\" srcset=\"https:\/\/www.visit-ulcinj.com\/blog\/wp-content\/uploads\/2015\/07\/Muhamet-Nika.jpg 351w, https:\/\/www.visit-ulcinj.com\/blog\/wp-content\/uploads\/2015\/07\/Muhamet-Nika-300x69.jpg 300w\" sizes=\"(max-width: 351px) 100vw, 351px\" \/><\/a><\/p>\n<p>&nbsp;<\/p>\n<p>&nbsp;<\/p>\n<p>&nbsp;<\/p>\n<p>&nbsp;<\/p>\n<p>&nbsp;<\/p>\n<p><strong>Pik\u00ebpamjet e shprehura n\u00eb faqen \u201cOPINIONE\u201d nuk p\u00ebrfaq\u00ebsojn\u00eb domosdoshm\u00ebrisht politik\u00ebn redaksionale t\u00eb \u201eLajmeve nga Ulqini\u201e<\/strong><\/p>\n","protected":false},"excerpt":{"rendered":"<p>Shkruan: Muhamet Nika, \u00a0 D\u00ebshira p\u00ebr monopol n\u00eb informim me pasojat dhe sfidat &#8230; Aktualisht po t\u00eb v\u00ebshtrosh gjendjen e informimit shqip , del se ai i \u00ebsht\u00eb n\u00ebnshtruar nj\u00eb amullie t\u00eb plot\u00eb si pasoj\u00eb e rrethanave t\u00eb ndryshme q\u00eb lidhen me d\u00ebshir\u00ebn e politik\u00ebs p\u00ebr kontroll mbi mediat. Nga ana e tjet\u00ebr zhvillimi i [&hellip;]<\/p>\n","protected":false},"author":1,"featured_media":0,"comment_status":"closed","ping_status":"closed","sticky":false,"template":"","format":"standard","meta":{"spay_email":"","jetpack_publicize_message":"","jetpack_is_tweetstorm":false,"jetpack_publicize_feature_enabled":true},"categories":[14249],"tags":[],"jetpack_publicize_connections":[],"yoast_head":"<!-- This site is optimized with the Yoast SEO plugin v19.1 - https:\/\/yoast.com\/wordpress\/plugins\/seo\/ -->\n<title>Un\u00eb po jap dor\u00ebheqe - ju si t\u00eb doni?!! - Lajme nga Ulqini<\/title>\n<meta name=\"description\" content=\"Shkruan: Muhamet Nika, \u00a0 D\u00ebshira p\u00ebr monopol n\u00eb informim me pasojat dhe sfidat ... Aktualisht po t\u00eb v\u00ebshtrosh gjendjen e informimit shqip , del se ai i\" \/>\n<meta name=\"robots\" content=\"index, follow, max-snippet:-1, max-image-preview:large, max-video-preview:-1\" \/>\n<link rel=\"canonical\" href=\"https:\/\/www.visit-ulcinj.com\/blog\/2015\/07\/19\/une-po-jap-doreheqe-ju-si-te-doni\/\" \/>\n<meta property=\"og:locale\" content=\"en_US\" \/>\n<meta property=\"og:type\" content=\"article\" \/>\n<meta property=\"og:title\" content=\"Un\u00eb po jap dor\u00ebheqe - ju si t\u00eb doni?!! - Lajme nga Ulqini\" \/>\n<meta property=\"og:description\" content=\"Shkruan: Muhamet Nika, \u00a0 D\u00ebshira p\u00ebr monopol n\u00eb informim me pasojat dhe sfidat ... Aktualisht po t\u00eb v\u00ebshtrosh gjendjen e informimit shqip , del se ai i\" \/>\n<meta property=\"og:url\" content=\"https:\/\/www.visit-ulcinj.com\/blog\/2015\/07\/19\/une-po-jap-doreheqe-ju-si-te-doni\/\" \/>\n<meta property=\"og:site_name\" content=\"Lajme nga Ulqini\" \/>\n<meta property=\"article:published_time\" content=\"2015-07-19T13:18:04+00:00\" \/>\n<meta property=\"article:modified_time\" content=\"2015-07-21T07:11:21+00:00\" \/>\n<meta property=\"og:image\" content=\"http:\/\/www.visit-ulcinj.com\/blog\/wp-content\/uploads\/2015\/07\/TV-ULQINI.jpg\" \/>\n<meta name=\"twitter:label1\" content=\"Written by\" \/>\n\t<meta name=\"twitter:data1\" content=\"ulqini\" \/>\n\t<meta name=\"twitter:label2\" content=\"Est. reading time\" \/>\n\t<meta name=\"twitter:data2\" content=\"6 minutes\" \/>\n<script type=\"application\/ld+json\" class=\"yoast-schema-graph\">{\"@context\":\"https:\/\/schema.org\",\"@graph\":[{\"@type\":\"WebSite\",\"@id\":\"https:\/\/www.visit-ulcinj.com\/blog\/#website\",\"url\":\"https:\/\/www.visit-ulcinj.com\/blog\/\",\"name\":\"Lajme nga Ulqini\",\"description\":\"Lajme,Vijesti,Ulqini,Ulqin,Crna Gora,Mali i Zi\",\"potentialAction\":[{\"@type\":\"SearchAction\",\"target\":{\"@type\":\"EntryPoint\",\"urlTemplate\":\"https:\/\/www.visit-ulcinj.com\/blog\/?s={search_term_string}\"},\"query-input\":\"required name=search_term_string\"}],\"inLanguage\":\"en-US\"},{\"@type\":\"ImageObject\",\"inLanguage\":\"en-US\",\"@id\":\"https:\/\/www.visit-ulcinj.com\/blog\/2015\/07\/19\/une-po-jap-doreheqe-ju-si-te-doni\/#primaryimage\",\"url\":\"https:\/\/www.visit-ulcinj.com\/blog\/wp-content\/uploads\/2015\/07\/TV-ULQINI.jpg\",\"contentUrl\":\"https:\/\/www.visit-ulcinj.com\/blog\/wp-content\/uploads\/2015\/07\/TV-ULQINI.jpg\",\"width\":470,\"height\":270},{\"@type\":\"WebPage\",\"@id\":\"https:\/\/www.visit-ulcinj.com\/blog\/2015\/07\/19\/une-po-jap-doreheqe-ju-si-te-doni\/#webpage\",\"url\":\"https:\/\/www.visit-ulcinj.com\/blog\/2015\/07\/19\/une-po-jap-doreheqe-ju-si-te-doni\/\",\"name\":\"Un\u00eb po jap dor\u00ebheqe - ju si t\u00eb doni?!! - Lajme nga Ulqini\",\"isPartOf\":{\"@id\":\"https:\/\/www.visit-ulcinj.com\/blog\/#website\"},\"primaryImageOfPage\":{\"@id\":\"https:\/\/www.visit-ulcinj.com\/blog\/2015\/07\/19\/une-po-jap-doreheqe-ju-si-te-doni\/#primaryimage\"},\"datePublished\":\"2015-07-19T13:18:04+00:00\",\"dateModified\":\"2015-07-21T07:11:21+00:00\",\"author\":{\"@id\":\"https:\/\/www.visit-ulcinj.com\/blog\/#\/schema\/person\/dcab619c614d3038751c63bc2aadc06d\"},\"description\":\"Shkruan: Muhamet Nika, \u00a0 D\u00ebshira p\u00ebr monopol n\u00eb informim me pasojat dhe sfidat ... Aktualisht po t\u00eb v\u00ebshtrosh gjendjen e informimit shqip , del se ai i\",\"breadcrumb\":{\"@id\":\"https:\/\/www.visit-ulcinj.com\/blog\/2015\/07\/19\/une-po-jap-doreheqe-ju-si-te-doni\/#breadcrumb\"},\"inLanguage\":\"en-US\",\"potentialAction\":[{\"@type\":\"ReadAction\",\"target\":[\"https:\/\/www.visit-ulcinj.com\/blog\/2015\/07\/19\/une-po-jap-doreheqe-ju-si-te-doni\/\"]}]},{\"@type\":\"BreadcrumbList\",\"@id\":\"https:\/\/www.visit-ulcinj.com\/blog\/2015\/07\/19\/une-po-jap-doreheqe-ju-si-te-doni\/#breadcrumb\",\"itemListElement\":[{\"@type\":\"ListItem\",\"position\":1,\"name\":\"Un\u00eb po jap dor\u00ebheqe &#8211; ju si t\u00eb doni?!!\"}]},{\"@type\":\"Person\",\"@id\":\"https:\/\/www.visit-ulcinj.com\/blog\/#\/schema\/person\/dcab619c614d3038751c63bc2aadc06d\",\"name\":\"ulqini\",\"sameAs\":[\"http:\/\/www.visit-ulcinj.com\"],\"url\":\"https:\/\/www.visit-ulcinj.com\/blog\/author\/admin\/\"}]}<\/script>\n<!-- \/ Yoast SEO plugin. -->","yoast_head_json":{"title":"Un\u00eb po jap dor\u00ebheqe - ju si t\u00eb doni?!! - Lajme nga Ulqini","description":"Shkruan: Muhamet Nika, \u00a0 D\u00ebshira p\u00ebr monopol n\u00eb informim me pasojat dhe sfidat ... Aktualisht po t\u00eb v\u00ebshtrosh gjendjen e informimit shqip , del se ai i","robots":{"index":"index","follow":"follow","max-snippet":"max-snippet:-1","max-image-preview":"max-image-preview:large","max-video-preview":"max-video-preview:-1"},"canonical":"https:\/\/www.visit-ulcinj.com\/blog\/2015\/07\/19\/une-po-jap-doreheqe-ju-si-te-doni\/","og_locale":"en_US","og_type":"article","og_title":"Un\u00eb po jap dor\u00ebheqe - ju si t\u00eb doni?!! - Lajme nga Ulqini","og_description":"Shkruan: Muhamet Nika, \u00a0 D\u00ebshira p\u00ebr monopol n\u00eb informim me pasojat dhe sfidat ... Aktualisht po t\u00eb v\u00ebshtrosh gjendjen e informimit shqip , del se ai i","og_url":"https:\/\/www.visit-ulcinj.com\/blog\/2015\/07\/19\/une-po-jap-doreheqe-ju-si-te-doni\/","og_site_name":"Lajme nga Ulqini","article_published_time":"2015-07-19T13:18:04+00:00","article_modified_time":"2015-07-21T07:11:21+00:00","og_image":[{"url":"http:\/\/www.visit-ulcinj.com\/blog\/wp-content\/uploads\/2015\/07\/TV-ULQINI.jpg"}],"twitter_misc":{"Written by":"ulqini","Est. reading time":"6 minutes"},"schema":{"@context":"https:\/\/schema.org","@graph":[{"@type":"WebSite","@id":"https:\/\/www.visit-ulcinj.com\/blog\/#website","url":"https:\/\/www.visit-ulcinj.com\/blog\/","name":"Lajme nga Ulqini","description":"Lajme,Vijesti,Ulqini,Ulqin,Crna Gora,Mali i Zi","potentialAction":[{"@type":"SearchAction","target":{"@type":"EntryPoint","urlTemplate":"https:\/\/www.visit-ulcinj.com\/blog\/?s={search_term_string}"},"query-input":"required name=search_term_string"}],"inLanguage":"en-US"},{"@type":"ImageObject","inLanguage":"en-US","@id":"https:\/\/www.visit-ulcinj.com\/blog\/2015\/07\/19\/une-po-jap-doreheqe-ju-si-te-doni\/#primaryimage","url":"https:\/\/www.visit-ulcinj.com\/blog\/wp-content\/uploads\/2015\/07\/TV-ULQINI.jpg","contentUrl":"https:\/\/www.visit-ulcinj.com\/blog\/wp-content\/uploads\/2015\/07\/TV-ULQINI.jpg","width":470,"height":270},{"@type":"WebPage","@id":"https:\/\/www.visit-ulcinj.com\/blog\/2015\/07\/19\/une-po-jap-doreheqe-ju-si-te-doni\/#webpage","url":"https:\/\/www.visit-ulcinj.com\/blog\/2015\/07\/19\/une-po-jap-doreheqe-ju-si-te-doni\/","name":"Un\u00eb po jap dor\u00ebheqe - ju si t\u00eb doni?!! - Lajme nga Ulqini","isPartOf":{"@id":"https:\/\/www.visit-ulcinj.com\/blog\/#website"},"primaryImageOfPage":{"@id":"https:\/\/www.visit-ulcinj.com\/blog\/2015\/07\/19\/une-po-jap-doreheqe-ju-si-te-doni\/#primaryimage"},"datePublished":"2015-07-19T13:18:04+00:00","dateModified":"2015-07-21T07:11:21+00:00","author":{"@id":"https:\/\/www.visit-ulcinj.com\/blog\/#\/schema\/person\/dcab619c614d3038751c63bc2aadc06d"},"description":"Shkruan: Muhamet Nika, \u00a0 D\u00ebshira p\u00ebr monopol n\u00eb informim me pasojat dhe sfidat ... Aktualisht po t\u00eb v\u00ebshtrosh gjendjen e informimit shqip , del se ai i","breadcrumb":{"@id":"https:\/\/www.visit-ulcinj.com\/blog\/2015\/07\/19\/une-po-jap-doreheqe-ju-si-te-doni\/#breadcrumb"},"inLanguage":"en-US","potentialAction":[{"@type":"ReadAction","target":["https:\/\/www.visit-ulcinj.com\/blog\/2015\/07\/19\/une-po-jap-doreheqe-ju-si-te-doni\/"]}]},{"@type":"BreadcrumbList","@id":"https:\/\/www.visit-ulcinj.com\/blog\/2015\/07\/19\/une-po-jap-doreheqe-ju-si-te-doni\/#breadcrumb","itemListElement":[{"@type":"ListItem","position":1,"name":"Un\u00eb po jap dor\u00ebheqe &#8211; ju si t\u00eb doni?!!"}]},{"@type":"Person","@id":"https:\/\/www.visit-ulcinj.com\/blog\/#\/schema\/person\/dcab619c614d3038751c63bc2aadc06d","name":"ulqini","sameAs":["http:\/\/www.visit-ulcinj.com"],"url":"https:\/\/www.visit-ulcinj.com\/blog\/author\/admin\/"}]}},"jetpack_featured_media_url":"","jetpack_sharing_enabled":true,"jetpack_shortlink":"https:\/\/wp.me\/pe6lTn-nQ4","_links":{"self":[{"href":"https:\/\/www.visit-ulcinj.com\/blog\/wp-json\/wp\/v2\/posts\/91640"}],"collection":[{"href":"https:\/\/www.visit-ulcinj.com\/blog\/wp-json\/wp\/v2\/posts"}],"about":[{"href":"https:\/\/www.visit-ulcinj.com\/blog\/wp-json\/wp\/v2\/types\/post"}],"author":[{"embeddable":true,"href":"https:\/\/www.visit-ulcinj.com\/blog\/wp-json\/wp\/v2\/users\/1"}],"replies":[{"embeddable":true,"href":"https:\/\/www.visit-ulcinj.com\/blog\/wp-json\/wp\/v2\/comments?post=91640"}],"version-history":[{"count":3,"href":"https:\/\/www.visit-ulcinj.com\/blog\/wp-json\/wp\/v2\/posts\/91640\/revisions"}],"predecessor-version":[{"id":91645,"href":"https:\/\/www.visit-ulcinj.com\/blog\/wp-json\/wp\/v2\/posts\/91640\/revisions\/91645"}],"wp:attachment":[{"href":"https:\/\/www.visit-ulcinj.com\/blog\/wp-json\/wp\/v2\/media?parent=91640"}],"wp:term":[{"taxonomy":"category","embeddable":true,"href":"https:\/\/www.visit-ulcinj.com\/blog\/wp-json\/wp\/v2\/categories?post=91640"},{"taxonomy":"post_tag","embeddable":true,"href":"https:\/\/www.visit-ulcinj.com\/blog\/wp-json\/wp\/v2\/tags?post=91640"}],"curies":[{"name":"wp","href":"https:\/\/api.w.org\/{rel}","templated":true}]}}