{"id":91659,"date":"2015-07-21T08:08:33","date_gmt":"2015-07-21T07:08:33","guid":{"rendered":"http:\/\/www.visit-ulcinj.com\/blog\/?p=91659"},"modified":"2015-07-21T08:09:40","modified_gmt":"2015-07-21T07:09:40","slug":"zeneli-shqiptaret-dhe-turqit","status":"publish","type":"post","link":"https:\/\/www.visit-ulcinj.com\/blog\/2015\/07\/21\/zeneli-shqiptaret-dhe-turqit\/","title":{"rendered":"Zeneli: Shqiptaret dhe Turqit"},"content":{"rendered":"<p><a href=\"http:\/\/www.visit-ulcinj.com\/blog\/wp-content\/uploads\/2015\/07\/Haxhi-Zeneli.jpg\"><img loading=\"lazy\" class=\"alignleft wp-image-91660 size-full\" src=\"http:\/\/www.visit-ulcinj.com\/blog\/wp-content\/uploads\/2015\/07\/Haxhi-Zeneli.jpg\" alt=\"Haxhi-Zeneli\" width=\"242\" height=\"285\" \/><\/a>Nga Haxhi Zeneli<\/p>\n<p>Nj\u00eb dit\u00eb gushti plot\u00eb me diell,po v\u00ebshtroja kalimtar\u00ebt nga vendi ku po q\u00ebndroja mbi taras\u00ebn e gj\u00ebr\u00eb para sht\u00ebpis s\u00eb kultur\u00ebs n\u00eb Ulqin.Jo fort larg meje,m\u00eb zuri syry nj\u00eb njeri i cili po fotografonte tablot e fotografive t\u00eb m\u00ebdha,t\u00eb cilat ishin t\u00eb ngjitura n\u00eb murin e k\u00ebsaj nd\u00ebrtese.P\u00ebrsoni i cili po v\u00ebshtronte k\u00ebto fotografi,nga mosha mu duk\u00eb se ishte diku 35 vje\u00e7,p\u00ebr kurresht\u00ebje ju afrova,dhe e pyeta:se a po i p\u00eblqenin fotografit?<\/p>\n<p>-Djaloshi m\u00eb shikoj\u00eb dhe mu p\u00ebrgjegj\u00eb n\u00eb anglisht se nuk kuptonte se \u00e7far\u00eb e pyeta.<\/p>\n<p>-Mandej un\u00eb ja p\u00ebrs\u00ebrita n\u00eb anglisht k\u00ebt\u00eb pyetje.<\/p>\n<p>-Djaloshi m\u00eb pyeti p\u00ebr plakun q\u00eb ishte n\u00eb fotografi,<\/p>\n<p>se kush ishte ai?<\/p>\n<p>-Un\u00eb ju p\u00ebrgjigja duke i th\u00ebn\u00eb:se ai i uluri ishte nj\u00eb at\u00ebdhetar shqiptar\u00eb t\u00eb cilin e quanin Ded Gjon Luli,kurse ai n\u00eb k\u00ebmb\u00eb \u00ebsht\u00eb djalin e ti Kola.Djaloshi vazhdoj\u00eb duke m\u00eb shtruar pyetjen e radh\u00ebs.<\/p>\n<p>-Se a ishin njer\u00ebz t\u00eb njohur p\u00ebr koh\u00ebn,dhe se \u00e7far\u00eb kishin b\u00ebr\u00eb ata?<\/p>\n<p>-Un\u00eb i shpjegova historin e ngritj\u00ebs s\u00eb flamurin nga Ded Gjon Luli,dhe shtova duke i folur edhe p\u00ebr luftrat kundra malazez\u00ebve dhe turq\u00ebve.Pas k\u00ebsaj\u00eb ai u prezentua se ishte turk,dhe ishte nga Stambolli,me profesion m\u00eb tha jam\u00eb m\u00ebsues,por diku larg m\u00eb tregoj\u00eb se kishte p\u00ebrardh\u00ebje shqiptare,dhe k\u00ebshtu vazhduam bised\u00ebn,duke folur edhe p\u00ebr kontributin e shqiptar\u00ebve q\u00eb kishin dh\u00ebn\u00eb n\u00eb formimin e Turqis Moderne,t\u00eb cil\u00ebt kishte ndihmuar gjuh\u00ebn e tyre,duke ndryshuar shkronjat e alfabetit prej atyre arabe n\u00eb latine,me ndihm\u00ebn e Dr.Ibrahim Temos dhe Sami Frash\u00ebrit.P\u00ebr k\u00ebt\u00eb ai nuk u tregue i knaqur,se si paska vep\u00ebruar Ataturkut,ku shtoj\u00eb se:nuk ka patur nevoj\u00eb q\u00eb Ataturku ti vendos shkronjat latine,sepse ne tha kemi alfabetin turk,dhe se ai ishte dashtur ta implementoj\u00eb alfabetin turk.<\/p>\n<p>-Un\u00eb me habi e pyeta:a dini t\u00eb ma shpjegoni se kush jan\u00eb turqit?ai u gjend i habitur nga pyetja ime,kurse un\u00eb vazhdova duke u p\u00ebrgjigjur pyetjes time:turqit i thash jan\u00eb popull i p\u00ebrzier nga shum\u00eb popuj t\u00eb tjer\u00eb q\u00eb kan\u00eb ardhur aty dhe jan\u00eb shkrir n\u00eb nj\u00eb popull,ashtu si\u00e7 jeni edhe ju vet\u00eb,q\u00eb keni p\u00ebrardh\u00ebje shqiptare dhe jeni shkrir\u00eb me popujt t\u00eb tjer\u00eb.<\/p>\n<p>Fitova bind\u00ebjen se nga kjo p\u00ebrgjigja e ime nuk ju b\u00eb qefi shum\u00eb,dhe ma kthej si i inatosur!<\/p>\n<p>-&#8220;Po kush\u00eb jan\u00eb shqiptar\u00ebt&#8221;?<\/p>\n<p>-Un\u00eb ja ktheva duke i th\u00ebn\u00eb :se un\u00eb ju shpjegova p\u00ebr popullin tim!se shqiptar\u00ebt jan\u00eb kontribuesit m\u00eb t\u00eb mdhenj t\u00eb Turqis moderrne,p\u00ebrndryshe do t\u00eb ishte shkruar nj\u00eb histori krejt ndryshe e popullit Turk,po t\u00eb mos ishin shqiptar\u00ebt,-ju p\u00ebrgjigja me nj\u00eb krenari.<\/p>\n<p>Por u vertetova se kishte p\u00ebrardh\u00ebje shqiptare,sepse shqiptar\u00ebt nga p\u00ebrvoja q\u00eb kemi,ata kur\u00eb shkrihen n\u00eb nj\u00eb komb tjet\u00ebr,jan\u00eb mbrojt\u00ebsit m\u00eb t\u00eb p\u00ebrbetuar t\u00eb kombit q\u00eb kan\u00eb adaptuar.<\/p>\n<p>Pas k\u00ebsaj\u00eb mu duk se u dor\u00ebzu,duke e pranuar se nuk dinte shum\u00eb nga historija,dhe m\u00eb dha nj\u00eb vizit-kart\u00eb,i cili m\u00eb porositi q\u00eb ti d\u00ebrgoja shkrime historike p\u00ebr shqiptar\u00ebt,me gjasa q\u00eb i lindi kurresht\u00ebja q\u00eb ti zbuloj\u00eb rr\u00ebnj\u00ebt e tija.<\/p>\n<p>Megjithat\u00eb m\u00eb lindi ideja q\u00eb p\u00ebr hir t\u00eb korrekt\u00ebsis\u00eb,t\u00eb rishfletoj\u00eb disa libra nga biblioteka ime,p\u00ebr t\u00eb shkruar di\u00e7ka m\u00eb sak\u00ebt se kush jan\u00eb turqit?.<\/p>\n<p>Andaj sipas disa historian\u00ebve,thuh\u00ebt se:turqit jan\u00eb nj\u00eb p\u00ebrzier\u00ebje popujsh q\u00eb kan\u00eb ardhur aty!<\/p>\n<p>Sipa Elena Kocaqit e cila shkruan n\u00eb librin e saj\u00eb,Roli Pellazgo-Ilir&#8221;shkruan se:&#8221;Turqit jan\u00eb populli m\u00eb i ri i Evrop\u00ebs s\u00eb Vjet\u00ebr.Dhe kur thuhet m\u00eb i ri k\u00ebtu kemi parasysh m\u00eb shum\u00eb gjuh\u00ebn turke,se sa popullsin mozaike t\u00eb tyre.Anadollia thuh\u00ebt se ishte vendi i Pellazgo-Ilir\u00ebve,se aty kan\u00eb migruar fiset mongole t\u00eb cilat u v\u00ebndos\u00ebn shum\u00eb von\u00eb.Origjin\u00ebn turanike,dometh\u00ebn ate pellazgjike t\u00eb tuq\u00ebve n\u00eb fillimet e tyre primitive,kontaktin me Kin\u00ebn mij\u00ebvje\u00e7are dhe mongol\u00ebt,p\u00ebrzirjen e tyre me pers\u00ebt e arab\u00ebt,dhe s\u00eb fundi me islamizimin e tyre,nga ku del se disa turq q\u00eb kan\u00eb pasuar-duke qen\u00eb ende n\u00eb Azi,ndikimin e kontaktit me k\u00ebta tre ose kat\u00ebr popuj alogjen dhe jo pellazg\u00eb t\u00eb p\u00ebrmendur m\u00eb sip\u00ebr,mund t\u00eb dalloh\u00ebn me leht\u00ebsi nga tiparet fizike dhe karakteristikat aziatike.Pra Turqit me fiset mongole t\u00eb cilat u shkrin n\u00eb popullin Turk ishin autokton q\u00eb ishin Pellazget e vjet\u00ebr s\u00eb bashku krijuan kombin Turk.T\u00eb dh\u00ebnat antropologjike tregojn\u00eb se jan\u00eb pasardh\u00ebse e rac\u00ebs s\u00eb vjet\u00ebr pellazgo-ilire dhe del me tregues cefalik si tek pellazget dhe iliret ashtu si edhe shqiptaret sot.Megjithate n\u00eb Turqi jetojn\u00eb shum\u00eb rraca t\u00eb tjera,ku t\u00eb gjith jan\u00eb shkrir n\u00eb popullin Turk&#8221;.<\/p>\n<p>Me ardh\u00ebjen e Perandoris Osmane n\u00eb fuqi,turqit okupuan p\u00ebrve\u00e7 vendeve tjera edhe Ballkanin,dhe aty ishim edhe shqiptar\u00ebt,t\u00eb cil\u00ebt i b\u00ebn\u00eb rezistenc\u00eb gjat\u00eb gjith\u00eb shekujve,q\u00eb mos t\u00eb asimiloh\u00ebn,megjithse se ata m\u00eb n\u00eb fund u dob\u00ebsuan shum\u00eb dhe m\u00eb tep\u00ebr se gjysma e popullit u islamizuan.Sipas Robert d\u2019Angely,n\u00eb librin e ti Enigma,thot\u00eb se:&#8221;po t\u00eb mos ishte Shqipria vend malor m\u00eb tep\u00ebr se sa fusha,turqit do t\u2019ja arrinin qellimit deri n\u00eb fund,dhe t\u00eb gjith\u00eb do ishin konvertuar n\u00eb musliman.Pra ajo q\u00eb i shp\u00ebtoj\u00eb nj\u00eb pjes\u00eb t\u00eb k\u00ebti populli ishin malet.<\/p>\n<p>Ato q\u00eb nuk mund t\u00eb jetonin n\u00eb male,u ktheh\u00ebshin n\u00eb fusha por duke b\u00ebr\u00eb nj\u00eb jet\u00eb t\u00eb dyfisht\u00eb&#8221;.<\/p>\n<p>Andaj tek shqiptaret lindi edhe i ashtuquajturi&#8221;Laramanizmi&#8221;si\u00e7 e shpjegon edhe Noel Malcolm n\u00eb librin e ti:Kosovo a short story.Kjo jet\u00eb e dyfisht\u00eb ka zgjatur rreth nj\u00eb shekull.<\/p>\n<p>Ishte shum\u00eb e v\u00ebshtir\u00eb t\u00eb b\u00ebnin jet\u00eb t\u00eb fsheht\u00eb,ata edhe po thuajse i dorzoh\u00ebshin asaj jete.Por me q\u00eb ky durim nuk mund t\u00eb zgjaste shum\u00eb,ku \u00e7do durim ka edhe fundin e vet\u00eb,ata n\u00eb vitin 1860 pra krishter\u00ebt e fsheht\u00eb u dorzuan k\u00ebsaj jete t\u00eb dyfisht\u00eb dhe pranuam p\u00ebrfundimisht ate t\u00eb p\u00ebrditshmen,u b\u00ebn t\u00eb gjith\u00eb mysliman,p\u00ebr t\u00eb mbijetuar,pasi q\u00eb nuk mund t\u00eb shpallnin vet\u00ebn t\u00eb krishter\u00eb,nga q\u00eb nuk kishin mbrojtjen p\u00ebrball\u00eb autoriteteve turke.<\/p>\n<p>Dhe sipas k\u00ebsaj\u00eb na jep t\u00eb kuptojm\u00eb se shumica shqiptar\u00ebve nuk e kan\u00eb p\u00ebrqafuar konvertimin me d\u00ebshir\u00eb,pa marr parasysh se b\u00ebhet shum\u00eb zhurm\u00eb,se shqiptar\u00ebt e prit\u00ebn islaminzmin krah-hapur.<\/p>\n<p>Perandorija Osmane n\u00eb fund t\u00eb shekullit XIX u dobsuan,dhe shqiptar\u00ebt shpall\u00ebn pavar\u00ebsin e Shqip\u00ebris.Me kapitullimin te Perandoris Osmane,shqiptar\u00ebt humben gjysmen e tokave t\u00eb tyre q\u00eb kishin qen\u00eb n\u00ebn vilajetet turke.Turqia u gjend\u00eb n\u00eb nj\u00eb pozit\u00eb t\u00eb v\u00ebshtir\u00eb e cila po thuej se e shkatrruar totalisht nga menaxhimi i dob\u00ebt q\u00eb kishin b\u00ebr\u00eb shumica e sulltan\u00ebve p\u00ebr pes\u00eb shekujt e kaluar,me abuzimet e tyre dhe korrupsionin q\u00eb kishte gjunj\u00ebzuar k\u00ebt\u00eb perandori.<\/p>\n<p>Turqia u gjend n\u00eb nj\u00eb udh\u00ebkryq.Me ndihm\u00ebn e nj\u00eb revolucioni n\u00eb pushtet vjen Mustafa Qemali-Ataturk,nj\u00eb njeri i cili kishte nj\u00eb vizion krejt\u00eb tjet\u00ebr nga osman\u00ebt,dhe ai me mish e me shpirt i luftoj\u00eb ata.Pra erdhi n\u00eb pushtet n\u00eb moment\u00ebt m\u00eb kritike t\u00eb k\u00ebti vendi,i cili k\u00ebrc\u00ebnohej me zhdukje t\u00eb ti nga harta.Mustafa Qemali kishte p\u00ebrardh\u00ebje shqiptare,ishte nj\u00eb vizionar,ushtarak me ide krejt\u00ebsisht\u00eb t\u00eb ndryshme nga t\u00eb tjer\u00ebt q\u00eb sunduan k\u00ebt\u00eb vend.Kishte vizion p\u00ebr ta shp\u00ebtuar popullin Turk dhe Turqin.<\/p>\n<p>Mund t\u00eb themi lirisht se turqit do t\u00eb humb\u00ebshin si komb po mos t\u00eb ishin disa shqiptar s\u00eb bashku me revolucionar t\u00eb tjer\u00eb q\u00eb ndihmuan Mustafa Qemalin,p\u00ebr t\u00eb arritur at\u00eb q\u00eb ai kishte nisur me Revolucionin Popullor Turk.N\u00eb librin:&#8221;Ataturku dhe Shqiptar\u00ebt&#8221;,autori Dr.Gazmend Shpuza shkruan se:&#8221;Mustafa Qemali ishte reformatori i Turqis moderrne dhe b\u00ebri shum\u00eb ndryshime i cili ndau xhamin nga shteti,dhe pruri ligje t\u00eb reja,si p\u00ebr shembull:edukimin e femrave,heq\u00ebjen e per\u00e7es,prerjen e lesh\u00ebrave(mjekrrave)dhe heq\u00ebjen e dogmave t\u00eb tjera fetare q\u00eb nuk p\u00ebrshtat\u00ebshin p\u00ebr popullin q\u00eb donte t\u00eb p\u00ebrparonte me popujt e tjer\u00eb t\u00eb evropes.Mustafa Qemali ai k\u00ebrkoj t\u00eb heq\u00eb Turqin nga influenca politike e t\u00eb huajve.Turqia e koh\u00ebs s\u00eb ti k\u00ebrkonte t\u00eb xhvish\u00ebt fare nga Islamizmi,q\u00eb mbajti kaq shekuj n\u00eb errsir\u00eb si at\u00eb edhe popujt q\u00eb sundonte<strong>.<\/strong><\/p>\n<p>S\u00eb bashku me Shemsedin Sami Frasherin dhe Dr.Ibrahim Temo te dy shqiptar,mbas shum\u00eb p\u00ebrpjekj\u00ebve larguan shkronjat arabe dhe vun n\u00eb p\u00ebrdorim alfabetin latin&#8221;.Pra si\u00e7 po shif\u00ebt nga referencat historike,shqiptar\u00ebt kan\u00eb ndihmuar Turqin shum\u00eb m\u00eb tep\u00ebr,se\u00e7 mendojn\u00eb disa shqiptar,dhe jo anasjelltas.\u00cbsht\u00eb p\u00ebr tu habitur q\u00eb sot,nj\u00eb pjes\u00eb e popullit shqiptar,duan t\u00eb ktheh\u00ebn pas n\u00eb histori q\u00eb t\u00eb rimbjellin at\u00eb q\u00eb:Mustafa Qemali me revolucionar\u00ebt t\u00eb tjer\u00eb,luftuan me mish e me shpirt,p\u00ebr ti shporrur ato dogma q\u00eb nuk ishin n\u00eb dobi t\u00eb Turqis.<\/p>\n<p>Megjith\u00ebate mund t\u00eb themi se turqit dhe shumica e shqiptar\u00ebve sado q\u00eb praktikojn\u00eb fen\u00eb islame, jan\u00eb dy kombe t\u00eb ndrysh\u00ebm,si\u00e7 shkruante Dora d\u2019Istria-Elena Gjika m\u00eb 1866:&#8221;edhe sikur turqit dhe shqiptar\u00ebt t\u2019i ziesh n\u00eb t\u00eb nj\u00ebjtin kazan, nuk p\u00ebrzihen midis tyre.Madje, historia i ka brumosur shqiptar\u00ebt mysliman\u00eb t\u00eb ken\u00eb t\u00eb nj\u00ebjtin identitet komb\u00ebtar me shqiptar\u00ebt e krishter\u00eb,qofshin katolik\u00eb,qofshin ortodoks\u00eb.&#8221;<\/p>\n<p>Dallimet tjera jan\u00eb se:shqiptar\u00ebt me mij\u00ebra vjet\u00eb kan\u00eb qen\u00eb t\u00eb sunduar nga perandori t\u00eb fuqishme bot\u00ebrore,dhe n\u00eb fund t\u00eb k\u00ebsaj historije t\u00eb dhimb\u00ebshme ata humb\u00ebn nj\u00eb pjes\u00eb t\u00eb popullit t\u00eb tyre,s\u00eb bashku me teritore,por p\u00ebrs\u00ebri nj\u00eb pjes\u00eb tjet\u00ebr i mbijetuan k\u00ebsaj\u00eb t\u00eb keqe.<\/p>\n<p>Kristo Frash\u00ebri thot\u00eb se:&#8221;Edhe pse shqiptar\u00ebt kishin tre besime t\u00eb ndryshme ata nuk i ndau kjo,p\u00ebrkundrazi i kan\u00eb dh\u00ebn\u00eb shembull t\u00ebr\u00eb Bot\u00ebs,p\u00ebr bashk\u00ebjetes\u00eb,harmonin dhe toleranc\u00ebn fetare&#8221;.Dhe k\u00ebt\u00eb tradit\u00eb ata e kan\u00eb p\u00ebrcjellur brez pas brezi deri n\u00eb dit\u00ebt tona,ku shqiptar\u00ebt edhe sot kan\u00eb nj\u00eb rrespekt nd\u00ebr fetar,pa marr parasysh q\u00eb sot b\u00ebh\u00ebn p\u00ebrpjekje t\u00eb m\u00ebdha nga ruso\/serbet dhe turko\/arabet,q\u00eb paguajn njer\u00ebz p\u00ebr t\u00eb ja humb identitetin dhe ti prishin imazhin k\u00ebti populli.<\/p>\n<p>P\u00ebr shqiptar\u00ebt gjuha dhe rraca e tyre jan\u00eb mbi t\u00eb gjitha,dhe k\u00ebto jan\u00eb arsyet q\u00eb shqiptar\u00ebt jan\u00eb e vetmja rrac\u00eb t\u00eb cil\u00ebt kan\u00eb mbijetuar prej nga lasht\u00ebsia pellazgjike e deri m\u00eb sot si nj\u00eb popull antik\u00eb i k\u00ebti planeti.Shpresojm\u00eb q\u00eb ky vyrtyt i popullit ton\u00eb t\u00eb mbijetoj\u00eb n\u00eb jet\u00eb t\u00eb jet\u00ebve.<\/p>\n<p>&nbsp;<\/p>\n<p>Korrik\/2015<\/p>\n","protected":false},"excerpt":{"rendered":"<p>Nga Haxhi Zeneli Nj\u00eb dit\u00eb gushti plot\u00eb me diell,po v\u00ebshtroja kalimtar\u00ebt nga vendi ku po q\u00ebndroja mbi taras\u00ebn e gj\u00ebr\u00eb para sht\u00ebpis s\u00eb kultur\u00ebs n\u00eb Ulqin.Jo fort larg meje,m\u00eb zuri syry nj\u00eb njeri i cili po fotografonte tablot e fotografive t\u00eb m\u00ebdha,t\u00eb cilat ishin t\u00eb ngjitura n\u00eb murin e k\u00ebsaj nd\u00ebrtese.P\u00ebrsoni i cili po v\u00ebshtronte [&hellip;]<\/p>\n","protected":false},"author":1,"featured_media":0,"comment_status":"closed","ping_status":"closed","sticky":false,"template":"","format":"standard","meta":{"spay_email":"","jetpack_publicize_message":"","jetpack_is_tweetstorm":false,"jetpack_publicize_feature_enabled":true},"categories":[14249],"tags":[],"jetpack_publicize_connections":[],"yoast_head":"<!-- This site is optimized with the Yoast SEO plugin v19.1 - https:\/\/yoast.com\/wordpress\/plugins\/seo\/ -->\n<title>Zeneli: Shqiptaret dhe Turqit - Lajme nga Ulqini<\/title>\n<meta name=\"description\" content=\"Nga Haxhi Zeneli Nj\u00eb dit\u00eb gushti plot\u00eb me diell,po v\u00ebshtroja kalimtar\u00ebt nga vendi ku po q\u00ebndroja mbi taras\u00ebn e gj\u00ebr\u00eb para sht\u00ebpis s\u00eb kultur\u00ebs n\u00eb Ulqin.Jo\" \/>\n<meta name=\"robots\" content=\"index, follow, max-snippet:-1, max-image-preview:large, max-video-preview:-1\" \/>\n<link rel=\"canonical\" href=\"https:\/\/www.visit-ulcinj.com\/blog\/2015\/07\/21\/zeneli-shqiptaret-dhe-turqit\/\" \/>\n<meta property=\"og:locale\" content=\"en_US\" \/>\n<meta property=\"og:type\" content=\"article\" \/>\n<meta property=\"og:title\" content=\"Zeneli: Shqiptaret dhe Turqit - Lajme nga Ulqini\" \/>\n<meta property=\"og:description\" content=\"Nga Haxhi Zeneli Nj\u00eb dit\u00eb gushti plot\u00eb me diell,po v\u00ebshtroja kalimtar\u00ebt nga vendi ku po q\u00ebndroja mbi taras\u00ebn e gj\u00ebr\u00eb para sht\u00ebpis s\u00eb kultur\u00ebs n\u00eb Ulqin.Jo\" \/>\n<meta property=\"og:url\" content=\"https:\/\/www.visit-ulcinj.com\/blog\/2015\/07\/21\/zeneli-shqiptaret-dhe-turqit\/\" \/>\n<meta property=\"og:site_name\" content=\"Lajme nga Ulqini\" \/>\n<meta property=\"article:published_time\" content=\"2015-07-21T07:08:33+00:00\" \/>\n<meta property=\"article:modified_time\" content=\"2015-07-21T07:09:40+00:00\" \/>\n<meta property=\"og:image\" content=\"http:\/\/www.visit-ulcinj.com\/blog\/wp-content\/uploads\/2015\/07\/Haxhi-Zeneli.jpg\" \/>\n<meta name=\"twitter:label1\" content=\"Written by\" \/>\n\t<meta name=\"twitter:data1\" content=\"ulqini\" \/>\n\t<meta name=\"twitter:label2\" content=\"Est. reading time\" \/>\n\t<meta name=\"twitter:data2\" content=\"10 minutes\" \/>\n<script type=\"application\/ld+json\" class=\"yoast-schema-graph\">{\"@context\":\"https:\/\/schema.org\",\"@graph\":[{\"@type\":\"WebSite\",\"@id\":\"https:\/\/www.visit-ulcinj.com\/blog\/#website\",\"url\":\"https:\/\/www.visit-ulcinj.com\/blog\/\",\"name\":\"Lajme nga Ulqini\",\"description\":\"Lajme,Vijesti,Ulqini,Ulqin,Crna Gora,Mali i Zi\",\"potentialAction\":[{\"@type\":\"SearchAction\",\"target\":{\"@type\":\"EntryPoint\",\"urlTemplate\":\"https:\/\/www.visit-ulcinj.com\/blog\/?s={search_term_string}\"},\"query-input\":\"required name=search_term_string\"}],\"inLanguage\":\"en-US\"},{\"@type\":\"ImageObject\",\"inLanguage\":\"en-US\",\"@id\":\"https:\/\/www.visit-ulcinj.com\/blog\/2015\/07\/21\/zeneli-shqiptaret-dhe-turqit\/#primaryimage\",\"url\":\"https:\/\/www.visit-ulcinj.com\/blog\/wp-content\/uploads\/2015\/07\/Haxhi-Zeneli.jpg\",\"contentUrl\":\"https:\/\/www.visit-ulcinj.com\/blog\/wp-content\/uploads\/2015\/07\/Haxhi-Zeneli.jpg\",\"width\":242,\"height\":285},{\"@type\":\"WebPage\",\"@id\":\"https:\/\/www.visit-ulcinj.com\/blog\/2015\/07\/21\/zeneli-shqiptaret-dhe-turqit\/#webpage\",\"url\":\"https:\/\/www.visit-ulcinj.com\/blog\/2015\/07\/21\/zeneli-shqiptaret-dhe-turqit\/\",\"name\":\"Zeneli: Shqiptaret dhe Turqit - Lajme nga Ulqini\",\"isPartOf\":{\"@id\":\"https:\/\/www.visit-ulcinj.com\/blog\/#website\"},\"primaryImageOfPage\":{\"@id\":\"https:\/\/www.visit-ulcinj.com\/blog\/2015\/07\/21\/zeneli-shqiptaret-dhe-turqit\/#primaryimage\"},\"datePublished\":\"2015-07-21T07:08:33+00:00\",\"dateModified\":\"2015-07-21T07:09:40+00:00\",\"author\":{\"@id\":\"https:\/\/www.visit-ulcinj.com\/blog\/#\/schema\/person\/dcab619c614d3038751c63bc2aadc06d\"},\"description\":\"Nga Haxhi Zeneli Nj\u00eb dit\u00eb gushti plot\u00eb me diell,po v\u00ebshtroja kalimtar\u00ebt nga vendi ku po q\u00ebndroja mbi taras\u00ebn e gj\u00ebr\u00eb para sht\u00ebpis s\u00eb kultur\u00ebs n\u00eb Ulqin.Jo\",\"breadcrumb\":{\"@id\":\"https:\/\/www.visit-ulcinj.com\/blog\/2015\/07\/21\/zeneli-shqiptaret-dhe-turqit\/#breadcrumb\"},\"inLanguage\":\"en-US\",\"potentialAction\":[{\"@type\":\"ReadAction\",\"target\":[\"https:\/\/www.visit-ulcinj.com\/blog\/2015\/07\/21\/zeneli-shqiptaret-dhe-turqit\/\"]}]},{\"@type\":\"BreadcrumbList\",\"@id\":\"https:\/\/www.visit-ulcinj.com\/blog\/2015\/07\/21\/zeneli-shqiptaret-dhe-turqit\/#breadcrumb\",\"itemListElement\":[{\"@type\":\"ListItem\",\"position\":1,\"name\":\"Zeneli: Shqiptaret dhe Turqit\"}]},{\"@type\":\"Person\",\"@id\":\"https:\/\/www.visit-ulcinj.com\/blog\/#\/schema\/person\/dcab619c614d3038751c63bc2aadc06d\",\"name\":\"ulqini\",\"sameAs\":[\"http:\/\/www.visit-ulcinj.com\"],\"url\":\"https:\/\/www.visit-ulcinj.com\/blog\/author\/admin\/\"}]}<\/script>\n<!-- \/ Yoast SEO plugin. -->","yoast_head_json":{"title":"Zeneli: Shqiptaret dhe Turqit - Lajme nga Ulqini","description":"Nga Haxhi Zeneli Nj\u00eb dit\u00eb gushti plot\u00eb me diell,po v\u00ebshtroja kalimtar\u00ebt nga vendi ku po q\u00ebndroja mbi taras\u00ebn e gj\u00ebr\u00eb para sht\u00ebpis s\u00eb kultur\u00ebs n\u00eb Ulqin.Jo","robots":{"index":"index","follow":"follow","max-snippet":"max-snippet:-1","max-image-preview":"max-image-preview:large","max-video-preview":"max-video-preview:-1"},"canonical":"https:\/\/www.visit-ulcinj.com\/blog\/2015\/07\/21\/zeneli-shqiptaret-dhe-turqit\/","og_locale":"en_US","og_type":"article","og_title":"Zeneli: Shqiptaret dhe Turqit - Lajme nga Ulqini","og_description":"Nga Haxhi Zeneli Nj\u00eb dit\u00eb gushti plot\u00eb me diell,po v\u00ebshtroja kalimtar\u00ebt nga vendi ku po q\u00ebndroja mbi taras\u00ebn e gj\u00ebr\u00eb para sht\u00ebpis s\u00eb kultur\u00ebs n\u00eb Ulqin.Jo","og_url":"https:\/\/www.visit-ulcinj.com\/blog\/2015\/07\/21\/zeneli-shqiptaret-dhe-turqit\/","og_site_name":"Lajme nga Ulqini","article_published_time":"2015-07-21T07:08:33+00:00","article_modified_time":"2015-07-21T07:09:40+00:00","og_image":[{"url":"http:\/\/www.visit-ulcinj.com\/blog\/wp-content\/uploads\/2015\/07\/Haxhi-Zeneli.jpg"}],"twitter_misc":{"Written by":"ulqini","Est. reading time":"10 minutes"},"schema":{"@context":"https:\/\/schema.org","@graph":[{"@type":"WebSite","@id":"https:\/\/www.visit-ulcinj.com\/blog\/#website","url":"https:\/\/www.visit-ulcinj.com\/blog\/","name":"Lajme nga Ulqini","description":"Lajme,Vijesti,Ulqini,Ulqin,Crna Gora,Mali i Zi","potentialAction":[{"@type":"SearchAction","target":{"@type":"EntryPoint","urlTemplate":"https:\/\/www.visit-ulcinj.com\/blog\/?s={search_term_string}"},"query-input":"required name=search_term_string"}],"inLanguage":"en-US"},{"@type":"ImageObject","inLanguage":"en-US","@id":"https:\/\/www.visit-ulcinj.com\/blog\/2015\/07\/21\/zeneli-shqiptaret-dhe-turqit\/#primaryimage","url":"https:\/\/www.visit-ulcinj.com\/blog\/wp-content\/uploads\/2015\/07\/Haxhi-Zeneli.jpg","contentUrl":"https:\/\/www.visit-ulcinj.com\/blog\/wp-content\/uploads\/2015\/07\/Haxhi-Zeneli.jpg","width":242,"height":285},{"@type":"WebPage","@id":"https:\/\/www.visit-ulcinj.com\/blog\/2015\/07\/21\/zeneli-shqiptaret-dhe-turqit\/#webpage","url":"https:\/\/www.visit-ulcinj.com\/blog\/2015\/07\/21\/zeneli-shqiptaret-dhe-turqit\/","name":"Zeneli: Shqiptaret dhe Turqit - Lajme nga Ulqini","isPartOf":{"@id":"https:\/\/www.visit-ulcinj.com\/blog\/#website"},"primaryImageOfPage":{"@id":"https:\/\/www.visit-ulcinj.com\/blog\/2015\/07\/21\/zeneli-shqiptaret-dhe-turqit\/#primaryimage"},"datePublished":"2015-07-21T07:08:33+00:00","dateModified":"2015-07-21T07:09:40+00:00","author":{"@id":"https:\/\/www.visit-ulcinj.com\/blog\/#\/schema\/person\/dcab619c614d3038751c63bc2aadc06d"},"description":"Nga Haxhi Zeneli Nj\u00eb dit\u00eb gushti plot\u00eb me diell,po v\u00ebshtroja kalimtar\u00ebt nga vendi ku po q\u00ebndroja mbi taras\u00ebn e gj\u00ebr\u00eb para sht\u00ebpis s\u00eb kultur\u00ebs n\u00eb Ulqin.Jo","breadcrumb":{"@id":"https:\/\/www.visit-ulcinj.com\/blog\/2015\/07\/21\/zeneli-shqiptaret-dhe-turqit\/#breadcrumb"},"inLanguage":"en-US","potentialAction":[{"@type":"ReadAction","target":["https:\/\/www.visit-ulcinj.com\/blog\/2015\/07\/21\/zeneli-shqiptaret-dhe-turqit\/"]}]},{"@type":"BreadcrumbList","@id":"https:\/\/www.visit-ulcinj.com\/blog\/2015\/07\/21\/zeneli-shqiptaret-dhe-turqit\/#breadcrumb","itemListElement":[{"@type":"ListItem","position":1,"name":"Zeneli: Shqiptaret dhe Turqit"}]},{"@type":"Person","@id":"https:\/\/www.visit-ulcinj.com\/blog\/#\/schema\/person\/dcab619c614d3038751c63bc2aadc06d","name":"ulqini","sameAs":["http:\/\/www.visit-ulcinj.com"],"url":"https:\/\/www.visit-ulcinj.com\/blog\/author\/admin\/"}]}},"jetpack_featured_media_url":"","jetpack_sharing_enabled":true,"jetpack_shortlink":"https:\/\/wp.me\/pe6lTn-nQn","_links":{"self":[{"href":"https:\/\/www.visit-ulcinj.com\/blog\/wp-json\/wp\/v2\/posts\/91659"}],"collection":[{"href":"https:\/\/www.visit-ulcinj.com\/blog\/wp-json\/wp\/v2\/posts"}],"about":[{"href":"https:\/\/www.visit-ulcinj.com\/blog\/wp-json\/wp\/v2\/types\/post"}],"author":[{"embeddable":true,"href":"https:\/\/www.visit-ulcinj.com\/blog\/wp-json\/wp\/v2\/users\/1"}],"replies":[{"embeddable":true,"href":"https:\/\/www.visit-ulcinj.com\/blog\/wp-json\/wp\/v2\/comments?post=91659"}],"version-history":[{"count":1,"href":"https:\/\/www.visit-ulcinj.com\/blog\/wp-json\/wp\/v2\/posts\/91659\/revisions"}],"predecessor-version":[{"id":91661,"href":"https:\/\/www.visit-ulcinj.com\/blog\/wp-json\/wp\/v2\/posts\/91659\/revisions\/91661"}],"wp:attachment":[{"href":"https:\/\/www.visit-ulcinj.com\/blog\/wp-json\/wp\/v2\/media?parent=91659"}],"wp:term":[{"taxonomy":"category","embeddable":true,"href":"https:\/\/www.visit-ulcinj.com\/blog\/wp-json\/wp\/v2\/categories?post=91659"},{"taxonomy":"post_tag","embeddable":true,"href":"https:\/\/www.visit-ulcinj.com\/blog\/wp-json\/wp\/v2\/tags?post=91659"}],"curies":[{"name":"wp","href":"https:\/\/api.w.org\/{rel}","templated":true}]}}