{"id":91666,"date":"2015-07-21T15:59:56","date_gmt":"2015-07-21T14:59:56","guid":{"rendered":"http:\/\/www.visit-ulcinj.com\/blog\/?p=91666"},"modified":"2015-07-23T08:14:17","modified_gmt":"2015-07-23T07:14:17","slug":"sipas-andrija-cetkoviqit-snp-ne-ulqin-kuvendi-po-rilind-miqesine-serbo-shqiptare","status":"publish","type":"post","link":"https:\/\/www.visit-ulcinj.com\/blog\/2015\/07\/21\/sipas-andrija-cetkoviqit-snp-ne-ulqin-kuvendi-po-rilind-miqesine-serbo-shqiptare\/","title":{"rendered":"Sipas Andrija Cetkoviqit (SNP) &#8211; n\u00eb Ulqin, kuvendi po rilind miq\u00ebsin\u00eb  serbo-shqiptare&#8230;.?!!"},"content":{"rendered":"<p><strong><a href=\"http:\/\/www.visit-ulcinj.com\/blog\/wp-content\/uploads\/2014\/11\/Andrija-Cetkovic-Ulcinj.jpg\"><img loading=\"lazy\" class=\"alignleft wp-image-86254\" src=\"http:\/\/www.visit-ulcinj.com\/blog\/wp-content\/uploads\/2014\/11\/Andrija-Cetkovic-Ulcinj.jpg\" alt=\"Andrija-Cetkovic-Ulcinj\" width=\"508\" height=\"382\" srcset=\"https:\/\/www.visit-ulcinj.com\/blog\/wp-content\/uploads\/2014\/11\/Andrija-Cetkovic-Ulcinj.jpg 527w, https:\/\/www.visit-ulcinj.com\/blog\/wp-content\/uploads\/2014\/11\/Andrija-Cetkovic-Ulcinj-300x225.jpg 300w\" sizes=\"(max-width: 508px) 100vw, 508px\" \/><\/a>Shkruan Muhamet Nika<\/strong><\/p>\n<p><strong>Met Zenka <\/strong><strong>(UDSH), n\u00eb diskutimin e tij shtoj: votoj p\u00ebr program sepse kam frik\u00eb nga q\u00eb ju do t\u00eb m\u00eb komprometoni?!<\/strong><\/p>\n<p>Sot n\u00eb Ulqin, vazhdoi punimet Kuvendi i KK Ulqin, p\u00ebr t\u00eb debatuar dhe miratuar programin e em\u00ebrtimit t\u00eb shesheve dhe rrug\u00ebve. Opozita (DPS), n\u00eb kuvend e bojkotoi at\u00eb, duke braktisur punimet e tij, kurse k\u00ebshilltar\u00ebt e korpusit serbo-sllav ishin prezent\u00eb duke n\u00ebnvizuar q\u00eb edhe k\u00ebsaj radhe kish shkelje t\u00eb r\u00ebnda procedurale e se p\u00ebrs\u00ebri do t\u00eb ankohen n\u00eb gjykat\u00eb&#8230;?!!<\/p>\n<p>P\u00ebrkundrejt k\u00ebsaj , kryetari i UDSH-s\u00eb, ceku q\u00eb ai, prap\u00eb se prap\u00eb do t\u00eb votoj\u00eb programin ngase , si\u00e7 u shpreh ai, \u201c edhe p\u00ebrkundrejt l\u00ebshimeve t\u00eb r\u00ebnda ligjore, k\u00ebt\u00eb po e b\u00ebn , nga \u00a0frika , q\u00eb abstenimin eventual &#8211; pala tjet\u00ebr \u201c me marifet..\u201d, do t\u2019ia keqp\u00ebrdorte , si argument t\u00eb devijim t\u00eb tij nga kursi komb\u00ebtar dhe mund tu pi uj\u00eb&#8230;?!!<\/p>\n<p><strong>Andrija Cetkoviq- k\u00ebshilltar i SNP-s\u00eb<\/strong> , n\u00eb lidhje me propozimin q\u00eb nj\u00ebra nga rrug\u00ebt e Ulqinit, t\u00eb mbaj emrin e Cafo Begut \u2013 ish kryetarit t\u00eb Ulqinit nga koha e Shqip\u00ebris\u00eb s\u00eb Madhe , ceku se kjo at\u00eb fare nuk e shqet\u00ebson duke shtuar q\u00eb , mbase Kuvendi i Ulqinit po tenton t\u00eb rehabilitoj\u00eb vet\u00eb Cafo Begun, por me k\u00ebt\u00eb dhe miq\u00ebsin\u00eb serbo-shqiptare t\u00eb koh\u00ebs s\u00eb Mbret\u00ebris\u00eb Serbe , e cila at\u00ebher\u00eb\u00a0\u00a0 identifikohej me miq\u00ebsin\u00eb q\u00eb kish vet\u00eb Cafo Begu me kryeministrin Nikolla Pashiq, si rezultat i t\u00eb cil\u00ebs edhe Ulqini lul\u00ebzonte.<\/p>\n<p>Prandaj nga k\u00ebndi im \u2013 shtoi ai, v\u00ebnia e k\u00ebtij emri , m\u00eb kujton rilindjen e marr\u00ebdh\u00ebnieve t\u00eb mira serbo- shqiptare , q\u00eb mbase po rehabilitohet , e \u201c<strong><em>n\u00eb shenj t\u00eb k\u00ebsaj , nuk do t\u00eb kish qen\u00eb keq, q\u00eb emri i rrug\u00ebs t\u00eb ishte \u2013 Cafo Begu dhe Nikolla Pashiq<\/em><\/strong>.<strong><em>..?!!<\/em><\/strong><\/p>\n<p>P\u00ebrndryshe kujtojm\u00eb se pas luft\u00ebs s\u00eb dyt\u00eb bot\u00ebrore , Cafo Begu , kaloi n\u00eb Shqip\u00ebri , nga ku d\u00ebnohet me 20 vjet burg , si bashk\u00ebpun\u00ebtor i regjimit okupues nazifashist \u00a0i cili b\u00ebri krime t\u00eb r\u00ebnda ndaj njer\u00ebzimit.<\/p>\n<p>&nbsp;<\/p>\n<p><strong><em>Kuvendi\u00a0\u00a0 b\u00ebri lajthitje duke shkuar, nj\u00eb hap para e pes\u00eb mbrapa<\/em><\/strong> ?!<\/p>\n<p>Me gjith\u00eb at\u00eb , duke analizuar pun\u00ebn e kuvendit dhe komisionit p\u00ebrkat\u00ebs, me t\u00eb drejt\u00eb , u krijua p\u00ebrshtypja se me k\u00ebt\u00eb rast , kuvendi b\u00ebri nj\u00eb hap para e pes\u00eb mbrapa .<\/p>\n<p>N\u00eb kuvend mbret\u00ebronte atmosfera e pa siguris\u00eb se em\u00ebrtimi i rrug\u00ebve s\u00ebrish do t\u00eb rr\u00ebzohet nga gjykata kushtetuese.<\/p>\n<p>Sipas neve , duke e ditur q\u00eb jeta vazhdon dhe se n\u00eb munges\u00eb t\u00eb personaliteteve t\u00eb m\u00ebdha , nuk b\u00ebn\u00eb q\u00eb ata t\u00eb nxirren nga balta- naftalini*kur nuk ekzistojn\u00eb- mbase do t\u00eb kish qen\u00eb m\u00eb mir\u00eb t\u00eb vihen edhe emrat e personaliteteve t\u00eb huaja nga korpusi i fondit t\u00eb trash\u00ebgimis\u00eb kulturore njer\u00ebzore.<\/p>\n<p>Nga lajthitjet e komisionit ishte edhe propozimi kur n\u00eb vend t\u00eb rrug\u00ebs \u201cV\u00ebllez\u00ebrit Frash\u00ebri\u201d ajo u nd\u00ebrrua me emrin e Sami Frash\u00ebrit \u2013 i cili \u00e7udit\u00ebrisht ,n\u00eb k\u00ebt\u00eb rast, u vu mbi Naimin, si poet nacional&#8230;?!! Dhe tjet\u00ebr nj\u00eb lajthitje edhe m\u00eb e madhe ishte arsyetimi i ri p\u00ebr rrug\u00ebn e Kosov\u00ebs, me t\u00eb cilin hidhej posht\u00eb arsyetimi dhe motivacioni paraprak i v\u00ebnies s\u00eb emrit me vendim , nga ish-kryetari i kk- Skender Hoxha(2004) , ku at\u00ebher\u00eb thuhej se emri asaj i vihej n\u00eb shenj p\u00ebrkujtimi t\u00eb vendit ku q\u00ebndruan refugjat\u00ebt e luft\u00ebs nga Kosova ?!! Dhe duke shtuar mbi k\u00ebt\u00eb- se\u00a0\u00a0 motivacioni nd\u00ebrron , e ka p\u00ebr q\u00ebllim t\u00eb sh\u00ebnoj\u00eb vendin ku gjat\u00eb stin\u00ebs s\u00eb ver\u00ebs gravitojn\u00eb turist\u00ebt nga Kosova n\u00eb Ulqin&#8230;?!!!<\/p>\n<p>&nbsp;<\/p>\n<p><strong>Pik\u00ebpamjet e shprehura n\u00eb faqen \u201cOPINIONE\u201d nuk p\u00ebrfaq\u00ebsojn\u00eb domosdoshm\u00ebrisht politik\u00ebn redaksionale t\u00eb \u201eLajmeve nga Ulqini\u201e<\/strong><\/p>\n","protected":false},"excerpt":{"rendered":"<p>Shkruan Muhamet Nika Met Zenka (UDSH), n\u00eb diskutimin e tij shtoj: votoj p\u00ebr program sepse kam frik\u00eb nga q\u00eb ju do t\u00eb m\u00eb komprometoni?! Sot n\u00eb Ulqin, vazhdoi punimet Kuvendi i KK Ulqin, p\u00ebr t\u00eb debatuar dhe miratuar programin e em\u00ebrtimit t\u00eb shesheve dhe rrug\u00ebve. Opozita (DPS), n\u00eb kuvend e bojkotoi at\u00eb, duke braktisur punimet [&hellip;]<\/p>\n","protected":false},"author":1,"featured_media":0,"comment_status":"closed","ping_status":"closed","sticky":false,"template":"","format":"standard","meta":{"spay_email":"","jetpack_publicize_message":"","jetpack_is_tweetstorm":false,"jetpack_publicize_feature_enabled":true},"categories":[1,14249],"tags":[],"jetpack_publicize_connections":[],"yoast_head":"<!-- This site is optimized with the Yoast SEO plugin v19.1 - https:\/\/yoast.com\/wordpress\/plugins\/seo\/ -->\n<title>Sipas Andrija Cetkoviqit (SNP) - n\u00eb Ulqin, kuvendi po rilind miq\u00ebsin\u00eb serbo-shqiptare....?!! - Lajme nga Ulqini<\/title>\n<meta name=\"description\" content=\"Shkruan Muhamet Nika Met Zenka (UDSH), n\u00eb diskutimin e tij shtoj: votoj p\u00ebr program sepse kam frik\u00eb nga q\u00eb ju do t\u00eb m\u00eb komprometoni?! Sot n\u00eb Ulqin,\" \/>\n<meta name=\"robots\" content=\"index, follow, max-snippet:-1, max-image-preview:large, max-video-preview:-1\" \/>\n<link rel=\"canonical\" href=\"https:\/\/www.visit-ulcinj.com\/blog\/2015\/07\/21\/sipas-andrija-cetkoviqit-snp-ne-ulqin-kuvendi-po-rilind-miqesine-serbo-shqiptare\/\" \/>\n<meta property=\"og:locale\" content=\"en_US\" \/>\n<meta property=\"og:type\" content=\"article\" \/>\n<meta property=\"og:title\" content=\"Sipas Andrija Cetkoviqit (SNP) - n\u00eb Ulqin, kuvendi po rilind miq\u00ebsin\u00eb serbo-shqiptare....?!! - Lajme nga Ulqini\" \/>\n<meta property=\"og:description\" content=\"Shkruan Muhamet Nika Met Zenka (UDSH), n\u00eb diskutimin e tij shtoj: votoj p\u00ebr program sepse kam frik\u00eb nga q\u00eb ju do t\u00eb m\u00eb komprometoni?! Sot n\u00eb Ulqin,\" \/>\n<meta property=\"og:url\" content=\"https:\/\/www.visit-ulcinj.com\/blog\/2015\/07\/21\/sipas-andrija-cetkoviqit-snp-ne-ulqin-kuvendi-po-rilind-miqesine-serbo-shqiptare\/\" \/>\n<meta property=\"og:site_name\" content=\"Lajme nga Ulqini\" \/>\n<meta property=\"article:published_time\" content=\"2015-07-21T14:59:56+00:00\" \/>\n<meta property=\"article:modified_time\" content=\"2015-07-23T07:14:17+00:00\" \/>\n<meta property=\"og:image\" content=\"http:\/\/www.visit-ulcinj.com\/blog\/wp-content\/uploads\/2014\/11\/Andrija-Cetkovic-Ulcinj.jpg\" \/>\n<meta name=\"twitter:label1\" content=\"Written by\" \/>\n\t<meta name=\"twitter:data1\" content=\"ulqini\" \/>\n\t<meta name=\"twitter:label2\" content=\"Est. reading time\" \/>\n\t<meta name=\"twitter:data2\" content=\"3 minutes\" \/>\n<script type=\"application\/ld+json\" class=\"yoast-schema-graph\">{\"@context\":\"https:\/\/schema.org\",\"@graph\":[{\"@type\":\"WebSite\",\"@id\":\"https:\/\/www.visit-ulcinj.com\/blog\/#website\",\"url\":\"https:\/\/www.visit-ulcinj.com\/blog\/\",\"name\":\"Lajme nga Ulqini\",\"description\":\"Lajme,Vijesti,Ulqini,Ulqin,Crna Gora,Mali i Zi\",\"potentialAction\":[{\"@type\":\"SearchAction\",\"target\":{\"@type\":\"EntryPoint\",\"urlTemplate\":\"https:\/\/www.visit-ulcinj.com\/blog\/?s={search_term_string}\"},\"query-input\":\"required name=search_term_string\"}],\"inLanguage\":\"en-US\"},{\"@type\":\"ImageObject\",\"inLanguage\":\"en-US\",\"@id\":\"https:\/\/www.visit-ulcinj.com\/blog\/2015\/07\/21\/sipas-andrija-cetkoviqit-snp-ne-ulqin-kuvendi-po-rilind-miqesine-serbo-shqiptare\/#primaryimage\",\"url\":\"https:\/\/www.visit-ulcinj.com\/blog\/wp-content\/uploads\/2014\/11\/Andrija-Cetkovic-Ulcinj.jpg\",\"contentUrl\":\"https:\/\/www.visit-ulcinj.com\/blog\/wp-content\/uploads\/2014\/11\/Andrija-Cetkovic-Ulcinj.jpg\",\"width\":527,\"height\":396},{\"@type\":\"WebPage\",\"@id\":\"https:\/\/www.visit-ulcinj.com\/blog\/2015\/07\/21\/sipas-andrija-cetkoviqit-snp-ne-ulqin-kuvendi-po-rilind-miqesine-serbo-shqiptare\/#webpage\",\"url\":\"https:\/\/www.visit-ulcinj.com\/blog\/2015\/07\/21\/sipas-andrija-cetkoviqit-snp-ne-ulqin-kuvendi-po-rilind-miqesine-serbo-shqiptare\/\",\"name\":\"Sipas Andrija Cetkoviqit (SNP) - n\u00eb Ulqin, kuvendi po rilind miq\u00ebsin\u00eb serbo-shqiptare....?!! - Lajme nga Ulqini\",\"isPartOf\":{\"@id\":\"https:\/\/www.visit-ulcinj.com\/blog\/#website\"},\"primaryImageOfPage\":{\"@id\":\"https:\/\/www.visit-ulcinj.com\/blog\/2015\/07\/21\/sipas-andrija-cetkoviqit-snp-ne-ulqin-kuvendi-po-rilind-miqesine-serbo-shqiptare\/#primaryimage\"},\"datePublished\":\"2015-07-21T14:59:56+00:00\",\"dateModified\":\"2015-07-23T07:14:17+00:00\",\"author\":{\"@id\":\"https:\/\/www.visit-ulcinj.com\/blog\/#\/schema\/person\/dcab619c614d3038751c63bc2aadc06d\"},\"description\":\"Shkruan Muhamet Nika Met Zenka (UDSH), n\u00eb diskutimin e tij shtoj: votoj p\u00ebr program sepse kam frik\u00eb nga q\u00eb ju do t\u00eb m\u00eb komprometoni?! Sot n\u00eb Ulqin,\",\"breadcrumb\":{\"@id\":\"https:\/\/www.visit-ulcinj.com\/blog\/2015\/07\/21\/sipas-andrija-cetkoviqit-snp-ne-ulqin-kuvendi-po-rilind-miqesine-serbo-shqiptare\/#breadcrumb\"},\"inLanguage\":\"en-US\",\"potentialAction\":[{\"@type\":\"ReadAction\",\"target\":[\"https:\/\/www.visit-ulcinj.com\/blog\/2015\/07\/21\/sipas-andrija-cetkoviqit-snp-ne-ulqin-kuvendi-po-rilind-miqesine-serbo-shqiptare\/\"]}]},{\"@type\":\"BreadcrumbList\",\"@id\":\"https:\/\/www.visit-ulcinj.com\/blog\/2015\/07\/21\/sipas-andrija-cetkoviqit-snp-ne-ulqin-kuvendi-po-rilind-miqesine-serbo-shqiptare\/#breadcrumb\",\"itemListElement\":[{\"@type\":\"ListItem\",\"position\":1,\"name\":\"Sipas Andrija Cetkoviqit (SNP) &#8211; n\u00eb Ulqin, kuvendi po rilind miq\u00ebsin\u00eb serbo-shqiptare&#8230;.?!!\"}]},{\"@type\":\"Person\",\"@id\":\"https:\/\/www.visit-ulcinj.com\/blog\/#\/schema\/person\/dcab619c614d3038751c63bc2aadc06d\",\"name\":\"ulqini\",\"sameAs\":[\"http:\/\/www.visit-ulcinj.com\"],\"url\":\"https:\/\/www.visit-ulcinj.com\/blog\/author\/admin\/\"}]}<\/script>\n<!-- \/ Yoast SEO plugin. -->","yoast_head_json":{"title":"Sipas Andrija Cetkoviqit (SNP) - n\u00eb Ulqin, kuvendi po rilind miq\u00ebsin\u00eb serbo-shqiptare....?!! - Lajme nga Ulqini","description":"Shkruan Muhamet Nika Met Zenka (UDSH), n\u00eb diskutimin e tij shtoj: votoj p\u00ebr program sepse kam frik\u00eb nga q\u00eb ju do t\u00eb m\u00eb komprometoni?! Sot n\u00eb Ulqin,","robots":{"index":"index","follow":"follow","max-snippet":"max-snippet:-1","max-image-preview":"max-image-preview:large","max-video-preview":"max-video-preview:-1"},"canonical":"https:\/\/www.visit-ulcinj.com\/blog\/2015\/07\/21\/sipas-andrija-cetkoviqit-snp-ne-ulqin-kuvendi-po-rilind-miqesine-serbo-shqiptare\/","og_locale":"en_US","og_type":"article","og_title":"Sipas Andrija Cetkoviqit (SNP) - n\u00eb Ulqin, kuvendi po rilind miq\u00ebsin\u00eb serbo-shqiptare....?!! - Lajme nga Ulqini","og_description":"Shkruan Muhamet Nika Met Zenka (UDSH), n\u00eb diskutimin e tij shtoj: votoj p\u00ebr program sepse kam frik\u00eb nga q\u00eb ju do t\u00eb m\u00eb komprometoni?! Sot n\u00eb Ulqin,","og_url":"https:\/\/www.visit-ulcinj.com\/blog\/2015\/07\/21\/sipas-andrija-cetkoviqit-snp-ne-ulqin-kuvendi-po-rilind-miqesine-serbo-shqiptare\/","og_site_name":"Lajme nga Ulqini","article_published_time":"2015-07-21T14:59:56+00:00","article_modified_time":"2015-07-23T07:14:17+00:00","og_image":[{"url":"http:\/\/www.visit-ulcinj.com\/blog\/wp-content\/uploads\/2014\/11\/Andrija-Cetkovic-Ulcinj.jpg"}],"twitter_misc":{"Written by":"ulqini","Est. reading time":"3 minutes"},"schema":{"@context":"https:\/\/schema.org","@graph":[{"@type":"WebSite","@id":"https:\/\/www.visit-ulcinj.com\/blog\/#website","url":"https:\/\/www.visit-ulcinj.com\/blog\/","name":"Lajme nga Ulqini","description":"Lajme,Vijesti,Ulqini,Ulqin,Crna Gora,Mali i Zi","potentialAction":[{"@type":"SearchAction","target":{"@type":"EntryPoint","urlTemplate":"https:\/\/www.visit-ulcinj.com\/blog\/?s={search_term_string}"},"query-input":"required name=search_term_string"}],"inLanguage":"en-US"},{"@type":"ImageObject","inLanguage":"en-US","@id":"https:\/\/www.visit-ulcinj.com\/blog\/2015\/07\/21\/sipas-andrija-cetkoviqit-snp-ne-ulqin-kuvendi-po-rilind-miqesine-serbo-shqiptare\/#primaryimage","url":"https:\/\/www.visit-ulcinj.com\/blog\/wp-content\/uploads\/2014\/11\/Andrija-Cetkovic-Ulcinj.jpg","contentUrl":"https:\/\/www.visit-ulcinj.com\/blog\/wp-content\/uploads\/2014\/11\/Andrija-Cetkovic-Ulcinj.jpg","width":527,"height":396},{"@type":"WebPage","@id":"https:\/\/www.visit-ulcinj.com\/blog\/2015\/07\/21\/sipas-andrija-cetkoviqit-snp-ne-ulqin-kuvendi-po-rilind-miqesine-serbo-shqiptare\/#webpage","url":"https:\/\/www.visit-ulcinj.com\/blog\/2015\/07\/21\/sipas-andrija-cetkoviqit-snp-ne-ulqin-kuvendi-po-rilind-miqesine-serbo-shqiptare\/","name":"Sipas Andrija Cetkoviqit (SNP) - n\u00eb Ulqin, kuvendi po rilind miq\u00ebsin\u00eb serbo-shqiptare....?!! - Lajme nga Ulqini","isPartOf":{"@id":"https:\/\/www.visit-ulcinj.com\/blog\/#website"},"primaryImageOfPage":{"@id":"https:\/\/www.visit-ulcinj.com\/blog\/2015\/07\/21\/sipas-andrija-cetkoviqit-snp-ne-ulqin-kuvendi-po-rilind-miqesine-serbo-shqiptare\/#primaryimage"},"datePublished":"2015-07-21T14:59:56+00:00","dateModified":"2015-07-23T07:14:17+00:00","author":{"@id":"https:\/\/www.visit-ulcinj.com\/blog\/#\/schema\/person\/dcab619c614d3038751c63bc2aadc06d"},"description":"Shkruan Muhamet Nika Met Zenka (UDSH), n\u00eb diskutimin e tij shtoj: votoj p\u00ebr program sepse kam frik\u00eb nga q\u00eb ju do t\u00eb m\u00eb komprometoni?! Sot n\u00eb Ulqin,","breadcrumb":{"@id":"https:\/\/www.visit-ulcinj.com\/blog\/2015\/07\/21\/sipas-andrija-cetkoviqit-snp-ne-ulqin-kuvendi-po-rilind-miqesine-serbo-shqiptare\/#breadcrumb"},"inLanguage":"en-US","potentialAction":[{"@type":"ReadAction","target":["https:\/\/www.visit-ulcinj.com\/blog\/2015\/07\/21\/sipas-andrija-cetkoviqit-snp-ne-ulqin-kuvendi-po-rilind-miqesine-serbo-shqiptare\/"]}]},{"@type":"BreadcrumbList","@id":"https:\/\/www.visit-ulcinj.com\/blog\/2015\/07\/21\/sipas-andrija-cetkoviqit-snp-ne-ulqin-kuvendi-po-rilind-miqesine-serbo-shqiptare\/#breadcrumb","itemListElement":[{"@type":"ListItem","position":1,"name":"Sipas Andrija Cetkoviqit (SNP) &#8211; n\u00eb Ulqin, kuvendi po rilind miq\u00ebsin\u00eb serbo-shqiptare&#8230;.?!!"}]},{"@type":"Person","@id":"https:\/\/www.visit-ulcinj.com\/blog\/#\/schema\/person\/dcab619c614d3038751c63bc2aadc06d","name":"ulqini","sameAs":["http:\/\/www.visit-ulcinj.com"],"url":"https:\/\/www.visit-ulcinj.com\/blog\/author\/admin\/"}]}},"jetpack_featured_media_url":"","jetpack_sharing_enabled":true,"jetpack_shortlink":"https:\/\/wp.me\/pe6lTn-nQu","_links":{"self":[{"href":"https:\/\/www.visit-ulcinj.com\/blog\/wp-json\/wp\/v2\/posts\/91666"}],"collection":[{"href":"https:\/\/www.visit-ulcinj.com\/blog\/wp-json\/wp\/v2\/posts"}],"about":[{"href":"https:\/\/www.visit-ulcinj.com\/blog\/wp-json\/wp\/v2\/types\/post"}],"author":[{"embeddable":true,"href":"https:\/\/www.visit-ulcinj.com\/blog\/wp-json\/wp\/v2\/users\/1"}],"replies":[{"embeddable":true,"href":"https:\/\/www.visit-ulcinj.com\/blog\/wp-json\/wp\/v2\/comments?post=91666"}],"version-history":[{"count":2,"href":"https:\/\/www.visit-ulcinj.com\/blog\/wp-json\/wp\/v2\/posts\/91666\/revisions"}],"predecessor-version":[{"id":91668,"href":"https:\/\/www.visit-ulcinj.com\/blog\/wp-json\/wp\/v2\/posts\/91666\/revisions\/91668"}],"wp:attachment":[{"href":"https:\/\/www.visit-ulcinj.com\/blog\/wp-json\/wp\/v2\/media?parent=91666"}],"wp:term":[{"taxonomy":"category","embeddable":true,"href":"https:\/\/www.visit-ulcinj.com\/blog\/wp-json\/wp\/v2\/categories?post=91666"},{"taxonomy":"post_tag","embeddable":true,"href":"https:\/\/www.visit-ulcinj.com\/blog\/wp-json\/wp\/v2\/tags?post=91666"}],"curies":[{"name":"wp","href":"https:\/\/api.w.org\/{rel}","templated":true}]}}