{"id":91669,"date":"2015-07-21T16:17:57","date_gmt":"2015-07-21T15:17:57","guid":{"rendered":"http:\/\/www.visit-ulcinj.com\/blog\/?p=91669"},"modified":"2015-07-21T16:19:15","modified_gmt":"2015-07-21T15:19:15","slug":"pershpejtohen-procedurat-per-te-eliminuar-radhet-ne-kufirin-me-shqiperine","status":"publish","type":"post","link":"https:\/\/www.visit-ulcinj.com\/blog\/2015\/07\/21\/pershpejtohen-procedurat-per-te-eliminuar-radhet-ne-kufirin-me-shqiperine\/","title":{"rendered":"P\u00ebrshpejtohen procedurat per te eliminuar radh\u00ebt n\u00eb kufirin me Shqip\u00ebrin\u00eb"},"content":{"rendered":"<h4><a href=\"http:\/\/www.visit-ulcinj.com\/blog\/wp-content\/uploads\/2014\/08\/Fluksi-turistik-ne-Sukubin-Muriqan-1.jpg\"><img loading=\"lazy\" class=\"alignleft wp-image-84519\" src=\"http:\/\/www.visit-ulcinj.com\/blog\/wp-content\/uploads\/2014\/08\/Fluksi-turistik-ne-Sukubin-Muriqan-1.jpg\" alt=\"Fluksi -turistik-ne-Sukubin-Muriqan-1\" width=\"508\" height=\"286\" srcset=\"https:\/\/www.visit-ulcinj.com\/blog\/wp-content\/uploads\/2014\/08\/Fluksi-turistik-ne-Sukubin-Muriqan-1.jpg 999w, https:\/\/www.visit-ulcinj.com\/blog\/wp-content\/uploads\/2014\/08\/Fluksi-turistik-ne-Sukubin-Muriqan-1-300x168.jpg 300w\" sizes=\"(max-width: 508px) 100vw, 508px\" \/><\/a>Fundjava ka sh\u00ebnuar nj\u00eb num\u00ebr rekord t\u00eb shtetasve nga Kosova q\u00eb u jan\u00eb drejtuar plazheve t\u00eb Shqip\u00ebris\u00eb apo Ulqinit. Por k\u00ebsaj radhe ndryshe nga vitet e tjera, turist\u00ebt me destinacion Shqip\u00ebrin\u00eb nuk jan\u00eb p\u00ebrballur me radh\u00eb t\u00eb gjata. Kjo p\u00ebr shkak t\u00eb ndryshimit t\u00eb skem\u00ebs s\u00eb procedur\u00ebs s\u00eb p\u00ebrshpejtuar, duke realizuar nj\u00ebher\u00ebsh premtimin e kryeministrit Edi Rama dh\u00ebn\u00eb n\u00eb muajin shkurt n\u00eb V\u00ebrmic\u00eb, shkruan sot Koha Ditore.<\/h4>\n<p>Pasditja e s\u00eb premtes e n\u00eb vazhdim ka sh\u00ebnuar nj\u00eb shif\u00ebr t\u00eb lart\u00eb krahasuar me dit\u00ebt e tjera, at\u00eb t\u00eb kalimit t\u00eb shtetasve nga Kosova drejt Shqip\u00ebris\u00eb, ku destinacioni i tyre kan\u00eb qen\u00eb plazhet e k\u00ebtij vendi, nd\u00ebrsa nj\u00eb pjes\u00eb kan\u00eb kaluar transit p\u00ebr n\u00eb Ulqin. N\u00eb or\u00ebt e pasdites s\u00eb dat\u00ebs 17 korrik deri n\u00eb mesnat\u00eb kan\u00eb hyr\u00eb n\u00eb Shqip\u00ebri 11.204 shtetas t\u00eb Kosov\u00ebs me 2.960 automjete.<\/p>\n<p>Por gjat\u00eb k\u00ebsaj dite edhe numri i daljeve nga Shqip\u00ebria, apo hyrjeve n\u00eb Kosov\u00eb ka qen\u00eb relativisht i lart\u00eb, ku kan\u00eb hyr\u00eb n\u00eb Kosov\u00eb 8.244 shtetas me 2.198 automjete. Nd\u00ebrkoh\u00eb q\u00eb fluks i lart\u00eb i l\u00ebvizjeve nga Kosova n\u00eb Shqip\u00ebri \u00ebsht\u00eb sh\u00ebnuar pas mesnate duke u gdhir\u00eb e shtun\u00eb.<\/p>\n<p>Nga ora 00.00 e mesnat\u00ebs duke u gdhir\u00eb e shtun\u00eb, deri n\u00eb or\u00ebn 12:00, t\u00eb k\u00ebsaj dite jan\u00eb regjistruar t\u00eb ken\u00eb hyr\u00eb nga Kosova n\u00eb Shqip\u00ebri 14.960 shtetas me 2.074 automjete. Megjith\u00ebse fluksi ka qen\u00eb shum\u00eb i lart\u00eb, n\u00eb pik\u00ebkalimin kufitar t\u00eb Morinit nuk jan\u00eb sh\u00ebnuar radh\u00eb t\u00eb gjata, ashtu si vite m\u00eb par\u00eb. Nd\u00ebrkoh\u00eb q\u00eb policia shqiptare ka garantuar turist\u00ebt nga Kosova se n\u00eb pik\u00ebkalimin kufitar t\u00eb Morinit, kryesori q\u00eb lidh Kosov\u00ebn me Shqip\u00ebrin\u00eb, nuk do t\u00eb ket\u00eb m\u00eb radh\u00eb t\u00eb gjata.<\/p>\n<p>\u201cN\u00ebse ka radh\u00eb t\u00eb gjata n\u00eb kufi, faji \u00ebsht\u00eb vet\u00ebm i policis\u00eb q\u00eb b\u00ebn presion gjat\u00eb kontrollit p\u00ebr para, duke shkaktuar bezdi e radh\u00eb. Si\u00e7 po m\u00eb shihni un\u00eb bashk\u00eb me z\u00ebvend\u00ebsin tim, Agron Jahaj, jemi duke monitoruar gjith\u00eb procesin e kalimit t\u00eb qytetar\u00ebve nga Kosova p\u00ebr n\u00eb Shqip\u00ebri\u201d, thot\u00eb p\u00ebr \u201cKoh\u00ebn Ditore\u201d, Ndue Do\u00e7i, drejtor i Policis\u00eb Kufitare p\u00ebr rajonin e Kuk\u00ebsit.<\/p>\n<p>Sipas drejtorit Do\u00e7i, me rastin e p\u00ebrfundimit t\u00eb muajit t\u00eb Ramazanit ka filluar t\u00eb aplikohet procedura e p\u00ebrshpejtuar.<\/p>\n<p><strong>Koha net<\/strong><\/p>\n","protected":false},"excerpt":{"rendered":"<p>Fundjava ka sh\u00ebnuar nj\u00eb num\u00ebr rekord t\u00eb shtetasve nga Kosova q\u00eb u jan\u00eb drejtuar plazheve t\u00eb Shqip\u00ebris\u00eb apo Ulqinit. Por k\u00ebsaj radhe ndryshe nga vitet e tjera, turist\u00ebt me destinacion Shqip\u00ebrin\u00eb nuk jan\u00eb p\u00ebrballur me radh\u00eb t\u00eb gjata. Kjo p\u00ebr shkak t\u00eb ndryshimit t\u00eb skem\u00ebs s\u00eb procedur\u00ebs s\u00eb p\u00ebrshpejtuar, duke realizuar nj\u00ebher\u00ebsh premtimin e kryeministrit [&hellip;]<\/p>\n","protected":false},"author":1,"featured_media":0,"comment_status":"closed","ping_status":"closed","sticky":false,"template":"","format":"standard","meta":{"spay_email":"","jetpack_publicize_message":"","jetpack_is_tweetstorm":false,"jetpack_publicize_feature_enabled":true},"categories":[13],"tags":[],"jetpack_publicize_connections":[],"yoast_head":"<!-- This site is optimized with the Yoast SEO plugin v19.1 - https:\/\/yoast.com\/wordpress\/plugins\/seo\/ -->\n<title>P\u00ebrshpejtohen procedurat per te eliminuar radh\u00ebt n\u00eb kufirin me Shqip\u00ebrin\u00eb - Lajme nga Ulqini<\/title>\n<meta name=\"description\" content=\"Fundjava ka sh\u00ebnuar nj\u00eb num\u00ebr rekord t\u00eb shtetasve nga Kosova q\u00eb u jan\u00eb drejtuar plazheve t\u00eb Shqip\u00ebris\u00eb apo Ulqinit. Por k\u00ebsaj radhe ndryshe nga vitet e\" \/>\n<meta name=\"robots\" content=\"index, follow, max-snippet:-1, max-image-preview:large, max-video-preview:-1\" \/>\n<link rel=\"canonical\" href=\"https:\/\/www.visit-ulcinj.com\/blog\/2015\/07\/21\/pershpejtohen-procedurat-per-te-eliminuar-radhet-ne-kufirin-me-shqiperine\/\" \/>\n<meta property=\"og:locale\" content=\"en_US\" \/>\n<meta property=\"og:type\" content=\"article\" \/>\n<meta property=\"og:title\" content=\"P\u00ebrshpejtohen procedurat per te eliminuar radh\u00ebt n\u00eb kufirin me Shqip\u00ebrin\u00eb - Lajme nga Ulqini\" \/>\n<meta property=\"og:description\" content=\"Fundjava ka sh\u00ebnuar nj\u00eb num\u00ebr rekord t\u00eb shtetasve nga Kosova q\u00eb u jan\u00eb drejtuar plazheve t\u00eb Shqip\u00ebris\u00eb apo Ulqinit. Por k\u00ebsaj radhe ndryshe nga vitet e\" \/>\n<meta property=\"og:url\" content=\"https:\/\/www.visit-ulcinj.com\/blog\/2015\/07\/21\/pershpejtohen-procedurat-per-te-eliminuar-radhet-ne-kufirin-me-shqiperine\/\" \/>\n<meta property=\"og:site_name\" content=\"Lajme nga Ulqini\" \/>\n<meta property=\"article:published_time\" content=\"2015-07-21T15:17:57+00:00\" \/>\n<meta property=\"article:modified_time\" content=\"2015-07-21T15:19:15+00:00\" \/>\n<meta property=\"og:image\" content=\"http:\/\/www.visit-ulcinj.com\/blog\/wp-content\/uploads\/2014\/08\/Fluksi-turistik-ne-Sukubin-Muriqan-1.jpg\" \/>\n<meta name=\"twitter:label1\" content=\"Written by\" \/>\n\t<meta name=\"twitter:data1\" content=\"ulqini\" \/>\n\t<meta name=\"twitter:label2\" content=\"Est. reading time\" \/>\n\t<meta name=\"twitter:data2\" content=\"2 minutes\" \/>\n<script type=\"application\/ld+json\" class=\"yoast-schema-graph\">{\"@context\":\"https:\/\/schema.org\",\"@graph\":[{\"@type\":\"WebSite\",\"@id\":\"https:\/\/www.visit-ulcinj.com\/blog\/#website\",\"url\":\"https:\/\/www.visit-ulcinj.com\/blog\/\",\"name\":\"Lajme nga Ulqini\",\"description\":\"Lajme,Vijesti,Ulqini,Ulqin,Crna Gora,Mali i Zi\",\"potentialAction\":[{\"@type\":\"SearchAction\",\"target\":{\"@type\":\"EntryPoint\",\"urlTemplate\":\"https:\/\/www.visit-ulcinj.com\/blog\/?s={search_term_string}\"},\"query-input\":\"required name=search_term_string\"}],\"inLanguage\":\"en-US\"},{\"@type\":\"ImageObject\",\"inLanguage\":\"en-US\",\"@id\":\"https:\/\/www.visit-ulcinj.com\/blog\/2015\/07\/21\/pershpejtohen-procedurat-per-te-eliminuar-radhet-ne-kufirin-me-shqiperine\/#primaryimage\",\"url\":\"https:\/\/www.visit-ulcinj.com\/blog\/wp-content\/uploads\/2014\/08\/Fluksi-turistik-ne-Sukubin-Muriqan-1.jpg\",\"contentUrl\":\"https:\/\/www.visit-ulcinj.com\/blog\/wp-content\/uploads\/2014\/08\/Fluksi-turistik-ne-Sukubin-Muriqan-1.jpg\",\"width\":999,\"height\":562},{\"@type\":\"WebPage\",\"@id\":\"https:\/\/www.visit-ulcinj.com\/blog\/2015\/07\/21\/pershpejtohen-procedurat-per-te-eliminuar-radhet-ne-kufirin-me-shqiperine\/#webpage\",\"url\":\"https:\/\/www.visit-ulcinj.com\/blog\/2015\/07\/21\/pershpejtohen-procedurat-per-te-eliminuar-radhet-ne-kufirin-me-shqiperine\/\",\"name\":\"P\u00ebrshpejtohen procedurat per te eliminuar radh\u00ebt n\u00eb kufirin me Shqip\u00ebrin\u00eb - Lajme nga Ulqini\",\"isPartOf\":{\"@id\":\"https:\/\/www.visit-ulcinj.com\/blog\/#website\"},\"primaryImageOfPage\":{\"@id\":\"https:\/\/www.visit-ulcinj.com\/blog\/2015\/07\/21\/pershpejtohen-procedurat-per-te-eliminuar-radhet-ne-kufirin-me-shqiperine\/#primaryimage\"},\"datePublished\":\"2015-07-21T15:17:57+00:00\",\"dateModified\":\"2015-07-21T15:19:15+00:00\",\"author\":{\"@id\":\"https:\/\/www.visit-ulcinj.com\/blog\/#\/schema\/person\/dcab619c614d3038751c63bc2aadc06d\"},\"description\":\"Fundjava ka sh\u00ebnuar nj\u00eb num\u00ebr rekord t\u00eb shtetasve nga Kosova q\u00eb u jan\u00eb drejtuar plazheve t\u00eb Shqip\u00ebris\u00eb apo Ulqinit. Por k\u00ebsaj radhe ndryshe nga vitet e\",\"breadcrumb\":{\"@id\":\"https:\/\/www.visit-ulcinj.com\/blog\/2015\/07\/21\/pershpejtohen-procedurat-per-te-eliminuar-radhet-ne-kufirin-me-shqiperine\/#breadcrumb\"},\"inLanguage\":\"en-US\",\"potentialAction\":[{\"@type\":\"ReadAction\",\"target\":[\"https:\/\/www.visit-ulcinj.com\/blog\/2015\/07\/21\/pershpejtohen-procedurat-per-te-eliminuar-radhet-ne-kufirin-me-shqiperine\/\"]}]},{\"@type\":\"BreadcrumbList\",\"@id\":\"https:\/\/www.visit-ulcinj.com\/blog\/2015\/07\/21\/pershpejtohen-procedurat-per-te-eliminuar-radhet-ne-kufirin-me-shqiperine\/#breadcrumb\",\"itemListElement\":[{\"@type\":\"ListItem\",\"position\":1,\"name\":\"P\u00ebrshpejtohen procedurat per te eliminuar radh\u00ebt n\u00eb kufirin me Shqip\u00ebrin\u00eb\"}]},{\"@type\":\"Person\",\"@id\":\"https:\/\/www.visit-ulcinj.com\/blog\/#\/schema\/person\/dcab619c614d3038751c63bc2aadc06d\",\"name\":\"ulqini\",\"sameAs\":[\"http:\/\/www.visit-ulcinj.com\"],\"url\":\"https:\/\/www.visit-ulcinj.com\/blog\/author\/admin\/\"}]}<\/script>\n<!-- \/ Yoast SEO plugin. -->","yoast_head_json":{"title":"P\u00ebrshpejtohen procedurat per te eliminuar radh\u00ebt n\u00eb kufirin me Shqip\u00ebrin\u00eb - Lajme nga Ulqini","description":"Fundjava ka sh\u00ebnuar nj\u00eb num\u00ebr rekord t\u00eb shtetasve nga Kosova q\u00eb u jan\u00eb drejtuar plazheve t\u00eb Shqip\u00ebris\u00eb apo Ulqinit. Por k\u00ebsaj radhe ndryshe nga vitet e","robots":{"index":"index","follow":"follow","max-snippet":"max-snippet:-1","max-image-preview":"max-image-preview:large","max-video-preview":"max-video-preview:-1"},"canonical":"https:\/\/www.visit-ulcinj.com\/blog\/2015\/07\/21\/pershpejtohen-procedurat-per-te-eliminuar-radhet-ne-kufirin-me-shqiperine\/","og_locale":"en_US","og_type":"article","og_title":"P\u00ebrshpejtohen procedurat per te eliminuar radh\u00ebt n\u00eb kufirin me Shqip\u00ebrin\u00eb - Lajme nga Ulqini","og_description":"Fundjava ka sh\u00ebnuar nj\u00eb num\u00ebr rekord t\u00eb shtetasve nga Kosova q\u00eb u jan\u00eb drejtuar plazheve t\u00eb Shqip\u00ebris\u00eb apo Ulqinit. Por k\u00ebsaj radhe ndryshe nga vitet e","og_url":"https:\/\/www.visit-ulcinj.com\/blog\/2015\/07\/21\/pershpejtohen-procedurat-per-te-eliminuar-radhet-ne-kufirin-me-shqiperine\/","og_site_name":"Lajme nga Ulqini","article_published_time":"2015-07-21T15:17:57+00:00","article_modified_time":"2015-07-21T15:19:15+00:00","og_image":[{"url":"http:\/\/www.visit-ulcinj.com\/blog\/wp-content\/uploads\/2014\/08\/Fluksi-turistik-ne-Sukubin-Muriqan-1.jpg"}],"twitter_misc":{"Written by":"ulqini","Est. reading time":"2 minutes"},"schema":{"@context":"https:\/\/schema.org","@graph":[{"@type":"WebSite","@id":"https:\/\/www.visit-ulcinj.com\/blog\/#website","url":"https:\/\/www.visit-ulcinj.com\/blog\/","name":"Lajme nga Ulqini","description":"Lajme,Vijesti,Ulqini,Ulqin,Crna Gora,Mali i Zi","potentialAction":[{"@type":"SearchAction","target":{"@type":"EntryPoint","urlTemplate":"https:\/\/www.visit-ulcinj.com\/blog\/?s={search_term_string}"},"query-input":"required name=search_term_string"}],"inLanguage":"en-US"},{"@type":"ImageObject","inLanguage":"en-US","@id":"https:\/\/www.visit-ulcinj.com\/blog\/2015\/07\/21\/pershpejtohen-procedurat-per-te-eliminuar-radhet-ne-kufirin-me-shqiperine\/#primaryimage","url":"https:\/\/www.visit-ulcinj.com\/blog\/wp-content\/uploads\/2014\/08\/Fluksi-turistik-ne-Sukubin-Muriqan-1.jpg","contentUrl":"https:\/\/www.visit-ulcinj.com\/blog\/wp-content\/uploads\/2014\/08\/Fluksi-turistik-ne-Sukubin-Muriqan-1.jpg","width":999,"height":562},{"@type":"WebPage","@id":"https:\/\/www.visit-ulcinj.com\/blog\/2015\/07\/21\/pershpejtohen-procedurat-per-te-eliminuar-radhet-ne-kufirin-me-shqiperine\/#webpage","url":"https:\/\/www.visit-ulcinj.com\/blog\/2015\/07\/21\/pershpejtohen-procedurat-per-te-eliminuar-radhet-ne-kufirin-me-shqiperine\/","name":"P\u00ebrshpejtohen procedurat per te eliminuar radh\u00ebt n\u00eb kufirin me Shqip\u00ebrin\u00eb - Lajme nga Ulqini","isPartOf":{"@id":"https:\/\/www.visit-ulcinj.com\/blog\/#website"},"primaryImageOfPage":{"@id":"https:\/\/www.visit-ulcinj.com\/blog\/2015\/07\/21\/pershpejtohen-procedurat-per-te-eliminuar-radhet-ne-kufirin-me-shqiperine\/#primaryimage"},"datePublished":"2015-07-21T15:17:57+00:00","dateModified":"2015-07-21T15:19:15+00:00","author":{"@id":"https:\/\/www.visit-ulcinj.com\/blog\/#\/schema\/person\/dcab619c614d3038751c63bc2aadc06d"},"description":"Fundjava ka sh\u00ebnuar nj\u00eb num\u00ebr rekord t\u00eb shtetasve nga Kosova q\u00eb u jan\u00eb drejtuar plazheve t\u00eb Shqip\u00ebris\u00eb apo Ulqinit. Por k\u00ebsaj radhe ndryshe nga vitet e","breadcrumb":{"@id":"https:\/\/www.visit-ulcinj.com\/blog\/2015\/07\/21\/pershpejtohen-procedurat-per-te-eliminuar-radhet-ne-kufirin-me-shqiperine\/#breadcrumb"},"inLanguage":"en-US","potentialAction":[{"@type":"ReadAction","target":["https:\/\/www.visit-ulcinj.com\/blog\/2015\/07\/21\/pershpejtohen-procedurat-per-te-eliminuar-radhet-ne-kufirin-me-shqiperine\/"]}]},{"@type":"BreadcrumbList","@id":"https:\/\/www.visit-ulcinj.com\/blog\/2015\/07\/21\/pershpejtohen-procedurat-per-te-eliminuar-radhet-ne-kufirin-me-shqiperine\/#breadcrumb","itemListElement":[{"@type":"ListItem","position":1,"name":"P\u00ebrshpejtohen procedurat per te eliminuar radh\u00ebt n\u00eb kufirin me Shqip\u00ebrin\u00eb"}]},{"@type":"Person","@id":"https:\/\/www.visit-ulcinj.com\/blog\/#\/schema\/person\/dcab619c614d3038751c63bc2aadc06d","name":"ulqini","sameAs":["http:\/\/www.visit-ulcinj.com"],"url":"https:\/\/www.visit-ulcinj.com\/blog\/author\/admin\/"}]}},"jetpack_featured_media_url":"","jetpack_sharing_enabled":true,"jetpack_shortlink":"https:\/\/wp.me\/pe6lTn-nQx","_links":{"self":[{"href":"https:\/\/www.visit-ulcinj.com\/blog\/wp-json\/wp\/v2\/posts\/91669"}],"collection":[{"href":"https:\/\/www.visit-ulcinj.com\/blog\/wp-json\/wp\/v2\/posts"}],"about":[{"href":"https:\/\/www.visit-ulcinj.com\/blog\/wp-json\/wp\/v2\/types\/post"}],"author":[{"embeddable":true,"href":"https:\/\/www.visit-ulcinj.com\/blog\/wp-json\/wp\/v2\/users\/1"}],"replies":[{"embeddable":true,"href":"https:\/\/www.visit-ulcinj.com\/blog\/wp-json\/wp\/v2\/comments?post=91669"}],"version-history":[{"count":2,"href":"https:\/\/www.visit-ulcinj.com\/blog\/wp-json\/wp\/v2\/posts\/91669\/revisions"}],"predecessor-version":[{"id":91671,"href":"https:\/\/www.visit-ulcinj.com\/blog\/wp-json\/wp\/v2\/posts\/91669\/revisions\/91671"}],"wp:attachment":[{"href":"https:\/\/www.visit-ulcinj.com\/blog\/wp-json\/wp\/v2\/media?parent=91669"}],"wp:term":[{"taxonomy":"category","embeddable":true,"href":"https:\/\/www.visit-ulcinj.com\/blog\/wp-json\/wp\/v2\/categories?post=91669"},{"taxonomy":"post_tag","embeddable":true,"href":"https:\/\/www.visit-ulcinj.com\/blog\/wp-json\/wp\/v2\/tags?post=91669"}],"curies":[{"name":"wp","href":"https:\/\/api.w.org\/{rel}","templated":true}]}}