{"id":91672,"date":"2015-07-21T16:33:35","date_gmt":"2015-07-21T15:33:35","guid":{"rendered":"http:\/\/www.visit-ulcinj.com\/blog\/?p=91672"},"modified":"2015-07-21T18:47:58","modified_gmt":"2015-07-21T17:47:58","slug":"enca-qe-po-cmend-fansat-ne-ulqin","status":"publish","type":"post","link":"https:\/\/www.visit-ulcinj.com\/blog\/2015\/07\/21\/enca-qe-po-cmend-fansat-ne-ulqin\/","title":{"rendered":"Enca q\u00eb po \u00e7mend fansat n\u00eb Ulqin"},"content":{"rendered":"<div id=\"stcpDiv\">\n<div class=\"shortText\"><a href=\"http:\/\/www.visit-ulcinj.com\/blog\/wp-content\/uploads\/2015\/07\/Enca-Haxhiu.png\"><img loading=\"lazy\" class=\"alignleft wp-image-91673\" src=\"http:\/\/www.visit-ulcinj.com\/blog\/wp-content\/uploads\/2015\/07\/Enca-Haxhiu.png\" alt=\"Enca-Haxhiu\" width=\"508\" height=\"321\" \/><\/a>Enca ka shfryt\u00ebzuar plazhin e Ulqinit p\u00ebr pak freski n\u00eb k\u00ebto dit\u00eb t\u00eb nxehta.<\/div>\n<div class=\"shortText\"><a href=\"http:\/\/www.visit-ulcinj.com\/blog\/wp-content\/uploads\/2015\/07\/Enca-Haxhia-Ulqin-2.jpg\"><img loading=\"lazy\" class=\"alignleft wp-image-91700\" src=\"http:\/\/www.visit-ulcinj.com\/blog\/wp-content\/uploads\/2015\/07\/Enca-Haxhia-Ulqin-2.jpg\" alt=\"Enca-Haxhia-Ulqin-2\" width=\"508\" height=\"677\" \/><\/a><\/div>\n<p>K\u00ebng\u00ebtarja e re ka postuar nj\u00eb fotografi t\u00eb saj\u00ebn n\u00eb Instagram, ku shihet nat\u00ebn n\u00eb ujin e nj\u00eb plazhi n\u00eb Ulqin.<\/p>\n<p><a href=\"http:\/\/www.visit-ulcinj.com\/blog\/wp-content\/uploads\/2015\/07\/Enca-Haxhia-Ulqin-1.jpg\"><img loading=\"lazy\" class=\"alignleft wp-image-91693\" src=\"http:\/\/www.visit-ulcinj.com\/blog\/wp-content\/uploads\/2015\/07\/Enca-Haxhia-Ulqin-1.jpg\" alt=\"Enca-Haxhia-Ulqin-1\" width=\"508\" height=\"672\" \/><\/a><\/p>\n<p>N\u00eb k\u00ebt\u00eb foto shihet Enca e kthyer nga prapa derisa tregon trupin n\u00eb bikini t\u00eb bardha dhe flok\u00ebt e gjat\u00eb t\u00eb l\u00ebshuar deri tek beli. (Lajmi.net)<\/p>\n<!--YouTube Error: bad URL entered-->\n<p><a href=\"http:\/\/www.visit-ulcinj.com\/blog\/wp-content\/uploads\/2015\/07\/Enca-Haxhiu-Ulqin.jpg\"><img loading=\"lazy\" class=\"alignleft wp-image-91674\" src=\"http:\/\/www.visit-ulcinj.com\/blog\/wp-content\/uploads\/2015\/07\/Enca-Haxhiu-Ulqin.jpg\" alt=\"Enca-Haxhiu-Ulqin\" width=\"508\" height=\"681\" \/><\/a><\/p>\n<\/div>\n","protected":false},"excerpt":{"rendered":"<p>Enca ka shfryt\u00ebzuar plazhin e Ulqinit p\u00ebr pak freski n\u00eb k\u00ebto dit\u00eb t\u00eb nxehta. K\u00ebng\u00ebtarja e re ka postuar nj\u00eb fotografi t\u00eb saj\u00ebn n\u00eb Instagram, ku shihet nat\u00ebn n\u00eb ujin e nj\u00eb plazhi n\u00eb Ulqin. N\u00eb k\u00ebt\u00eb foto shihet Enca e kthyer nga prapa derisa tregon trupin n\u00eb bikini t\u00eb bardha dhe flok\u00ebt e gjat\u00eb [&hellip;]<\/p>\n","protected":false},"author":1,"featured_media":0,"comment_status":"closed","ping_status":"closed","sticky":false,"template":"","format":"standard","meta":{"spay_email":"","jetpack_publicize_message":"","jetpack_is_tweetstorm":false,"jetpack_publicize_feature_enabled":true},"categories":[1],"tags":[],"jetpack_publicize_connections":[],"yoast_head":"<!-- This site is optimized with the Yoast SEO plugin v19.1 - https:\/\/yoast.com\/wordpress\/plugins\/seo\/ -->\n<title>Enca q\u00eb po \u00e7mend fansat n\u00eb Ulqin - Lajme nga Ulqini<\/title>\n<meta name=\"description\" content=\"Enca ka shfryt\u00ebzuar plazhin e Ulqinit p\u00ebr pak freski n\u00eb k\u00ebto dit\u00eb t\u00eb nxehta. K\u00ebng\u00ebtarja e re ka postuar nj\u00eb fotografi t\u00eb saj\u00ebn n\u00eb Instagram, ku shihet\" \/>\n<meta name=\"robots\" content=\"index, follow, max-snippet:-1, max-image-preview:large, max-video-preview:-1\" \/>\n<link rel=\"canonical\" href=\"https:\/\/www.visit-ulcinj.com\/blog\/2015\/07\/21\/enca-qe-po-cmend-fansat-ne-ulqin\/\" \/>\n<meta property=\"og:locale\" content=\"en_US\" \/>\n<meta property=\"og:type\" content=\"article\" \/>\n<meta property=\"og:title\" content=\"Enca q\u00eb po \u00e7mend fansat n\u00eb Ulqin - Lajme nga Ulqini\" \/>\n<meta property=\"og:description\" content=\"Enca ka shfryt\u00ebzuar plazhin e Ulqinit p\u00ebr pak freski n\u00eb k\u00ebto dit\u00eb t\u00eb nxehta. K\u00ebng\u00ebtarja e re ka postuar nj\u00eb fotografi t\u00eb saj\u00ebn n\u00eb Instagram, ku shihet\" \/>\n<meta property=\"og:url\" content=\"https:\/\/www.visit-ulcinj.com\/blog\/2015\/07\/21\/enca-qe-po-cmend-fansat-ne-ulqin\/\" \/>\n<meta property=\"og:site_name\" content=\"Lajme nga Ulqini\" \/>\n<meta property=\"article:published_time\" content=\"2015-07-21T15:33:35+00:00\" \/>\n<meta property=\"article:modified_time\" content=\"2015-07-21T17:47:58+00:00\" \/>\n<meta property=\"og:image\" content=\"http:\/\/www.visit-ulcinj.com\/blog\/wp-content\/uploads\/2015\/07\/Enca-Haxhiu.png\" \/>\n<meta name=\"twitter:label1\" content=\"Written by\" \/>\n\t<meta name=\"twitter:data1\" content=\"ulqini\" \/>\n<script type=\"application\/ld+json\" class=\"yoast-schema-graph\">{\"@context\":\"https:\/\/schema.org\",\"@graph\":[{\"@type\":\"WebSite\",\"@id\":\"https:\/\/www.visit-ulcinj.com\/blog\/#website\",\"url\":\"https:\/\/www.visit-ulcinj.com\/blog\/\",\"name\":\"Lajme nga Ulqini\",\"description\":\"Lajme,Vijesti,Ulqini,Ulqin,Crna Gora,Mali i Zi\",\"potentialAction\":[{\"@type\":\"SearchAction\",\"target\":{\"@type\":\"EntryPoint\",\"urlTemplate\":\"https:\/\/www.visit-ulcinj.com\/blog\/?s={search_term_string}\"},\"query-input\":\"required name=search_term_string\"}],\"inLanguage\":\"en-US\"},{\"@type\":\"ImageObject\",\"inLanguage\":\"en-US\",\"@id\":\"https:\/\/www.visit-ulcinj.com\/blog\/2015\/07\/21\/enca-qe-po-cmend-fansat-ne-ulqin\/#primaryimage\",\"url\":\"http:\/\/www.visit-ulcinj.com\/blog\/wp-content\/uploads\/2015\/07\/Enca-Haxhiu.png\",\"contentUrl\":\"http:\/\/www.visit-ulcinj.com\/blog\/wp-content\/uploads\/2015\/07\/Enca-Haxhiu.png\"},{\"@type\":\"WebPage\",\"@id\":\"https:\/\/www.visit-ulcinj.com\/blog\/2015\/07\/21\/enca-qe-po-cmend-fansat-ne-ulqin\/#webpage\",\"url\":\"https:\/\/www.visit-ulcinj.com\/blog\/2015\/07\/21\/enca-qe-po-cmend-fansat-ne-ulqin\/\",\"name\":\"Enca q\u00eb po \u00e7mend fansat n\u00eb Ulqin - Lajme nga Ulqini\",\"isPartOf\":{\"@id\":\"https:\/\/www.visit-ulcinj.com\/blog\/#website\"},\"primaryImageOfPage\":{\"@id\":\"https:\/\/www.visit-ulcinj.com\/blog\/2015\/07\/21\/enca-qe-po-cmend-fansat-ne-ulqin\/#primaryimage\"},\"datePublished\":\"2015-07-21T15:33:35+00:00\",\"dateModified\":\"2015-07-21T17:47:58+00:00\",\"author\":{\"@id\":\"https:\/\/www.visit-ulcinj.com\/blog\/#\/schema\/person\/dcab619c614d3038751c63bc2aadc06d\"},\"description\":\"Enca ka shfryt\u00ebzuar plazhin e Ulqinit p\u00ebr pak freski n\u00eb k\u00ebto dit\u00eb t\u00eb nxehta. K\u00ebng\u00ebtarja e re ka postuar nj\u00eb fotografi t\u00eb saj\u00ebn n\u00eb Instagram, ku shihet\",\"breadcrumb\":{\"@id\":\"https:\/\/www.visit-ulcinj.com\/blog\/2015\/07\/21\/enca-qe-po-cmend-fansat-ne-ulqin\/#breadcrumb\"},\"inLanguage\":\"en-US\",\"potentialAction\":[{\"@type\":\"ReadAction\",\"target\":[\"https:\/\/www.visit-ulcinj.com\/blog\/2015\/07\/21\/enca-qe-po-cmend-fansat-ne-ulqin\/\"]}]},{\"@type\":\"BreadcrumbList\",\"@id\":\"https:\/\/www.visit-ulcinj.com\/blog\/2015\/07\/21\/enca-qe-po-cmend-fansat-ne-ulqin\/#breadcrumb\",\"itemListElement\":[{\"@type\":\"ListItem\",\"position\":1,\"name\":\"Enca q\u00eb po \u00e7mend fansat n\u00eb Ulqin\"}]},{\"@type\":\"Person\",\"@id\":\"https:\/\/www.visit-ulcinj.com\/blog\/#\/schema\/person\/dcab619c614d3038751c63bc2aadc06d\",\"name\":\"ulqini\",\"sameAs\":[\"http:\/\/www.visit-ulcinj.com\"],\"url\":\"https:\/\/www.visit-ulcinj.com\/blog\/author\/admin\/\"}]}<\/script>\n<!-- \/ Yoast SEO plugin. -->","yoast_head_json":{"title":"Enca q\u00eb po \u00e7mend fansat n\u00eb Ulqin - Lajme nga Ulqini","description":"Enca ka shfryt\u00ebzuar plazhin e Ulqinit p\u00ebr pak freski n\u00eb k\u00ebto dit\u00eb t\u00eb nxehta. K\u00ebng\u00ebtarja e re ka postuar nj\u00eb fotografi t\u00eb saj\u00ebn n\u00eb Instagram, ku shihet","robots":{"index":"index","follow":"follow","max-snippet":"max-snippet:-1","max-image-preview":"max-image-preview:large","max-video-preview":"max-video-preview:-1"},"canonical":"https:\/\/www.visit-ulcinj.com\/blog\/2015\/07\/21\/enca-qe-po-cmend-fansat-ne-ulqin\/","og_locale":"en_US","og_type":"article","og_title":"Enca q\u00eb po \u00e7mend fansat n\u00eb Ulqin - Lajme nga Ulqini","og_description":"Enca ka shfryt\u00ebzuar plazhin e Ulqinit p\u00ebr pak freski n\u00eb k\u00ebto dit\u00eb t\u00eb nxehta. K\u00ebng\u00ebtarja e re ka postuar nj\u00eb fotografi t\u00eb saj\u00ebn n\u00eb Instagram, ku shihet","og_url":"https:\/\/www.visit-ulcinj.com\/blog\/2015\/07\/21\/enca-qe-po-cmend-fansat-ne-ulqin\/","og_site_name":"Lajme nga Ulqini","article_published_time":"2015-07-21T15:33:35+00:00","article_modified_time":"2015-07-21T17:47:58+00:00","og_image":[{"url":"http:\/\/www.visit-ulcinj.com\/blog\/wp-content\/uploads\/2015\/07\/Enca-Haxhiu.png"}],"twitter_misc":{"Written by":"ulqini"},"schema":{"@context":"https:\/\/schema.org","@graph":[{"@type":"WebSite","@id":"https:\/\/www.visit-ulcinj.com\/blog\/#website","url":"https:\/\/www.visit-ulcinj.com\/blog\/","name":"Lajme nga Ulqini","description":"Lajme,Vijesti,Ulqini,Ulqin,Crna Gora,Mali i Zi","potentialAction":[{"@type":"SearchAction","target":{"@type":"EntryPoint","urlTemplate":"https:\/\/www.visit-ulcinj.com\/blog\/?s={search_term_string}"},"query-input":"required name=search_term_string"}],"inLanguage":"en-US"},{"@type":"ImageObject","inLanguage":"en-US","@id":"https:\/\/www.visit-ulcinj.com\/blog\/2015\/07\/21\/enca-qe-po-cmend-fansat-ne-ulqin\/#primaryimage","url":"http:\/\/www.visit-ulcinj.com\/blog\/wp-content\/uploads\/2015\/07\/Enca-Haxhiu.png","contentUrl":"http:\/\/www.visit-ulcinj.com\/blog\/wp-content\/uploads\/2015\/07\/Enca-Haxhiu.png"},{"@type":"WebPage","@id":"https:\/\/www.visit-ulcinj.com\/blog\/2015\/07\/21\/enca-qe-po-cmend-fansat-ne-ulqin\/#webpage","url":"https:\/\/www.visit-ulcinj.com\/blog\/2015\/07\/21\/enca-qe-po-cmend-fansat-ne-ulqin\/","name":"Enca q\u00eb po \u00e7mend fansat n\u00eb Ulqin - Lajme nga Ulqini","isPartOf":{"@id":"https:\/\/www.visit-ulcinj.com\/blog\/#website"},"primaryImageOfPage":{"@id":"https:\/\/www.visit-ulcinj.com\/blog\/2015\/07\/21\/enca-qe-po-cmend-fansat-ne-ulqin\/#primaryimage"},"datePublished":"2015-07-21T15:33:35+00:00","dateModified":"2015-07-21T17:47:58+00:00","author":{"@id":"https:\/\/www.visit-ulcinj.com\/blog\/#\/schema\/person\/dcab619c614d3038751c63bc2aadc06d"},"description":"Enca ka shfryt\u00ebzuar plazhin e Ulqinit p\u00ebr pak freski n\u00eb k\u00ebto dit\u00eb t\u00eb nxehta. K\u00ebng\u00ebtarja e re ka postuar nj\u00eb fotografi t\u00eb saj\u00ebn n\u00eb Instagram, ku shihet","breadcrumb":{"@id":"https:\/\/www.visit-ulcinj.com\/blog\/2015\/07\/21\/enca-qe-po-cmend-fansat-ne-ulqin\/#breadcrumb"},"inLanguage":"en-US","potentialAction":[{"@type":"ReadAction","target":["https:\/\/www.visit-ulcinj.com\/blog\/2015\/07\/21\/enca-qe-po-cmend-fansat-ne-ulqin\/"]}]},{"@type":"BreadcrumbList","@id":"https:\/\/www.visit-ulcinj.com\/blog\/2015\/07\/21\/enca-qe-po-cmend-fansat-ne-ulqin\/#breadcrumb","itemListElement":[{"@type":"ListItem","position":1,"name":"Enca q\u00eb po \u00e7mend fansat n\u00eb Ulqin"}]},{"@type":"Person","@id":"https:\/\/www.visit-ulcinj.com\/blog\/#\/schema\/person\/dcab619c614d3038751c63bc2aadc06d","name":"ulqini","sameAs":["http:\/\/www.visit-ulcinj.com"],"url":"https:\/\/www.visit-ulcinj.com\/blog\/author\/admin\/"}]}},"jetpack_featured_media_url":"","jetpack_sharing_enabled":true,"jetpack_shortlink":"https:\/\/wp.me\/pe6lTn-nQA","_links":{"self":[{"href":"https:\/\/www.visit-ulcinj.com\/blog\/wp-json\/wp\/v2\/posts\/91672"}],"collection":[{"href":"https:\/\/www.visit-ulcinj.com\/blog\/wp-json\/wp\/v2\/posts"}],"about":[{"href":"https:\/\/www.visit-ulcinj.com\/blog\/wp-json\/wp\/v2\/types\/post"}],"author":[{"embeddable":true,"href":"https:\/\/www.visit-ulcinj.com\/blog\/wp-json\/wp\/v2\/users\/1"}],"replies":[{"embeddable":true,"href":"https:\/\/www.visit-ulcinj.com\/blog\/wp-json\/wp\/v2\/comments?post=91672"}],"version-history":[{"count":4,"href":"https:\/\/www.visit-ulcinj.com\/blog\/wp-json\/wp\/v2\/posts\/91672\/revisions"}],"predecessor-version":[{"id":91701,"href":"https:\/\/www.visit-ulcinj.com\/blog\/wp-json\/wp\/v2\/posts\/91672\/revisions\/91701"}],"wp:attachment":[{"href":"https:\/\/www.visit-ulcinj.com\/blog\/wp-json\/wp\/v2\/media?parent=91672"}],"wp:term":[{"taxonomy":"category","embeddable":true,"href":"https:\/\/www.visit-ulcinj.com\/blog\/wp-json\/wp\/v2\/categories?post=91672"},{"taxonomy":"post_tag","embeddable":true,"href":"https:\/\/www.visit-ulcinj.com\/blog\/wp-json\/wp\/v2\/tags?post=91672"}],"curies":[{"name":"wp","href":"https:\/\/api.w.org\/{rel}","templated":true}]}}