{"id":91676,"date":"2015-07-21T16:54:23","date_gmt":"2015-07-21T15:54:23","guid":{"rendered":"http:\/\/www.visit-ulcinj.com\/blog\/?p=91676"},"modified":"2015-07-21T16:55:05","modified_gmt":"2015-07-21T15:55:05","slug":"era-istrefi-shijon-plazhin-e-ulqinit-ende","status":"publish","type":"post","link":"https:\/\/www.visit-ulcinj.com\/blog\/2015\/07\/21\/era-istrefi-shijon-plazhin-e-ulqinit-ende\/","title":{"rendered":"Era Istrefi shijon plazhin e Ulqinit ende"},"content":{"rendered":"<p><a href=\"http:\/\/www.visit-ulcinj.com\/blog\/wp-content\/uploads\/2015\/07\/Era-Istrefi-ne-Ulqin.jpg\"><img loading=\"lazy\" class=\"alignleft wp-image-91677\" src=\"http:\/\/www.visit-ulcinj.com\/blog\/wp-content\/uploads\/2015\/07\/Era-Istrefi-ne-Ulqin.jpg\" alt=\"Era-Istrefi-ne-Ulqin\" width=\"508\" height=\"361\" \/><\/a>Era Istrefi ka postuar nj\u00eb fotografi, ku shfaqet n\u00eb nj\u00eb nga plazhet e Ulqinit.<\/p>\n<p>\u00cbsht\u00eb nj\u00eb portret fotografik i k\u00ebng\u00ebtares, e cila ka pozuar n\u00eb pjes\u00ebn e sip\u00ebrme.<\/p>\n<p>N\u00eb nd\u00ebrkoh\u00eb, Era \u00ebsht\u00eb duke shijuar suksesin e duetit me Ledri Vul\u00ebn, \u201cShum\u00eb pis\u201d.<\/p>\n<p><a href=\"http:\/\/www.visit-ulcinj.com\/blog\/wp-content\/uploads\/2015\/07\/Era-Istrefi-ne-Ulqin-1.jpg\"><img loading=\"lazy\" class=\"alignleft wp-image-91678\" src=\"http:\/\/www.visit-ulcinj.com\/blog\/wp-content\/uploads\/2015\/07\/Era-Istrefi-ne-Ulqin-1.jpg\" alt=\"Era-Istrefi-ne-Ulqin-1\" width=\"508\" height=\"279\" srcset=\"https:\/\/www.visit-ulcinj.com\/blog\/wp-content\/uploads\/2015\/07\/Era-Istrefi-ne-Ulqin-1.jpg 645w, https:\/\/www.visit-ulcinj.com\/blog\/wp-content\/uploads\/2015\/07\/Era-Istrefi-ne-Ulqin-1-300x165.jpg 300w\" sizes=\"(max-width: 508px) 100vw, 508px\" \/><\/a><\/p>\n<p>K\u00ebnga \u00ebsht\u00eb b\u00ebr\u00eb hit q\u00eb nga momenti i lansimit, nd\u00ebrsa p\u00ebr dy jav\u00eb \u00ebsht\u00eb shikuar mbi kat\u00ebr milion\u00eb her\u00eb n\u00eb YouTube.<\/p>\n<p>Zhurnal<\/p>\n<!--YouTube Error: bad URL entered-->\n","protected":false},"excerpt":{"rendered":"<p>Era Istrefi ka postuar nj\u00eb fotografi, ku shfaqet n\u00eb nj\u00eb nga plazhet e Ulqinit. \u00cbsht\u00eb nj\u00eb portret fotografik i k\u00ebng\u00ebtares, e cila ka pozuar n\u00eb pjes\u00ebn e sip\u00ebrme. N\u00eb nd\u00ebrkoh\u00eb, Era \u00ebsht\u00eb duke shijuar suksesin e duetit me Ledri Vul\u00ebn, \u201cShum\u00eb pis\u201d. K\u00ebnga \u00ebsht\u00eb b\u00ebr\u00eb hit q\u00eb nga momenti i lansimit, nd\u00ebrsa p\u00ebr dy jav\u00eb [&hellip;]<\/p>\n","protected":false},"author":1,"featured_media":0,"comment_status":"closed","ping_status":"closed","sticky":false,"template":"","format":"standard","meta":{"spay_email":"","jetpack_publicize_message":"","jetpack_is_tweetstorm":false,"jetpack_publicize_feature_enabled":true},"categories":[1],"tags":[],"jetpack_publicize_connections":[],"yoast_head":"<!-- This site is optimized with the Yoast SEO plugin v19.1 - https:\/\/yoast.com\/wordpress\/plugins\/seo\/ -->\n<title>Era Istrefi shijon plazhin e Ulqinit ende - Lajme nga Ulqini<\/title>\n<meta name=\"description\" content=\"Era Istrefi ka postuar nj\u00eb fotografi, ku shfaqet n\u00eb nj\u00eb nga plazhet e Ulqinit. \u00cbsht\u00eb nj\u00eb portret fotografik i k\u00ebng\u00ebtares, e cila ka pozuar n\u00eb pjes\u00ebn e\" \/>\n<meta name=\"robots\" content=\"index, follow, max-snippet:-1, max-image-preview:large, max-video-preview:-1\" \/>\n<link rel=\"canonical\" href=\"https:\/\/www.visit-ulcinj.com\/blog\/2015\/07\/21\/era-istrefi-shijon-plazhin-e-ulqinit-ende\/\" \/>\n<meta property=\"og:locale\" content=\"en_US\" \/>\n<meta property=\"og:type\" content=\"article\" \/>\n<meta property=\"og:title\" content=\"Era Istrefi shijon plazhin e Ulqinit ende - Lajme nga Ulqini\" \/>\n<meta property=\"og:description\" content=\"Era Istrefi ka postuar nj\u00eb fotografi, ku shfaqet n\u00eb nj\u00eb nga plazhet e Ulqinit. \u00cbsht\u00eb nj\u00eb portret fotografik i k\u00ebng\u00ebtares, e cila ka pozuar n\u00eb pjes\u00ebn e\" \/>\n<meta property=\"og:url\" content=\"https:\/\/www.visit-ulcinj.com\/blog\/2015\/07\/21\/era-istrefi-shijon-plazhin-e-ulqinit-ende\/\" \/>\n<meta property=\"og:site_name\" content=\"Lajme nga Ulqini\" \/>\n<meta property=\"article:published_time\" content=\"2015-07-21T15:54:23+00:00\" \/>\n<meta property=\"article:modified_time\" content=\"2015-07-21T15:55:05+00:00\" \/>\n<meta property=\"og:image\" content=\"http:\/\/www.visit-ulcinj.com\/blog\/wp-content\/uploads\/2015\/07\/Era-Istrefi-ne-Ulqin.jpg\" \/>\n<meta name=\"twitter:label1\" content=\"Written by\" \/>\n\t<meta name=\"twitter:data1\" content=\"ulqini\" \/>\n<script type=\"application\/ld+json\" class=\"yoast-schema-graph\">{\"@context\":\"https:\/\/schema.org\",\"@graph\":[{\"@type\":\"WebSite\",\"@id\":\"https:\/\/www.visit-ulcinj.com\/blog\/#website\",\"url\":\"https:\/\/www.visit-ulcinj.com\/blog\/\",\"name\":\"Lajme nga Ulqini\",\"description\":\"Lajme,Vijesti,Ulqini,Ulqin,Crna Gora,Mali i Zi\",\"potentialAction\":[{\"@type\":\"SearchAction\",\"target\":{\"@type\":\"EntryPoint\",\"urlTemplate\":\"https:\/\/www.visit-ulcinj.com\/blog\/?s={search_term_string}\"},\"query-input\":\"required name=search_term_string\"}],\"inLanguage\":\"en-US\"},{\"@type\":\"ImageObject\",\"inLanguage\":\"en-US\",\"@id\":\"https:\/\/www.visit-ulcinj.com\/blog\/2015\/07\/21\/era-istrefi-shijon-plazhin-e-ulqinit-ende\/#primaryimage\",\"url\":\"http:\/\/www.visit-ulcinj.com\/blog\/wp-content\/uploads\/2015\/07\/Era-Istrefi-ne-Ulqin.jpg\",\"contentUrl\":\"http:\/\/www.visit-ulcinj.com\/blog\/wp-content\/uploads\/2015\/07\/Era-Istrefi-ne-Ulqin.jpg\"},{\"@type\":\"WebPage\",\"@id\":\"https:\/\/www.visit-ulcinj.com\/blog\/2015\/07\/21\/era-istrefi-shijon-plazhin-e-ulqinit-ende\/#webpage\",\"url\":\"https:\/\/www.visit-ulcinj.com\/blog\/2015\/07\/21\/era-istrefi-shijon-plazhin-e-ulqinit-ende\/\",\"name\":\"Era Istrefi shijon plazhin e Ulqinit ende - Lajme nga Ulqini\",\"isPartOf\":{\"@id\":\"https:\/\/www.visit-ulcinj.com\/blog\/#website\"},\"primaryImageOfPage\":{\"@id\":\"https:\/\/www.visit-ulcinj.com\/blog\/2015\/07\/21\/era-istrefi-shijon-plazhin-e-ulqinit-ende\/#primaryimage\"},\"datePublished\":\"2015-07-21T15:54:23+00:00\",\"dateModified\":\"2015-07-21T15:55:05+00:00\",\"author\":{\"@id\":\"https:\/\/www.visit-ulcinj.com\/blog\/#\/schema\/person\/dcab619c614d3038751c63bc2aadc06d\"},\"description\":\"Era Istrefi ka postuar nj\u00eb fotografi, ku shfaqet n\u00eb nj\u00eb nga plazhet e Ulqinit. \u00cbsht\u00eb nj\u00eb portret fotografik i k\u00ebng\u00ebtares, e cila ka pozuar n\u00eb pjes\u00ebn e\",\"breadcrumb\":{\"@id\":\"https:\/\/www.visit-ulcinj.com\/blog\/2015\/07\/21\/era-istrefi-shijon-plazhin-e-ulqinit-ende\/#breadcrumb\"},\"inLanguage\":\"en-US\",\"potentialAction\":[{\"@type\":\"ReadAction\",\"target\":[\"https:\/\/www.visit-ulcinj.com\/blog\/2015\/07\/21\/era-istrefi-shijon-plazhin-e-ulqinit-ende\/\"]}]},{\"@type\":\"BreadcrumbList\",\"@id\":\"https:\/\/www.visit-ulcinj.com\/blog\/2015\/07\/21\/era-istrefi-shijon-plazhin-e-ulqinit-ende\/#breadcrumb\",\"itemListElement\":[{\"@type\":\"ListItem\",\"position\":1,\"name\":\"Era Istrefi shijon plazhin e Ulqinit ende\"}]},{\"@type\":\"Person\",\"@id\":\"https:\/\/www.visit-ulcinj.com\/blog\/#\/schema\/person\/dcab619c614d3038751c63bc2aadc06d\",\"name\":\"ulqini\",\"sameAs\":[\"http:\/\/www.visit-ulcinj.com\"],\"url\":\"https:\/\/www.visit-ulcinj.com\/blog\/author\/admin\/\"}]}<\/script>\n<!-- \/ Yoast SEO plugin. -->","yoast_head_json":{"title":"Era Istrefi shijon plazhin e Ulqinit ende - Lajme nga Ulqini","description":"Era Istrefi ka postuar nj\u00eb fotografi, ku shfaqet n\u00eb nj\u00eb nga plazhet e Ulqinit. \u00cbsht\u00eb nj\u00eb portret fotografik i k\u00ebng\u00ebtares, e cila ka pozuar n\u00eb pjes\u00ebn e","robots":{"index":"index","follow":"follow","max-snippet":"max-snippet:-1","max-image-preview":"max-image-preview:large","max-video-preview":"max-video-preview:-1"},"canonical":"https:\/\/www.visit-ulcinj.com\/blog\/2015\/07\/21\/era-istrefi-shijon-plazhin-e-ulqinit-ende\/","og_locale":"en_US","og_type":"article","og_title":"Era Istrefi shijon plazhin e Ulqinit ende - Lajme nga Ulqini","og_description":"Era Istrefi ka postuar nj\u00eb fotografi, ku shfaqet n\u00eb nj\u00eb nga plazhet e Ulqinit. \u00cbsht\u00eb nj\u00eb portret fotografik i k\u00ebng\u00ebtares, e cila ka pozuar n\u00eb pjes\u00ebn e","og_url":"https:\/\/www.visit-ulcinj.com\/blog\/2015\/07\/21\/era-istrefi-shijon-plazhin-e-ulqinit-ende\/","og_site_name":"Lajme nga Ulqini","article_published_time":"2015-07-21T15:54:23+00:00","article_modified_time":"2015-07-21T15:55:05+00:00","og_image":[{"url":"http:\/\/www.visit-ulcinj.com\/blog\/wp-content\/uploads\/2015\/07\/Era-Istrefi-ne-Ulqin.jpg"}],"twitter_misc":{"Written by":"ulqini"},"schema":{"@context":"https:\/\/schema.org","@graph":[{"@type":"WebSite","@id":"https:\/\/www.visit-ulcinj.com\/blog\/#website","url":"https:\/\/www.visit-ulcinj.com\/blog\/","name":"Lajme nga Ulqini","description":"Lajme,Vijesti,Ulqini,Ulqin,Crna Gora,Mali i Zi","potentialAction":[{"@type":"SearchAction","target":{"@type":"EntryPoint","urlTemplate":"https:\/\/www.visit-ulcinj.com\/blog\/?s={search_term_string}"},"query-input":"required name=search_term_string"}],"inLanguage":"en-US"},{"@type":"ImageObject","inLanguage":"en-US","@id":"https:\/\/www.visit-ulcinj.com\/blog\/2015\/07\/21\/era-istrefi-shijon-plazhin-e-ulqinit-ende\/#primaryimage","url":"http:\/\/www.visit-ulcinj.com\/blog\/wp-content\/uploads\/2015\/07\/Era-Istrefi-ne-Ulqin.jpg","contentUrl":"http:\/\/www.visit-ulcinj.com\/blog\/wp-content\/uploads\/2015\/07\/Era-Istrefi-ne-Ulqin.jpg"},{"@type":"WebPage","@id":"https:\/\/www.visit-ulcinj.com\/blog\/2015\/07\/21\/era-istrefi-shijon-plazhin-e-ulqinit-ende\/#webpage","url":"https:\/\/www.visit-ulcinj.com\/blog\/2015\/07\/21\/era-istrefi-shijon-plazhin-e-ulqinit-ende\/","name":"Era Istrefi shijon plazhin e Ulqinit ende - Lajme nga Ulqini","isPartOf":{"@id":"https:\/\/www.visit-ulcinj.com\/blog\/#website"},"primaryImageOfPage":{"@id":"https:\/\/www.visit-ulcinj.com\/blog\/2015\/07\/21\/era-istrefi-shijon-plazhin-e-ulqinit-ende\/#primaryimage"},"datePublished":"2015-07-21T15:54:23+00:00","dateModified":"2015-07-21T15:55:05+00:00","author":{"@id":"https:\/\/www.visit-ulcinj.com\/blog\/#\/schema\/person\/dcab619c614d3038751c63bc2aadc06d"},"description":"Era Istrefi ka postuar nj\u00eb fotografi, ku shfaqet n\u00eb nj\u00eb nga plazhet e Ulqinit. \u00cbsht\u00eb nj\u00eb portret fotografik i k\u00ebng\u00ebtares, e cila ka pozuar n\u00eb pjes\u00ebn e","breadcrumb":{"@id":"https:\/\/www.visit-ulcinj.com\/blog\/2015\/07\/21\/era-istrefi-shijon-plazhin-e-ulqinit-ende\/#breadcrumb"},"inLanguage":"en-US","potentialAction":[{"@type":"ReadAction","target":["https:\/\/www.visit-ulcinj.com\/blog\/2015\/07\/21\/era-istrefi-shijon-plazhin-e-ulqinit-ende\/"]}]},{"@type":"BreadcrumbList","@id":"https:\/\/www.visit-ulcinj.com\/blog\/2015\/07\/21\/era-istrefi-shijon-plazhin-e-ulqinit-ende\/#breadcrumb","itemListElement":[{"@type":"ListItem","position":1,"name":"Era Istrefi shijon plazhin e Ulqinit ende"}]},{"@type":"Person","@id":"https:\/\/www.visit-ulcinj.com\/blog\/#\/schema\/person\/dcab619c614d3038751c63bc2aadc06d","name":"ulqini","sameAs":["http:\/\/www.visit-ulcinj.com"],"url":"https:\/\/www.visit-ulcinj.com\/blog\/author\/admin\/"}]}},"jetpack_featured_media_url":"","jetpack_sharing_enabled":true,"jetpack_shortlink":"https:\/\/wp.me\/pe6lTn-nQE","_links":{"self":[{"href":"https:\/\/www.visit-ulcinj.com\/blog\/wp-json\/wp\/v2\/posts\/91676"}],"collection":[{"href":"https:\/\/www.visit-ulcinj.com\/blog\/wp-json\/wp\/v2\/posts"}],"about":[{"href":"https:\/\/www.visit-ulcinj.com\/blog\/wp-json\/wp\/v2\/types\/post"}],"author":[{"embeddable":true,"href":"https:\/\/www.visit-ulcinj.com\/blog\/wp-json\/wp\/v2\/users\/1"}],"replies":[{"embeddable":true,"href":"https:\/\/www.visit-ulcinj.com\/blog\/wp-json\/wp\/v2\/comments?post=91676"}],"version-history":[{"count":2,"href":"https:\/\/www.visit-ulcinj.com\/blog\/wp-json\/wp\/v2\/posts\/91676\/revisions"}],"predecessor-version":[{"id":91680,"href":"https:\/\/www.visit-ulcinj.com\/blog\/wp-json\/wp\/v2\/posts\/91676\/revisions\/91680"}],"wp:attachment":[{"href":"https:\/\/www.visit-ulcinj.com\/blog\/wp-json\/wp\/v2\/media?parent=91676"}],"wp:term":[{"taxonomy":"category","embeddable":true,"href":"https:\/\/www.visit-ulcinj.com\/blog\/wp-json\/wp\/v2\/categories?post=91676"},{"taxonomy":"post_tag","embeddable":true,"href":"https:\/\/www.visit-ulcinj.com\/blog\/wp-json\/wp\/v2\/tags?post=91676"}],"curies":[{"name":"wp","href":"https:\/\/api.w.org\/{rel}","templated":true}]}}