{"id":91686,"date":"2015-07-21T18:15:22","date_gmt":"2015-07-21T17:15:22","guid":{"rendered":"http:\/\/www.visit-ulcinj.com\/blog\/?p=91686"},"modified":"2015-07-21T18:15:22","modified_gmt":"2015-07-21T17:15:22","slug":"snp-ulcinj-imena-ulica-po-mjeri-albanaca","status":"publish","type":"post","link":"https:\/\/www.visit-ulcinj.com\/blog\/2015\/07\/21\/snp-ulcinj-imena-ulica-po-mjeri-albanaca\/","title":{"rendered":"SNP Ulcinj: Imena ulica po mjeri Albanaca"},"content":{"rendered":"<p><span class=\"tekstcijeli\"><span class=\"kapital\"><a href=\"http:\/\/www.visit-ulcinj.com\/blog\/wp-content\/uploads\/2013\/11\/Andrija-Cetkovic.jpg\"><img loading=\"lazy\" class=\"alignleft wp-image-76168\" src=\"http:\/\/www.visit-ulcinj.com\/blog\/wp-content\/uploads\/2013\/11\/Andrija-Cetkovic.jpg\" alt=\"Andrija-Cetkovic\" width=\"508\" height=\"395\" srcset=\"https:\/\/www.visit-ulcinj.com\/blog\/wp-content\/uploads\/2013\/11\/Andrija-Cetkovic.jpg 501w, https:\/\/www.visit-ulcinj.com\/blog\/wp-content\/uploads\/2013\/11\/Andrija-Cetkovic-300x233.jpg 300w\" sizes=\"(max-width: 508px) 100vw, 508px\" \/><\/a>U<\/span>L\u00adCINj- Gla\u00adso\u00advi\u00adma od\u00adbor\u00adni\u00adka vla\u00adda\u00adju\u00ad\u0107e ko\u00ada\u00adli\u00ado\u00adci\u00adje ( For\u00adca, DP, URA, DSA, Per\u00adspek\u00adti\u00adva) i opo\u00adzi\u00adci\u00ado\u00adne DUA, SO Ul\u00adcinj usvo\u00adji\u00adla je ju\u00ad\u010de od\u00adlu\u00adku o od\u00adre\u00ad\u0111i\u00adva\u00adnju na\u00adzi\u00adva uli\u00adca pr\u00adve i dru\u00adge mje\u00adsne za\u00adjed\u00adni\u00adce ko\u00adjom su ime\u00adno\u00adva\u00adne 33 uli\u00adce na pod\u00adru\u010d\u00adju naj\u00adju\u00ad\u017eni\u00adje op\u00ad\u0161ti\u00adne. Gla\u00adsa\u00adnjem, ko\u00adje su na\u00adpu\u00adsti\u00adli od\u00adbor\u00adni\u00adci SNP-a i DF-a, ni\u00adje ob\u00adu\u00adhva\u00ad\u0107en zna\u00ad\u010da\u00adjan dio uli\u00adca \u010di\u00adje ime\u00adno\u00adva\u00adnje, od\u00adno\u00adsno pre\u00adi\u00adme\u00adno\u00adva\u00adnje tek tre\u00adba da se raz\u00adma\u00adtra na\u00adkon \u0161to skup\u00ad\u0161ti\u00adna na po\u00adseb\u00adnoj sjed\u00adni\u00adci bu\u00adde ras\u00adpra\u00advlja\u00adla i even\u00adtu\u00adal\u00adno usvo\u00adji\u00adla oba\u00adve\u00adzni pro\u00adgram po\u00addi\u00adza\u00adnja spo\u00admen -obi\u00adlje\u017e\u00adja za 2015. go\u00addi\u00adnu. De\u00adve\u00adta\u00adnest uli\u00adca ju\u00ad\u010de\u00adra\u00ad\u0161njom od\u00adlu\u00adkom do\u00adbi\u00adlo je na\u00adzi\u00adve po lo\u00adkal\u00adnim to\u00adpo\u00adni\u00admi\u00adma po\u00adput: So\u00adlan\u00adskog pu\u00adta, Bje\u00adlo\u00adgor\u00adskog pu\u00adta, Bar\u00adskog pu\u00adta, Val\u00adda\u00adno\u00adsa, Grad\u00adskog par\u00adka, Li\u00adma\u00adna, Ve\u00adli\u00adke pla\u00ad\u017ee, dok je 14 uli\u00adca u na\u00adse\u00adlju \u0110e\u00adra\u00adne ime\u00adno\u00adva\u00adno broj\u00ad\u010da\u00adnom ozna\u00adkom. Gla\u00adsa\u00adnju je pret\u00adho\u00addi\u00adla \u017eu\u010d\u00adna po\u00adle\u00admi\u00adka iz\u00adme\u00ad\u0111u od\u00adbor\u00adni\u00adka ko\u00ada\u00adli\u00adci\u00adje na vla\u00adsti i di\u00adje\u00adla opo\u00adzi\u00adci\u00adje, pr\u00adven\u00adstve\u00adno SNP-a i DF-a, jer su od\u00adbor\u00adni\u00adci DPS-a na\u00adpu\u00adsti\u00adli sjed\u00adni\u00adcu ne\u00adza\u00addo\u00advolj\u00adni \u0161to vla\u00adda\u00adju\u00ad\u0107a ve\u00ad\u0107i\u00adna u star\u00adtu ni\u00adje ima\u00adla kvo\u00adrum za gla\u00adsa\u00adnje. Su\u00ad\u0161tin\u00adska za\u00admjer\u00adka opo\u00adzi\u00adci\u00adje je da je vlast, od\u00adno\u00adsno sa\u00advjet za ime\u00adno\u00adva\u00adnje uli\u00adca gru\u00adbo na\u00adru\u00ad\u0161io pro\u00adce\u00addu\u00adru i za\u00adko\u00adne. Od\u00adbor\u00adnik SNP- An\u00addri\u00adja \u0106et\u00adko\u00advi\u0107 upo\u00adzo\u00adrio je ko\u00adle\u00adge iz vla\u00adsti da od\u00adbor\u00adni\u00adci\u00adma ni\u00adsu do\u00adsta\u00advlje\u00adna mi\u00ad\u0161lje\u00adnja sa\u00advje\u00adta mje\u00adsnih za\u00adjed\u00adni\u00adca, ko\u00adji\u00adma tre\u00adba da pre\u00adho\u00adde mi\u00ad\u0161lje\u00adnja sa sa\u00adsta\u00adna\u00adka MZ.<br \/>\n-Da bi pred\u00adlog bio kom\u00adple\u00adtan, tre\u00adba\u00adlo je da ima\u00admo obra\u00adzlo\u00ad\u017ee\u00adnja za uli\u00adce ko\u00adji\u00adma da\u00adje\u00admo ime\u00adna. Osim to\u00adga, ima pred\u00adlo\u00adga ko\u00adji ne is\u00adpu\u00adnja\u00adva\u00adju za\u00adkon\u00adske uslo\u00adve. Ne\u00adma\u00adte \u010dak ni sa\u00adgla\u00adsnost Vla\u00adde Cr\u00adne Go\u00adre. Da\u00adkle, imam mno\u00adgo pri\u00admjed\u00adbi, a po\u00adseb\u00adno na rad pred\u00adsjed\u00adni\u00adka sa\u00advje\u00adta Na\u00adi\u00adla Dra\u00adge ko\u00adji se ba\u00advio svim i sva\u00ad\u010dim, osim \u0161to mu je bi\u00adla oba\u00adve\u00adza i po\u00adsao, re\u00adkao je \u0106et\u00adko\u00advi\u0107.<br \/>\nOn je is\u00adta\u00adkao da mu je kri\u00adstal\u00adno ja\u00adsno da ne\u00addav\u00adni aneks spo\u00adra\u00adzu\u00adma, ko\u00adji su pot\u00adpi\u00adsa\u00adli For\u00adca i DPS, i te\u00adka\u00adko ima uti\u00adca\u00adja na ime\u00adno\u00adva\u00adnje uli\u00adca.<br \/>\n-Sve je ovo po prin\u00adci\u00adpu oni va\u00adma ma\u00adlo, a vi nji\u00adma ma\u00adlo vi\u00ad\u0161e \u0161to \u0107e se vr\u00adlo br\u00adzo naj\u00adbo\u00adlje vi\u00addje\u00adti na pri\u00admje\u00adru va\u00adlo\u00adri\u00adza\u00adci\u00adje Val\u00adda\u00adno\u00adsa. Mi tre\u00adba da se ba\u00advi\u00admo za\u00adko\u00adnom, a ov\u00addje je za\u00adkon gru\u00adbo na\u00adru\u00ad\u0161en, po\u00adseb\u00adno u slu\u00ad\u010da\u00adju pred\u00adlo\u00adga da se jed\u00adna od uli\u00adca na\u00adzo\u00adve po Ca\u00adfu Be\u00adgu ko\u00adji je na\u00adkon Dru\u00adgog svjet\u00adskog ra\u00adta osu\u00ad\u0111en na 20 go\u00addi\u00adna zbog sa\u00adrad\u00adnje sa fa\u00ad\u0161i\u00adsti\u00adma. Sa\u00admo taj pri\u00admjer do\u00advo\u00adljan je da se vi\u00addi da ni\u00adje po\u00ad\u0161to\u00advan za\u00adkon. Ne znam za\u00ad\u0161to to ra\u00addi\u00adte, jer ni\u00adje in\u00adte\u00adres da ide\u00admo una\u00adzad i da se od\u00adlu\u00adka opet po\u00adni\u00ad\u0161ta\u00adva. Valj\u00adda tre\u00adba da se po\u00adstig\u00adne kon\u00adsen\u00adzus ili ba\u00adrem kom\u00adpro\u00admis ka\u00adko bi se ovo pi\u00adta\u00adnje ko\u00adna\u010d\u00adno ri\u00adje\u00ad\u0161i\u00adlo, oci\u00adje\u00adnio je od\u00adbor\u00adnik SNP-a. Od\u00adbor\u00adnik DF-a prim. dr Mi\u00adlan Ro\u00adlo\u00advi\u0107 op\u00adtu\u00ad\u017eio je pred\u00adsjed\u00adni\u00adka sa\u00advje\u00adta Na\u00adi\u00adla Dra\u00adgu i pred\u00adsjed\u00adni\u00adka SO Ul\u00adcinj Fu\u00ada\u00adda Ha\u00add\u017ei\u00adbe\u00adti\u00adja da su se ba\u00advi\u00adli fal\u00adsi\u00adfi\u00adko\u00adva\u00adnjem do\u00adku\u00adme\u00adna\u00adta. Ro\u00adlo\u00advi\u0107 je re\u00adkao da kao \u010dlan Sa\u00advje\u00adta za ime\u00adno\u00adva\u00adnje uli\u00adca i je\u00addi\u00adni Cr\u00adno\u00adgo\u00adrac u tom ti\u00adje\u00adlu ni\u00adkad ni\u00adje do\u00adbio pri\u00adli\u00adku da pred\u00adlo\u00ad\u017ei ime ba\u00adrem jed\u00adne uli\u00adce.<br \/>\nSum\u00adnji u za\u00adko\u00adni\u00adtost pro\u00adce\u00addu\u00adre bi\u00adlo je i me\u00ad\u0111u al\u00adban\u00adskim par\u00adti\u00adja\u00adma. Od\u00adbor\u00adnik DUA i li\u00adder te par\u00adti\u00adje Meh\u00admet Zen\u00adka re\u00adkao je da \u0107e po\u00addr\u00ad\u017ea\u00adti od\u00adlu\u00adku sa\u00admo iz raz\u00adlo\u00adga \u0161to \u017ee\u00adli da is\u00adpo\u00ad\u0161tu\u00adje na\u00adci\u00ado\u00adnal\u00adnu isto\u00adri\u00adju i li\u010d\u00adno\u00adsti po ko\u00adji\u00adma se pred\u00adla\u00ad\u017eu ime\u00adna uli\u00adca.<br \/>\n-Uko\u00adli\u00adko ste ra\u00addi\u00adli ne\u00adza\u00adko\u00adni\u00adto, su\u00addi\u00ad\u0107e vam gra\u00ad\u0111a\u00adni i isto\u00adri\u00adja. Jer, ako svje\u00adsno kr\u00ad\u0161i\u00adte za\u00adkon i pro\u00adce\u00addu\u00adru, on\u00adda vje\u00adro\u00advat\u00adno ra\u00addi\u00adte po ne\u00ad\u010di\u00adjem dik\u00adta\u00adtu, \u0161to \u0107e za po\u00adsle\u00addi\u00adcu ima\u00adti da se od\u00adlu\u00adka ko\u00adju usvo\u00adji\u00admo opet po\u00adni\u00ad\u0161ti. Ti\u00adme oma\u00adlo\u00adva\u00ad\u017ea\u00adva\u00admo isto\u00adrij\u00adske li\u010d\u00adno\u00adsti, gra\u00ad\u0111a\u00adne i op\u00ad\u0161ti\u00adnu, re\u00adkao je Zen\u00adka.<br \/>\nZbog oba\u00adve\u00adza od\u00adbor\u00adni\u00adka sje\u00add\u00adni\u00adca je pre\u00adki\u00adnu\u00adta, a na\u00adsta\u00advak se o\u010de\u00adku\u00adje do kra\u00adja sed\u00admi\u00adce.M.K.<\/p>\n<p><strong>Su\u00adlej\u00adma\u00adni: Cr\u00adna Go\u00adra oku\u00adpi\u00adra\u00adla Ul\u00adcinj<\/strong><\/p>\n<p>Ras\u00adpra\u00adva o ime\u00adni\u00adma uli\u00adca na mo\u00admen\u00adte je i\u0161la to\u00adli\u00adko da\u00adle\u00adko da se u ne\u00adko\u00adli\u00adko na\u00advra\u00adta u kon\u00adtek\u00adstu oslo\u00adbo\u00ad\u0111e\u00adnja Ul\u00adci\u00adnja od osman\u00adske oku\u00adpa\u00adci\u00adje po\u00admi\u00adnjao i Ber\u00adlin\u00adski kon\u00adgres 1878. go\u00addi\u00adne ka\u00adda je Ul\u00adcinj u\u0161ao u sa\u00adstav Cr\u00adne Go\u00adre. Za od\u00adbor\u00adni\u00adka De\u00admo\u00adkrat\u00adske par\u00adti\u00adje Ha\u00add\u017ei Su\u00adlej\u00adma\u00adni\u00adja taj da\u00adtum je spo\u00adran, jer pred\u00adstva\u00adlja oku\u00adpa\u00adci\u00adju Ul\u00adci\u00adnja od stra\u00adne Cr\u00adne Go\u00adre.<br \/>\n-Ja to ta\u00adko do\u00ad\u017ei\u00advlja\u00advam i na to imam pra\u00advo, ka\u00adzao je Sul\u00adje\u00adma\u00adni. U ras\u00adpra\u00advi sa An\u00addri\u00adjom \u0106et\u00adko\u00advi\u00ad\u0107em iz SNP-a Su\u00adlej\u00adma\u00adni i nje\u00adgov ko\u00adle\u00adga Ka\u00addri Si\u00adna\u00adni ospo\u00adri\u00adli su da je 26. no\u00advem\u00adbra 1880. go\u00addi\u00adne Ul\u00adcinj oslo\u00adbo\u00ad\u0111en od vi\u00ad\u0161e\u00advje\u00adkov\u00adnog rop\u00adstva.<br \/>\n-Cr\u00adno\u00adgor\u00adci ga ni\u00adsu oslo\u00adbo\u00addi\u00adli ve\u0107 do\u00adbi\u00adli di\u00adplo\u00adma\u00adti\u00adjom, re\u00adkao je Si\u00adna\u00adni.<\/p>\n<p><strong>Ne\u00adma\u00adju sa\u00adgla\u00adsnost, ali je o\u010de\u00adku\u00adju<\/strong><\/p>\n<p>Pred\u00adsjed\u00adnik Sa\u00advje\u00adta za ime\u00adno\u00adva\u00adnje uli\u00adca dr Na\u00adil Dra\u00adga re\u00adkao je da pri\u00adli\u00adkom pred\u00adla\u00adga\u00adnja ime\u00adna po\u00ad\u0161to\u00adva\u00adna na\u00adci\u00ado\u00adna\u00adna za\u00adstu\u00adplje\u00adnost sta\u00adnov\u00adni\u00ad\u0161tva, te da su po tom osno\u00advu uze\u00adte u ob\u00adzir sve okol\u00adno\u00adsti.On je pri\u00adznao da za po\u00adje\u00addi\u00adne pred\u00adlo\u00adge ne po\u00adsto\u00adji sa\u00adgla\u00adsnost Vla\u00adde, ali je is\u00adta\u00adkao da je o\u010de\u00adku\u00adje. On je po\u00adtvr\u00addio i da ne\u00adma za\u00adpi\u00adsni\u00adke sa sjed\u00adni\u00adca MZ, od\u00adno\u00adsno da su do\u00adsta\u00advlje\u00adna sa\u00admo mi\u00ad\u0161lje\u00adnja. <\/span><\/p>\n<p><strong>Izvor: DAN<\/strong><\/p>\n","protected":false},"excerpt":{"rendered":"<p>UL\u00adCINj- Gla\u00adso\u00advi\u00adma od\u00adbor\u00adni\u00adka vla\u00adda\u00adju\u00ad\u0107e ko\u00ada\u00adli\u00ado\u00adci\u00adje ( For\u00adca, DP, URA, DSA, Per\u00adspek\u00adti\u00adva) i opo\u00adzi\u00adci\u00ado\u00adne DUA, SO Ul\u00adcinj usvo\u00adji\u00adla je ju\u00ad\u010de od\u00adlu\u00adku o od\u00adre\u00ad\u0111i\u00adva\u00adnju na\u00adzi\u00adva uli\u00adca pr\u00adve i dru\u00adge mje\u00adsne za\u00adjed\u00adni\u00adce ko\u00adjom su ime\u00adno\u00adva\u00adne 33 uli\u00adce na pod\u00adru\u010d\u00adju naj\u00adju\u00ad\u017eni\u00adje op\u00ad\u0161ti\u00adne. Gla\u00adsa\u00adnjem, ko\u00adje su na\u00adpu\u00adsti\u00adli od\u00adbor\u00adni\u00adci SNP-a i DF-a, ni\u00adje ob\u00adu\u00adhva\u00ad\u0107en zna\u00ad\u010da\u00adjan dio uli\u00adca \u010di\u00adje ime\u00adno\u00adva\u00adnje, od\u00adno\u00adsno pre\u00adi\u00adme\u00adno\u00adva\u00adnje [&hellip;]<\/p>\n","protected":false},"author":1,"featured_media":0,"comment_status":"closed","ping_status":"closed","sticky":false,"template":"","format":"standard","meta":{"spay_email":"","jetpack_publicize_message":"","jetpack_is_tweetstorm":false,"jetpack_publicize_feature_enabled":true},"categories":[8337],"tags":[],"jetpack_publicize_connections":[],"yoast_head":"<!-- This site is optimized with the Yoast SEO plugin v19.1 - https:\/\/yoast.com\/wordpress\/plugins\/seo\/ -->\n<title>SNP Ulcinj: Imena ulica po mjeri Albanaca - Lajme nga Ulqini<\/title>\n<meta name=\"description\" content=\"UL\u00adCINj- Gla\u00adso\u00advi\u00adma od\u00adbor\u00adni\u00adka vla\u00adda\u00adju\u00ad\u0107e ko\u00ada\u00adli\u00ado\u00adci\u00adje ( For\u00adca, DP, URA, DSA, Per\u00adspek\u00adti\u00adva) i opo\u00adzi\u00adci\u00ado\u00adne DUA, SO Ul\u00adcinj usvo\u00adji\u00adla je\" \/>\n<meta name=\"robots\" content=\"index, follow, max-snippet:-1, max-image-preview:large, max-video-preview:-1\" \/>\n<link rel=\"canonical\" href=\"https:\/\/www.visit-ulcinj.com\/blog\/2015\/07\/21\/snp-ulcinj-imena-ulica-po-mjeri-albanaca\/\" \/>\n<meta property=\"og:locale\" content=\"en_US\" \/>\n<meta property=\"og:type\" content=\"article\" \/>\n<meta property=\"og:title\" content=\"SNP Ulcinj: Imena ulica po mjeri Albanaca - Lajme nga Ulqini\" \/>\n<meta property=\"og:description\" content=\"UL\u00adCINj- Gla\u00adso\u00advi\u00adma od\u00adbor\u00adni\u00adka vla\u00adda\u00adju\u00ad\u0107e ko\u00ada\u00adli\u00ado\u00adci\u00adje ( For\u00adca, DP, URA, DSA, Per\u00adspek\u00adti\u00adva) i opo\u00adzi\u00adci\u00ado\u00adne DUA, SO Ul\u00adcinj usvo\u00adji\u00adla je\" \/>\n<meta property=\"og:url\" content=\"https:\/\/www.visit-ulcinj.com\/blog\/2015\/07\/21\/snp-ulcinj-imena-ulica-po-mjeri-albanaca\/\" \/>\n<meta property=\"og:site_name\" content=\"Lajme nga Ulqini\" \/>\n<meta property=\"article:published_time\" content=\"2015-07-21T17:15:22+00:00\" \/>\n<meta property=\"og:image\" content=\"http:\/\/www.visit-ulcinj.com\/blog\/wp-content\/uploads\/2013\/11\/Andrija-Cetkovic.jpg\" \/>\n<meta name=\"twitter:label1\" content=\"Written by\" \/>\n\t<meta name=\"twitter:data1\" content=\"ulqini\" \/>\n\t<meta name=\"twitter:label2\" content=\"Est. reading time\" \/>\n\t<meta name=\"twitter:data2\" content=\"8 minutes\" \/>\n<script type=\"application\/ld+json\" class=\"yoast-schema-graph\">{\"@context\":\"https:\/\/schema.org\",\"@graph\":[{\"@type\":\"WebSite\",\"@id\":\"https:\/\/www.visit-ulcinj.com\/blog\/#website\",\"url\":\"https:\/\/www.visit-ulcinj.com\/blog\/\",\"name\":\"Lajme nga Ulqini\",\"description\":\"Lajme,Vijesti,Ulqini,Ulqin,Crna Gora,Mali i Zi\",\"potentialAction\":[{\"@type\":\"SearchAction\",\"target\":{\"@type\":\"EntryPoint\",\"urlTemplate\":\"https:\/\/www.visit-ulcinj.com\/blog\/?s={search_term_string}\"},\"query-input\":\"required name=search_term_string\"}],\"inLanguage\":\"en-US\"},{\"@type\":\"ImageObject\",\"inLanguage\":\"en-US\",\"@id\":\"https:\/\/www.visit-ulcinj.com\/blog\/2015\/07\/21\/snp-ulcinj-imena-ulica-po-mjeri-albanaca\/#primaryimage\",\"url\":\"https:\/\/www.visit-ulcinj.com\/blog\/wp-content\/uploads\/2013\/11\/Andrija-Cetkovic.jpg\",\"contentUrl\":\"https:\/\/www.visit-ulcinj.com\/blog\/wp-content\/uploads\/2013\/11\/Andrija-Cetkovic.jpg\",\"width\":501,\"height\":390},{\"@type\":\"WebPage\",\"@id\":\"https:\/\/www.visit-ulcinj.com\/blog\/2015\/07\/21\/snp-ulcinj-imena-ulica-po-mjeri-albanaca\/#webpage\",\"url\":\"https:\/\/www.visit-ulcinj.com\/blog\/2015\/07\/21\/snp-ulcinj-imena-ulica-po-mjeri-albanaca\/\",\"name\":\"SNP Ulcinj: Imena ulica po mjeri Albanaca - Lajme nga Ulqini\",\"isPartOf\":{\"@id\":\"https:\/\/www.visit-ulcinj.com\/blog\/#website\"},\"primaryImageOfPage\":{\"@id\":\"https:\/\/www.visit-ulcinj.com\/blog\/2015\/07\/21\/snp-ulcinj-imena-ulica-po-mjeri-albanaca\/#primaryimage\"},\"datePublished\":\"2015-07-21T17:15:22+00:00\",\"dateModified\":\"2015-07-21T17:15:22+00:00\",\"author\":{\"@id\":\"https:\/\/www.visit-ulcinj.com\/blog\/#\/schema\/person\/dcab619c614d3038751c63bc2aadc06d\"},\"description\":\"UL\u00adCINj- Gla\u00adso\u00advi\u00adma od\u00adbor\u00adni\u00adka vla\u00adda\u00adju\u00ad\u0107e ko\u00ada\u00adli\u00ado\u00adci\u00adje ( For\u00adca, DP, URA, DSA, Per\u00adspek\u00adti\u00adva) i opo\u00adzi\u00adci\u00ado\u00adne DUA, SO Ul\u00adcinj usvo\u00adji\u00adla je\",\"breadcrumb\":{\"@id\":\"https:\/\/www.visit-ulcinj.com\/blog\/2015\/07\/21\/snp-ulcinj-imena-ulica-po-mjeri-albanaca\/#breadcrumb\"},\"inLanguage\":\"en-US\",\"potentialAction\":[{\"@type\":\"ReadAction\",\"target\":[\"https:\/\/www.visit-ulcinj.com\/blog\/2015\/07\/21\/snp-ulcinj-imena-ulica-po-mjeri-albanaca\/\"]}]},{\"@type\":\"BreadcrumbList\",\"@id\":\"https:\/\/www.visit-ulcinj.com\/blog\/2015\/07\/21\/snp-ulcinj-imena-ulica-po-mjeri-albanaca\/#breadcrumb\",\"itemListElement\":[{\"@type\":\"ListItem\",\"position\":1,\"name\":\"SNP Ulcinj: Imena ulica po mjeri Albanaca\"}]},{\"@type\":\"Person\",\"@id\":\"https:\/\/www.visit-ulcinj.com\/blog\/#\/schema\/person\/dcab619c614d3038751c63bc2aadc06d\",\"name\":\"ulqini\",\"sameAs\":[\"http:\/\/www.visit-ulcinj.com\"],\"url\":\"https:\/\/www.visit-ulcinj.com\/blog\/author\/admin\/\"}]}<\/script>\n<!-- \/ Yoast SEO plugin. -->","yoast_head_json":{"title":"SNP Ulcinj: Imena ulica po mjeri Albanaca - Lajme nga Ulqini","description":"UL\u00adCINj- Gla\u00adso\u00advi\u00adma od\u00adbor\u00adni\u00adka vla\u00adda\u00adju\u00ad\u0107e ko\u00ada\u00adli\u00ado\u00adci\u00adje ( For\u00adca, DP, URA, DSA, Per\u00adspek\u00adti\u00adva) i opo\u00adzi\u00adci\u00ado\u00adne DUA, SO Ul\u00adcinj usvo\u00adji\u00adla je","robots":{"index":"index","follow":"follow","max-snippet":"max-snippet:-1","max-image-preview":"max-image-preview:large","max-video-preview":"max-video-preview:-1"},"canonical":"https:\/\/www.visit-ulcinj.com\/blog\/2015\/07\/21\/snp-ulcinj-imena-ulica-po-mjeri-albanaca\/","og_locale":"en_US","og_type":"article","og_title":"SNP Ulcinj: Imena ulica po mjeri Albanaca - Lajme nga Ulqini","og_description":"UL\u00adCINj- Gla\u00adso\u00advi\u00adma od\u00adbor\u00adni\u00adka vla\u00adda\u00adju\u00ad\u0107e ko\u00ada\u00adli\u00ado\u00adci\u00adje ( For\u00adca, DP, URA, DSA, Per\u00adspek\u00adti\u00adva) i opo\u00adzi\u00adci\u00ado\u00adne DUA, SO Ul\u00adcinj usvo\u00adji\u00adla je","og_url":"https:\/\/www.visit-ulcinj.com\/blog\/2015\/07\/21\/snp-ulcinj-imena-ulica-po-mjeri-albanaca\/","og_site_name":"Lajme nga Ulqini","article_published_time":"2015-07-21T17:15:22+00:00","og_image":[{"url":"http:\/\/www.visit-ulcinj.com\/blog\/wp-content\/uploads\/2013\/11\/Andrija-Cetkovic.jpg"}],"twitter_misc":{"Written by":"ulqini","Est. reading time":"8 minutes"},"schema":{"@context":"https:\/\/schema.org","@graph":[{"@type":"WebSite","@id":"https:\/\/www.visit-ulcinj.com\/blog\/#website","url":"https:\/\/www.visit-ulcinj.com\/blog\/","name":"Lajme nga Ulqini","description":"Lajme,Vijesti,Ulqini,Ulqin,Crna Gora,Mali i Zi","potentialAction":[{"@type":"SearchAction","target":{"@type":"EntryPoint","urlTemplate":"https:\/\/www.visit-ulcinj.com\/blog\/?s={search_term_string}"},"query-input":"required name=search_term_string"}],"inLanguage":"en-US"},{"@type":"ImageObject","inLanguage":"en-US","@id":"https:\/\/www.visit-ulcinj.com\/blog\/2015\/07\/21\/snp-ulcinj-imena-ulica-po-mjeri-albanaca\/#primaryimage","url":"https:\/\/www.visit-ulcinj.com\/blog\/wp-content\/uploads\/2013\/11\/Andrija-Cetkovic.jpg","contentUrl":"https:\/\/www.visit-ulcinj.com\/blog\/wp-content\/uploads\/2013\/11\/Andrija-Cetkovic.jpg","width":501,"height":390},{"@type":"WebPage","@id":"https:\/\/www.visit-ulcinj.com\/blog\/2015\/07\/21\/snp-ulcinj-imena-ulica-po-mjeri-albanaca\/#webpage","url":"https:\/\/www.visit-ulcinj.com\/blog\/2015\/07\/21\/snp-ulcinj-imena-ulica-po-mjeri-albanaca\/","name":"SNP Ulcinj: Imena ulica po mjeri Albanaca - Lajme nga Ulqini","isPartOf":{"@id":"https:\/\/www.visit-ulcinj.com\/blog\/#website"},"primaryImageOfPage":{"@id":"https:\/\/www.visit-ulcinj.com\/blog\/2015\/07\/21\/snp-ulcinj-imena-ulica-po-mjeri-albanaca\/#primaryimage"},"datePublished":"2015-07-21T17:15:22+00:00","dateModified":"2015-07-21T17:15:22+00:00","author":{"@id":"https:\/\/www.visit-ulcinj.com\/blog\/#\/schema\/person\/dcab619c614d3038751c63bc2aadc06d"},"description":"UL\u00adCINj- Gla\u00adso\u00advi\u00adma od\u00adbor\u00adni\u00adka vla\u00adda\u00adju\u00ad\u0107e ko\u00ada\u00adli\u00ado\u00adci\u00adje ( For\u00adca, DP, URA, DSA, Per\u00adspek\u00adti\u00adva) i opo\u00adzi\u00adci\u00ado\u00adne DUA, SO Ul\u00adcinj usvo\u00adji\u00adla je","breadcrumb":{"@id":"https:\/\/www.visit-ulcinj.com\/blog\/2015\/07\/21\/snp-ulcinj-imena-ulica-po-mjeri-albanaca\/#breadcrumb"},"inLanguage":"en-US","potentialAction":[{"@type":"ReadAction","target":["https:\/\/www.visit-ulcinj.com\/blog\/2015\/07\/21\/snp-ulcinj-imena-ulica-po-mjeri-albanaca\/"]}]},{"@type":"BreadcrumbList","@id":"https:\/\/www.visit-ulcinj.com\/blog\/2015\/07\/21\/snp-ulcinj-imena-ulica-po-mjeri-albanaca\/#breadcrumb","itemListElement":[{"@type":"ListItem","position":1,"name":"SNP Ulcinj: Imena ulica po mjeri Albanaca"}]},{"@type":"Person","@id":"https:\/\/www.visit-ulcinj.com\/blog\/#\/schema\/person\/dcab619c614d3038751c63bc2aadc06d","name":"ulqini","sameAs":["http:\/\/www.visit-ulcinj.com"],"url":"https:\/\/www.visit-ulcinj.com\/blog\/author\/admin\/"}]}},"jetpack_featured_media_url":"","jetpack_sharing_enabled":true,"jetpack_shortlink":"https:\/\/wp.me\/pe6lTn-nQO","_links":{"self":[{"href":"https:\/\/www.visit-ulcinj.com\/blog\/wp-json\/wp\/v2\/posts\/91686"}],"collection":[{"href":"https:\/\/www.visit-ulcinj.com\/blog\/wp-json\/wp\/v2\/posts"}],"about":[{"href":"https:\/\/www.visit-ulcinj.com\/blog\/wp-json\/wp\/v2\/types\/post"}],"author":[{"embeddable":true,"href":"https:\/\/www.visit-ulcinj.com\/blog\/wp-json\/wp\/v2\/users\/1"}],"replies":[{"embeddable":true,"href":"https:\/\/www.visit-ulcinj.com\/blog\/wp-json\/wp\/v2\/comments?post=91686"}],"version-history":[{"count":1,"href":"https:\/\/www.visit-ulcinj.com\/blog\/wp-json\/wp\/v2\/posts\/91686\/revisions"}],"predecessor-version":[{"id":91687,"href":"https:\/\/www.visit-ulcinj.com\/blog\/wp-json\/wp\/v2\/posts\/91686\/revisions\/91687"}],"wp:attachment":[{"href":"https:\/\/www.visit-ulcinj.com\/blog\/wp-json\/wp\/v2\/media?parent=91686"}],"wp:term":[{"taxonomy":"category","embeddable":true,"href":"https:\/\/www.visit-ulcinj.com\/blog\/wp-json\/wp\/v2\/categories?post=91686"},{"taxonomy":"post_tag","embeddable":true,"href":"https:\/\/www.visit-ulcinj.com\/blog\/wp-json\/wp\/v2\/tags?post=91686"}],"curies":[{"name":"wp","href":"https:\/\/api.w.org\/{rel}","templated":true}]}}