{"id":91688,"date":"2015-07-21T18:22:10","date_gmt":"2015-07-21T17:22:10","guid":{"rendered":"http:\/\/www.visit-ulcinj.com\/blog\/?p=91688"},"modified":"2015-07-21T18:22:32","modified_gmt":"2015-07-21T17:22:32","slug":"digjet-flamuri-nato-s-ne-podgorice","status":"publish","type":"post","link":"https:\/\/www.visit-ulcinj.com\/blog\/2015\/07\/21\/digjet-flamuri-nato-s-ne-podgorice\/","title":{"rendered":"Digjet flamuri i NATO-s, n\u00eb Podgoric\u00eb"},"content":{"rendered":"<p><a href=\"http:\/\/www.visit-ulcinj.com\/blog\/wp-content\/uploads\/2015\/07\/digjet-flamuri-Nato.jpg\"><img loading=\"lazy\" class=\"alignleft wp-image-91689\" src=\"http:\/\/www.visit-ulcinj.com\/blog\/wp-content\/uploads\/2015\/07\/digjet-flamuri-Nato.jpg\" alt=\"digjet-flamuri-Nato\" width=\"508\" height=\"319\" \/><\/a>Aktivist\u00eb t\u00eb Partis\u00eb s\u00eb Pun\u00ebs kan\u00eb djegur flamurin e NATO-s\u00eb sot n\u00eb Sheshin e Republik\u00ebs n\u00eb Podgoric\u00eb. Ata kan\u00eb djegur flamurin n\u00eb kuad\u00ebr t\u00eb nj\u00eb aksioni p\u00ebr t\u00eb inkurajuar rezistenc\u00ebn e Malit t\u00eb Zi q\u00eb t\u00eb b\u00ebhet an\u00ebtar i Aleanc\u00ebs Veri-atlantike.<\/p>\n<p>Nga Partia e Pun\u00ebs thuhet se an\u00ebtar\u00ebsimi n\u00eb NATO \u00ebsht\u00eb kund\u00ebr interes t\u00eb popullit t\u00eb Malit t\u00eb Zi. Po ashtu thuhet se populli malazez gjat\u00eb gjith\u00eb historis\u00eb ka qen\u00eb kund\u00ebr cizmes s\u00eb okupatorit, transmeton Vijesti e Podgoric\u00ebs.<\/p>\n<p>Lajm<\/p>\n","protected":false},"excerpt":{"rendered":"<p>Aktivist\u00eb t\u00eb Partis\u00eb s\u00eb Pun\u00ebs kan\u00eb djegur flamurin e NATO-s\u00eb sot n\u00eb Sheshin e Republik\u00ebs n\u00eb Podgoric\u00eb. Ata kan\u00eb djegur flamurin n\u00eb kuad\u00ebr t\u00eb nj\u00eb aksioni p\u00ebr t\u00eb inkurajuar rezistenc\u00ebn e Malit t\u00eb Zi q\u00eb t\u00eb b\u00ebhet an\u00ebtar i Aleanc\u00ebs Veri-atlantike. Nga Partia e Pun\u00ebs thuhet se an\u00ebtar\u00ebsimi n\u00eb NATO \u00ebsht\u00eb kund\u00ebr interes t\u00eb popullit [&hellip;]<\/p>\n","protected":false},"author":1,"featured_media":0,"comment_status":"closed","ping_status":"closed","sticky":false,"template":"","format":"standard","meta":{"spay_email":"","jetpack_publicize_message":"","jetpack_is_tweetstorm":false,"jetpack_publicize_feature_enabled":true},"categories":[6950],"tags":[],"jetpack_publicize_connections":[],"yoast_head":"<!-- This site is optimized with the Yoast SEO plugin v19.1 - https:\/\/yoast.com\/wordpress\/plugins\/seo\/ -->\n<title>Digjet flamuri i NATO-s, n\u00eb Podgoric\u00eb - Lajme nga Ulqini<\/title>\n<meta name=\"description\" content=\"Aktivist\u00eb t\u00eb Partis\u00eb s\u00eb Pun\u00ebs kan\u00eb djegur flamurin e NATO-s\u00eb sot n\u00eb Sheshin e Republik\u00ebs n\u00eb Podgoric\u00eb. Ata kan\u00eb djegur flamurin n\u00eb kuad\u00ebr t\u00eb nj\u00eb aksioni\" \/>\n<meta name=\"robots\" content=\"index, follow, max-snippet:-1, max-image-preview:large, max-video-preview:-1\" \/>\n<link rel=\"canonical\" href=\"https:\/\/www.visit-ulcinj.com\/blog\/2015\/07\/21\/digjet-flamuri-nato-s-ne-podgorice\/\" \/>\n<meta property=\"og:locale\" content=\"en_US\" \/>\n<meta property=\"og:type\" content=\"article\" \/>\n<meta property=\"og:title\" content=\"Digjet flamuri i NATO-s, n\u00eb Podgoric\u00eb - Lajme nga Ulqini\" \/>\n<meta property=\"og:description\" content=\"Aktivist\u00eb t\u00eb Partis\u00eb s\u00eb Pun\u00ebs kan\u00eb djegur flamurin e NATO-s\u00eb sot n\u00eb Sheshin e Republik\u00ebs n\u00eb Podgoric\u00eb. Ata kan\u00eb djegur flamurin n\u00eb kuad\u00ebr t\u00eb nj\u00eb aksioni\" \/>\n<meta property=\"og:url\" content=\"https:\/\/www.visit-ulcinj.com\/blog\/2015\/07\/21\/digjet-flamuri-nato-s-ne-podgorice\/\" \/>\n<meta property=\"og:site_name\" content=\"Lajme nga Ulqini\" \/>\n<meta property=\"article:published_time\" content=\"2015-07-21T17:22:10+00:00\" \/>\n<meta property=\"article:modified_time\" content=\"2015-07-21T17:22:32+00:00\" \/>\n<meta property=\"og:image\" content=\"http:\/\/www.visit-ulcinj.com\/blog\/wp-content\/uploads\/2015\/07\/digjet-flamuri-Nato.jpg\" \/>\n<meta name=\"twitter:label1\" content=\"Written by\" \/>\n\t<meta name=\"twitter:data1\" content=\"ulqini\" \/>\n<script type=\"application\/ld+json\" class=\"yoast-schema-graph\">{\"@context\":\"https:\/\/schema.org\",\"@graph\":[{\"@type\":\"WebSite\",\"@id\":\"https:\/\/www.visit-ulcinj.com\/blog\/#website\",\"url\":\"https:\/\/www.visit-ulcinj.com\/blog\/\",\"name\":\"Lajme nga Ulqini\",\"description\":\"Lajme,Vijesti,Ulqini,Ulqin,Crna Gora,Mali i Zi\",\"potentialAction\":[{\"@type\":\"SearchAction\",\"target\":{\"@type\":\"EntryPoint\",\"urlTemplate\":\"https:\/\/www.visit-ulcinj.com\/blog\/?s={search_term_string}\"},\"query-input\":\"required name=search_term_string\"}],\"inLanguage\":\"en-US\"},{\"@type\":\"ImageObject\",\"inLanguage\":\"en-US\",\"@id\":\"https:\/\/www.visit-ulcinj.com\/blog\/2015\/07\/21\/digjet-flamuri-nato-s-ne-podgorice\/#primaryimage\",\"url\":\"http:\/\/www.visit-ulcinj.com\/blog\/wp-content\/uploads\/2015\/07\/digjet-flamuri-Nato.jpg\",\"contentUrl\":\"http:\/\/www.visit-ulcinj.com\/blog\/wp-content\/uploads\/2015\/07\/digjet-flamuri-Nato.jpg\"},{\"@type\":\"WebPage\",\"@id\":\"https:\/\/www.visit-ulcinj.com\/blog\/2015\/07\/21\/digjet-flamuri-nato-s-ne-podgorice\/#webpage\",\"url\":\"https:\/\/www.visit-ulcinj.com\/blog\/2015\/07\/21\/digjet-flamuri-nato-s-ne-podgorice\/\",\"name\":\"Digjet flamuri i NATO-s, n\u00eb Podgoric\u00eb - Lajme nga Ulqini\",\"isPartOf\":{\"@id\":\"https:\/\/www.visit-ulcinj.com\/blog\/#website\"},\"primaryImageOfPage\":{\"@id\":\"https:\/\/www.visit-ulcinj.com\/blog\/2015\/07\/21\/digjet-flamuri-nato-s-ne-podgorice\/#primaryimage\"},\"datePublished\":\"2015-07-21T17:22:10+00:00\",\"dateModified\":\"2015-07-21T17:22:32+00:00\",\"author\":{\"@id\":\"https:\/\/www.visit-ulcinj.com\/blog\/#\/schema\/person\/dcab619c614d3038751c63bc2aadc06d\"},\"description\":\"Aktivist\u00eb t\u00eb Partis\u00eb s\u00eb Pun\u00ebs kan\u00eb djegur flamurin e NATO-s\u00eb sot n\u00eb Sheshin e Republik\u00ebs n\u00eb Podgoric\u00eb. Ata kan\u00eb djegur flamurin n\u00eb kuad\u00ebr t\u00eb nj\u00eb aksioni\",\"breadcrumb\":{\"@id\":\"https:\/\/www.visit-ulcinj.com\/blog\/2015\/07\/21\/digjet-flamuri-nato-s-ne-podgorice\/#breadcrumb\"},\"inLanguage\":\"en-US\",\"potentialAction\":[{\"@type\":\"ReadAction\",\"target\":[\"https:\/\/www.visit-ulcinj.com\/blog\/2015\/07\/21\/digjet-flamuri-nato-s-ne-podgorice\/\"]}]},{\"@type\":\"BreadcrumbList\",\"@id\":\"https:\/\/www.visit-ulcinj.com\/blog\/2015\/07\/21\/digjet-flamuri-nato-s-ne-podgorice\/#breadcrumb\",\"itemListElement\":[{\"@type\":\"ListItem\",\"position\":1,\"name\":\"Digjet flamuri i NATO-s, n\u00eb Podgoric\u00eb\"}]},{\"@type\":\"Person\",\"@id\":\"https:\/\/www.visit-ulcinj.com\/blog\/#\/schema\/person\/dcab619c614d3038751c63bc2aadc06d\",\"name\":\"ulqini\",\"sameAs\":[\"http:\/\/www.visit-ulcinj.com\"],\"url\":\"https:\/\/www.visit-ulcinj.com\/blog\/author\/admin\/\"}]}<\/script>\n<!-- \/ Yoast SEO plugin. -->","yoast_head_json":{"title":"Digjet flamuri i NATO-s, n\u00eb Podgoric\u00eb - Lajme nga Ulqini","description":"Aktivist\u00eb t\u00eb Partis\u00eb s\u00eb Pun\u00ebs kan\u00eb djegur flamurin e NATO-s\u00eb sot n\u00eb Sheshin e Republik\u00ebs n\u00eb Podgoric\u00eb. Ata kan\u00eb djegur flamurin n\u00eb kuad\u00ebr t\u00eb nj\u00eb aksioni","robots":{"index":"index","follow":"follow","max-snippet":"max-snippet:-1","max-image-preview":"max-image-preview:large","max-video-preview":"max-video-preview:-1"},"canonical":"https:\/\/www.visit-ulcinj.com\/blog\/2015\/07\/21\/digjet-flamuri-nato-s-ne-podgorice\/","og_locale":"en_US","og_type":"article","og_title":"Digjet flamuri i NATO-s, n\u00eb Podgoric\u00eb - Lajme nga Ulqini","og_description":"Aktivist\u00eb t\u00eb Partis\u00eb s\u00eb Pun\u00ebs kan\u00eb djegur flamurin e NATO-s\u00eb sot n\u00eb Sheshin e Republik\u00ebs n\u00eb Podgoric\u00eb. Ata kan\u00eb djegur flamurin n\u00eb kuad\u00ebr t\u00eb nj\u00eb aksioni","og_url":"https:\/\/www.visit-ulcinj.com\/blog\/2015\/07\/21\/digjet-flamuri-nato-s-ne-podgorice\/","og_site_name":"Lajme nga Ulqini","article_published_time":"2015-07-21T17:22:10+00:00","article_modified_time":"2015-07-21T17:22:32+00:00","og_image":[{"url":"http:\/\/www.visit-ulcinj.com\/blog\/wp-content\/uploads\/2015\/07\/digjet-flamuri-Nato.jpg"}],"twitter_misc":{"Written by":"ulqini"},"schema":{"@context":"https:\/\/schema.org","@graph":[{"@type":"WebSite","@id":"https:\/\/www.visit-ulcinj.com\/blog\/#website","url":"https:\/\/www.visit-ulcinj.com\/blog\/","name":"Lajme nga Ulqini","description":"Lajme,Vijesti,Ulqini,Ulqin,Crna Gora,Mali i Zi","potentialAction":[{"@type":"SearchAction","target":{"@type":"EntryPoint","urlTemplate":"https:\/\/www.visit-ulcinj.com\/blog\/?s={search_term_string}"},"query-input":"required name=search_term_string"}],"inLanguage":"en-US"},{"@type":"ImageObject","inLanguage":"en-US","@id":"https:\/\/www.visit-ulcinj.com\/blog\/2015\/07\/21\/digjet-flamuri-nato-s-ne-podgorice\/#primaryimage","url":"http:\/\/www.visit-ulcinj.com\/blog\/wp-content\/uploads\/2015\/07\/digjet-flamuri-Nato.jpg","contentUrl":"http:\/\/www.visit-ulcinj.com\/blog\/wp-content\/uploads\/2015\/07\/digjet-flamuri-Nato.jpg"},{"@type":"WebPage","@id":"https:\/\/www.visit-ulcinj.com\/blog\/2015\/07\/21\/digjet-flamuri-nato-s-ne-podgorice\/#webpage","url":"https:\/\/www.visit-ulcinj.com\/blog\/2015\/07\/21\/digjet-flamuri-nato-s-ne-podgorice\/","name":"Digjet flamuri i NATO-s, n\u00eb Podgoric\u00eb - Lajme nga Ulqini","isPartOf":{"@id":"https:\/\/www.visit-ulcinj.com\/blog\/#website"},"primaryImageOfPage":{"@id":"https:\/\/www.visit-ulcinj.com\/blog\/2015\/07\/21\/digjet-flamuri-nato-s-ne-podgorice\/#primaryimage"},"datePublished":"2015-07-21T17:22:10+00:00","dateModified":"2015-07-21T17:22:32+00:00","author":{"@id":"https:\/\/www.visit-ulcinj.com\/blog\/#\/schema\/person\/dcab619c614d3038751c63bc2aadc06d"},"description":"Aktivist\u00eb t\u00eb Partis\u00eb s\u00eb Pun\u00ebs kan\u00eb djegur flamurin e NATO-s\u00eb sot n\u00eb Sheshin e Republik\u00ebs n\u00eb Podgoric\u00eb. Ata kan\u00eb djegur flamurin n\u00eb kuad\u00ebr t\u00eb nj\u00eb aksioni","breadcrumb":{"@id":"https:\/\/www.visit-ulcinj.com\/blog\/2015\/07\/21\/digjet-flamuri-nato-s-ne-podgorice\/#breadcrumb"},"inLanguage":"en-US","potentialAction":[{"@type":"ReadAction","target":["https:\/\/www.visit-ulcinj.com\/blog\/2015\/07\/21\/digjet-flamuri-nato-s-ne-podgorice\/"]}]},{"@type":"BreadcrumbList","@id":"https:\/\/www.visit-ulcinj.com\/blog\/2015\/07\/21\/digjet-flamuri-nato-s-ne-podgorice\/#breadcrumb","itemListElement":[{"@type":"ListItem","position":1,"name":"Digjet flamuri i NATO-s, n\u00eb Podgoric\u00eb"}]},{"@type":"Person","@id":"https:\/\/www.visit-ulcinj.com\/blog\/#\/schema\/person\/dcab619c614d3038751c63bc2aadc06d","name":"ulqini","sameAs":["http:\/\/www.visit-ulcinj.com"],"url":"https:\/\/www.visit-ulcinj.com\/blog\/author\/admin\/"}]}},"jetpack_featured_media_url":"","jetpack_sharing_enabled":true,"jetpack_shortlink":"https:\/\/wp.me\/pe6lTn-nQQ","_links":{"self":[{"href":"https:\/\/www.visit-ulcinj.com\/blog\/wp-json\/wp\/v2\/posts\/91688"}],"collection":[{"href":"https:\/\/www.visit-ulcinj.com\/blog\/wp-json\/wp\/v2\/posts"}],"about":[{"href":"https:\/\/www.visit-ulcinj.com\/blog\/wp-json\/wp\/v2\/types\/post"}],"author":[{"embeddable":true,"href":"https:\/\/www.visit-ulcinj.com\/blog\/wp-json\/wp\/v2\/users\/1"}],"replies":[{"embeddable":true,"href":"https:\/\/www.visit-ulcinj.com\/blog\/wp-json\/wp\/v2\/comments?post=91688"}],"version-history":[{"count":2,"href":"https:\/\/www.visit-ulcinj.com\/blog\/wp-json\/wp\/v2\/posts\/91688\/revisions"}],"predecessor-version":[{"id":91691,"href":"https:\/\/www.visit-ulcinj.com\/blog\/wp-json\/wp\/v2\/posts\/91688\/revisions\/91691"}],"wp:attachment":[{"href":"https:\/\/www.visit-ulcinj.com\/blog\/wp-json\/wp\/v2\/media?parent=91688"}],"wp:term":[{"taxonomy":"category","embeddable":true,"href":"https:\/\/www.visit-ulcinj.com\/blog\/wp-json\/wp\/v2\/categories?post=91688"},{"taxonomy":"post_tag","embeddable":true,"href":"https:\/\/www.visit-ulcinj.com\/blog\/wp-json\/wp\/v2\/tags?post=91688"}],"curies":[{"name":"wp","href":"https:\/\/api.w.org\/{rel}","templated":true}]}}