{"id":91695,"date":"2015-07-21T18:40:25","date_gmt":"2015-07-21T17:40:25","guid":{"rendered":"http:\/\/www.visit-ulcinj.com\/blog\/?p=91695"},"modified":"2015-07-21T18:40:25","modified_gmt":"2015-07-21T17:40:25","slug":"ne-hotel-mediteran-ulqin-eshte-prezantuar-projekti-histori-suksesi-shqiptaro-amerikane","status":"publish","type":"post","link":"https:\/\/www.visit-ulcinj.com\/blog\/2015\/07\/21\/ne-hotel-mediteran-ulqin-eshte-prezantuar-projekti-histori-suksesi-shqiptaro-amerikane\/","title":{"rendered":"N\u00eb hotel Mediteran Ulqin \u00ebsht\u00eb prezantuar projekti \u201cHistori suksesi shqiptaro \u2013 amerikane"},"content":{"rendered":"<p><a href=\"http:\/\/www.visit-ulcinj.com\/blog\/wp-content\/uploads\/2015\/07\/Suksesi-shqiptaro-\u2013-amerikane-Ulqin-Hotel-Mediteran.jpg\"><img loading=\"lazy\" class=\"alignleft wp-image-91697\" src=\"http:\/\/www.visit-ulcinj.com\/blog\/wp-content\/uploads\/2015\/07\/Suksesi-shqiptaro-\u2013-amerikane-Ulqin-Hotel-Mediteran.jpg\" alt=\"Suksesi shqiptaro \u2013 amerikane -Ulqin-Hotel-Mediteran\" width=\"508\" height=\"323\" srcset=\"https:\/\/www.visit-ulcinj.com\/blog\/wp-content\/uploads\/2015\/07\/Suksesi-shqiptaro-\u2013-amerikane-Ulqin-Hotel-Mediteran.jpg 629w, https:\/\/www.visit-ulcinj.com\/blog\/wp-content\/uploads\/2015\/07\/Suksesi-shqiptaro-\u2013-amerikane-Ulqin-Hotel-Mediteran-300x191.jpg 300w\" sizes=\"(max-width: 508px) 100vw, 508px\" \/><\/a>N\u00eb Mal t\u00eb Zi, m\u00eb 17 dhe 18 korrik, u p\u00ebrurua projekti \u201d Histori suksesi shqiptaro-amerikane\u201d, nj\u00eb projekt ky q\u00eb ka nisur nji vjet m\u00eb par\u00eb n\u00eb Nju Jork, dhe, q\u00eb i kushtohet veprimtar\u00ebve t\u00eb komunitetit shqiptar n\u00eb SHBA, tha ne programin televiziv\u00eb Ditari \u2013 korrespondenti i Z\u00ebrit t\u00eb Amerik\u00ebs Ali Salaj nga Ulqini, ku ai kishte p\u00ebrgatitur dhe kronik\u00ebn q\u00eb e transmetoj\u00eb, ky radio -televizion.<\/p>\n<p>Simbas, tij, n\u00eb k\u00ebt\u00eb prezantim personalitete t\u00eb njohura nga komuniteti shqiptar, t\u00eb cil\u00ebt krijuan em\u00ebr n\u00eb fusha t\u00eb ndryshme n\u00eb Amerik\u00eb, theksuan r\u00ebnd\u00ebsin\u00eb e nxitjes dhe bashk\u00ebpunimit me bashk\u00ebvendasit e tyre n\u00eb Mal t\u00eb Zi. Me k\u00ebt\u00eb rast, tha Salaj u shfaq edhe filmi dokumentar \u201cHistori suksesi shqiptaro-amerikane\u201d, realizuar n\u00eb Nju Jork nga \u201cAlbanian Media Group, Fadil Berisha Studio, s\u00eb bashku me American Councils for International Education\u2019s Kosovo American Education Fund -\u201c<\/p>\n<p>Kurse, n\u00eb faqen e rrjetiti social facebook Albanian American Success Stories , thuhet se rrjeti \u201cHistori Suksesi Shqiptaro-Amerikan\u00eb\u201d \u00ebsht\u00eb pritur edhe nga Ambasada Amerikane n\u00eb Podgoric\u00eb si dhe ka mbajtur jav\u00ebn e kaluar dy forume t\u00eb hapura me panelist nga rrjeti \u201cHistori suksesi shqiptaro-amerikane\u201d, n\u00eb SHBA.<\/p>\n<p><a href=\"http:\/\/www.visit-ulcinj.com\/blog\/wp-content\/uploads\/2015\/07\/Suksesi-shqiptaro-\u2013-amerikane-Ulqin-Hotel-Mediteran-1.jpg\"><img loading=\"lazy\" class=\"alignleft wp-image-91698\" src=\"http:\/\/www.visit-ulcinj.com\/blog\/wp-content\/uploads\/2015\/07\/Suksesi-shqiptaro-\u2013-amerikane-Ulqin-Hotel-Mediteran-1.jpg\" alt=\"Suksesi shqiptaro \u2013 amerikane -Ulqin-Hotel-Mediteran-1\" width=\"508\" height=\"338\" srcset=\"https:\/\/www.visit-ulcinj.com\/blog\/wp-content\/uploads\/2015\/07\/Suksesi-shqiptaro-\u2013-amerikane-Ulqin-Hotel-Mediteran-1.jpg 602w, https:\/\/www.visit-ulcinj.com\/blog\/wp-content\/uploads\/2015\/07\/Suksesi-shqiptaro-\u2013-amerikane-Ulqin-Hotel-Mediteran-1-300x199.jpg 300w\" sizes=\"(max-width: 508px) 100vw, 508px\" \/><\/a><\/p>\n<p>Njoftohet se k\u00ebto forume kan qen\u00eb t\u00eb hapura p\u00ebr student\u00ebt e shkollave t\u00eb p\u00ebrgjithshme publike, profesionist\u00ebve t\u00eb rinj, sip\u00ebrmarr\u00ebsve dhe shum\u00eb t\u00eb interesuarve t\u00eb tjer.<\/p>\n<p>Me k\u00ebt\u00eb rast thuhet n\u00eb njoftim t\u00eb rrjetit \u201cHistori Suksesi Shqiptaro-Amerikan\u00eb\u201d se k\u00ebto forume jan\u00eb mbajtur n\u00eb partneritet me Ambasad\u00ebn e SHBA n\u00eb Podgoric\u00eb, dhe aty jan prezantuar nj\u00eb s\u00ebr\u00eb arritjesh dhe \u00ebsht\u00eb folur p\u00ebr disa nga ngjarjet e r\u00ebnd\u00ebsishme.<\/p>\n<p>&nbsp;<\/p>\n<p>Bisedat e hapura me komunitetet u mbajt\u00ebn n\u00eb Podgoric\u00eb, Tuz dhe Ulqin m\u00eb 17 dhe 18 korrik, 2015, n\u00eb udh\u00ebtimin dy ditor intensiv dhe frym\u00ebzues, thuhet n\u00eb njoftim.<\/p>\n<p>Rrjeti \u201cHistori Suksesi Shqiptaro-Amerikan\u00eb\u201d dhe p\u00ebrfaq\u00ebsues t\u00eb Ambasad\u00ebs Amerikane n\u00eb Podgoric\u00eb, p\u00ebrfshir\u00eb edhe zvendes Ambasadorin e SHBA n\u00eb Mal t\u00eb Zi, B. Bix Aliu, i cili \u00ebsht\u00eb edhe pjes\u00eb e librit t\u00eb 150 shqiptar\u00ebve m\u00eb t\u00eb suksessh\u00ebm n\u00eb Amerik\u00eb, zyrtar\u00ebt e lart komunal, an\u00ebtar\u00eb t\u00eb komunitetit, veprimtar dhe aktivist t\u00eb tjer\u00eb, jan\u00eb takuar n\u00eb Hotel Otrant, n\u00eb takimin ku mori pjes\u00eb edhe Kryetari i Komun\u00ebs s\u00eb Ulqinit Fatmir Gjeka dhe zyrtar\u00eb e Organizat\u00ebs Turistike t\u00eb Ulqinit.<\/p>\n<p><a href=\"http:\/\/www.visit-ulcinj.com\/blog\/wp-content\/uploads\/2015\/07\/suksesi-i-shqiptaro-amerikan\u00ebve-hotel-mediteran1.jpg\"><img loading=\"lazy\" class=\"alignleft wp-image-91696\" src=\"http:\/\/www.visit-ulcinj.com\/blog\/wp-content\/uploads\/2015\/07\/suksesi-i-shqiptaro-amerikan\u00ebve-hotel-mediteran1.jpg\" alt=\"sssssssssssssss\" width=\"508\" height=\"381\" srcset=\"https:\/\/www.visit-ulcinj.com\/blog\/wp-content\/uploads\/2015\/07\/suksesi-i-shqiptaro-amerikan\u00ebve-hotel-mediteran1.jpg 640w, https:\/\/www.visit-ulcinj.com\/blog\/wp-content\/uploads\/2015\/07\/suksesi-i-shqiptaro-amerikan\u00ebve-hotel-mediteran1-300x225.jpg 300w\" sizes=\"(max-width: 508px) 100vw, 508px\" \/><\/a><\/p>\n<p>Zonja Vera Mjeku, drejtore ekzekutive dhe themeluese e Albanian American Success Stories, n\u00eb profilin e saj n\u00eb facebook ka postuar fotografit\u00eb e k\u00ebtij udh\u00ebtimi n\u00eb Mal t\u00eb Zi, duke shoq\u00ebruar ato me shkrimin :\u201dKy ka qen\u00eb nj\u00eb udh\u00ebtim i mahnitshm, me disa an\u00ebtar\u00eb t\u00eb Rrjetit \u201cHistori Suksesi Shqiptaro-Amerikan\u00eb\u201d n\u00eb Mal t\u00eb Zi. Falenderim t\u00eb ve\u00e7ant\u00eb, thot\u00eb zonja Mjeku, n\u00eb profilin e saj, p\u00ebr ambasadoren e SHBA-s\u00eb n\u00eb Malin e Zi Margaret Uyehara, Z\u00ebvend\u00ebs-ambasdorin B. Bix Aliu, zotin Bernard Cobaj dhe ve\u00e7an\u00ebrisht grupin vet\u00ebmohues, t\u00eb k\u00ebtij rrjeti AASS, i cili udh\u00ebtoi k\u00ebto dit\u00eb n\u00eb Mal t\u00eb Zi, p\u00ebr t\u00eb ndar\u00eb historit\u00eb e tyre, t\u00eb suksesit me shqiptar\u00ebt n\u00eb Podgoric\u00eb, Ulqin dhe Tuz\u201d\/ Beqir SINA\/.<\/p>\n<p>INA<\/p>\n","protected":false},"excerpt":{"rendered":"<p>N\u00eb Mal t\u00eb Zi, m\u00eb 17 dhe 18 korrik, u p\u00ebrurua projekti \u201d Histori suksesi shqiptaro-amerikane\u201d, nj\u00eb projekt ky q\u00eb ka nisur nji vjet m\u00eb par\u00eb n\u00eb Nju Jork, dhe, q\u00eb i kushtohet veprimtar\u00ebve t\u00eb komunitetit shqiptar n\u00eb SHBA, tha ne programin televiziv\u00eb Ditari \u2013 korrespondenti i Z\u00ebrit t\u00eb Amerik\u00ebs Ali Salaj nga Ulqini, ku [&hellip;]<\/p>\n","protected":false},"author":1,"featured_media":0,"comment_status":"closed","ping_status":"closed","sticky":false,"template":"","format":"standard","meta":{"spay_email":"","jetpack_publicize_message":"","jetpack_is_tweetstorm":false,"jetpack_publicize_feature_enabled":true},"categories":[10],"tags":[],"jetpack_publicize_connections":[],"yoast_head":"<!-- This site is optimized with the Yoast SEO plugin v19.1 - https:\/\/yoast.com\/wordpress\/plugins\/seo\/ -->\n<title>N\u00eb hotel Mediteran Ulqin \u00ebsht\u00eb prezantuar projekti \u201cHistori suksesi shqiptaro \u2013 amerikane - Lajme nga Ulqini<\/title>\n<meta name=\"description\" content=\"N\u00eb Mal t\u00eb Zi, m\u00eb 17 dhe 18 korrik, u p\u00ebrurua projekti \u201d Histori suksesi shqiptaro-amerikane\u201d, nj\u00eb projekt ky q\u00eb ka nisur nji vjet m\u00eb par\u00eb n\u00eb Nju Jork,\" \/>\n<meta name=\"robots\" content=\"index, follow, max-snippet:-1, max-image-preview:large, max-video-preview:-1\" \/>\n<link rel=\"canonical\" href=\"https:\/\/www.visit-ulcinj.com\/blog\/2015\/07\/21\/ne-hotel-mediteran-ulqin-eshte-prezantuar-projekti-histori-suksesi-shqiptaro-amerikane\/\" \/>\n<meta property=\"og:locale\" content=\"en_US\" \/>\n<meta property=\"og:type\" content=\"article\" \/>\n<meta property=\"og:title\" content=\"N\u00eb hotel Mediteran Ulqin \u00ebsht\u00eb prezantuar projekti \u201cHistori suksesi shqiptaro \u2013 amerikane - Lajme nga Ulqini\" \/>\n<meta property=\"og:description\" content=\"N\u00eb Mal t\u00eb Zi, m\u00eb 17 dhe 18 korrik, u p\u00ebrurua projekti \u201d Histori suksesi shqiptaro-amerikane\u201d, nj\u00eb projekt ky q\u00eb ka nisur nji vjet m\u00eb par\u00eb n\u00eb Nju Jork,\" \/>\n<meta property=\"og:url\" content=\"https:\/\/www.visit-ulcinj.com\/blog\/2015\/07\/21\/ne-hotel-mediteran-ulqin-eshte-prezantuar-projekti-histori-suksesi-shqiptaro-amerikane\/\" \/>\n<meta property=\"og:site_name\" content=\"Lajme nga Ulqini\" \/>\n<meta property=\"article:published_time\" content=\"2015-07-21T17:40:25+00:00\" \/>\n<meta name=\"twitter:label1\" content=\"Written by\" \/>\n\t<meta name=\"twitter:data1\" content=\"ulqini\" \/>\n\t<meta name=\"twitter:label2\" content=\"Est. reading time\" \/>\n\t<meta name=\"twitter:data2\" content=\"3 minutes\" \/>\n<script type=\"application\/ld+json\" class=\"yoast-schema-graph\">{\"@context\":\"https:\/\/schema.org\",\"@graph\":[{\"@type\":\"WebSite\",\"@id\":\"https:\/\/www.visit-ulcinj.com\/blog\/#website\",\"url\":\"https:\/\/www.visit-ulcinj.com\/blog\/\",\"name\":\"Lajme nga Ulqini\",\"description\":\"Lajme,Vijesti,Ulqini,Ulqin,Crna Gora,Mali i Zi\",\"potentialAction\":[{\"@type\":\"SearchAction\",\"target\":{\"@type\":\"EntryPoint\",\"urlTemplate\":\"https:\/\/www.visit-ulcinj.com\/blog\/?s={search_term_string}\"},\"query-input\":\"required name=search_term_string\"}],\"inLanguage\":\"en-US\"},{\"@type\":\"WebPage\",\"@id\":\"https:\/\/www.visit-ulcinj.com\/blog\/2015\/07\/21\/ne-hotel-mediteran-ulqin-eshte-prezantuar-projekti-histori-suksesi-shqiptaro-amerikane\/#webpage\",\"url\":\"https:\/\/www.visit-ulcinj.com\/blog\/2015\/07\/21\/ne-hotel-mediteran-ulqin-eshte-prezantuar-projekti-histori-suksesi-shqiptaro-amerikane\/\",\"name\":\"N\u00eb hotel Mediteran Ulqin \u00ebsht\u00eb prezantuar projekti \u201cHistori suksesi shqiptaro \u2013 amerikane - Lajme nga Ulqini\",\"isPartOf\":{\"@id\":\"https:\/\/www.visit-ulcinj.com\/blog\/#website\"},\"datePublished\":\"2015-07-21T17:40:25+00:00\",\"dateModified\":\"2015-07-21T17:40:25+00:00\",\"author\":{\"@id\":\"https:\/\/www.visit-ulcinj.com\/blog\/#\/schema\/person\/dcab619c614d3038751c63bc2aadc06d\"},\"description\":\"N\u00eb Mal t\u00eb Zi, m\u00eb 17 dhe 18 korrik, u p\u00ebrurua projekti \u201d Histori suksesi shqiptaro-amerikane\u201d, nj\u00eb projekt ky q\u00eb ka nisur nji vjet m\u00eb par\u00eb n\u00eb Nju Jork,\",\"breadcrumb\":{\"@id\":\"https:\/\/www.visit-ulcinj.com\/blog\/2015\/07\/21\/ne-hotel-mediteran-ulqin-eshte-prezantuar-projekti-histori-suksesi-shqiptaro-amerikane\/#breadcrumb\"},\"inLanguage\":\"en-US\",\"potentialAction\":[{\"@type\":\"ReadAction\",\"target\":[\"https:\/\/www.visit-ulcinj.com\/blog\/2015\/07\/21\/ne-hotel-mediteran-ulqin-eshte-prezantuar-projekti-histori-suksesi-shqiptaro-amerikane\/\"]}]},{\"@type\":\"BreadcrumbList\",\"@id\":\"https:\/\/www.visit-ulcinj.com\/blog\/2015\/07\/21\/ne-hotel-mediteran-ulqin-eshte-prezantuar-projekti-histori-suksesi-shqiptaro-amerikane\/#breadcrumb\",\"itemListElement\":[{\"@type\":\"ListItem\",\"position\":1,\"name\":\"N\u00eb hotel Mediteran Ulqin \u00ebsht\u00eb prezantuar projekti \u201cHistori suksesi shqiptaro \u2013 amerikane\"}]},{\"@type\":\"Person\",\"@id\":\"https:\/\/www.visit-ulcinj.com\/blog\/#\/schema\/person\/dcab619c614d3038751c63bc2aadc06d\",\"name\":\"ulqini\",\"sameAs\":[\"http:\/\/www.visit-ulcinj.com\"],\"url\":\"https:\/\/www.visit-ulcinj.com\/blog\/author\/admin\/\"}]}<\/script>\n<!-- \/ Yoast SEO plugin. -->","yoast_head_json":{"title":"N\u00eb hotel Mediteran Ulqin \u00ebsht\u00eb prezantuar projekti \u201cHistori suksesi shqiptaro \u2013 amerikane - Lajme nga Ulqini","description":"N\u00eb Mal t\u00eb Zi, m\u00eb 17 dhe 18 korrik, u p\u00ebrurua projekti \u201d Histori suksesi shqiptaro-amerikane\u201d, nj\u00eb projekt ky q\u00eb ka nisur nji vjet m\u00eb par\u00eb n\u00eb Nju Jork,","robots":{"index":"index","follow":"follow","max-snippet":"max-snippet:-1","max-image-preview":"max-image-preview:large","max-video-preview":"max-video-preview:-1"},"canonical":"https:\/\/www.visit-ulcinj.com\/blog\/2015\/07\/21\/ne-hotel-mediteran-ulqin-eshte-prezantuar-projekti-histori-suksesi-shqiptaro-amerikane\/","og_locale":"en_US","og_type":"article","og_title":"N\u00eb hotel Mediteran Ulqin \u00ebsht\u00eb prezantuar projekti \u201cHistori suksesi shqiptaro \u2013 amerikane - Lajme nga Ulqini","og_description":"N\u00eb Mal t\u00eb Zi, m\u00eb 17 dhe 18 korrik, u p\u00ebrurua projekti \u201d Histori suksesi shqiptaro-amerikane\u201d, nj\u00eb projekt ky q\u00eb ka nisur nji vjet m\u00eb par\u00eb n\u00eb Nju Jork,","og_url":"https:\/\/www.visit-ulcinj.com\/blog\/2015\/07\/21\/ne-hotel-mediteran-ulqin-eshte-prezantuar-projekti-histori-suksesi-shqiptaro-amerikane\/","og_site_name":"Lajme nga Ulqini","article_published_time":"2015-07-21T17:40:25+00:00","twitter_misc":{"Written by":"ulqini","Est. reading time":"3 minutes"},"schema":{"@context":"https:\/\/schema.org","@graph":[{"@type":"WebSite","@id":"https:\/\/www.visit-ulcinj.com\/blog\/#website","url":"https:\/\/www.visit-ulcinj.com\/blog\/","name":"Lajme nga Ulqini","description":"Lajme,Vijesti,Ulqini,Ulqin,Crna Gora,Mali i Zi","potentialAction":[{"@type":"SearchAction","target":{"@type":"EntryPoint","urlTemplate":"https:\/\/www.visit-ulcinj.com\/blog\/?s={search_term_string}"},"query-input":"required name=search_term_string"}],"inLanguage":"en-US"},{"@type":"WebPage","@id":"https:\/\/www.visit-ulcinj.com\/blog\/2015\/07\/21\/ne-hotel-mediteran-ulqin-eshte-prezantuar-projekti-histori-suksesi-shqiptaro-amerikane\/#webpage","url":"https:\/\/www.visit-ulcinj.com\/blog\/2015\/07\/21\/ne-hotel-mediteran-ulqin-eshte-prezantuar-projekti-histori-suksesi-shqiptaro-amerikane\/","name":"N\u00eb hotel Mediteran Ulqin \u00ebsht\u00eb prezantuar projekti \u201cHistori suksesi shqiptaro \u2013 amerikane - Lajme nga Ulqini","isPartOf":{"@id":"https:\/\/www.visit-ulcinj.com\/blog\/#website"},"datePublished":"2015-07-21T17:40:25+00:00","dateModified":"2015-07-21T17:40:25+00:00","author":{"@id":"https:\/\/www.visit-ulcinj.com\/blog\/#\/schema\/person\/dcab619c614d3038751c63bc2aadc06d"},"description":"N\u00eb Mal t\u00eb Zi, m\u00eb 17 dhe 18 korrik, u p\u00ebrurua projekti \u201d Histori suksesi shqiptaro-amerikane\u201d, nj\u00eb projekt ky q\u00eb ka nisur nji vjet m\u00eb par\u00eb n\u00eb Nju Jork,","breadcrumb":{"@id":"https:\/\/www.visit-ulcinj.com\/blog\/2015\/07\/21\/ne-hotel-mediteran-ulqin-eshte-prezantuar-projekti-histori-suksesi-shqiptaro-amerikane\/#breadcrumb"},"inLanguage":"en-US","potentialAction":[{"@type":"ReadAction","target":["https:\/\/www.visit-ulcinj.com\/blog\/2015\/07\/21\/ne-hotel-mediteran-ulqin-eshte-prezantuar-projekti-histori-suksesi-shqiptaro-amerikane\/"]}]},{"@type":"BreadcrumbList","@id":"https:\/\/www.visit-ulcinj.com\/blog\/2015\/07\/21\/ne-hotel-mediteran-ulqin-eshte-prezantuar-projekti-histori-suksesi-shqiptaro-amerikane\/#breadcrumb","itemListElement":[{"@type":"ListItem","position":1,"name":"N\u00eb hotel Mediteran Ulqin \u00ebsht\u00eb prezantuar projekti \u201cHistori suksesi shqiptaro \u2013 amerikane"}]},{"@type":"Person","@id":"https:\/\/www.visit-ulcinj.com\/blog\/#\/schema\/person\/dcab619c614d3038751c63bc2aadc06d","name":"ulqini","sameAs":["http:\/\/www.visit-ulcinj.com"],"url":"https:\/\/www.visit-ulcinj.com\/blog\/author\/admin\/"}]}},"jetpack_featured_media_url":"","jetpack_sharing_enabled":true,"jetpack_shortlink":"https:\/\/wp.me\/pe6lTn-nQX","_links":{"self":[{"href":"https:\/\/www.visit-ulcinj.com\/blog\/wp-json\/wp\/v2\/posts\/91695"}],"collection":[{"href":"https:\/\/www.visit-ulcinj.com\/blog\/wp-json\/wp\/v2\/posts"}],"about":[{"href":"https:\/\/www.visit-ulcinj.com\/blog\/wp-json\/wp\/v2\/types\/post"}],"author":[{"embeddable":true,"href":"https:\/\/www.visit-ulcinj.com\/blog\/wp-json\/wp\/v2\/users\/1"}],"replies":[{"embeddable":true,"href":"https:\/\/www.visit-ulcinj.com\/blog\/wp-json\/wp\/v2\/comments?post=91695"}],"version-history":[{"count":1,"href":"https:\/\/www.visit-ulcinj.com\/blog\/wp-json\/wp\/v2\/posts\/91695\/revisions"}],"predecessor-version":[{"id":91699,"href":"https:\/\/www.visit-ulcinj.com\/blog\/wp-json\/wp\/v2\/posts\/91695\/revisions\/91699"}],"wp:attachment":[{"href":"https:\/\/www.visit-ulcinj.com\/blog\/wp-json\/wp\/v2\/media?parent=91695"}],"wp:term":[{"taxonomy":"category","embeddable":true,"href":"https:\/\/www.visit-ulcinj.com\/blog\/wp-json\/wp\/v2\/categories?post=91695"},{"taxonomy":"post_tag","embeddable":true,"href":"https:\/\/www.visit-ulcinj.com\/blog\/wp-json\/wp\/v2\/tags?post=91695"}],"curies":[{"name":"wp","href":"https:\/\/api.w.org\/{rel}","templated":true}]}}