{"id":91702,"date":"2015-07-21T18:51:32","date_gmt":"2015-07-21T17:51:32","guid":{"rendered":"http:\/\/www.visit-ulcinj.com\/blog\/?p=91702"},"modified":"2015-07-21T18:56:44","modified_gmt":"2015-07-21T17:56:44","slug":"pushuesit-e-pakenaqur-ne-ksamil","status":"publish","type":"post","link":"https:\/\/www.visit-ulcinj.com\/blog\/2015\/07\/21\/pushuesit-e-pakenaqur-ne-ksamil\/","title":{"rendered":"Pushuesit e pak\u00ebnaqur n\u00eb Ksamil &#8211; Video"},"content":{"rendered":"<p><a href=\"http:\/\/www.visit-ulcinj.com\/blog\/wp-content\/uploads\/2015\/07\/ksamil.jpg\"><img loading=\"lazy\" class=\"alignleft wp-image-91703\" src=\"http:\/\/www.visit-ulcinj.com\/blog\/wp-content\/uploads\/2015\/07\/ksamil.jpg\" alt=\"ksamil\" width=\"508\" height=\"264\" \/><\/a>Ksamili p\u00ebrfaq\u00ebson nj\u00eb prej vendpushimeve bregdetare m\u00eb t\u00eb frekuentara gjat\u00eb ver\u00ebs. Qyteza e vendosur n\u00eb skajin jugor t\u00eb vendit ofron plazhe t\u00eb vogla e t\u00eb pastra, nd\u00ebr m\u00eb t\u00eb bukurat e bregdetit Jonian.<\/p>\n<p>Q\u00eb prej fillimit t\u00eb muajit maj e deri n\u00eb fillim t\u00eb korrikut, Ksamili \u00ebsht\u00eb vizituar nga rreth 50 mij\u00eb pushues, shif\u00ebr kjo disi m\u00eb e lart\u00eb krahasuar me nj\u00eb vit m\u00eb par\u00eb p\u00ebrgjat\u00eb t\u00eb nj\u00ebjt\u00ebs periudh\u00eb.<\/p>\n<p>Pushuesit k\u00ebt\u00eb vit n\u00eb Ksamil duket se jan\u00eb nga nacionalitete t\u00eb ndryshme por ajo q\u00eb vihet re \u00ebsht\u00eb nj\u00eb dominim i pushuesve nga Kosova dhe Maqedonia.<\/p>\n<p>\u201cNe jemi nga Prishtina dhe kemi zgjedhur pushimet ti kalojm\u00eb n\u00eb Ksamil, p\u00ebr shkak se \u00ebsht\u00eb vend i mir\u00eb. Ky \u00ebsht\u00eb viti i dyt\u00eb q\u00eb vijm\u00eb k\u00ebtu. Past\u00ebrtia n\u00eb nivel \u00e7ka\u201d, thot\u00eb nj\u00eb pushues nga Prishtina.<\/p>\n<p>K\u00ebta t\u00eb fundit p\u00ebrtej k\u00ebnaq\u00ebsis\u00eb q\u00eb ofron deti, dielli dhe ishujt v\u00ebrejn\u00eb nj\u00eb rradh\u00eb problemesh t\u00eb lidhura me sh\u00ebrbimet n\u00eb Ksamil. Pushuesit nga Kosova dhe Maqedonia flasin p\u00ebr \u00e7mime t\u00eb larta dhe abuzive t\u00eb lidhura me parkimin e mjeteve si dhe p\u00ebr \u00e7mime abuzive dhe t\u00eb ndryshueshme n\u00eb plazhet publike.<\/p>\n<p>Nj\u00eb pjes\u00eb e pushuesve q\u00eb vijn\u00eb p\u00ebr t\u00eb disatin vit e gjejn\u00eb situat\u00ebn mjaft zhg\u00ebnjyese, lidhur me past\u00ebrtin\u00eb n\u00eb qytez\u00eb dhe munges\u00ebn e gjelb\u00ebrimit.<\/p>\n<p>\u201cShtrenjt\u00eb \u00ebsht\u00eb p\u00ebr nj\u00eb plazh publik. Shumica nuk e dim\u00eb n\u00ebse \u00ebsht\u00eb publik apo privat\u00eb\u201d, thot\u00eb nj\u00eb pushues nga Kosova.<\/p>\n<p>\u201cNe duam mik\u00ebpritje. Parat\u00eb sa i l\u00ebm\u00eb n\u00eb Malin e Zi, i l\u00ebm\u00eb n\u00eb shtetin ton\u00eb. Jam nga Peja. Tani do vijn\u00eb t\u00eb tjer\u00eb dhe do ket\u00eb fluks t\u00eb madh\u201d, thot\u00eb nj\u00eb tjet\u00ebr pushues nga Peja.<\/p>\n<p>\u201cSituata n\u00eb Ksamil \u00ebsht\u00eb zhg\u00ebnjyese. \u00cbsht\u00eb viti i pest\u00eb q\u00eb vij rishtazi dhe papast\u00ebrtia \u00ebsht\u00eb zhg\u00ebnjim total. Mua m\u00eb shqet\u00ebson pluhuri, rrug\u00ebt e pa b\u00ebra. N\u00eb pes\u00eb vjet asnj\u00eb pem\u00eb t\u00eb re\u201d, thot\u00eb nj\u00eb tjet\u00ebr pushues.<\/p>\n<p>Megjith\u00ebse k\u00ebt\u00eb vit qyteza e ka shtuar me 500 garsoniera t\u00eb reja kapacitetin akomodues duke e \u00e7uar numrin e shtret\u00ebrve n\u00eb rreth 12 mij\u00eb t\u00eb tilla, por ajo q\u00eb vihet re k\u00ebt\u00eb vit dhe q\u00eb mund t\u00eb identifikohet si nj\u00eb prej efekteve t\u00eb kriz\u00ebs n\u00eb rajon \u00ebsht\u00eb shkurtimi i koh\u00ebq\u00ebndrimit t\u00eb pushuesve, si dhe nj\u00eb lloj efekti kaotik i kontrollit mbi sh\u00ebrbimet, i lidhur me mosfunksionimin e pushtetit vendor q\u00eb pas zgjedhjeve lokale.\/ Top Channel<\/p>\n<!--YouTube Error: bad URL entered-->\n","protected":false},"excerpt":{"rendered":"<p>Ksamili p\u00ebrfaq\u00ebson nj\u00eb prej vendpushimeve bregdetare m\u00eb t\u00eb frekuentara gjat\u00eb ver\u00ebs. Qyteza e vendosur n\u00eb skajin jugor t\u00eb vendit ofron plazhe t\u00eb vogla e t\u00eb pastra, nd\u00ebr m\u00eb t\u00eb bukurat e bregdetit Jonian. Q\u00eb prej fillimit t\u00eb muajit maj e deri n\u00eb fillim t\u00eb korrikut, Ksamili \u00ebsht\u00eb vizituar nga rreth 50 mij\u00eb pushues, shif\u00ebr kjo [&hellip;]<\/p>\n","protected":false},"author":1,"featured_media":0,"comment_status":"closed","ping_status":"closed","sticky":false,"template":"","format":"standard","meta":{"spay_email":"","jetpack_publicize_message":"","jetpack_is_tweetstorm":false,"jetpack_publicize_feature_enabled":true},"categories":[6950],"tags":[],"jetpack_publicize_connections":[],"yoast_head":"<!-- This site is optimized with the Yoast SEO plugin v19.1 - https:\/\/yoast.com\/wordpress\/plugins\/seo\/ -->\n<title>Pushuesit e pak\u00ebnaqur n\u00eb Ksamil - Video - Lajme nga Ulqini<\/title>\n<meta name=\"description\" content=\"Ksamili p\u00ebrfaq\u00ebson nj\u00eb prej vendpushimeve bregdetare m\u00eb t\u00eb frekuentara gjat\u00eb ver\u00ebs. Qyteza e vendosur n\u00eb skajin jugor t\u00eb vendit ofron plazhe t\u00eb vogla e t\u00eb\" \/>\n<meta name=\"robots\" content=\"index, follow, max-snippet:-1, max-image-preview:large, max-video-preview:-1\" \/>\n<link rel=\"canonical\" href=\"https:\/\/www.visit-ulcinj.com\/blog\/2015\/07\/21\/pushuesit-e-pakenaqur-ne-ksamil\/\" \/>\n<meta property=\"og:locale\" content=\"en_US\" \/>\n<meta property=\"og:type\" content=\"article\" \/>\n<meta property=\"og:title\" content=\"Pushuesit e pak\u00ebnaqur n\u00eb Ksamil - Video - Lajme nga Ulqini\" \/>\n<meta property=\"og:description\" content=\"Ksamili p\u00ebrfaq\u00ebson nj\u00eb prej vendpushimeve bregdetare m\u00eb t\u00eb frekuentara gjat\u00eb ver\u00ebs. Qyteza e vendosur n\u00eb skajin jugor t\u00eb vendit ofron plazhe t\u00eb vogla e t\u00eb\" \/>\n<meta property=\"og:url\" content=\"https:\/\/www.visit-ulcinj.com\/blog\/2015\/07\/21\/pushuesit-e-pakenaqur-ne-ksamil\/\" \/>\n<meta property=\"og:site_name\" content=\"Lajme nga Ulqini\" \/>\n<meta property=\"article:published_time\" content=\"2015-07-21T17:51:32+00:00\" \/>\n<meta property=\"article:modified_time\" content=\"2015-07-21T17:56:44+00:00\" \/>\n<meta property=\"og:image\" content=\"http:\/\/www.visit-ulcinj.com\/blog\/wp-content\/uploads\/2015\/07\/ksamil.jpg\" \/>\n<meta name=\"twitter:label1\" content=\"Written by\" \/>\n\t<meta name=\"twitter:data1\" content=\"ulqini\" \/>\n\t<meta name=\"twitter:label2\" content=\"Est. reading time\" \/>\n\t<meta name=\"twitter:data2\" content=\"2 minutes\" \/>\n<script type=\"application\/ld+json\" class=\"yoast-schema-graph\">{\"@context\":\"https:\/\/schema.org\",\"@graph\":[{\"@type\":\"WebSite\",\"@id\":\"https:\/\/www.visit-ulcinj.com\/blog\/#website\",\"url\":\"https:\/\/www.visit-ulcinj.com\/blog\/\",\"name\":\"Lajme nga Ulqini\",\"description\":\"Lajme,Vijesti,Ulqini,Ulqin,Crna Gora,Mali i Zi\",\"potentialAction\":[{\"@type\":\"SearchAction\",\"target\":{\"@type\":\"EntryPoint\",\"urlTemplate\":\"https:\/\/www.visit-ulcinj.com\/blog\/?s={search_term_string}\"},\"query-input\":\"required name=search_term_string\"}],\"inLanguage\":\"en-US\"},{\"@type\":\"ImageObject\",\"inLanguage\":\"en-US\",\"@id\":\"https:\/\/www.visit-ulcinj.com\/blog\/2015\/07\/21\/pushuesit-e-pakenaqur-ne-ksamil\/#primaryimage\",\"url\":\"http:\/\/www.visit-ulcinj.com\/blog\/wp-content\/uploads\/2015\/07\/ksamil.jpg\",\"contentUrl\":\"http:\/\/www.visit-ulcinj.com\/blog\/wp-content\/uploads\/2015\/07\/ksamil.jpg\"},{\"@type\":\"WebPage\",\"@id\":\"https:\/\/www.visit-ulcinj.com\/blog\/2015\/07\/21\/pushuesit-e-pakenaqur-ne-ksamil\/#webpage\",\"url\":\"https:\/\/www.visit-ulcinj.com\/blog\/2015\/07\/21\/pushuesit-e-pakenaqur-ne-ksamil\/\",\"name\":\"Pushuesit e pak\u00ebnaqur n\u00eb Ksamil - Video - Lajme nga Ulqini\",\"isPartOf\":{\"@id\":\"https:\/\/www.visit-ulcinj.com\/blog\/#website\"},\"primaryImageOfPage\":{\"@id\":\"https:\/\/www.visit-ulcinj.com\/blog\/2015\/07\/21\/pushuesit-e-pakenaqur-ne-ksamil\/#primaryimage\"},\"datePublished\":\"2015-07-21T17:51:32+00:00\",\"dateModified\":\"2015-07-21T17:56:44+00:00\",\"author\":{\"@id\":\"https:\/\/www.visit-ulcinj.com\/blog\/#\/schema\/person\/dcab619c614d3038751c63bc2aadc06d\"},\"description\":\"Ksamili p\u00ebrfaq\u00ebson nj\u00eb prej vendpushimeve bregdetare m\u00eb t\u00eb frekuentara gjat\u00eb ver\u00ebs. Qyteza e vendosur n\u00eb skajin jugor t\u00eb vendit ofron plazhe t\u00eb vogla e t\u00eb\",\"breadcrumb\":{\"@id\":\"https:\/\/www.visit-ulcinj.com\/blog\/2015\/07\/21\/pushuesit-e-pakenaqur-ne-ksamil\/#breadcrumb\"},\"inLanguage\":\"en-US\",\"potentialAction\":[{\"@type\":\"ReadAction\",\"target\":[\"https:\/\/www.visit-ulcinj.com\/blog\/2015\/07\/21\/pushuesit-e-pakenaqur-ne-ksamil\/\"]}]},{\"@type\":\"BreadcrumbList\",\"@id\":\"https:\/\/www.visit-ulcinj.com\/blog\/2015\/07\/21\/pushuesit-e-pakenaqur-ne-ksamil\/#breadcrumb\",\"itemListElement\":[{\"@type\":\"ListItem\",\"position\":1,\"name\":\"Pushuesit e pak\u00ebnaqur n\u00eb Ksamil &#8211; Video\"}]},{\"@type\":\"Person\",\"@id\":\"https:\/\/www.visit-ulcinj.com\/blog\/#\/schema\/person\/dcab619c614d3038751c63bc2aadc06d\",\"name\":\"ulqini\",\"sameAs\":[\"http:\/\/www.visit-ulcinj.com\"],\"url\":\"https:\/\/www.visit-ulcinj.com\/blog\/author\/admin\/\"}]}<\/script>\n<!-- \/ Yoast SEO plugin. -->","yoast_head_json":{"title":"Pushuesit e pak\u00ebnaqur n\u00eb Ksamil - Video - Lajme nga Ulqini","description":"Ksamili p\u00ebrfaq\u00ebson nj\u00eb prej vendpushimeve bregdetare m\u00eb t\u00eb frekuentara gjat\u00eb ver\u00ebs. Qyteza e vendosur n\u00eb skajin jugor t\u00eb vendit ofron plazhe t\u00eb vogla e t\u00eb","robots":{"index":"index","follow":"follow","max-snippet":"max-snippet:-1","max-image-preview":"max-image-preview:large","max-video-preview":"max-video-preview:-1"},"canonical":"https:\/\/www.visit-ulcinj.com\/blog\/2015\/07\/21\/pushuesit-e-pakenaqur-ne-ksamil\/","og_locale":"en_US","og_type":"article","og_title":"Pushuesit e pak\u00ebnaqur n\u00eb Ksamil - Video - Lajme nga Ulqini","og_description":"Ksamili p\u00ebrfaq\u00ebson nj\u00eb prej vendpushimeve bregdetare m\u00eb t\u00eb frekuentara gjat\u00eb ver\u00ebs. Qyteza e vendosur n\u00eb skajin jugor t\u00eb vendit ofron plazhe t\u00eb vogla e t\u00eb","og_url":"https:\/\/www.visit-ulcinj.com\/blog\/2015\/07\/21\/pushuesit-e-pakenaqur-ne-ksamil\/","og_site_name":"Lajme nga Ulqini","article_published_time":"2015-07-21T17:51:32+00:00","article_modified_time":"2015-07-21T17:56:44+00:00","og_image":[{"url":"http:\/\/www.visit-ulcinj.com\/blog\/wp-content\/uploads\/2015\/07\/ksamil.jpg"}],"twitter_misc":{"Written by":"ulqini","Est. reading time":"2 minutes"},"schema":{"@context":"https:\/\/schema.org","@graph":[{"@type":"WebSite","@id":"https:\/\/www.visit-ulcinj.com\/blog\/#website","url":"https:\/\/www.visit-ulcinj.com\/blog\/","name":"Lajme nga Ulqini","description":"Lajme,Vijesti,Ulqini,Ulqin,Crna Gora,Mali i Zi","potentialAction":[{"@type":"SearchAction","target":{"@type":"EntryPoint","urlTemplate":"https:\/\/www.visit-ulcinj.com\/blog\/?s={search_term_string}"},"query-input":"required name=search_term_string"}],"inLanguage":"en-US"},{"@type":"ImageObject","inLanguage":"en-US","@id":"https:\/\/www.visit-ulcinj.com\/blog\/2015\/07\/21\/pushuesit-e-pakenaqur-ne-ksamil\/#primaryimage","url":"http:\/\/www.visit-ulcinj.com\/blog\/wp-content\/uploads\/2015\/07\/ksamil.jpg","contentUrl":"http:\/\/www.visit-ulcinj.com\/blog\/wp-content\/uploads\/2015\/07\/ksamil.jpg"},{"@type":"WebPage","@id":"https:\/\/www.visit-ulcinj.com\/blog\/2015\/07\/21\/pushuesit-e-pakenaqur-ne-ksamil\/#webpage","url":"https:\/\/www.visit-ulcinj.com\/blog\/2015\/07\/21\/pushuesit-e-pakenaqur-ne-ksamil\/","name":"Pushuesit e pak\u00ebnaqur n\u00eb Ksamil - Video - Lajme nga Ulqini","isPartOf":{"@id":"https:\/\/www.visit-ulcinj.com\/blog\/#website"},"primaryImageOfPage":{"@id":"https:\/\/www.visit-ulcinj.com\/blog\/2015\/07\/21\/pushuesit-e-pakenaqur-ne-ksamil\/#primaryimage"},"datePublished":"2015-07-21T17:51:32+00:00","dateModified":"2015-07-21T17:56:44+00:00","author":{"@id":"https:\/\/www.visit-ulcinj.com\/blog\/#\/schema\/person\/dcab619c614d3038751c63bc2aadc06d"},"description":"Ksamili p\u00ebrfaq\u00ebson nj\u00eb prej vendpushimeve bregdetare m\u00eb t\u00eb frekuentara gjat\u00eb ver\u00ebs. Qyteza e vendosur n\u00eb skajin jugor t\u00eb vendit ofron plazhe t\u00eb vogla e t\u00eb","breadcrumb":{"@id":"https:\/\/www.visit-ulcinj.com\/blog\/2015\/07\/21\/pushuesit-e-pakenaqur-ne-ksamil\/#breadcrumb"},"inLanguage":"en-US","potentialAction":[{"@type":"ReadAction","target":["https:\/\/www.visit-ulcinj.com\/blog\/2015\/07\/21\/pushuesit-e-pakenaqur-ne-ksamil\/"]}]},{"@type":"BreadcrumbList","@id":"https:\/\/www.visit-ulcinj.com\/blog\/2015\/07\/21\/pushuesit-e-pakenaqur-ne-ksamil\/#breadcrumb","itemListElement":[{"@type":"ListItem","position":1,"name":"Pushuesit e pak\u00ebnaqur n\u00eb Ksamil &#8211; Video"}]},{"@type":"Person","@id":"https:\/\/www.visit-ulcinj.com\/blog\/#\/schema\/person\/dcab619c614d3038751c63bc2aadc06d","name":"ulqini","sameAs":["http:\/\/www.visit-ulcinj.com"],"url":"https:\/\/www.visit-ulcinj.com\/blog\/author\/admin\/"}]}},"jetpack_featured_media_url":"","jetpack_sharing_enabled":true,"jetpack_shortlink":"https:\/\/wp.me\/pe6lTn-nR4","_links":{"self":[{"href":"https:\/\/www.visit-ulcinj.com\/blog\/wp-json\/wp\/v2\/posts\/91702"}],"collection":[{"href":"https:\/\/www.visit-ulcinj.com\/blog\/wp-json\/wp\/v2\/posts"}],"about":[{"href":"https:\/\/www.visit-ulcinj.com\/blog\/wp-json\/wp\/v2\/types\/post"}],"author":[{"embeddable":true,"href":"https:\/\/www.visit-ulcinj.com\/blog\/wp-json\/wp\/v2\/users\/1"}],"replies":[{"embeddable":true,"href":"https:\/\/www.visit-ulcinj.com\/blog\/wp-json\/wp\/v2\/comments?post=91702"}],"version-history":[{"count":2,"href":"https:\/\/www.visit-ulcinj.com\/blog\/wp-json\/wp\/v2\/posts\/91702\/revisions"}],"predecessor-version":[{"id":91705,"href":"https:\/\/www.visit-ulcinj.com\/blog\/wp-json\/wp\/v2\/posts\/91702\/revisions\/91705"}],"wp:attachment":[{"href":"https:\/\/www.visit-ulcinj.com\/blog\/wp-json\/wp\/v2\/media?parent=91702"}],"wp:term":[{"taxonomy":"category","embeddable":true,"href":"https:\/\/www.visit-ulcinj.com\/blog\/wp-json\/wp\/v2\/categories?post=91702"},{"taxonomy":"post_tag","embeddable":true,"href":"https:\/\/www.visit-ulcinj.com\/blog\/wp-json\/wp\/v2\/tags?post=91702"}],"curies":[{"name":"wp","href":"https:\/\/api.w.org\/{rel}","templated":true}]}}