{"id":91708,"date":"2015-07-22T19:05:55","date_gmt":"2015-07-22T18:05:55","guid":{"rendered":"http:\/\/www.visit-ulcinj.com\/blog\/?p=91708"},"modified":"2015-07-22T19:05:55","modified_gmt":"2015-07-22T18:05:55","slug":"26-31-korrik-panairi-tradicional-librit-ulqini-2015","status":"publish","type":"post","link":"https:\/\/www.visit-ulcinj.com\/blog\/2015\/07\/22\/26-31-korrik-panairi-tradicional-librit-ulqini-2015\/","title":{"rendered":"26 \u2013 31 korrik Panairi Tradicional i Librit \u201cUlqini 2015\u201d"},"content":{"rendered":"<p><a href=\"http:\/\/www.visit-ulcinj.com\/blog\/wp-content\/uploads\/2012\/07\/Panairi-i-librit-ne-Ulqin.jpg\"><img loading=\"lazy\" class=\"alignleft wp-image-62431 size-full\" src=\"http:\/\/www.visit-ulcinj.com\/blog\/wp-content\/uploads\/2012\/07\/Panairi-i-librit-ne-Ulqin.jpg\" alt=\"Panairi i librit ne Ulqin\" width=\"508\" height=\"381\" srcset=\"https:\/\/www.visit-ulcinj.com\/blog\/wp-content\/uploads\/2012\/07\/Panairi-i-librit-ne-Ulqin.jpg 508w, https:\/\/www.visit-ulcinj.com\/blog\/wp-content\/uploads\/2012\/07\/Panairi-i-librit-ne-Ulqin-300x224.jpg 300w\" sizes=\"(max-width: 508px) 100vw, 508px\" \/><\/a>Nj\u00eb num\u00ebr i konsideruesh\u00ebm librash t\u00eb rinj, q\u00eb do t\u00eb prezantohen n\u00eb k\u00ebt\u00eb panair, i p\u00ebrkasin let\u00ebrsis\u00eb antike, let\u00ebrsis\u00eb p\u00ebr f\u00ebmij\u00eb, botime enciklopedike, guida turistike, fjalor\u00eb, poezi dhe romane.<br \/>\nN\u00eb qytetin e Ulqinit, do t\u00eb organizohet Panairi Tradicional i Librit \u201cUlqini 2015\u201d. Ky aktivitet do t\u00eb organizohet n\u00eb periudh\u00ebn 26 \u2013 31 korrik nga Komuna e Ulqinit dhe Instituti i Librit dhe i Promocionit Tiran\u00eb.<br \/>\nVe\u00e7 librave nga Shqip\u00ebria, Kosova e Maqedonia, do t\u00eb ekspozohen libra e do t\u00eb marrin pjes\u00eb botues edhe nga Mali i Zi e pakicat e tjera komb\u00ebtare t\u00eb k\u00ebsaj republike.<br \/>\nN\u00eb k\u00ebt\u00eb eveniment kulturor parashikohet t\u00eb ekspozohen dhe t\u00eb ofrohen p\u00ebr shitje mbi 4000 tituj librash, nga t\u00eb cilat mbi 400 jan\u00eb tituj t\u00eb rinj.<br \/>\n\u00cbsht\u00eb tradit\u00eb e panairit q\u00eb t\u00eb ket\u00eb n\u00eb \u00e7do edicion t\u00eb ftuar t\u00eb ve\u00e7ant\u00eb, personalitete nga fusha e kultur\u00ebs, akademik\u00eb, administrata shtet\u00ebrore apo politika.<br \/>\nNj\u00eb num\u00ebr i konsideruesh\u00ebm librash t\u00eb rinj, q\u00eb do t\u00eb prezantohen n\u00eb k\u00ebt\u00eb panair, i p\u00ebrkasin let\u00ebrsis\u00eb antike, let\u00ebrsis\u00eb p\u00ebr f\u00ebmij\u00eb, botime enciklopedike, guida turistike, fjalor\u00eb, poezi dhe romane.<\/p>\n<p><strong>RTV21 Media<\/strong><\/p>\n","protected":false},"excerpt":{"rendered":"<p>Nj\u00eb num\u00ebr i konsideruesh\u00ebm librash t\u00eb rinj, q\u00eb do t\u00eb prezantohen n\u00eb k\u00ebt\u00eb panair, i p\u00ebrkasin let\u00ebrsis\u00eb antike, let\u00ebrsis\u00eb p\u00ebr f\u00ebmij\u00eb, botime enciklopedike, guida turistike, fjalor\u00eb, poezi dhe romane. N\u00eb qytetin e Ulqinit, do t\u00eb organizohet Panairi Tradicional i Librit \u201cUlqini 2015\u201d. Ky aktivitet do t\u00eb organizohet n\u00eb periudh\u00ebn 26 \u2013 31 korrik nga Komuna [&hellip;]<\/p>\n","protected":false},"author":1,"featured_media":0,"comment_status":"closed","ping_status":"closed","sticky":false,"template":"","format":"standard","meta":{"spay_email":"","jetpack_publicize_message":"","jetpack_is_tweetstorm":false,"jetpack_publicize_feature_enabled":true},"categories":[4],"tags":[],"jetpack_publicize_connections":[],"yoast_head":"<!-- This site is optimized with the Yoast SEO plugin v19.1 - https:\/\/yoast.com\/wordpress\/plugins\/seo\/ -->\n<title>26 \u2013 31 korrik Panairi Tradicional i Librit \u201cUlqini 2015\u201d - Lajme nga Ulqini<\/title>\n<meta name=\"description\" content=\"Nj\u00eb num\u00ebr i konsideruesh\u00ebm librash t\u00eb rinj, q\u00eb do t\u00eb prezantohen n\u00eb k\u00ebt\u00eb panair, i p\u00ebrkasin let\u00ebrsis\u00eb antike, let\u00ebrsis\u00eb p\u00ebr f\u00ebmij\u00eb, botime enciklopedike,\" \/>\n<meta name=\"robots\" content=\"index, follow, max-snippet:-1, max-image-preview:large, max-video-preview:-1\" \/>\n<link rel=\"canonical\" href=\"https:\/\/www.visit-ulcinj.com\/blog\/2015\/07\/22\/26-31-korrik-panairi-tradicional-librit-ulqini-2015\/\" \/>\n<meta property=\"og:locale\" content=\"en_US\" \/>\n<meta property=\"og:type\" content=\"article\" \/>\n<meta property=\"og:title\" content=\"26 \u2013 31 korrik Panairi Tradicional i Librit \u201cUlqini 2015\u201d - Lajme nga Ulqini\" \/>\n<meta property=\"og:description\" content=\"Nj\u00eb num\u00ebr i konsideruesh\u00ebm librash t\u00eb rinj, q\u00eb do t\u00eb prezantohen n\u00eb k\u00ebt\u00eb panair, i p\u00ebrkasin let\u00ebrsis\u00eb antike, let\u00ebrsis\u00eb p\u00ebr f\u00ebmij\u00eb, botime enciklopedike,\" \/>\n<meta property=\"og:url\" content=\"https:\/\/www.visit-ulcinj.com\/blog\/2015\/07\/22\/26-31-korrik-panairi-tradicional-librit-ulqini-2015\/\" \/>\n<meta property=\"og:site_name\" content=\"Lajme nga Ulqini\" \/>\n<meta property=\"article:published_time\" content=\"2015-07-22T18:05:55+00:00\" \/>\n<meta property=\"og:image\" content=\"http:\/\/www.visit-ulcinj.com\/blog\/wp-content\/uploads\/2012\/07\/Panairi-i-librit-ne-Ulqin.jpg\" \/>\n<meta name=\"twitter:label1\" content=\"Written by\" \/>\n\t<meta name=\"twitter:data1\" content=\"ulqini\" \/>\n\t<meta name=\"twitter:label2\" content=\"Est. reading time\" \/>\n\t<meta name=\"twitter:data2\" content=\"1 minute\" \/>\n<script type=\"application\/ld+json\" class=\"yoast-schema-graph\">{\"@context\":\"https:\/\/schema.org\",\"@graph\":[{\"@type\":\"WebSite\",\"@id\":\"https:\/\/www.visit-ulcinj.com\/blog\/#website\",\"url\":\"https:\/\/www.visit-ulcinj.com\/blog\/\",\"name\":\"Lajme nga Ulqini\",\"description\":\"Lajme,Vijesti,Ulqini,Ulqin,Crna Gora,Mali i Zi\",\"potentialAction\":[{\"@type\":\"SearchAction\",\"target\":{\"@type\":\"EntryPoint\",\"urlTemplate\":\"https:\/\/www.visit-ulcinj.com\/blog\/?s={search_term_string}\"},\"query-input\":\"required name=search_term_string\"}],\"inLanguage\":\"en-US\"},{\"@type\":\"ImageObject\",\"inLanguage\":\"en-US\",\"@id\":\"https:\/\/www.visit-ulcinj.com\/blog\/2015\/07\/22\/26-31-korrik-panairi-tradicional-librit-ulqini-2015\/#primaryimage\",\"url\":\"https:\/\/www.visit-ulcinj.com\/blog\/wp-content\/uploads\/2012\/07\/Panairi-i-librit-ne-Ulqin.jpg\",\"contentUrl\":\"https:\/\/www.visit-ulcinj.com\/blog\/wp-content\/uploads\/2012\/07\/Panairi-i-librit-ne-Ulqin.jpg\",\"width\":\"508\",\"height\":\"381\"},{\"@type\":\"WebPage\",\"@id\":\"https:\/\/www.visit-ulcinj.com\/blog\/2015\/07\/22\/26-31-korrik-panairi-tradicional-librit-ulqini-2015\/#webpage\",\"url\":\"https:\/\/www.visit-ulcinj.com\/blog\/2015\/07\/22\/26-31-korrik-panairi-tradicional-librit-ulqini-2015\/\",\"name\":\"26 \u2013 31 korrik Panairi Tradicional i Librit \u201cUlqini 2015\u201d - Lajme nga Ulqini\",\"isPartOf\":{\"@id\":\"https:\/\/www.visit-ulcinj.com\/blog\/#website\"},\"primaryImageOfPage\":{\"@id\":\"https:\/\/www.visit-ulcinj.com\/blog\/2015\/07\/22\/26-31-korrik-panairi-tradicional-librit-ulqini-2015\/#primaryimage\"},\"datePublished\":\"2015-07-22T18:05:55+00:00\",\"dateModified\":\"2015-07-22T18:05:55+00:00\",\"author\":{\"@id\":\"https:\/\/www.visit-ulcinj.com\/blog\/#\/schema\/person\/dcab619c614d3038751c63bc2aadc06d\"},\"description\":\"Nj\u00eb num\u00ebr i konsideruesh\u00ebm librash t\u00eb rinj, q\u00eb do t\u00eb prezantohen n\u00eb k\u00ebt\u00eb panair, i p\u00ebrkasin let\u00ebrsis\u00eb antike, let\u00ebrsis\u00eb p\u00ebr f\u00ebmij\u00eb, botime enciklopedike,\",\"breadcrumb\":{\"@id\":\"https:\/\/www.visit-ulcinj.com\/blog\/2015\/07\/22\/26-31-korrik-panairi-tradicional-librit-ulqini-2015\/#breadcrumb\"},\"inLanguage\":\"en-US\",\"potentialAction\":[{\"@type\":\"ReadAction\",\"target\":[\"https:\/\/www.visit-ulcinj.com\/blog\/2015\/07\/22\/26-31-korrik-panairi-tradicional-librit-ulqini-2015\/\"]}]},{\"@type\":\"BreadcrumbList\",\"@id\":\"https:\/\/www.visit-ulcinj.com\/blog\/2015\/07\/22\/26-31-korrik-panairi-tradicional-librit-ulqini-2015\/#breadcrumb\",\"itemListElement\":[{\"@type\":\"ListItem\",\"position\":1,\"name\":\"26 \u2013 31 korrik Panairi Tradicional i Librit \u201cUlqini 2015\u201d\"}]},{\"@type\":\"Person\",\"@id\":\"https:\/\/www.visit-ulcinj.com\/blog\/#\/schema\/person\/dcab619c614d3038751c63bc2aadc06d\",\"name\":\"ulqini\",\"sameAs\":[\"http:\/\/www.visit-ulcinj.com\"],\"url\":\"https:\/\/www.visit-ulcinj.com\/blog\/author\/admin\/\"}]}<\/script>\n<!-- \/ Yoast SEO plugin. -->","yoast_head_json":{"title":"26 \u2013 31 korrik Panairi Tradicional i Librit \u201cUlqini 2015\u201d - Lajme nga Ulqini","description":"Nj\u00eb num\u00ebr i konsideruesh\u00ebm librash t\u00eb rinj, q\u00eb do t\u00eb prezantohen n\u00eb k\u00ebt\u00eb panair, i p\u00ebrkasin let\u00ebrsis\u00eb antike, let\u00ebrsis\u00eb p\u00ebr f\u00ebmij\u00eb, botime enciklopedike,","robots":{"index":"index","follow":"follow","max-snippet":"max-snippet:-1","max-image-preview":"max-image-preview:large","max-video-preview":"max-video-preview:-1"},"canonical":"https:\/\/www.visit-ulcinj.com\/blog\/2015\/07\/22\/26-31-korrik-panairi-tradicional-librit-ulqini-2015\/","og_locale":"en_US","og_type":"article","og_title":"26 \u2013 31 korrik Panairi Tradicional i Librit \u201cUlqini 2015\u201d - Lajme nga Ulqini","og_description":"Nj\u00eb num\u00ebr i konsideruesh\u00ebm librash t\u00eb rinj, q\u00eb do t\u00eb prezantohen n\u00eb k\u00ebt\u00eb panair, i p\u00ebrkasin let\u00ebrsis\u00eb antike, let\u00ebrsis\u00eb p\u00ebr f\u00ebmij\u00eb, botime enciklopedike,","og_url":"https:\/\/www.visit-ulcinj.com\/blog\/2015\/07\/22\/26-31-korrik-panairi-tradicional-librit-ulqini-2015\/","og_site_name":"Lajme nga Ulqini","article_published_time":"2015-07-22T18:05:55+00:00","og_image":[{"url":"http:\/\/www.visit-ulcinj.com\/blog\/wp-content\/uploads\/2012\/07\/Panairi-i-librit-ne-Ulqin.jpg"}],"twitter_misc":{"Written by":"ulqini","Est. reading time":"1 minute"},"schema":{"@context":"https:\/\/schema.org","@graph":[{"@type":"WebSite","@id":"https:\/\/www.visit-ulcinj.com\/blog\/#website","url":"https:\/\/www.visit-ulcinj.com\/blog\/","name":"Lajme nga Ulqini","description":"Lajme,Vijesti,Ulqini,Ulqin,Crna Gora,Mali i Zi","potentialAction":[{"@type":"SearchAction","target":{"@type":"EntryPoint","urlTemplate":"https:\/\/www.visit-ulcinj.com\/blog\/?s={search_term_string}"},"query-input":"required name=search_term_string"}],"inLanguage":"en-US"},{"@type":"ImageObject","inLanguage":"en-US","@id":"https:\/\/www.visit-ulcinj.com\/blog\/2015\/07\/22\/26-31-korrik-panairi-tradicional-librit-ulqini-2015\/#primaryimage","url":"https:\/\/www.visit-ulcinj.com\/blog\/wp-content\/uploads\/2012\/07\/Panairi-i-librit-ne-Ulqin.jpg","contentUrl":"https:\/\/www.visit-ulcinj.com\/blog\/wp-content\/uploads\/2012\/07\/Panairi-i-librit-ne-Ulqin.jpg","width":"508","height":"381"},{"@type":"WebPage","@id":"https:\/\/www.visit-ulcinj.com\/blog\/2015\/07\/22\/26-31-korrik-panairi-tradicional-librit-ulqini-2015\/#webpage","url":"https:\/\/www.visit-ulcinj.com\/blog\/2015\/07\/22\/26-31-korrik-panairi-tradicional-librit-ulqini-2015\/","name":"26 \u2013 31 korrik Panairi Tradicional i Librit \u201cUlqini 2015\u201d - Lajme nga Ulqini","isPartOf":{"@id":"https:\/\/www.visit-ulcinj.com\/blog\/#website"},"primaryImageOfPage":{"@id":"https:\/\/www.visit-ulcinj.com\/blog\/2015\/07\/22\/26-31-korrik-panairi-tradicional-librit-ulqini-2015\/#primaryimage"},"datePublished":"2015-07-22T18:05:55+00:00","dateModified":"2015-07-22T18:05:55+00:00","author":{"@id":"https:\/\/www.visit-ulcinj.com\/blog\/#\/schema\/person\/dcab619c614d3038751c63bc2aadc06d"},"description":"Nj\u00eb num\u00ebr i konsideruesh\u00ebm librash t\u00eb rinj, q\u00eb do t\u00eb prezantohen n\u00eb k\u00ebt\u00eb panair, i p\u00ebrkasin let\u00ebrsis\u00eb antike, let\u00ebrsis\u00eb p\u00ebr f\u00ebmij\u00eb, botime enciklopedike,","breadcrumb":{"@id":"https:\/\/www.visit-ulcinj.com\/blog\/2015\/07\/22\/26-31-korrik-panairi-tradicional-librit-ulqini-2015\/#breadcrumb"},"inLanguage":"en-US","potentialAction":[{"@type":"ReadAction","target":["https:\/\/www.visit-ulcinj.com\/blog\/2015\/07\/22\/26-31-korrik-panairi-tradicional-librit-ulqini-2015\/"]}]},{"@type":"BreadcrumbList","@id":"https:\/\/www.visit-ulcinj.com\/blog\/2015\/07\/22\/26-31-korrik-panairi-tradicional-librit-ulqini-2015\/#breadcrumb","itemListElement":[{"@type":"ListItem","position":1,"name":"26 \u2013 31 korrik Panairi Tradicional i Librit \u201cUlqini 2015\u201d"}]},{"@type":"Person","@id":"https:\/\/www.visit-ulcinj.com\/blog\/#\/schema\/person\/dcab619c614d3038751c63bc2aadc06d","name":"ulqini","sameAs":["http:\/\/www.visit-ulcinj.com"],"url":"https:\/\/www.visit-ulcinj.com\/blog\/author\/admin\/"}]}},"jetpack_featured_media_url":"","jetpack_sharing_enabled":true,"jetpack_shortlink":"https:\/\/wp.me\/pe6lTn-nRa","_links":{"self":[{"href":"https:\/\/www.visit-ulcinj.com\/blog\/wp-json\/wp\/v2\/posts\/91708"}],"collection":[{"href":"https:\/\/www.visit-ulcinj.com\/blog\/wp-json\/wp\/v2\/posts"}],"about":[{"href":"https:\/\/www.visit-ulcinj.com\/blog\/wp-json\/wp\/v2\/types\/post"}],"author":[{"embeddable":true,"href":"https:\/\/www.visit-ulcinj.com\/blog\/wp-json\/wp\/v2\/users\/1"}],"replies":[{"embeddable":true,"href":"https:\/\/www.visit-ulcinj.com\/blog\/wp-json\/wp\/v2\/comments?post=91708"}],"version-history":[{"count":1,"href":"https:\/\/www.visit-ulcinj.com\/blog\/wp-json\/wp\/v2\/posts\/91708\/revisions"}],"predecessor-version":[{"id":91709,"href":"https:\/\/www.visit-ulcinj.com\/blog\/wp-json\/wp\/v2\/posts\/91708\/revisions\/91709"}],"wp:attachment":[{"href":"https:\/\/www.visit-ulcinj.com\/blog\/wp-json\/wp\/v2\/media?parent=91708"}],"wp:term":[{"taxonomy":"category","embeddable":true,"href":"https:\/\/www.visit-ulcinj.com\/blog\/wp-json\/wp\/v2\/categories?post=91708"},{"taxonomy":"post_tag","embeddable":true,"href":"https:\/\/www.visit-ulcinj.com\/blog\/wp-json\/wp\/v2\/tags?post=91708"}],"curies":[{"name":"wp","href":"https:\/\/api.w.org\/{rel}","templated":true}]}}