{"id":91714,"date":"2015-07-22T19:32:27","date_gmt":"2015-07-22T18:32:27","guid":{"rendered":"http:\/\/www.visit-ulcinj.com\/blog\/?p=91714"},"modified":"2015-07-22T19:32:27","modified_gmt":"2015-07-22T18:32:27","slug":"o-ulicama-u-ulcinju-ce-odluciti-nadlezni-sudovi","status":"publish","type":"post","link":"https:\/\/www.visit-ulcinj.com\/blog\/2015\/07\/22\/o-ulicama-u-ulcinju-ce-odluciti-nadlezni-sudovi\/","title":{"rendered":"O ulicama u Ulcinju \u0107e odlu\u010diti nadle\u017eni sudovi"},"content":{"rendered":"<div class=\"credits cf\"><strong><span class=\"credits__author\"> <a href=\"http:\/\/www.visit-ulcinj.com\/blog\/wp-content\/uploads\/2015\/07\/ulcinj.jpg\"><img loading=\"lazy\" class=\"alignleft wp-image-91715\" src=\"http:\/\/www.visit-ulcinj.com\/blog\/wp-content\/uploads\/2015\/07\/ulcinj.jpg\" alt=\"ulcinj\" width=\"508\" height=\"381\" srcset=\"https:\/\/www.visit-ulcinj.com\/blog\/wp-content\/uploads\/2015\/07\/ulcinj.jpg 960w, https:\/\/www.visit-ulcinj.com\/blog\/wp-content\/uploads\/2015\/07\/ulcinj-300x225.jpg 300w\" sizes=\"(max-width: 508px) 100vw, 508px\" \/><\/a>Autor: Samir Adrovi\u0107 <\/span><\/strong><\/div>\n<div class=\"article_content cf\">\n<div class=\"fb-share-button fb_iframe_widget\" data-type=\"button_count\">\n<div class=\"fb-share-button fb_iframe_widget\" data-type=\"box_count\"><\/div>\n<div id=\"___plusone_0\">\u00a0Ulcinjski parlament usvojio je ju\u010de predloge odluka o preimenovanju ulica u mjesnim zajednicama 1 i 2 i \u0160toju, ali \u0107e ocjenu zakonitosti tih akata dati nadle\u017eni sudovi.<\/div>\n<\/div>\n<div class=\"content\">\n<p>To je odbornicima vladaju\u0107e koalicije (Forca, DP i URA) predo\u010dio odbornik SNP Andrija \u0106etkovi\u0107 koji je nekoliko puta za skup\u0161tinskom govornicom ponovio da Savjet za imenovanje ulica i trgova nije po\u0161tovao zakonsku proceduru.<\/p>\n<p>Jo\u0161 o\u0161triji u diskusiji bio je odbornik DF-a Milan Rolovi\u0107 koji je optu\u017eio predsjednika savjeta Nailja Dragu i \u0161efa SO Fuada Had\u017eibetija da su radili netransparentno i falsifikovali pojedina dokumenta kako bi obmanuli odbornike i javnost.<\/p>\n<p>\u201cPosljednja sjednica savjeta odr\u017eana je \u0161estog maja bez mi\u0161ljenja MZ 1 i MZ 2. Iako \u010dlan savjeta, to mi\u0161ljenje koje datira s kraja maja, dobio sam nedavno sa skup\u0161tinskim materijalom. Tu se vide lo\u0161e namjere\u201d, kazao je Rolovi\u0107, navode\u0107i da se u predlogu ne vidi ko su predlaga\u010di niti ima adekvatno obrazlo\u017eenje za sve.<\/p>\n<p>Draga je, odgovaraju\u0107i na optu\u017ebe \u0106etkovi\u0107a i Rolovi\u0107a, kazao da ga raduje \u010dinjenica da u ulcinjskom parlamentu vi\u0161e nema tabu tema ni prerasuda.<\/p>\n<p>\u201cVidite kako mo\u017eemo da pri\u010damo o svemu i to je dobro za sve nas\u201d, kazao je Draga, navode\u0107i da su predlozi odluka savjeta pravi model kako treba raditi i u drugim gradovima.<\/p>\n<p>Predlogom odluke, pored zna\u010dajnih imena iz istorije Albanaca, ulice u Ulcinju dobi\u0107e Radovan Zogovi\u0107 i Pavle Mijovi\u0107.<\/p>\n<p>\u201cDobro bi bilo da i Podgorica da neku ulicu zaslu\u017enim ljudima iz na\u0161e istorije\u201d, kazao je Draga.<\/p>\n<p>Odbornici DUA Mehmet Zenka i Hatid\u017ea \u0110oni podr\u017eali su predloge lokalne vlasti, upozoravaju\u0107i da bi novo obaranje odluke bilo sprdanje sa istorijom grada i li\u010dnostima koji bi trebalo da ponesu imena.<\/p>\n<p>\u201cMolim boga da ste ovaj put sve uradili kako treba\u201d, kazao je Zenka, aludiraju\u0107i na gotovo identi\u010dnu odluku SO Ulcinj od prije 13 godina, koju je nakon \u017ealbe SNP, zbog formalnih propusta, poni\u0161tio Ustavni sud.<\/p>\n<p>Had\u017eibeti je kazao da su on li\u010dno i savjet po\u0161tovali zakonskie procedure i od resornog ministarstva dobili saglasnost na Program za nazive ulica za 2015.godinu, koji \u0107e se uskoro na\u0107i pred odbornicima.<\/p>\n<p>\u201cUsvojili smo odluke o imenovanju ulica u MZ 1 i MZ 2 koje samo nose imena toponima i prezimena kao i preimenovanje imena ulica u \u0160toju brojevima, za \u0161ta nam nije bila potrebna saglasnost Vlade. Mora\u0107emo uskoro da usvojimo i program, da ga objavimo u slu\u017ebenom listu, dostavimo resornom ministru na saglasnost i nakon toga ga usvojimo kao odluku\u201d, kazao je Had\u017eibeti.<\/p>\n<p>Bulevari Mar\u0161ala Tita i Bratstva i jedinstva, programom \u0107e biti preimenovani u bulevare \u0110er\u0111a Kastriota Skenderbega i Samija Fra\u0161erija, a ulice 26. novembra, Ivana Milutinovi\u0107a i \u0106azima Resulbegovi\u0107a ponije\u0107e imena Hafiza Ali Ulqinakua, Muja Ulqinakua i Imera Prizrenija. Za Resulbegovi\u0107a je rezervisana ulica od pravoslavnog groblja do Limana, a novim rje\u0161enjem ulice bi trebalo da dobiju i Pavle Mijovi\u0107, Simon Filipaj, Edit Durham, Cafo Beg, Dinko Franetovi\u0107, Ali Podrimja, Mehmet \u0110uli, Radovan Zogovi\u0107, ali i Sabataj Cevi.<\/p>\n<p><strong>Rasprava\u00a0odbornika\u00a0u sali o granicama i istoriji<\/strong><\/p>\n<p>Zasjedanje je obilje\u017eila i rasprava \u00a0odbornika \u00a0DP-a Kadra Sinanija i \u0106etkovi\u0107a.<\/p>\n<p>\u201cUlcinj nikada nije pripadao Crnoj Gori do Berlinskog kongresa 1878\u201d, ustvrdio je Sinani.<\/p>\n<p>Kako je naveo, do tada u Ulcinju nije ni bilo Crnogoraca. \u0106etkovi\u0107 je uzvratio da Sinani ne poznaje dobro istoriju.<\/p>\n<p>\u201cUlcinj nikada nije pripadao Albaniji koja je 1912. postala me\u0111unarodno priznata dr\u017eava\u201d, kazao je \u0106etkovi\u0107. \u0110oni je kazala da je pitanje granica u regionu zavr\u0161eno. \u201cTako ka\u017ee Evropa i predsjednici i Crne Gore i Albanije i Kosova\u201d, kazala je ona.<\/p>\n<p><strong>Izvor: Vijesti Online<\/strong><\/p>\n<\/div>\n<\/div>\n","protected":false},"excerpt":{"rendered":"<p>Autor: Samir Adrovi\u0107 \u00a0Ulcinjski parlament usvojio je ju\u010de predloge odluka o preimenovanju ulica u mjesnim zajednicama 1 i 2 i \u0160toju, ali \u0107e ocjenu zakonitosti tih akata dati nadle\u017eni sudovi. To je odbornicima vladaju\u0107e koalicije (Forca, DP i URA) predo\u010dio odbornik SNP Andrija \u0106etkovi\u0107 koji je nekoliko puta za skup\u0161tinskom govornicom ponovio da Savjet za [&hellip;]<\/p>\n","protected":false},"author":1,"featured_media":0,"comment_status":"closed","ping_status":"closed","sticky":false,"template":"","format":"standard","meta":{"spay_email":"","jetpack_publicize_message":"","jetpack_is_tweetstorm":false,"jetpack_publicize_feature_enabled":true},"categories":[8337],"tags":[],"jetpack_publicize_connections":[],"yoast_head":"<!-- This site is optimized with the Yoast SEO plugin v19.1 - https:\/\/yoast.com\/wordpress\/plugins\/seo\/ -->\n<title>O ulicama u Ulcinju \u0107e odlu\u010diti nadle\u017eni sudovi - Lajme nga Ulqini<\/title>\n<meta name=\"description\" content=\"Autor: Samir Adrovi\u0107 \u00a0Ulcinjski parlament usvojio je ju\u010de predloge odluka o preimenovanju ulica u mjesnim zajednicama 1 i 2 i \u0160toju, ali \u0107e ocjenu\" \/>\n<meta name=\"robots\" content=\"index, follow, max-snippet:-1, max-image-preview:large, max-video-preview:-1\" \/>\n<link rel=\"canonical\" href=\"https:\/\/www.visit-ulcinj.com\/blog\/2015\/07\/22\/o-ulicama-u-ulcinju-ce-odluciti-nadlezni-sudovi\/\" \/>\n<meta property=\"og:locale\" content=\"en_US\" \/>\n<meta property=\"og:type\" content=\"article\" \/>\n<meta property=\"og:title\" content=\"O ulicama u Ulcinju \u0107e odlu\u010diti nadle\u017eni sudovi - Lajme nga Ulqini\" \/>\n<meta property=\"og:description\" content=\"Autor: Samir Adrovi\u0107 \u00a0Ulcinjski parlament usvojio je ju\u010de predloge odluka o preimenovanju ulica u mjesnim zajednicama 1 i 2 i \u0160toju, ali \u0107e ocjenu\" \/>\n<meta property=\"og:url\" content=\"https:\/\/www.visit-ulcinj.com\/blog\/2015\/07\/22\/o-ulicama-u-ulcinju-ce-odluciti-nadlezni-sudovi\/\" \/>\n<meta property=\"og:site_name\" content=\"Lajme nga Ulqini\" \/>\n<meta property=\"article:published_time\" content=\"2015-07-22T18:32:27+00:00\" \/>\n<meta property=\"og:image\" content=\"http:\/\/www.visit-ulcinj.com\/blog\/wp-content\/uploads\/2015\/07\/ulcinj.jpg\" \/>\n<meta name=\"twitter:label1\" content=\"Written by\" \/>\n\t<meta name=\"twitter:data1\" content=\"ulqini\" \/>\n\t<meta name=\"twitter:label2\" content=\"Est. reading time\" \/>\n\t<meta name=\"twitter:data2\" content=\"3 minutes\" \/>\n<script type=\"application\/ld+json\" class=\"yoast-schema-graph\">{\"@context\":\"https:\/\/schema.org\",\"@graph\":[{\"@type\":\"WebSite\",\"@id\":\"https:\/\/www.visit-ulcinj.com\/blog\/#website\",\"url\":\"https:\/\/www.visit-ulcinj.com\/blog\/\",\"name\":\"Lajme nga Ulqini\",\"description\":\"Lajme,Vijesti,Ulqini,Ulqin,Crna Gora,Mali i Zi\",\"potentialAction\":[{\"@type\":\"SearchAction\",\"target\":{\"@type\":\"EntryPoint\",\"urlTemplate\":\"https:\/\/www.visit-ulcinj.com\/blog\/?s={search_term_string}\"},\"query-input\":\"required name=search_term_string\"}],\"inLanguage\":\"en-US\"},{\"@type\":\"ImageObject\",\"inLanguage\":\"en-US\",\"@id\":\"https:\/\/www.visit-ulcinj.com\/blog\/2015\/07\/22\/o-ulicama-u-ulcinju-ce-odluciti-nadlezni-sudovi\/#primaryimage\",\"url\":\"https:\/\/www.visit-ulcinj.com\/blog\/wp-content\/uploads\/2015\/07\/ulcinj.jpg\",\"contentUrl\":\"https:\/\/www.visit-ulcinj.com\/blog\/wp-content\/uploads\/2015\/07\/ulcinj.jpg\",\"width\":960,\"height\":720},{\"@type\":\"WebPage\",\"@id\":\"https:\/\/www.visit-ulcinj.com\/blog\/2015\/07\/22\/o-ulicama-u-ulcinju-ce-odluciti-nadlezni-sudovi\/#webpage\",\"url\":\"https:\/\/www.visit-ulcinj.com\/blog\/2015\/07\/22\/o-ulicama-u-ulcinju-ce-odluciti-nadlezni-sudovi\/\",\"name\":\"O ulicama u Ulcinju \u0107e odlu\u010diti nadle\u017eni sudovi - Lajme nga Ulqini\",\"isPartOf\":{\"@id\":\"https:\/\/www.visit-ulcinj.com\/blog\/#website\"},\"primaryImageOfPage\":{\"@id\":\"https:\/\/www.visit-ulcinj.com\/blog\/2015\/07\/22\/o-ulicama-u-ulcinju-ce-odluciti-nadlezni-sudovi\/#primaryimage\"},\"datePublished\":\"2015-07-22T18:32:27+00:00\",\"dateModified\":\"2015-07-22T18:32:27+00:00\",\"author\":{\"@id\":\"https:\/\/www.visit-ulcinj.com\/blog\/#\/schema\/person\/dcab619c614d3038751c63bc2aadc06d\"},\"description\":\"Autor: Samir Adrovi\u0107 \u00a0Ulcinjski parlament usvojio je ju\u010de predloge odluka o preimenovanju ulica u mjesnim zajednicama 1 i 2 i \u0160toju, ali \u0107e ocjenu\",\"breadcrumb\":{\"@id\":\"https:\/\/www.visit-ulcinj.com\/blog\/2015\/07\/22\/o-ulicama-u-ulcinju-ce-odluciti-nadlezni-sudovi\/#breadcrumb\"},\"inLanguage\":\"en-US\",\"potentialAction\":[{\"@type\":\"ReadAction\",\"target\":[\"https:\/\/www.visit-ulcinj.com\/blog\/2015\/07\/22\/o-ulicama-u-ulcinju-ce-odluciti-nadlezni-sudovi\/\"]}]},{\"@type\":\"BreadcrumbList\",\"@id\":\"https:\/\/www.visit-ulcinj.com\/blog\/2015\/07\/22\/o-ulicama-u-ulcinju-ce-odluciti-nadlezni-sudovi\/#breadcrumb\",\"itemListElement\":[{\"@type\":\"ListItem\",\"position\":1,\"name\":\"O ulicama u Ulcinju \u0107e odlu\u010diti nadle\u017eni sudovi\"}]},{\"@type\":\"Person\",\"@id\":\"https:\/\/www.visit-ulcinj.com\/blog\/#\/schema\/person\/dcab619c614d3038751c63bc2aadc06d\",\"name\":\"ulqini\",\"sameAs\":[\"http:\/\/www.visit-ulcinj.com\"],\"url\":\"https:\/\/www.visit-ulcinj.com\/blog\/author\/admin\/\"}]}<\/script>\n<!-- \/ Yoast SEO plugin. -->","yoast_head_json":{"title":"O ulicama u Ulcinju \u0107e odlu\u010diti nadle\u017eni sudovi - Lajme nga Ulqini","description":"Autor: Samir Adrovi\u0107 \u00a0Ulcinjski parlament usvojio je ju\u010de predloge odluka o preimenovanju ulica u mjesnim zajednicama 1 i 2 i \u0160toju, ali \u0107e ocjenu","robots":{"index":"index","follow":"follow","max-snippet":"max-snippet:-1","max-image-preview":"max-image-preview:large","max-video-preview":"max-video-preview:-1"},"canonical":"https:\/\/www.visit-ulcinj.com\/blog\/2015\/07\/22\/o-ulicama-u-ulcinju-ce-odluciti-nadlezni-sudovi\/","og_locale":"en_US","og_type":"article","og_title":"O ulicama u Ulcinju \u0107e odlu\u010diti nadle\u017eni sudovi - Lajme nga Ulqini","og_description":"Autor: Samir Adrovi\u0107 \u00a0Ulcinjski parlament usvojio je ju\u010de predloge odluka o preimenovanju ulica u mjesnim zajednicama 1 i 2 i \u0160toju, ali \u0107e ocjenu","og_url":"https:\/\/www.visit-ulcinj.com\/blog\/2015\/07\/22\/o-ulicama-u-ulcinju-ce-odluciti-nadlezni-sudovi\/","og_site_name":"Lajme nga Ulqini","article_published_time":"2015-07-22T18:32:27+00:00","og_image":[{"url":"http:\/\/www.visit-ulcinj.com\/blog\/wp-content\/uploads\/2015\/07\/ulcinj.jpg"}],"twitter_misc":{"Written by":"ulqini","Est. reading time":"3 minutes"},"schema":{"@context":"https:\/\/schema.org","@graph":[{"@type":"WebSite","@id":"https:\/\/www.visit-ulcinj.com\/blog\/#website","url":"https:\/\/www.visit-ulcinj.com\/blog\/","name":"Lajme nga Ulqini","description":"Lajme,Vijesti,Ulqini,Ulqin,Crna Gora,Mali i Zi","potentialAction":[{"@type":"SearchAction","target":{"@type":"EntryPoint","urlTemplate":"https:\/\/www.visit-ulcinj.com\/blog\/?s={search_term_string}"},"query-input":"required name=search_term_string"}],"inLanguage":"en-US"},{"@type":"ImageObject","inLanguage":"en-US","@id":"https:\/\/www.visit-ulcinj.com\/blog\/2015\/07\/22\/o-ulicama-u-ulcinju-ce-odluciti-nadlezni-sudovi\/#primaryimage","url":"https:\/\/www.visit-ulcinj.com\/blog\/wp-content\/uploads\/2015\/07\/ulcinj.jpg","contentUrl":"https:\/\/www.visit-ulcinj.com\/blog\/wp-content\/uploads\/2015\/07\/ulcinj.jpg","width":960,"height":720},{"@type":"WebPage","@id":"https:\/\/www.visit-ulcinj.com\/blog\/2015\/07\/22\/o-ulicama-u-ulcinju-ce-odluciti-nadlezni-sudovi\/#webpage","url":"https:\/\/www.visit-ulcinj.com\/blog\/2015\/07\/22\/o-ulicama-u-ulcinju-ce-odluciti-nadlezni-sudovi\/","name":"O ulicama u Ulcinju \u0107e odlu\u010diti nadle\u017eni sudovi - Lajme nga Ulqini","isPartOf":{"@id":"https:\/\/www.visit-ulcinj.com\/blog\/#website"},"primaryImageOfPage":{"@id":"https:\/\/www.visit-ulcinj.com\/blog\/2015\/07\/22\/o-ulicama-u-ulcinju-ce-odluciti-nadlezni-sudovi\/#primaryimage"},"datePublished":"2015-07-22T18:32:27+00:00","dateModified":"2015-07-22T18:32:27+00:00","author":{"@id":"https:\/\/www.visit-ulcinj.com\/blog\/#\/schema\/person\/dcab619c614d3038751c63bc2aadc06d"},"description":"Autor: Samir Adrovi\u0107 \u00a0Ulcinjski parlament usvojio je ju\u010de predloge odluka o preimenovanju ulica u mjesnim zajednicama 1 i 2 i \u0160toju, ali \u0107e ocjenu","breadcrumb":{"@id":"https:\/\/www.visit-ulcinj.com\/blog\/2015\/07\/22\/o-ulicama-u-ulcinju-ce-odluciti-nadlezni-sudovi\/#breadcrumb"},"inLanguage":"en-US","potentialAction":[{"@type":"ReadAction","target":["https:\/\/www.visit-ulcinj.com\/blog\/2015\/07\/22\/o-ulicama-u-ulcinju-ce-odluciti-nadlezni-sudovi\/"]}]},{"@type":"BreadcrumbList","@id":"https:\/\/www.visit-ulcinj.com\/blog\/2015\/07\/22\/o-ulicama-u-ulcinju-ce-odluciti-nadlezni-sudovi\/#breadcrumb","itemListElement":[{"@type":"ListItem","position":1,"name":"O ulicama u Ulcinju \u0107e odlu\u010diti nadle\u017eni sudovi"}]},{"@type":"Person","@id":"https:\/\/www.visit-ulcinj.com\/blog\/#\/schema\/person\/dcab619c614d3038751c63bc2aadc06d","name":"ulqini","sameAs":["http:\/\/www.visit-ulcinj.com"],"url":"https:\/\/www.visit-ulcinj.com\/blog\/author\/admin\/"}]}},"jetpack_featured_media_url":"","jetpack_sharing_enabled":true,"jetpack_shortlink":"https:\/\/wp.me\/pe6lTn-nRg","_links":{"self":[{"href":"https:\/\/www.visit-ulcinj.com\/blog\/wp-json\/wp\/v2\/posts\/91714"}],"collection":[{"href":"https:\/\/www.visit-ulcinj.com\/blog\/wp-json\/wp\/v2\/posts"}],"about":[{"href":"https:\/\/www.visit-ulcinj.com\/blog\/wp-json\/wp\/v2\/types\/post"}],"author":[{"embeddable":true,"href":"https:\/\/www.visit-ulcinj.com\/blog\/wp-json\/wp\/v2\/users\/1"}],"replies":[{"embeddable":true,"href":"https:\/\/www.visit-ulcinj.com\/blog\/wp-json\/wp\/v2\/comments?post=91714"}],"version-history":[{"count":1,"href":"https:\/\/www.visit-ulcinj.com\/blog\/wp-json\/wp\/v2\/posts\/91714\/revisions"}],"predecessor-version":[{"id":91716,"href":"https:\/\/www.visit-ulcinj.com\/blog\/wp-json\/wp\/v2\/posts\/91714\/revisions\/91716"}],"wp:attachment":[{"href":"https:\/\/www.visit-ulcinj.com\/blog\/wp-json\/wp\/v2\/media?parent=91714"}],"wp:term":[{"taxonomy":"category","embeddable":true,"href":"https:\/\/www.visit-ulcinj.com\/blog\/wp-json\/wp\/v2\/categories?post=91714"},{"taxonomy":"post_tag","embeddable":true,"href":"https:\/\/www.visit-ulcinj.com\/blog\/wp-json\/wp\/v2\/tags?post=91714"}],"curies":[{"name":"wp","href":"https:\/\/api.w.org\/{rel}","templated":true}]}}