{"id":91717,"date":"2015-07-23T07:57:46","date_gmt":"2015-07-23T06:57:46","guid":{"rendered":"http:\/\/www.visit-ulcinj.com\/blog\/?p=91717"},"modified":"2015-07-23T09:42:35","modified_gmt":"2015-07-23T08:42:35","slug":"zjarr-fuqishem-ne-malin-e-klleznes","status":"publish","type":"post","link":"https:\/\/www.visit-ulcinj.com\/blog\/2015\/07\/23\/zjarr-fuqishem-ne-malin-e-klleznes\/","title":{"rendered":"Zjarr i fuqish\u00ebm n\u00eb malin e Kllezn\u00ebs"},"content":{"rendered":"<p><a href=\"http:\/\/www.visit-ulcinj.com\/blog\/wp-content\/uploads\/2015\/07\/Zjarr-ne-malin-e-Klleznes-Ulqin.jpg\"><img loading=\"lazy\" class=\"alignleft wp-image-91718\" src=\"http:\/\/www.visit-ulcinj.com\/blog\/wp-content\/uploads\/2015\/07\/Zjarr-ne-malin-e-Klleznes-Ulqin.jpg\" alt=\"Zjarr-ne-malin-e-Klleznes-Ulqin\" width=\"508\" height=\"308\" srcset=\"https:\/\/www.visit-ulcinj.com\/blog\/wp-content\/uploads\/2015\/07\/Zjarr-ne-malin-e-Klleznes-Ulqin.jpg 640w, https:\/\/www.visit-ulcinj.com\/blog\/wp-content\/uploads\/2015\/07\/Zjarr-ne-malin-e-Klleznes-Ulqin-300x182.jpg 300w\" sizes=\"(max-width: 508px) 100vw, 508px\" \/><\/a><strong><a id=\"js_6\" href=\"https:\/\/www.facebook.com\/keti.hajdinaga\" data-hovercard=\"\/ajax\/hovercard\/hovercard.php?id=100003571408324\">Foto nga Fikret Keti Hajdinaga <\/a>Facebook<\/strong><\/p>\n<p>Zjarri shp\u00ebrtheu t\u00eb m\u00ebrkur\u00ebn n\u00eb or\u00ebt e mesnat\u00ebs n\u00eb Malin e Klezn\u00ebs. Nd\u00ebrkoh\u00eb, forcat zjarrfik\u00ebse nga Ulqini kan\u00eb mb\u00ebrritur n\u00eb vendngjarje, por e pat\u00ebn t\u00eb v\u00ebshtir\u00eb nd\u00ebrhyrjen p\u00ebr shkak t\u00eb terrenit malor.<\/p>\n<p><a href=\"http:\/\/www.visit-ulcinj.com\/blog\/wp-content\/uploads\/2015\/07\/Zjarr-ne-malin-e-Klleznes-Ulqin-3.jpg\"><img loading=\"lazy\" class=\"alignleft wp-image-91719\" src=\"http:\/\/www.visit-ulcinj.com\/blog\/wp-content\/uploads\/2015\/07\/Zjarr-ne-malin-e-Klleznes-Ulqin-3.jpg\" alt=\"Zjarr-ne-malin-e-Klleznes-Ulqin-3\" width=\"508\" height=\"381\" srcset=\"https:\/\/www.visit-ulcinj.com\/blog\/wp-content\/uploads\/2015\/07\/Zjarr-ne-malin-e-Klleznes-Ulqin-3.jpg 960w, https:\/\/www.visit-ulcinj.com\/blog\/wp-content\/uploads\/2015\/07\/Zjarr-ne-malin-e-Klleznes-Ulqin-3-300x225.jpg 300w\" sizes=\"(max-width: 508px) 100vw, 508px\" \/><\/a><\/p>\n<p>Drejtori i sh\u00ebrbimit t\u00eb zjarrfik\u00ebseve, Flamur Seloviq ka mb\u00ebrritur n\u00eb vendngjarje dhe ka konstatuar se ka v\u00ebshtir\u00ebsi n\u00eb shuarjen e zjarrit,por p\u00ebr shkak t\u00eb terrenit te thyer malor zjarri mbas disa or\u00ebve asht vu n\u00eb kontroll totale nga zjarrfiksat. N\u00eb zjarret e fuqishme n\u00eb malin e Klezn\u00ebs mor\u00ebn \u00a0pjes\u00eb krejt zjarrfiksat t\u00eb \u00a0specializuar p\u00ebr shuarjen e flak\u00ebve.<\/p>\n<p>N\u00eb t\u00eb tilla incidente, policia e Ulqinit asht\u00eb duke b\u00ebr\u00eb hetime, dhe po punohet p\u00ebr kapjen e autorit.<\/p>\n<p><a href=\"http:\/\/www.visit-ulcinj.com\/blog\/wp-content\/uploads\/2015\/07\/Zjarr-ne-malin-e-Klleznes-Ulqin-1.jpg\"><img loading=\"lazy\" class=\"alignleft wp-image-91720\" src=\"http:\/\/www.visit-ulcinj.com\/blog\/wp-content\/uploads\/2015\/07\/Zjarr-ne-malin-e-Klleznes-Ulqin-1.jpg\" alt=\"Zjarr-ne-malin-e-Klleznes-Ulqin-1\" width=\"508\" height=\"381\" srcset=\"https:\/\/www.visit-ulcinj.com\/blog\/wp-content\/uploads\/2015\/07\/Zjarr-ne-malin-e-Klleznes-Ulqin-1.jpg 960w, https:\/\/www.visit-ulcinj.com\/blog\/wp-content\/uploads\/2015\/07\/Zjarr-ne-malin-e-Klleznes-Ulqin-1-300x225.jpg 300w\" sizes=\"(max-width: 508px) 100vw, 508px\" \/><\/a> <a href=\"http:\/\/www.visit-ulcinj.com\/blog\/wp-content\/uploads\/2015\/07\/Zjarr-ne-malin-e-Klleznes-Ulqin-2.jpg\"><img loading=\"lazy\" class=\"alignleft wp-image-91721\" src=\"http:\/\/www.visit-ulcinj.com\/blog\/wp-content\/uploads\/2015\/07\/Zjarr-ne-malin-e-Klleznes-Ulqin-2.jpg\" alt=\"Zjarr-ne-malin-e-Klleznes-Ulqin-2\" width=\"508\" height=\"381\" srcset=\"https:\/\/www.visit-ulcinj.com\/blog\/wp-content\/uploads\/2015\/07\/Zjarr-ne-malin-e-Klleznes-Ulqin-2.jpg 960w, https:\/\/www.visit-ulcinj.com\/blog\/wp-content\/uploads\/2015\/07\/Zjarr-ne-malin-e-Klleznes-Ulqin-2-300x225.jpg 300w\" sizes=\"(max-width: 508px) 100vw, 508px\" \/><\/a><br \/>\n<a href=\"http:\/\/www.visit-ulcinj.com\/blog\/wp-content\/uploads\/2015\/07\/Zjarr-ne-malin-e-Klleznes-Ulqin-4.jpg\"><img loading=\"lazy\" class=\"alignleft size-full wp-image-91729\" src=\"http:\/\/www.visit-ulcinj.com\/blog\/wp-content\/uploads\/2015\/07\/Zjarr-ne-malin-e-Klleznes-Ulqin-4.jpg\" alt=\"Zjarr-ne-malin-e-Klleznes-Ulqin-4\" width=\"508\" height=\"380\" srcset=\"https:\/\/www.visit-ulcinj.com\/blog\/wp-content\/uploads\/2015\/07\/Zjarr-ne-malin-e-Klleznes-Ulqin-4.jpg 960w, https:\/\/www.visit-ulcinj.com\/blog\/wp-content\/uploads\/2015\/07\/Zjarr-ne-malin-e-Klleznes-Ulqin-4-300x225.jpg 300w\" sizes=\"(max-width: 508px) 100vw, 508px\" \/><\/a><\/p>\n","protected":false},"excerpt":{"rendered":"<p>Foto nga Fikret Keti Hajdinaga Facebook Zjarri shp\u00ebrtheu t\u00eb m\u00ebrkur\u00ebn n\u00eb or\u00ebt e mesnat\u00ebs n\u00eb Malin e Klezn\u00ebs. Nd\u00ebrkoh\u00eb, forcat zjarrfik\u00ebse nga Ulqini kan\u00eb mb\u00ebrritur n\u00eb vendngjarje, por e pat\u00ebn t\u00eb v\u00ebshtir\u00eb nd\u00ebrhyrjen p\u00ebr shkak t\u00eb terrenit malor. Drejtori i sh\u00ebrbimit t\u00eb zjarrfik\u00ebseve, Flamur Seloviq ka mb\u00ebrritur n\u00eb vendngjarje dhe ka konstatuar se ka v\u00ebshtir\u00ebsi [&hellip;]<\/p>\n","protected":false},"author":1,"featured_media":0,"comment_status":"closed","ping_status":"closed","sticky":false,"template":"","format":"standard","meta":{"spay_email":"","jetpack_publicize_message":"","jetpack_is_tweetstorm":false,"jetpack_publicize_feature_enabled":true},"categories":[1,6950],"tags":[],"jetpack_publicize_connections":[],"yoast_head":"<!-- This site is optimized with the Yoast SEO plugin v19.1 - https:\/\/yoast.com\/wordpress\/plugins\/seo\/ -->\n<title>Zjarr i fuqish\u00ebm n\u00eb malin e Kllezn\u00ebs - Lajme nga Ulqini<\/title>\n<meta name=\"description\" content=\"Foto nga Fikret Keti Hajdinaga Facebook Zjarri shp\u00ebrtheu t\u00eb m\u00ebrkur\u00ebn n\u00eb or\u00ebt e mesnat\u00ebs n\u00eb Malin e Klezn\u00ebs. Nd\u00ebrkoh\u00eb, forcat zjarrfik\u00ebse nga Ulqini kan\u00eb\" \/>\n<meta name=\"robots\" content=\"index, follow, max-snippet:-1, max-image-preview:large, max-video-preview:-1\" \/>\n<link rel=\"canonical\" href=\"https:\/\/www.visit-ulcinj.com\/blog\/2015\/07\/23\/zjarr-fuqishem-ne-malin-e-klleznes\/\" \/>\n<meta property=\"og:locale\" content=\"en_US\" \/>\n<meta property=\"og:type\" content=\"article\" \/>\n<meta property=\"og:title\" content=\"Zjarr i fuqish\u00ebm n\u00eb malin e Kllezn\u00ebs - Lajme nga Ulqini\" \/>\n<meta property=\"og:description\" content=\"Foto nga Fikret Keti Hajdinaga Facebook Zjarri shp\u00ebrtheu t\u00eb m\u00ebrkur\u00ebn n\u00eb or\u00ebt e mesnat\u00ebs n\u00eb Malin e Klezn\u00ebs. Nd\u00ebrkoh\u00eb, forcat zjarrfik\u00ebse nga Ulqini kan\u00eb\" \/>\n<meta property=\"og:url\" content=\"https:\/\/www.visit-ulcinj.com\/blog\/2015\/07\/23\/zjarr-fuqishem-ne-malin-e-klleznes\/\" \/>\n<meta property=\"og:site_name\" content=\"Lajme nga Ulqini\" \/>\n<meta property=\"article:published_time\" content=\"2015-07-23T06:57:46+00:00\" \/>\n<meta property=\"article:modified_time\" content=\"2015-07-23T08:42:35+00:00\" \/>\n<meta property=\"og:image\" content=\"http:\/\/www.visit-ulcinj.com\/blog\/wp-content\/uploads\/2015\/07\/Zjarr-ne-malin-e-Klleznes-Ulqin.jpg\" \/>\n<meta name=\"twitter:label1\" content=\"Written by\" \/>\n\t<meta name=\"twitter:data1\" content=\"ulqini\" \/>\n\t<meta name=\"twitter:label2\" content=\"Est. reading time\" \/>\n\t<meta name=\"twitter:data2\" content=\"1 minute\" \/>\n<script type=\"application\/ld+json\" class=\"yoast-schema-graph\">{\"@context\":\"https:\/\/schema.org\",\"@graph\":[{\"@type\":\"WebSite\",\"@id\":\"https:\/\/www.visit-ulcinj.com\/blog\/#website\",\"url\":\"https:\/\/www.visit-ulcinj.com\/blog\/\",\"name\":\"Lajme nga Ulqini\",\"description\":\"Lajme,Vijesti,Ulqini,Ulqin,Crna Gora,Mali i Zi\",\"potentialAction\":[{\"@type\":\"SearchAction\",\"target\":{\"@type\":\"EntryPoint\",\"urlTemplate\":\"https:\/\/www.visit-ulcinj.com\/blog\/?s={search_term_string}\"},\"query-input\":\"required name=search_term_string\"}],\"inLanguage\":\"en-US\"},{\"@type\":\"ImageObject\",\"inLanguage\":\"en-US\",\"@id\":\"https:\/\/www.visit-ulcinj.com\/blog\/2015\/07\/23\/zjarr-fuqishem-ne-malin-e-klleznes\/#primaryimage\",\"url\":\"https:\/\/www.visit-ulcinj.com\/blog\/wp-content\/uploads\/2015\/07\/Zjarr-ne-malin-e-Klleznes-Ulqin.jpg\",\"contentUrl\":\"https:\/\/www.visit-ulcinj.com\/blog\/wp-content\/uploads\/2015\/07\/Zjarr-ne-malin-e-Klleznes-Ulqin.jpg\",\"width\":640,\"height\":388},{\"@type\":\"WebPage\",\"@id\":\"https:\/\/www.visit-ulcinj.com\/blog\/2015\/07\/23\/zjarr-fuqishem-ne-malin-e-klleznes\/#webpage\",\"url\":\"https:\/\/www.visit-ulcinj.com\/blog\/2015\/07\/23\/zjarr-fuqishem-ne-malin-e-klleznes\/\",\"name\":\"Zjarr i fuqish\u00ebm n\u00eb malin e Kllezn\u00ebs - Lajme nga Ulqini\",\"isPartOf\":{\"@id\":\"https:\/\/www.visit-ulcinj.com\/blog\/#website\"},\"primaryImageOfPage\":{\"@id\":\"https:\/\/www.visit-ulcinj.com\/blog\/2015\/07\/23\/zjarr-fuqishem-ne-malin-e-klleznes\/#primaryimage\"},\"datePublished\":\"2015-07-23T06:57:46+00:00\",\"dateModified\":\"2015-07-23T08:42:35+00:00\",\"author\":{\"@id\":\"https:\/\/www.visit-ulcinj.com\/blog\/#\/schema\/person\/dcab619c614d3038751c63bc2aadc06d\"},\"description\":\"Foto nga Fikret Keti Hajdinaga Facebook Zjarri shp\u00ebrtheu t\u00eb m\u00ebrkur\u00ebn n\u00eb or\u00ebt e mesnat\u00ebs n\u00eb Malin e Klezn\u00ebs. Nd\u00ebrkoh\u00eb, forcat zjarrfik\u00ebse nga Ulqini kan\u00eb\",\"breadcrumb\":{\"@id\":\"https:\/\/www.visit-ulcinj.com\/blog\/2015\/07\/23\/zjarr-fuqishem-ne-malin-e-klleznes\/#breadcrumb\"},\"inLanguage\":\"en-US\",\"potentialAction\":[{\"@type\":\"ReadAction\",\"target\":[\"https:\/\/www.visit-ulcinj.com\/blog\/2015\/07\/23\/zjarr-fuqishem-ne-malin-e-klleznes\/\"]}]},{\"@type\":\"BreadcrumbList\",\"@id\":\"https:\/\/www.visit-ulcinj.com\/blog\/2015\/07\/23\/zjarr-fuqishem-ne-malin-e-klleznes\/#breadcrumb\",\"itemListElement\":[{\"@type\":\"ListItem\",\"position\":1,\"name\":\"Zjarr i fuqish\u00ebm n\u00eb malin e Kllezn\u00ebs\"}]},{\"@type\":\"Person\",\"@id\":\"https:\/\/www.visit-ulcinj.com\/blog\/#\/schema\/person\/dcab619c614d3038751c63bc2aadc06d\",\"name\":\"ulqini\",\"sameAs\":[\"http:\/\/www.visit-ulcinj.com\"],\"url\":\"https:\/\/www.visit-ulcinj.com\/blog\/author\/admin\/\"}]}<\/script>\n<!-- \/ Yoast SEO plugin. -->","yoast_head_json":{"title":"Zjarr i fuqish\u00ebm n\u00eb malin e Kllezn\u00ebs - Lajme nga Ulqini","description":"Foto nga Fikret Keti Hajdinaga Facebook Zjarri shp\u00ebrtheu t\u00eb m\u00ebrkur\u00ebn n\u00eb or\u00ebt e mesnat\u00ebs n\u00eb Malin e Klezn\u00ebs. Nd\u00ebrkoh\u00eb, forcat zjarrfik\u00ebse nga Ulqini kan\u00eb","robots":{"index":"index","follow":"follow","max-snippet":"max-snippet:-1","max-image-preview":"max-image-preview:large","max-video-preview":"max-video-preview:-1"},"canonical":"https:\/\/www.visit-ulcinj.com\/blog\/2015\/07\/23\/zjarr-fuqishem-ne-malin-e-klleznes\/","og_locale":"en_US","og_type":"article","og_title":"Zjarr i fuqish\u00ebm n\u00eb malin e Kllezn\u00ebs - Lajme nga Ulqini","og_description":"Foto nga Fikret Keti Hajdinaga Facebook Zjarri shp\u00ebrtheu t\u00eb m\u00ebrkur\u00ebn n\u00eb or\u00ebt e mesnat\u00ebs n\u00eb Malin e Klezn\u00ebs. Nd\u00ebrkoh\u00eb, forcat zjarrfik\u00ebse nga Ulqini kan\u00eb","og_url":"https:\/\/www.visit-ulcinj.com\/blog\/2015\/07\/23\/zjarr-fuqishem-ne-malin-e-klleznes\/","og_site_name":"Lajme nga Ulqini","article_published_time":"2015-07-23T06:57:46+00:00","article_modified_time":"2015-07-23T08:42:35+00:00","og_image":[{"url":"http:\/\/www.visit-ulcinj.com\/blog\/wp-content\/uploads\/2015\/07\/Zjarr-ne-malin-e-Klleznes-Ulqin.jpg"}],"twitter_misc":{"Written by":"ulqini","Est. reading time":"1 minute"},"schema":{"@context":"https:\/\/schema.org","@graph":[{"@type":"WebSite","@id":"https:\/\/www.visit-ulcinj.com\/blog\/#website","url":"https:\/\/www.visit-ulcinj.com\/blog\/","name":"Lajme nga Ulqini","description":"Lajme,Vijesti,Ulqini,Ulqin,Crna Gora,Mali i Zi","potentialAction":[{"@type":"SearchAction","target":{"@type":"EntryPoint","urlTemplate":"https:\/\/www.visit-ulcinj.com\/blog\/?s={search_term_string}"},"query-input":"required name=search_term_string"}],"inLanguage":"en-US"},{"@type":"ImageObject","inLanguage":"en-US","@id":"https:\/\/www.visit-ulcinj.com\/blog\/2015\/07\/23\/zjarr-fuqishem-ne-malin-e-klleznes\/#primaryimage","url":"https:\/\/www.visit-ulcinj.com\/blog\/wp-content\/uploads\/2015\/07\/Zjarr-ne-malin-e-Klleznes-Ulqin.jpg","contentUrl":"https:\/\/www.visit-ulcinj.com\/blog\/wp-content\/uploads\/2015\/07\/Zjarr-ne-malin-e-Klleznes-Ulqin.jpg","width":640,"height":388},{"@type":"WebPage","@id":"https:\/\/www.visit-ulcinj.com\/blog\/2015\/07\/23\/zjarr-fuqishem-ne-malin-e-klleznes\/#webpage","url":"https:\/\/www.visit-ulcinj.com\/blog\/2015\/07\/23\/zjarr-fuqishem-ne-malin-e-klleznes\/","name":"Zjarr i fuqish\u00ebm n\u00eb malin e Kllezn\u00ebs - Lajme nga Ulqini","isPartOf":{"@id":"https:\/\/www.visit-ulcinj.com\/blog\/#website"},"primaryImageOfPage":{"@id":"https:\/\/www.visit-ulcinj.com\/blog\/2015\/07\/23\/zjarr-fuqishem-ne-malin-e-klleznes\/#primaryimage"},"datePublished":"2015-07-23T06:57:46+00:00","dateModified":"2015-07-23T08:42:35+00:00","author":{"@id":"https:\/\/www.visit-ulcinj.com\/blog\/#\/schema\/person\/dcab619c614d3038751c63bc2aadc06d"},"description":"Foto nga Fikret Keti Hajdinaga Facebook Zjarri shp\u00ebrtheu t\u00eb m\u00ebrkur\u00ebn n\u00eb or\u00ebt e mesnat\u00ebs n\u00eb Malin e Klezn\u00ebs. Nd\u00ebrkoh\u00eb, forcat zjarrfik\u00ebse nga Ulqini kan\u00eb","breadcrumb":{"@id":"https:\/\/www.visit-ulcinj.com\/blog\/2015\/07\/23\/zjarr-fuqishem-ne-malin-e-klleznes\/#breadcrumb"},"inLanguage":"en-US","potentialAction":[{"@type":"ReadAction","target":["https:\/\/www.visit-ulcinj.com\/blog\/2015\/07\/23\/zjarr-fuqishem-ne-malin-e-klleznes\/"]}]},{"@type":"BreadcrumbList","@id":"https:\/\/www.visit-ulcinj.com\/blog\/2015\/07\/23\/zjarr-fuqishem-ne-malin-e-klleznes\/#breadcrumb","itemListElement":[{"@type":"ListItem","position":1,"name":"Zjarr i fuqish\u00ebm n\u00eb malin e Kllezn\u00ebs"}]},{"@type":"Person","@id":"https:\/\/www.visit-ulcinj.com\/blog\/#\/schema\/person\/dcab619c614d3038751c63bc2aadc06d","name":"ulqini","sameAs":["http:\/\/www.visit-ulcinj.com"],"url":"https:\/\/www.visit-ulcinj.com\/blog\/author\/admin\/"}]}},"jetpack_featured_media_url":"","jetpack_sharing_enabled":true,"jetpack_shortlink":"https:\/\/wp.me\/pe6lTn-nRj","_links":{"self":[{"href":"https:\/\/www.visit-ulcinj.com\/blog\/wp-json\/wp\/v2\/posts\/91717"}],"collection":[{"href":"https:\/\/www.visit-ulcinj.com\/blog\/wp-json\/wp\/v2\/posts"}],"about":[{"href":"https:\/\/www.visit-ulcinj.com\/blog\/wp-json\/wp\/v2\/types\/post"}],"author":[{"embeddable":true,"href":"https:\/\/www.visit-ulcinj.com\/blog\/wp-json\/wp\/v2\/users\/1"}],"replies":[{"embeddable":true,"href":"https:\/\/www.visit-ulcinj.com\/blog\/wp-json\/wp\/v2\/comments?post=91717"}],"version-history":[{"count":6,"href":"https:\/\/www.visit-ulcinj.com\/blog\/wp-json\/wp\/v2\/posts\/91717\/revisions"}],"predecessor-version":[{"id":91745,"href":"https:\/\/www.visit-ulcinj.com\/blog\/wp-json\/wp\/v2\/posts\/91717\/revisions\/91745"}],"wp:attachment":[{"href":"https:\/\/www.visit-ulcinj.com\/blog\/wp-json\/wp\/v2\/media?parent=91717"}],"wp:term":[{"taxonomy":"category","embeddable":true,"href":"https:\/\/www.visit-ulcinj.com\/blog\/wp-json\/wp\/v2\/categories?post=91717"},{"taxonomy":"post_tag","embeddable":true,"href":"https:\/\/www.visit-ulcinj.com\/blog\/wp-json\/wp\/v2\/tags?post=91717"}],"curies":[{"name":"wp","href":"https:\/\/api.w.org\/{rel}","templated":true}]}}