{"id":91724,"date":"2015-07-23T08:04:46","date_gmt":"2015-07-23T07:04:46","guid":{"rendered":"http:\/\/www.visit-ulcinj.com\/blog\/?p=91724"},"modified":"2015-07-23T08:04:46","modified_gmt":"2015-07-23T07:04:46","slug":"shtetasja-nga-serbia-pranoi-islamin-ne-ulqin","status":"publish","type":"post","link":"https:\/\/www.visit-ulcinj.com\/blog\/2015\/07\/23\/shtetasja-nga-serbia-pranoi-islamin-ne-ulqin\/","title":{"rendered":"Shtetasja nga Serbia pranoi islamin ne Ulqin"},"content":{"rendered":"<p><a href=\"http:\/\/www.visit-ulcinj.com\/blog\/wp-content\/uploads\/2015\/07\/ivana-pranon-islamin-ulqin.jpg\"><img loading=\"lazy\" class=\"alignleft wp-image-91725\" src=\"http:\/\/www.visit-ulcinj.com\/blog\/wp-content\/uploads\/2015\/07\/ivana-pranon-islamin-ulqin.jpg\" alt=\"ivana-pranon-islamin-ulqin\" width=\"508\" height=\"381\" srcset=\"https:\/\/www.visit-ulcinj.com\/blog\/wp-content\/uploads\/2015\/07\/ivana-pranon-islamin-ulqin.jpg 960w, https:\/\/www.visit-ulcinj.com\/blog\/wp-content\/uploads\/2015\/07\/ivana-pranon-islamin-ulqin-300x225.jpg 300w\" sizes=\"(max-width: 508px) 100vw, 508px\" \/><\/a>Dje n\u00eb hap\u00ebsirat e Mexhlisit t\u00eb Bashk\u00ebsis\u00eb islame n\u00eb Ulqin shtetasja nga Serbia pranoi fen\u00eb islame. Para kryeimamit t\u00eb Ulqinit mr. Ali ef. Bardhi dhe para d\u00ebshmitar\u00ebv\u00eb Suad ef. Ukoshata dhe Mirsad ef. Mu\u00e7aj, shtetasja nga qyteti Pozharevac i Serbis\u00eb Ivana Drenovac pranoi islamin dhe zgjodhi emrin Edina, njofton portali Islam-Ul.com.<\/p>\n<p><a href=\"http:\/\/www.visit-ulcinj.com\/blog\/wp-content\/uploads\/2015\/07\/doc-ivana-pranon-islamin-ne-ulqin.jpg\"><img loading=\"lazy\" class=\"alignleft wp-image-91726\" src=\"http:\/\/www.visit-ulcinj.com\/blog\/wp-content\/uploads\/2015\/07\/doc-ivana-pranon-islamin-ne-ulqin.jpg\" alt=\"doc-ivana-pranon-islamin-ne-ulqin\" width=\"508\" height=\"677\" srcset=\"https:\/\/www.visit-ulcinj.com\/blog\/wp-content\/uploads\/2015\/07\/doc-ivana-pranon-islamin-ne-ulqin.jpg 720w, https:\/\/www.visit-ulcinj.com\/blog\/wp-content\/uploads\/2015\/07\/doc-ivana-pranon-islamin-ne-ulqin-225x300.jpg 225w\" sizes=\"(max-width: 508px) 100vw, 508px\" \/><\/a><\/p>\n","protected":false},"excerpt":{"rendered":"<p>Dje n\u00eb hap\u00ebsirat e Mexhlisit t\u00eb Bashk\u00ebsis\u00eb islame n\u00eb Ulqin shtetasja nga Serbia pranoi fen\u00eb islame. Para kryeimamit t\u00eb Ulqinit mr. Ali ef. Bardhi dhe para d\u00ebshmitar\u00ebv\u00eb Suad ef. Ukoshata dhe Mirsad ef. Mu\u00e7aj, shtetasja nga qyteti Pozharevac i Serbis\u00eb Ivana Drenovac pranoi islamin dhe zgjodhi emrin Edina, njofton portali Islam-Ul.com.<\/p>\n","protected":false},"author":1,"featured_media":0,"comment_status":"closed","ping_status":"closed","sticky":false,"template":"","format":"standard","meta":{"spay_email":"","jetpack_publicize_message":"","jetpack_is_tweetstorm":false,"jetpack_publicize_feature_enabled":true},"categories":[13],"tags":[],"jetpack_publicize_connections":[],"yoast_head":"<!-- This site is optimized with the Yoast SEO plugin v19.1 - https:\/\/yoast.com\/wordpress\/plugins\/seo\/ -->\n<title>Shtetasja nga Serbia pranoi islamin ne Ulqin - Lajme nga Ulqini<\/title>\n<meta name=\"description\" content=\"Dje n\u00eb hap\u00ebsirat e Mexhlisit t\u00eb Bashk\u00ebsis\u00eb islame n\u00eb Ulqin shtetasja nga Serbia pranoi fen\u00eb islame. Para kryeimamit t\u00eb Ulqinit mr. Ali ef. Bardhi dhe para\" \/>\n<meta name=\"robots\" content=\"index, follow, max-snippet:-1, max-image-preview:large, max-video-preview:-1\" \/>\n<link rel=\"canonical\" href=\"https:\/\/www.visit-ulcinj.com\/blog\/2015\/07\/23\/shtetasja-nga-serbia-pranoi-islamin-ne-ulqin\/\" \/>\n<meta property=\"og:locale\" content=\"en_US\" \/>\n<meta property=\"og:type\" content=\"article\" \/>\n<meta property=\"og:title\" content=\"Shtetasja nga Serbia pranoi islamin ne Ulqin - Lajme nga Ulqini\" \/>\n<meta property=\"og:description\" content=\"Dje n\u00eb hap\u00ebsirat e Mexhlisit t\u00eb Bashk\u00ebsis\u00eb islame n\u00eb Ulqin shtetasja nga Serbia pranoi fen\u00eb islame. Para kryeimamit t\u00eb Ulqinit mr. Ali ef. Bardhi dhe para\" \/>\n<meta property=\"og:url\" content=\"https:\/\/www.visit-ulcinj.com\/blog\/2015\/07\/23\/shtetasja-nga-serbia-pranoi-islamin-ne-ulqin\/\" \/>\n<meta property=\"og:site_name\" content=\"Lajme nga Ulqini\" \/>\n<meta property=\"article:published_time\" content=\"2015-07-23T07:04:46+00:00\" \/>\n<meta property=\"og:image\" content=\"http:\/\/www.visit-ulcinj.com\/blog\/wp-content\/uploads\/2015\/07\/ivana-pranon-islamin-ulqin.jpg\" \/>\n<meta name=\"twitter:label1\" content=\"Written by\" \/>\n\t<meta name=\"twitter:data1\" content=\"ulqini\" \/>\n<script type=\"application\/ld+json\" class=\"yoast-schema-graph\">{\"@context\":\"https:\/\/schema.org\",\"@graph\":[{\"@type\":\"WebSite\",\"@id\":\"https:\/\/www.visit-ulcinj.com\/blog\/#website\",\"url\":\"https:\/\/www.visit-ulcinj.com\/blog\/\",\"name\":\"Lajme nga Ulqini\",\"description\":\"Lajme,Vijesti,Ulqini,Ulqin,Crna Gora,Mali i Zi\",\"potentialAction\":[{\"@type\":\"SearchAction\",\"target\":{\"@type\":\"EntryPoint\",\"urlTemplate\":\"https:\/\/www.visit-ulcinj.com\/blog\/?s={search_term_string}\"},\"query-input\":\"required name=search_term_string\"}],\"inLanguage\":\"en-US\"},{\"@type\":\"ImageObject\",\"inLanguage\":\"en-US\",\"@id\":\"https:\/\/www.visit-ulcinj.com\/blog\/2015\/07\/23\/shtetasja-nga-serbia-pranoi-islamin-ne-ulqin\/#primaryimage\",\"url\":\"https:\/\/www.visit-ulcinj.com\/blog\/wp-content\/uploads\/2015\/07\/ivana-pranon-islamin-ulqin.jpg\",\"contentUrl\":\"https:\/\/www.visit-ulcinj.com\/blog\/wp-content\/uploads\/2015\/07\/ivana-pranon-islamin-ulqin.jpg\",\"width\":960,\"height\":720},{\"@type\":\"WebPage\",\"@id\":\"https:\/\/www.visit-ulcinj.com\/blog\/2015\/07\/23\/shtetasja-nga-serbia-pranoi-islamin-ne-ulqin\/#webpage\",\"url\":\"https:\/\/www.visit-ulcinj.com\/blog\/2015\/07\/23\/shtetasja-nga-serbia-pranoi-islamin-ne-ulqin\/\",\"name\":\"Shtetasja nga Serbia pranoi islamin ne Ulqin - Lajme nga Ulqini\",\"isPartOf\":{\"@id\":\"https:\/\/www.visit-ulcinj.com\/blog\/#website\"},\"primaryImageOfPage\":{\"@id\":\"https:\/\/www.visit-ulcinj.com\/blog\/2015\/07\/23\/shtetasja-nga-serbia-pranoi-islamin-ne-ulqin\/#primaryimage\"},\"datePublished\":\"2015-07-23T07:04:46+00:00\",\"dateModified\":\"2015-07-23T07:04:46+00:00\",\"author\":{\"@id\":\"https:\/\/www.visit-ulcinj.com\/blog\/#\/schema\/person\/dcab619c614d3038751c63bc2aadc06d\"},\"description\":\"Dje n\u00eb hap\u00ebsirat e Mexhlisit t\u00eb Bashk\u00ebsis\u00eb islame n\u00eb Ulqin shtetasja nga Serbia pranoi fen\u00eb islame. Para kryeimamit t\u00eb Ulqinit mr. Ali ef. Bardhi dhe para\",\"breadcrumb\":{\"@id\":\"https:\/\/www.visit-ulcinj.com\/blog\/2015\/07\/23\/shtetasja-nga-serbia-pranoi-islamin-ne-ulqin\/#breadcrumb\"},\"inLanguage\":\"en-US\",\"potentialAction\":[{\"@type\":\"ReadAction\",\"target\":[\"https:\/\/www.visit-ulcinj.com\/blog\/2015\/07\/23\/shtetasja-nga-serbia-pranoi-islamin-ne-ulqin\/\"]}]},{\"@type\":\"BreadcrumbList\",\"@id\":\"https:\/\/www.visit-ulcinj.com\/blog\/2015\/07\/23\/shtetasja-nga-serbia-pranoi-islamin-ne-ulqin\/#breadcrumb\",\"itemListElement\":[{\"@type\":\"ListItem\",\"position\":1,\"name\":\"Shtetasja nga Serbia pranoi islamin ne Ulqin\"}]},{\"@type\":\"Person\",\"@id\":\"https:\/\/www.visit-ulcinj.com\/blog\/#\/schema\/person\/dcab619c614d3038751c63bc2aadc06d\",\"name\":\"ulqini\",\"sameAs\":[\"http:\/\/www.visit-ulcinj.com\"],\"url\":\"https:\/\/www.visit-ulcinj.com\/blog\/author\/admin\/\"}]}<\/script>\n<!-- \/ Yoast SEO plugin. -->","yoast_head_json":{"title":"Shtetasja nga Serbia pranoi islamin ne Ulqin - Lajme nga Ulqini","description":"Dje n\u00eb hap\u00ebsirat e Mexhlisit t\u00eb Bashk\u00ebsis\u00eb islame n\u00eb Ulqin shtetasja nga Serbia pranoi fen\u00eb islame. Para kryeimamit t\u00eb Ulqinit mr. Ali ef. Bardhi dhe para","robots":{"index":"index","follow":"follow","max-snippet":"max-snippet:-1","max-image-preview":"max-image-preview:large","max-video-preview":"max-video-preview:-1"},"canonical":"https:\/\/www.visit-ulcinj.com\/blog\/2015\/07\/23\/shtetasja-nga-serbia-pranoi-islamin-ne-ulqin\/","og_locale":"en_US","og_type":"article","og_title":"Shtetasja nga Serbia pranoi islamin ne Ulqin - Lajme nga Ulqini","og_description":"Dje n\u00eb hap\u00ebsirat e Mexhlisit t\u00eb Bashk\u00ebsis\u00eb islame n\u00eb Ulqin shtetasja nga Serbia pranoi fen\u00eb islame. Para kryeimamit t\u00eb Ulqinit mr. Ali ef. Bardhi dhe para","og_url":"https:\/\/www.visit-ulcinj.com\/blog\/2015\/07\/23\/shtetasja-nga-serbia-pranoi-islamin-ne-ulqin\/","og_site_name":"Lajme nga Ulqini","article_published_time":"2015-07-23T07:04:46+00:00","og_image":[{"url":"http:\/\/www.visit-ulcinj.com\/blog\/wp-content\/uploads\/2015\/07\/ivana-pranon-islamin-ulqin.jpg"}],"twitter_misc":{"Written by":"ulqini"},"schema":{"@context":"https:\/\/schema.org","@graph":[{"@type":"WebSite","@id":"https:\/\/www.visit-ulcinj.com\/blog\/#website","url":"https:\/\/www.visit-ulcinj.com\/blog\/","name":"Lajme nga Ulqini","description":"Lajme,Vijesti,Ulqini,Ulqin,Crna Gora,Mali i Zi","potentialAction":[{"@type":"SearchAction","target":{"@type":"EntryPoint","urlTemplate":"https:\/\/www.visit-ulcinj.com\/blog\/?s={search_term_string}"},"query-input":"required name=search_term_string"}],"inLanguage":"en-US"},{"@type":"ImageObject","inLanguage":"en-US","@id":"https:\/\/www.visit-ulcinj.com\/blog\/2015\/07\/23\/shtetasja-nga-serbia-pranoi-islamin-ne-ulqin\/#primaryimage","url":"https:\/\/www.visit-ulcinj.com\/blog\/wp-content\/uploads\/2015\/07\/ivana-pranon-islamin-ulqin.jpg","contentUrl":"https:\/\/www.visit-ulcinj.com\/blog\/wp-content\/uploads\/2015\/07\/ivana-pranon-islamin-ulqin.jpg","width":960,"height":720},{"@type":"WebPage","@id":"https:\/\/www.visit-ulcinj.com\/blog\/2015\/07\/23\/shtetasja-nga-serbia-pranoi-islamin-ne-ulqin\/#webpage","url":"https:\/\/www.visit-ulcinj.com\/blog\/2015\/07\/23\/shtetasja-nga-serbia-pranoi-islamin-ne-ulqin\/","name":"Shtetasja nga Serbia pranoi islamin ne Ulqin - Lajme nga Ulqini","isPartOf":{"@id":"https:\/\/www.visit-ulcinj.com\/blog\/#website"},"primaryImageOfPage":{"@id":"https:\/\/www.visit-ulcinj.com\/blog\/2015\/07\/23\/shtetasja-nga-serbia-pranoi-islamin-ne-ulqin\/#primaryimage"},"datePublished":"2015-07-23T07:04:46+00:00","dateModified":"2015-07-23T07:04:46+00:00","author":{"@id":"https:\/\/www.visit-ulcinj.com\/blog\/#\/schema\/person\/dcab619c614d3038751c63bc2aadc06d"},"description":"Dje n\u00eb hap\u00ebsirat e Mexhlisit t\u00eb Bashk\u00ebsis\u00eb islame n\u00eb Ulqin shtetasja nga Serbia pranoi fen\u00eb islame. Para kryeimamit t\u00eb Ulqinit mr. Ali ef. Bardhi dhe para","breadcrumb":{"@id":"https:\/\/www.visit-ulcinj.com\/blog\/2015\/07\/23\/shtetasja-nga-serbia-pranoi-islamin-ne-ulqin\/#breadcrumb"},"inLanguage":"en-US","potentialAction":[{"@type":"ReadAction","target":["https:\/\/www.visit-ulcinj.com\/blog\/2015\/07\/23\/shtetasja-nga-serbia-pranoi-islamin-ne-ulqin\/"]}]},{"@type":"BreadcrumbList","@id":"https:\/\/www.visit-ulcinj.com\/blog\/2015\/07\/23\/shtetasja-nga-serbia-pranoi-islamin-ne-ulqin\/#breadcrumb","itemListElement":[{"@type":"ListItem","position":1,"name":"Shtetasja nga Serbia pranoi islamin ne Ulqin"}]},{"@type":"Person","@id":"https:\/\/www.visit-ulcinj.com\/blog\/#\/schema\/person\/dcab619c614d3038751c63bc2aadc06d","name":"ulqini","sameAs":["http:\/\/www.visit-ulcinj.com"],"url":"https:\/\/www.visit-ulcinj.com\/blog\/author\/admin\/"}]}},"jetpack_featured_media_url":"","jetpack_sharing_enabled":true,"jetpack_shortlink":"https:\/\/wp.me\/pe6lTn-nRq","_links":{"self":[{"href":"https:\/\/www.visit-ulcinj.com\/blog\/wp-json\/wp\/v2\/posts\/91724"}],"collection":[{"href":"https:\/\/www.visit-ulcinj.com\/blog\/wp-json\/wp\/v2\/posts"}],"about":[{"href":"https:\/\/www.visit-ulcinj.com\/blog\/wp-json\/wp\/v2\/types\/post"}],"author":[{"embeddable":true,"href":"https:\/\/www.visit-ulcinj.com\/blog\/wp-json\/wp\/v2\/users\/1"}],"replies":[{"embeddable":true,"href":"https:\/\/www.visit-ulcinj.com\/blog\/wp-json\/wp\/v2\/comments?post=91724"}],"version-history":[{"count":1,"href":"https:\/\/www.visit-ulcinj.com\/blog\/wp-json\/wp\/v2\/posts\/91724\/revisions"}],"predecessor-version":[{"id":91727,"href":"https:\/\/www.visit-ulcinj.com\/blog\/wp-json\/wp\/v2\/posts\/91724\/revisions\/91727"}],"wp:attachment":[{"href":"https:\/\/www.visit-ulcinj.com\/blog\/wp-json\/wp\/v2\/media?parent=91724"}],"wp:term":[{"taxonomy":"category","embeddable":true,"href":"https:\/\/www.visit-ulcinj.com\/blog\/wp-json\/wp\/v2\/categories?post=91724"},{"taxonomy":"post_tag","embeddable":true,"href":"https:\/\/www.visit-ulcinj.com\/blog\/wp-json\/wp\/v2\/tags?post=91724"}],"curies":[{"name":"wp","href":"https:\/\/api.w.org\/{rel}","templated":true}]}}