{"id":91741,"date":"2015-07-23T09:41:06","date_gmt":"2015-07-23T08:41:06","guid":{"rendered":"http:\/\/www.visit-ulcinj.com\/blog\/?p=91741"},"modified":"2015-07-26T14:29:29","modified_gmt":"2015-07-26T13:29:29","slug":"fluks-i-madh-i-shqiptareve-per-pushime-ne-ulqin-video","status":"publish","type":"post","link":"https:\/\/www.visit-ulcinj.com\/blog\/2015\/07\/23\/fluks-i-madh-i-shqiptareve-per-pushime-ne-ulqin-video\/","title":{"rendered":"Fluks i madh i shqiptar\u00ebve p\u00ebr pushime n\u00eb Ulqin &#8211; Video"},"content":{"rendered":"<p><a href=\"http:\/\/www.visit-ulcinj.com\/blog\/wp-content\/uploads\/2015\/07\/Ulqin-Panorama.jpg\"><img loading=\"lazy\" class=\"alignleft wp-image-91742\" src=\"http:\/\/www.visit-ulcinj.com\/blog\/wp-content\/uploads\/2015\/07\/Ulqin-Panorama.jpg\" alt=\"Ulqin-Panorama\" width=\"508\" height=\"338\" srcset=\"https:\/\/www.visit-ulcinj.com\/blog\/wp-content\/uploads\/2015\/07\/Ulqin-Panorama.jpg 960w, https:\/\/www.visit-ulcinj.com\/blog\/wp-content\/uploads\/2015\/07\/Ulqin-Panorama-300x199.jpg 300w\" sizes=\"(max-width: 508px) 100vw, 508px\" \/><\/a>N\u00eb pik\u00ebn e kalimit kufitar t\u00eb Morin\u00ebs po punohet me 6 sportele p\u00ebr t\u00eb p\u00ebrballuar fluksin, i cili pritet t\u00eb jet\u00eb i lart\u00eb edhe gjat\u00eb muajit t\u00eb gushtit. Pas fest\u00ebs s\u00eb Fiter Bajramit e deri m\u00eb tani, t\u00eb pakt\u00ebn 200 mij\u00eb shqiptar\u00eb nga Kosova kan\u00eb hyr\u00eb n\u00eb Shqip\u00ebri duke vazhduar gjithashtu rrug\u00ebn edhe p\u00ebr Ulqin.<\/p>\n<p>Bregdeti i Jonit dhe Adriatikut \u00ebsht\u00eb i preferuari i tyre p\u00ebr t\u00eb kaluar pushimet, edhe pse dit\u00ebt e fundit \u00ebsht\u00eb raportuar gjer\u00ebsisht nga mediat kosovare p\u00ebr \u00e7mimet e larta q\u00eb paguhen n\u00eb restorantet apo nj\u00ebsit\u00eb akomoduese n\u00eb Shqip\u00ebri, prandaj pushuesit n\u00eb minutin e fundit po i drejtohen plazheve t\u00eb Ulqinit.<\/p>\n<p>Durr\u00ebsi mbetet destinacion kryesor p\u00ebr shqiptar\u00ebt e Kosov\u00ebs edhe p\u00ebr shkak t\u00eb af\u00ebrsis\u00eb gjeografike me Morin\u00ebn, por p\u00ebr shkak t\u00eb ndotjes dhe c\u00e7mimeve t\u00eb larta pushuesit duket se po e braktisin n\u00eb k\u00ebt\u00eb sezon turistik, duke ju drejtuar Ulqinit.<\/p>\n<p>Pun\u00ebtor\u00ebt turistik shpresojn\u00eb se vizita kaq e mir\u00eb n\u00eb akomodime private n\u00eb Ulqin do t\u00eb zgjat deri n\u00eb fund t\u00eb gushtit, sepse hotelet do t\u00eb jen\u00eb plot\u00eb deri n\u00eb fund t\u00eb shtatorit.<\/p>\n<p>Sipas vler\u00ebsimit\u00a0 nga plazhet e Ulqinit, nga se t\u00eb dh\u00ebna zyrtare nuk ka, n\u00eb Ulqin pushojn mbi 120.000 mij\u00eb mysafir\u00eb.<\/p>\n<!--YouTube Error: bad URL entered-->\n<p><strong>Shiko reportazhin nga emisioni Flladi nga KTV me drejtorin e Hotel Mediteranit n\u00eb Ulqin z. Selatin Gjeloshi<\/strong><\/p>\n<!--YouTube Error: bad URL entered-->\n<p>&nbsp;<\/p>\n","protected":false},"excerpt":{"rendered":"<p>N\u00eb pik\u00ebn e kalimit kufitar t\u00eb Morin\u00ebs po punohet me 6 sportele p\u00ebr t\u00eb p\u00ebrballuar fluksin, i cili pritet t\u00eb jet\u00eb i lart\u00eb edhe gjat\u00eb muajit t\u00eb gushtit. Pas fest\u00ebs s\u00eb Fiter Bajramit e deri m\u00eb tani, t\u00eb pakt\u00ebn 200 mij\u00eb shqiptar\u00eb nga Kosova kan\u00eb hyr\u00eb n\u00eb Shqip\u00ebri duke vazhduar gjithashtu rrug\u00ebn edhe p\u00ebr Ulqin. [&hellip;]<\/p>\n","protected":false},"author":1,"featured_media":0,"comment_status":"closed","ping_status":"closed","sticky":false,"template":"","format":"standard","meta":{"spay_email":"","jetpack_publicize_message":"","jetpack_is_tweetstorm":false,"jetpack_publicize_feature_enabled":true},"categories":[1,15],"tags":[],"jetpack_publicize_connections":[],"yoast_head":"<!-- This site is optimized with the Yoast SEO plugin v19.1 - https:\/\/yoast.com\/wordpress\/plugins\/seo\/ -->\n<title>Fluks i madh i shqiptar\u00ebve p\u00ebr pushime n\u00eb Ulqin - Video - Lajme nga Ulqini<\/title>\n<meta name=\"description\" content=\"N\u00eb pik\u00ebn e kalimit kufitar t\u00eb Morin\u00ebs po punohet me 6 sportele p\u00ebr t\u00eb p\u00ebrballuar fluksin, i cili pritet t\u00eb jet\u00eb i lart\u00eb edhe gjat\u00eb muajit t\u00eb gushtit. Pas\" \/>\n<meta name=\"robots\" content=\"index, follow, max-snippet:-1, max-image-preview:large, max-video-preview:-1\" \/>\n<link rel=\"canonical\" href=\"https:\/\/www.visit-ulcinj.com\/blog\/2015\/07\/23\/fluks-i-madh-i-shqiptareve-per-pushime-ne-ulqin-video\/\" \/>\n<meta property=\"og:locale\" content=\"en_US\" \/>\n<meta property=\"og:type\" content=\"article\" \/>\n<meta property=\"og:title\" content=\"Fluks i madh i shqiptar\u00ebve p\u00ebr pushime n\u00eb Ulqin - Video - Lajme nga Ulqini\" \/>\n<meta property=\"og:description\" content=\"N\u00eb pik\u00ebn e kalimit kufitar t\u00eb Morin\u00ebs po punohet me 6 sportele p\u00ebr t\u00eb p\u00ebrballuar fluksin, i cili pritet t\u00eb jet\u00eb i lart\u00eb edhe gjat\u00eb muajit t\u00eb gushtit. Pas\" \/>\n<meta property=\"og:url\" content=\"https:\/\/www.visit-ulcinj.com\/blog\/2015\/07\/23\/fluks-i-madh-i-shqiptareve-per-pushime-ne-ulqin-video\/\" \/>\n<meta property=\"og:site_name\" content=\"Lajme nga Ulqini\" \/>\n<meta property=\"article:published_time\" content=\"2015-07-23T08:41:06+00:00\" \/>\n<meta property=\"article:modified_time\" content=\"2015-07-26T13:29:29+00:00\" \/>\n<meta property=\"og:image\" content=\"http:\/\/www.visit-ulcinj.com\/blog\/wp-content\/uploads\/2015\/07\/Ulqin-Panorama.jpg\" \/>\n<meta name=\"twitter:label1\" content=\"Written by\" \/>\n\t<meta name=\"twitter:data1\" content=\"ulqini\" \/>\n\t<meta name=\"twitter:label2\" content=\"Est. reading time\" \/>\n\t<meta name=\"twitter:data2\" content=\"1 minute\" \/>\n<script type=\"application\/ld+json\" class=\"yoast-schema-graph\">{\"@context\":\"https:\/\/schema.org\",\"@graph\":[{\"@type\":\"WebSite\",\"@id\":\"https:\/\/www.visit-ulcinj.com\/blog\/#website\",\"url\":\"https:\/\/www.visit-ulcinj.com\/blog\/\",\"name\":\"Lajme nga Ulqini\",\"description\":\"Lajme,Vijesti,Ulqini,Ulqin,Crna Gora,Mali i Zi\",\"potentialAction\":[{\"@type\":\"SearchAction\",\"target\":{\"@type\":\"EntryPoint\",\"urlTemplate\":\"https:\/\/www.visit-ulcinj.com\/blog\/?s={search_term_string}\"},\"query-input\":\"required name=search_term_string\"}],\"inLanguage\":\"en-US\"},{\"@type\":\"ImageObject\",\"inLanguage\":\"en-US\",\"@id\":\"https:\/\/www.visit-ulcinj.com\/blog\/2015\/07\/23\/fluks-i-madh-i-shqiptareve-per-pushime-ne-ulqin-video\/#primaryimage\",\"url\":\"https:\/\/www.visit-ulcinj.com\/blog\/wp-content\/uploads\/2015\/07\/Ulqin-Panorama.jpg\",\"contentUrl\":\"https:\/\/www.visit-ulcinj.com\/blog\/wp-content\/uploads\/2015\/07\/Ulqin-Panorama.jpg\",\"width\":960,\"height\":638},{\"@type\":\"WebPage\",\"@id\":\"https:\/\/www.visit-ulcinj.com\/blog\/2015\/07\/23\/fluks-i-madh-i-shqiptareve-per-pushime-ne-ulqin-video\/#webpage\",\"url\":\"https:\/\/www.visit-ulcinj.com\/blog\/2015\/07\/23\/fluks-i-madh-i-shqiptareve-per-pushime-ne-ulqin-video\/\",\"name\":\"Fluks i madh i shqiptar\u00ebve p\u00ebr pushime n\u00eb Ulqin - Video - Lajme nga Ulqini\",\"isPartOf\":{\"@id\":\"https:\/\/www.visit-ulcinj.com\/blog\/#website\"},\"primaryImageOfPage\":{\"@id\":\"https:\/\/www.visit-ulcinj.com\/blog\/2015\/07\/23\/fluks-i-madh-i-shqiptareve-per-pushime-ne-ulqin-video\/#primaryimage\"},\"datePublished\":\"2015-07-23T08:41:06+00:00\",\"dateModified\":\"2015-07-26T13:29:29+00:00\",\"author\":{\"@id\":\"https:\/\/www.visit-ulcinj.com\/blog\/#\/schema\/person\/dcab619c614d3038751c63bc2aadc06d\"},\"description\":\"N\u00eb pik\u00ebn e kalimit kufitar t\u00eb Morin\u00ebs po punohet me 6 sportele p\u00ebr t\u00eb p\u00ebrballuar fluksin, i cili pritet t\u00eb jet\u00eb i lart\u00eb edhe gjat\u00eb muajit t\u00eb gushtit. Pas\",\"breadcrumb\":{\"@id\":\"https:\/\/www.visit-ulcinj.com\/blog\/2015\/07\/23\/fluks-i-madh-i-shqiptareve-per-pushime-ne-ulqin-video\/#breadcrumb\"},\"inLanguage\":\"en-US\",\"potentialAction\":[{\"@type\":\"ReadAction\",\"target\":[\"https:\/\/www.visit-ulcinj.com\/blog\/2015\/07\/23\/fluks-i-madh-i-shqiptareve-per-pushime-ne-ulqin-video\/\"]}]},{\"@type\":\"BreadcrumbList\",\"@id\":\"https:\/\/www.visit-ulcinj.com\/blog\/2015\/07\/23\/fluks-i-madh-i-shqiptareve-per-pushime-ne-ulqin-video\/#breadcrumb\",\"itemListElement\":[{\"@type\":\"ListItem\",\"position\":1,\"name\":\"Fluks i madh i shqiptar\u00ebve p\u00ebr pushime n\u00eb Ulqin &#8211; Video\"}]},{\"@type\":\"Person\",\"@id\":\"https:\/\/www.visit-ulcinj.com\/blog\/#\/schema\/person\/dcab619c614d3038751c63bc2aadc06d\",\"name\":\"ulqini\",\"sameAs\":[\"http:\/\/www.visit-ulcinj.com\"],\"url\":\"https:\/\/www.visit-ulcinj.com\/blog\/author\/admin\/\"}]}<\/script>\n<!-- \/ Yoast SEO plugin. -->","yoast_head_json":{"title":"Fluks i madh i shqiptar\u00ebve p\u00ebr pushime n\u00eb Ulqin - Video - Lajme nga Ulqini","description":"N\u00eb pik\u00ebn e kalimit kufitar t\u00eb Morin\u00ebs po punohet me 6 sportele p\u00ebr t\u00eb p\u00ebrballuar fluksin, i cili pritet t\u00eb jet\u00eb i lart\u00eb edhe gjat\u00eb muajit t\u00eb gushtit. Pas","robots":{"index":"index","follow":"follow","max-snippet":"max-snippet:-1","max-image-preview":"max-image-preview:large","max-video-preview":"max-video-preview:-1"},"canonical":"https:\/\/www.visit-ulcinj.com\/blog\/2015\/07\/23\/fluks-i-madh-i-shqiptareve-per-pushime-ne-ulqin-video\/","og_locale":"en_US","og_type":"article","og_title":"Fluks i madh i shqiptar\u00ebve p\u00ebr pushime n\u00eb Ulqin - Video - Lajme nga Ulqini","og_description":"N\u00eb pik\u00ebn e kalimit kufitar t\u00eb Morin\u00ebs po punohet me 6 sportele p\u00ebr t\u00eb p\u00ebrballuar fluksin, i cili pritet t\u00eb jet\u00eb i lart\u00eb edhe gjat\u00eb muajit t\u00eb gushtit. Pas","og_url":"https:\/\/www.visit-ulcinj.com\/blog\/2015\/07\/23\/fluks-i-madh-i-shqiptareve-per-pushime-ne-ulqin-video\/","og_site_name":"Lajme nga Ulqini","article_published_time":"2015-07-23T08:41:06+00:00","article_modified_time":"2015-07-26T13:29:29+00:00","og_image":[{"url":"http:\/\/www.visit-ulcinj.com\/blog\/wp-content\/uploads\/2015\/07\/Ulqin-Panorama.jpg"}],"twitter_misc":{"Written by":"ulqini","Est. reading time":"1 minute"},"schema":{"@context":"https:\/\/schema.org","@graph":[{"@type":"WebSite","@id":"https:\/\/www.visit-ulcinj.com\/blog\/#website","url":"https:\/\/www.visit-ulcinj.com\/blog\/","name":"Lajme nga Ulqini","description":"Lajme,Vijesti,Ulqini,Ulqin,Crna Gora,Mali i Zi","potentialAction":[{"@type":"SearchAction","target":{"@type":"EntryPoint","urlTemplate":"https:\/\/www.visit-ulcinj.com\/blog\/?s={search_term_string}"},"query-input":"required name=search_term_string"}],"inLanguage":"en-US"},{"@type":"ImageObject","inLanguage":"en-US","@id":"https:\/\/www.visit-ulcinj.com\/blog\/2015\/07\/23\/fluks-i-madh-i-shqiptareve-per-pushime-ne-ulqin-video\/#primaryimage","url":"https:\/\/www.visit-ulcinj.com\/blog\/wp-content\/uploads\/2015\/07\/Ulqin-Panorama.jpg","contentUrl":"https:\/\/www.visit-ulcinj.com\/blog\/wp-content\/uploads\/2015\/07\/Ulqin-Panorama.jpg","width":960,"height":638},{"@type":"WebPage","@id":"https:\/\/www.visit-ulcinj.com\/blog\/2015\/07\/23\/fluks-i-madh-i-shqiptareve-per-pushime-ne-ulqin-video\/#webpage","url":"https:\/\/www.visit-ulcinj.com\/blog\/2015\/07\/23\/fluks-i-madh-i-shqiptareve-per-pushime-ne-ulqin-video\/","name":"Fluks i madh i shqiptar\u00ebve p\u00ebr pushime n\u00eb Ulqin - Video - Lajme nga Ulqini","isPartOf":{"@id":"https:\/\/www.visit-ulcinj.com\/blog\/#website"},"primaryImageOfPage":{"@id":"https:\/\/www.visit-ulcinj.com\/blog\/2015\/07\/23\/fluks-i-madh-i-shqiptareve-per-pushime-ne-ulqin-video\/#primaryimage"},"datePublished":"2015-07-23T08:41:06+00:00","dateModified":"2015-07-26T13:29:29+00:00","author":{"@id":"https:\/\/www.visit-ulcinj.com\/blog\/#\/schema\/person\/dcab619c614d3038751c63bc2aadc06d"},"description":"N\u00eb pik\u00ebn e kalimit kufitar t\u00eb Morin\u00ebs po punohet me 6 sportele p\u00ebr t\u00eb p\u00ebrballuar fluksin, i cili pritet t\u00eb jet\u00eb i lart\u00eb edhe gjat\u00eb muajit t\u00eb gushtit. Pas","breadcrumb":{"@id":"https:\/\/www.visit-ulcinj.com\/blog\/2015\/07\/23\/fluks-i-madh-i-shqiptareve-per-pushime-ne-ulqin-video\/#breadcrumb"},"inLanguage":"en-US","potentialAction":[{"@type":"ReadAction","target":["https:\/\/www.visit-ulcinj.com\/blog\/2015\/07\/23\/fluks-i-madh-i-shqiptareve-per-pushime-ne-ulqin-video\/"]}]},{"@type":"BreadcrumbList","@id":"https:\/\/www.visit-ulcinj.com\/blog\/2015\/07\/23\/fluks-i-madh-i-shqiptareve-per-pushime-ne-ulqin-video\/#breadcrumb","itemListElement":[{"@type":"ListItem","position":1,"name":"Fluks i madh i shqiptar\u00ebve p\u00ebr pushime n\u00eb Ulqin &#8211; Video"}]},{"@type":"Person","@id":"https:\/\/www.visit-ulcinj.com\/blog\/#\/schema\/person\/dcab619c614d3038751c63bc2aadc06d","name":"ulqini","sameAs":["http:\/\/www.visit-ulcinj.com"],"url":"https:\/\/www.visit-ulcinj.com\/blog\/author\/admin\/"}]}},"jetpack_featured_media_url":"","jetpack_sharing_enabled":true,"jetpack_shortlink":"https:\/\/wp.me\/pe6lTn-nRH","_links":{"self":[{"href":"https:\/\/www.visit-ulcinj.com\/blog\/wp-json\/wp\/v2\/posts\/91741"}],"collection":[{"href":"https:\/\/www.visit-ulcinj.com\/blog\/wp-json\/wp\/v2\/posts"}],"about":[{"href":"https:\/\/www.visit-ulcinj.com\/blog\/wp-json\/wp\/v2\/types\/post"}],"author":[{"embeddable":true,"href":"https:\/\/www.visit-ulcinj.com\/blog\/wp-json\/wp\/v2\/users\/1"}],"replies":[{"embeddable":true,"href":"https:\/\/www.visit-ulcinj.com\/blog\/wp-json\/wp\/v2\/comments?post=91741"}],"version-history":[{"count":4,"href":"https:\/\/www.visit-ulcinj.com\/blog\/wp-json\/wp\/v2\/posts\/91741\/revisions"}],"predecessor-version":[{"id":91754,"href":"https:\/\/www.visit-ulcinj.com\/blog\/wp-json\/wp\/v2\/posts\/91741\/revisions\/91754"}],"wp:attachment":[{"href":"https:\/\/www.visit-ulcinj.com\/blog\/wp-json\/wp\/v2\/media?parent=91741"}],"wp:term":[{"taxonomy":"category","embeddable":true,"href":"https:\/\/www.visit-ulcinj.com\/blog\/wp-json\/wp\/v2\/categories?post=91741"},{"taxonomy":"post_tag","embeddable":true,"href":"https:\/\/www.visit-ulcinj.com\/blog\/wp-json\/wp\/v2\/tags?post=91741"}],"curies":[{"name":"wp","href":"https:\/\/api.w.org\/{rel}","templated":true}]}}