{"id":91761,"date":"2015-07-23T13:23:50","date_gmt":"2015-07-23T12:23:50","guid":{"rendered":"http:\/\/www.visit-ulcinj.com\/blog\/?p=91761"},"modified":"2015-07-23T13:23:50","modified_gmt":"2015-07-23T12:23:50","slug":"muriqan-masa-per-parandalimin-e-trafikut-te-qenieve-njerezore-video","status":"publish","type":"post","link":"https:\/\/www.visit-ulcinj.com\/blog\/2015\/07\/23\/muriqan-masa-per-parandalimin-e-trafikut-te-qenieve-njerezore-video\/","title":{"rendered":"Muriqan, masa p\u00ebr parandalimin e trafikut t\u00eb qenieve njer\u00ebzore &#8211; Video"},"content":{"rendered":"<p><a href=\"http:\/\/www.visit-ulcinj.com\/blog\/wp-content\/uploads\/2015\/07\/Kufiri-Sukobin-Muriqan.jpg\"><img loading=\"lazy\" class=\"alignleft wp-image-91762\" src=\"http:\/\/www.visit-ulcinj.com\/blog\/wp-content\/uploads\/2015\/07\/Kufiri-Sukobin-Muriqan.jpg\" alt=\"Kufiri-Sukobin-Muriqan\" width=\"508\" height=\"380\" srcset=\"https:\/\/www.visit-ulcinj.com\/blog\/wp-content\/uploads\/2015\/07\/Kufiri-Sukobin-Muriqan.jpg 645w, https:\/\/www.visit-ulcinj.com\/blog\/wp-content\/uploads\/2015\/07\/Kufiri-Sukobin-Muriqan-300x225.jpg 300w\" sizes=\"(max-width: 508px) 100vw, 508px\" \/><\/a>Policia e Shtetit n\u00eb bashk\u00ebpunim me institucionet vendore n\u00eb Shkod\u00ebr kan\u00eb organizuar nj\u00eb takim, mbi masat e parandalimit t\u00eb trafikimit t\u00eb qenieve njer\u00ebzore, n\u00eb nj\u00eb koh\u00eb kur fluksi i hyrje \u2013 daljeve n\u00eb kufi \u00ebsht\u00eb i lart\u00eb dhe rreziku p\u00ebr trafikun e qenieve njer\u00ebzore rritet.<\/p>\n<p><strong>Shef i stacionit policor n\u00eb Muriqan, Ledio Ibrahimi<\/strong>: \u201c <em>N\u00eb kuad\u00ebr t\u00eb planit t\u00eb veprimit p\u00ebr anti trafikimit t\u00eb qenieve njer\u00ebzore jan\u00eb trajnuar efektivat kontrollor p\u00ebr nj\u00eb intervistim t\u00eb personave t\u00eb cilat dyshojn\u00eb se mund t\u00eb jen\u00eb viktima t\u00eb mundshme t\u00eb trafikimit.\u201d<\/em><\/p>\n<p>Muajt e fundit Shqip\u00ebria po p\u00ebrballet edhe me fenomenin e largimeve masive drejt Bashkimit Europian, ku mijra qytetar\u00eb k\u00ebn\u00eb k\u00ebrkuar azil.<\/p>\n<p><strong>Shef i stacionit policor n\u00eb Muriqan, Ledio Ibrahimi:<\/strong> \u201c<em>Ne b\u00ebjm\u00eb nj\u00eb intervistim t\u00eb holl\u00ebsish\u00ebm t\u00eb personave q\u00eb mund t\u00eb ken\u00eb k\u00ebt\u00eb tendenc\u00eb dhe n\u00ebvar\u00ebsi t\u00eb saj jan\u00eb shtuar numri i refuzimit t\u00eb daljes q\u00eb b\u00ebjm\u00eb neve te cilat nuk plot\u00ebsojn\u00eb kushtet ose destinacionet. \u201c<\/em><\/p>\n<p>Pjes\u00eb e takimi ishin drejtues t\u00eb policis\u00eb s\u00eb Shkodrws, kufirit dhe migracionit, prefektur\u00ebs dhe World Vision, t\u00eb cil\u00ebt jan\u00eb pjes\u00eb e grupit t\u00eb pun\u00ebs kund\u00ebr trafikimit t\u00eb qenieve njer\u00ebzore.<\/p>\n<p>\/oranews.tv\/<\/p>\n<!--YouTube Error: bad URL entered-->\n","protected":false},"excerpt":{"rendered":"<p>Policia e Shtetit n\u00eb bashk\u00ebpunim me institucionet vendore n\u00eb Shkod\u00ebr kan\u00eb organizuar nj\u00eb takim, mbi masat e parandalimit t\u00eb trafikimit t\u00eb qenieve njer\u00ebzore, n\u00eb nj\u00eb koh\u00eb kur fluksi i hyrje \u2013 daljeve n\u00eb kufi \u00ebsht\u00eb i lart\u00eb dhe rreziku p\u00ebr trafikun e qenieve njer\u00ebzore rritet. Shef i stacionit policor n\u00eb Muriqan, Ledio Ibrahimi: \u201c N\u00eb [&hellip;]<\/p>\n","protected":false},"author":1,"featured_media":0,"comment_status":"closed","ping_status":"closed","sticky":false,"template":"","format":"standard","meta":{"spay_email":"","jetpack_publicize_message":"","jetpack_is_tweetstorm":false,"jetpack_publicize_feature_enabled":true},"categories":[6950],"tags":[],"jetpack_publicize_connections":[],"yoast_head":"<!-- This site is optimized with the Yoast SEO plugin v19.1 - https:\/\/yoast.com\/wordpress\/plugins\/seo\/ -->\n<title>Muriqan, masa p\u00ebr parandalimin e trafikut t\u00eb qenieve njer\u00ebzore - Video - Lajme nga Ulqini<\/title>\n<meta name=\"description\" content=\"Policia e Shtetit n\u00eb bashk\u00ebpunim me institucionet vendore n\u00eb Shkod\u00ebr kan\u00eb organizuar nj\u00eb takim, mbi masat e parandalimit t\u00eb trafikimit t\u00eb qenieve\" \/>\n<meta name=\"robots\" content=\"index, follow, max-snippet:-1, max-image-preview:large, max-video-preview:-1\" \/>\n<link rel=\"canonical\" href=\"https:\/\/www.visit-ulcinj.com\/blog\/2015\/07\/23\/muriqan-masa-per-parandalimin-e-trafikut-te-qenieve-njerezore-video\/\" \/>\n<meta property=\"og:locale\" content=\"en_US\" \/>\n<meta property=\"og:type\" content=\"article\" \/>\n<meta property=\"og:title\" content=\"Muriqan, masa p\u00ebr parandalimin e trafikut t\u00eb qenieve njer\u00ebzore - Video - Lajme nga Ulqini\" \/>\n<meta property=\"og:description\" content=\"Policia e Shtetit n\u00eb bashk\u00ebpunim me institucionet vendore n\u00eb Shkod\u00ebr kan\u00eb organizuar nj\u00eb takim, mbi masat e parandalimit t\u00eb trafikimit t\u00eb qenieve\" \/>\n<meta property=\"og:url\" content=\"https:\/\/www.visit-ulcinj.com\/blog\/2015\/07\/23\/muriqan-masa-per-parandalimin-e-trafikut-te-qenieve-njerezore-video\/\" \/>\n<meta property=\"og:site_name\" content=\"Lajme nga Ulqini\" \/>\n<meta property=\"article:published_time\" content=\"2015-07-23T12:23:50+00:00\" \/>\n<meta property=\"og:image\" content=\"http:\/\/www.visit-ulcinj.com\/blog\/wp-content\/uploads\/2015\/07\/Kufiri-Sukobin-Muriqan.jpg\" \/>\n<meta name=\"twitter:label1\" content=\"Written by\" \/>\n\t<meta name=\"twitter:data1\" content=\"ulqini\" \/>\n\t<meta name=\"twitter:label2\" content=\"Est. reading time\" \/>\n\t<meta name=\"twitter:data2\" content=\"1 minute\" \/>\n<script type=\"application\/ld+json\" class=\"yoast-schema-graph\">{\"@context\":\"https:\/\/schema.org\",\"@graph\":[{\"@type\":\"WebSite\",\"@id\":\"https:\/\/www.visit-ulcinj.com\/blog\/#website\",\"url\":\"https:\/\/www.visit-ulcinj.com\/blog\/\",\"name\":\"Lajme nga Ulqini\",\"description\":\"Lajme,Vijesti,Ulqini,Ulqin,Crna Gora,Mali i Zi\",\"potentialAction\":[{\"@type\":\"SearchAction\",\"target\":{\"@type\":\"EntryPoint\",\"urlTemplate\":\"https:\/\/www.visit-ulcinj.com\/blog\/?s={search_term_string}\"},\"query-input\":\"required name=search_term_string\"}],\"inLanguage\":\"en-US\"},{\"@type\":\"ImageObject\",\"inLanguage\":\"en-US\",\"@id\":\"https:\/\/www.visit-ulcinj.com\/blog\/2015\/07\/23\/muriqan-masa-per-parandalimin-e-trafikut-te-qenieve-njerezore-video\/#primaryimage\",\"url\":\"https:\/\/www.visit-ulcinj.com\/blog\/wp-content\/uploads\/2015\/07\/Kufiri-Sukobin-Muriqan.jpg\",\"contentUrl\":\"https:\/\/www.visit-ulcinj.com\/blog\/wp-content\/uploads\/2015\/07\/Kufiri-Sukobin-Muriqan.jpg\",\"width\":645,\"height\":483},{\"@type\":\"WebPage\",\"@id\":\"https:\/\/www.visit-ulcinj.com\/blog\/2015\/07\/23\/muriqan-masa-per-parandalimin-e-trafikut-te-qenieve-njerezore-video\/#webpage\",\"url\":\"https:\/\/www.visit-ulcinj.com\/blog\/2015\/07\/23\/muriqan-masa-per-parandalimin-e-trafikut-te-qenieve-njerezore-video\/\",\"name\":\"Muriqan, masa p\u00ebr parandalimin e trafikut t\u00eb qenieve njer\u00ebzore - Video - Lajme nga Ulqini\",\"isPartOf\":{\"@id\":\"https:\/\/www.visit-ulcinj.com\/blog\/#website\"},\"primaryImageOfPage\":{\"@id\":\"https:\/\/www.visit-ulcinj.com\/blog\/2015\/07\/23\/muriqan-masa-per-parandalimin-e-trafikut-te-qenieve-njerezore-video\/#primaryimage\"},\"datePublished\":\"2015-07-23T12:23:50+00:00\",\"dateModified\":\"2015-07-23T12:23:50+00:00\",\"author\":{\"@id\":\"https:\/\/www.visit-ulcinj.com\/blog\/#\/schema\/person\/dcab619c614d3038751c63bc2aadc06d\"},\"description\":\"Policia e Shtetit n\u00eb bashk\u00ebpunim me institucionet vendore n\u00eb Shkod\u00ebr kan\u00eb organizuar nj\u00eb takim, mbi masat e parandalimit t\u00eb trafikimit t\u00eb qenieve\",\"breadcrumb\":{\"@id\":\"https:\/\/www.visit-ulcinj.com\/blog\/2015\/07\/23\/muriqan-masa-per-parandalimin-e-trafikut-te-qenieve-njerezore-video\/#breadcrumb\"},\"inLanguage\":\"en-US\",\"potentialAction\":[{\"@type\":\"ReadAction\",\"target\":[\"https:\/\/www.visit-ulcinj.com\/blog\/2015\/07\/23\/muriqan-masa-per-parandalimin-e-trafikut-te-qenieve-njerezore-video\/\"]}]},{\"@type\":\"BreadcrumbList\",\"@id\":\"https:\/\/www.visit-ulcinj.com\/blog\/2015\/07\/23\/muriqan-masa-per-parandalimin-e-trafikut-te-qenieve-njerezore-video\/#breadcrumb\",\"itemListElement\":[{\"@type\":\"ListItem\",\"position\":1,\"name\":\"Muriqan, masa p\u00ebr parandalimin e trafikut t\u00eb qenieve njer\u00ebzore &#8211; Video\"}]},{\"@type\":\"Person\",\"@id\":\"https:\/\/www.visit-ulcinj.com\/blog\/#\/schema\/person\/dcab619c614d3038751c63bc2aadc06d\",\"name\":\"ulqini\",\"sameAs\":[\"http:\/\/www.visit-ulcinj.com\"],\"url\":\"https:\/\/www.visit-ulcinj.com\/blog\/author\/admin\/\"}]}<\/script>\n<!-- \/ Yoast SEO plugin. -->","yoast_head_json":{"title":"Muriqan, masa p\u00ebr parandalimin e trafikut t\u00eb qenieve njer\u00ebzore - Video - Lajme nga Ulqini","description":"Policia e Shtetit n\u00eb bashk\u00ebpunim me institucionet vendore n\u00eb Shkod\u00ebr kan\u00eb organizuar nj\u00eb takim, mbi masat e parandalimit t\u00eb trafikimit t\u00eb qenieve","robots":{"index":"index","follow":"follow","max-snippet":"max-snippet:-1","max-image-preview":"max-image-preview:large","max-video-preview":"max-video-preview:-1"},"canonical":"https:\/\/www.visit-ulcinj.com\/blog\/2015\/07\/23\/muriqan-masa-per-parandalimin-e-trafikut-te-qenieve-njerezore-video\/","og_locale":"en_US","og_type":"article","og_title":"Muriqan, masa p\u00ebr parandalimin e trafikut t\u00eb qenieve njer\u00ebzore - Video - Lajme nga Ulqini","og_description":"Policia e Shtetit n\u00eb bashk\u00ebpunim me institucionet vendore n\u00eb Shkod\u00ebr kan\u00eb organizuar nj\u00eb takim, mbi masat e parandalimit t\u00eb trafikimit t\u00eb qenieve","og_url":"https:\/\/www.visit-ulcinj.com\/blog\/2015\/07\/23\/muriqan-masa-per-parandalimin-e-trafikut-te-qenieve-njerezore-video\/","og_site_name":"Lajme nga Ulqini","article_published_time":"2015-07-23T12:23:50+00:00","og_image":[{"url":"http:\/\/www.visit-ulcinj.com\/blog\/wp-content\/uploads\/2015\/07\/Kufiri-Sukobin-Muriqan.jpg"}],"twitter_misc":{"Written by":"ulqini","Est. reading time":"1 minute"},"schema":{"@context":"https:\/\/schema.org","@graph":[{"@type":"WebSite","@id":"https:\/\/www.visit-ulcinj.com\/blog\/#website","url":"https:\/\/www.visit-ulcinj.com\/blog\/","name":"Lajme nga Ulqini","description":"Lajme,Vijesti,Ulqini,Ulqin,Crna Gora,Mali i Zi","potentialAction":[{"@type":"SearchAction","target":{"@type":"EntryPoint","urlTemplate":"https:\/\/www.visit-ulcinj.com\/blog\/?s={search_term_string}"},"query-input":"required name=search_term_string"}],"inLanguage":"en-US"},{"@type":"ImageObject","inLanguage":"en-US","@id":"https:\/\/www.visit-ulcinj.com\/blog\/2015\/07\/23\/muriqan-masa-per-parandalimin-e-trafikut-te-qenieve-njerezore-video\/#primaryimage","url":"https:\/\/www.visit-ulcinj.com\/blog\/wp-content\/uploads\/2015\/07\/Kufiri-Sukobin-Muriqan.jpg","contentUrl":"https:\/\/www.visit-ulcinj.com\/blog\/wp-content\/uploads\/2015\/07\/Kufiri-Sukobin-Muriqan.jpg","width":645,"height":483},{"@type":"WebPage","@id":"https:\/\/www.visit-ulcinj.com\/blog\/2015\/07\/23\/muriqan-masa-per-parandalimin-e-trafikut-te-qenieve-njerezore-video\/#webpage","url":"https:\/\/www.visit-ulcinj.com\/blog\/2015\/07\/23\/muriqan-masa-per-parandalimin-e-trafikut-te-qenieve-njerezore-video\/","name":"Muriqan, masa p\u00ebr parandalimin e trafikut t\u00eb qenieve njer\u00ebzore - Video - Lajme nga Ulqini","isPartOf":{"@id":"https:\/\/www.visit-ulcinj.com\/blog\/#website"},"primaryImageOfPage":{"@id":"https:\/\/www.visit-ulcinj.com\/blog\/2015\/07\/23\/muriqan-masa-per-parandalimin-e-trafikut-te-qenieve-njerezore-video\/#primaryimage"},"datePublished":"2015-07-23T12:23:50+00:00","dateModified":"2015-07-23T12:23:50+00:00","author":{"@id":"https:\/\/www.visit-ulcinj.com\/blog\/#\/schema\/person\/dcab619c614d3038751c63bc2aadc06d"},"description":"Policia e Shtetit n\u00eb bashk\u00ebpunim me institucionet vendore n\u00eb Shkod\u00ebr kan\u00eb organizuar nj\u00eb takim, mbi masat e parandalimit t\u00eb trafikimit t\u00eb qenieve","breadcrumb":{"@id":"https:\/\/www.visit-ulcinj.com\/blog\/2015\/07\/23\/muriqan-masa-per-parandalimin-e-trafikut-te-qenieve-njerezore-video\/#breadcrumb"},"inLanguage":"en-US","potentialAction":[{"@type":"ReadAction","target":["https:\/\/www.visit-ulcinj.com\/blog\/2015\/07\/23\/muriqan-masa-per-parandalimin-e-trafikut-te-qenieve-njerezore-video\/"]}]},{"@type":"BreadcrumbList","@id":"https:\/\/www.visit-ulcinj.com\/blog\/2015\/07\/23\/muriqan-masa-per-parandalimin-e-trafikut-te-qenieve-njerezore-video\/#breadcrumb","itemListElement":[{"@type":"ListItem","position":1,"name":"Muriqan, masa p\u00ebr parandalimin e trafikut t\u00eb qenieve njer\u00ebzore &#8211; Video"}]},{"@type":"Person","@id":"https:\/\/www.visit-ulcinj.com\/blog\/#\/schema\/person\/dcab619c614d3038751c63bc2aadc06d","name":"ulqini","sameAs":["http:\/\/www.visit-ulcinj.com"],"url":"https:\/\/www.visit-ulcinj.com\/blog\/author\/admin\/"}]}},"jetpack_featured_media_url":"","jetpack_sharing_enabled":true,"jetpack_shortlink":"https:\/\/wp.me\/pe6lTn-nS1","_links":{"self":[{"href":"https:\/\/www.visit-ulcinj.com\/blog\/wp-json\/wp\/v2\/posts\/91761"}],"collection":[{"href":"https:\/\/www.visit-ulcinj.com\/blog\/wp-json\/wp\/v2\/posts"}],"about":[{"href":"https:\/\/www.visit-ulcinj.com\/blog\/wp-json\/wp\/v2\/types\/post"}],"author":[{"embeddable":true,"href":"https:\/\/www.visit-ulcinj.com\/blog\/wp-json\/wp\/v2\/users\/1"}],"replies":[{"embeddable":true,"href":"https:\/\/www.visit-ulcinj.com\/blog\/wp-json\/wp\/v2\/comments?post=91761"}],"version-history":[{"count":1,"href":"https:\/\/www.visit-ulcinj.com\/blog\/wp-json\/wp\/v2\/posts\/91761\/revisions"}],"predecessor-version":[{"id":91763,"href":"https:\/\/www.visit-ulcinj.com\/blog\/wp-json\/wp\/v2\/posts\/91761\/revisions\/91763"}],"wp:attachment":[{"href":"https:\/\/www.visit-ulcinj.com\/blog\/wp-json\/wp\/v2\/media?parent=91761"}],"wp:term":[{"taxonomy":"category","embeddable":true,"href":"https:\/\/www.visit-ulcinj.com\/blog\/wp-json\/wp\/v2\/categories?post=91761"},{"taxonomy":"post_tag","embeddable":true,"href":"https:\/\/www.visit-ulcinj.com\/blog\/wp-json\/wp\/v2\/tags?post=91761"}],"curies":[{"name":"wp","href":"https:\/\/api.w.org\/{rel}","templated":true}]}}