{"id":91764,"date":"2015-07-24T06:32:36","date_gmt":"2015-07-24T05:32:36","guid":{"rendered":"http:\/\/www.visit-ulcinj.com\/blog\/?p=91764"},"modified":"2015-07-24T06:32:36","modified_gmt":"2015-07-24T05:32:36","slug":"manifestimi-mergimtare-ne-kullomze-te-ulqinit","status":"publish","type":"post","link":"https:\/\/www.visit-ulcinj.com\/blog\/2015\/07\/24\/manifestimi-mergimtare-ne-kullomze-te-ulqinit\/","title":{"rendered":"Manifestimi m\u00eb Mergimtar\u00eb n\u00eb Kullomz\u00eb t\u00eb Ulqinit"},"content":{"rendered":"<p><a href=\"http:\/\/www.visit-ulcinj.com\/blog\/wp-content\/uploads\/2015\/07\/Manifestimi-m\u00eb-Mergimtar\u00eb-n\u00eb-Kullomz\u00eb.jpg\"><img loading=\"lazy\" class=\"alignleft wp-image-91765\" src=\"http:\/\/www.visit-ulcinj.com\/blog\/wp-content\/uploads\/2015\/07\/Manifestimi-m\u00eb-Mergimtar\u00eb-n\u00eb-Kullomz\u00eb.jpg\" alt=\"Manifestimi m\u00eb Mergimtar\u00eb n\u00eb Kullomz\u00eb\" width=\"508\" height=\"339\" srcset=\"https:\/\/www.visit-ulcinj.com\/blog\/wp-content\/uploads\/2015\/07\/Manifestimi-m\u00eb-Mergimtar\u00eb-n\u00eb-Kullomz\u00eb.jpg 960w, https:\/\/www.visit-ulcinj.com\/blog\/wp-content\/uploads\/2015\/07\/Manifestimi-m\u00eb-Mergimtar\u00eb-n\u00eb-Kullomz\u00eb-300x200.jpg 300w\" sizes=\"(max-width: 508px) 100vw, 508px\" \/><\/a>Gjasht\u00eb vite falenderim, gjasht\u00eb vite festim, gjasht\u00eb vit\u00eb sebashku.<br \/>\nKisha katolike n\u00eb treven e Ulqinit, dit\u00ebn<span class=\"text_exposed_show\"> e djele t\u00eb 19 korrikut i bashkoj\u00eb p\u00ebr t\u00eb gjash\u00ebn her\u00eb Mergimtar\u00ebt.<br \/>\nN\u00eb oborrin e Kish\u00ebs n\u00eb Kullomz\u00eb, n\u00eb perkujdesjen e meshtar\u00ebve dhe rinis\u00eb, dhe besimtar\u00ebve n\u00eb Kullomz\u00eb, mergimtar\u00ebt u bashkuan n\u00eb festen e pervit\u00ebshm\u00eb t\u00eb falenderimit.<br \/>\nSi shoqeri e kesaj treve jemi t\u00eb vet\u00ebdish\u00ebm se \u00e7do vit e me shum\u00eb nga gjeneratat e reja, bij\u00eb e bija t\u00eb ketij\u00eb trolli, p\u00ebr her\u00eb e m\u00eb pak\u00eb vijn\u00eb p\u00ebr t\u00eb pushuar n\u00eb vendin e baballar\u00ebve t\u00eb tyre. Por kemi ende nj\u00eb pjes\u00eb t\u00eb mosh\u00ebs se mesme dhe mosh\u00ebs se tret\u00eb q\u00eb kan\u00eb mall\u00eb p\u00ebr k\u00ebt\u00eb tok\u00eb. <\/span><\/p>\n<p><span class=\"text_exposed_show\"><a href=\"http:\/\/www.visit-ulcinj.com\/blog\/wp-content\/uploads\/2015\/07\/Manifestimi-m\u00eb-Mergimtar\u00eb-n\u00eb-Kullomz\u00eb-2.jpg\"><img loading=\"lazy\" class=\"alignleft wp-image-91766\" src=\"http:\/\/www.visit-ulcinj.com\/blog\/wp-content\/uploads\/2015\/07\/Manifestimi-m\u00eb-Mergimtar\u00eb-n\u00eb-Kullomz\u00eb-2.jpg\" alt=\"Manifestimi m\u00eb Mergimtar\u00eb n\u00eb Kullomz\u00eb-2\" width=\"508\" height=\"339\" srcset=\"https:\/\/www.visit-ulcinj.com\/blog\/wp-content\/uploads\/2015\/07\/Manifestimi-m\u00eb-Mergimtar\u00eb-n\u00eb-Kullomz\u00eb-2.jpg 960w, https:\/\/www.visit-ulcinj.com\/blog\/wp-content\/uploads\/2015\/07\/Manifestimi-m\u00eb-Mergimtar\u00eb-n\u00eb-Kullomz\u00eb-2-300x200.jpg 300w\" sizes=\"(max-width: 508px) 100vw, 508px\" \/><\/a><br \/>\nN\u00eb pjesmarrjen e mbi 150 mysafir\u00ebve, Kisha i priti mergimtar\u00ebt n\u00eb fest\u00ebn e tyre t\u00eb falenderimit. P\u00ebrpos dark\u00ebs t\u00eb shtruar nga ne qe jetojm\u00eb ketu, po ashtu isht\u00eb nat\u00eb me program kulturor, t\u00eb pergaditur enkas per ta, dhe q\u00eb nuk munguan as k\u00ebnga e as folklori dhe k\u00ebt\u00eb vit as poezia p\u00ebr mergimtar\u00ebt duke filluar nga recituesja jon\u00eb Nora Sel\u00e7anin, e deri t\u00eb poezia e perbashk\u00ebt mes vajzave malesore dhe vajzave shestanase. Po ashtu e ve\u00e7anta e k\u00ebsaj nate ishte nj\u00eb vazhim\u00ebsi e bashk\u00ebpunimit mes dy ansambleve, Ansambli \u2018Shqiponja\u2019 nga Malsia dhe Trendafilat e shen Terez\u00ebs nga treva e Ulqinit.<br \/>\nDy folklore m\u00eb valle unike, dy folklore m\u00eb nj\u00eb z\u00eb t\u00eb perbashk\u00ebt. Bashk\u00ebpunimi i till\u00eb shembull i mir\u00eb p\u00ebr shoqerin\u00eb, dhe mergimtar\u00ebt tan\u00eb n\u00eb k\u00ebt\u00eb nat\u00eb ishin shum\u00eb falenderues p\u00ebr k\u00ebt\u00eb gj\u00eb. M\u00eb k\u00ebnget e vallet e tyre Kullomza johoj per or\u00eb t\u00eb t\u00ebra<br \/>\nNe n\u00eb shenj\u00eb falenderim p\u00ebr kontributin q\u00eb mergimtar\u00ebt bejn\u00eb per ne, ndam\u00eb nj\u00eb mir\u00ebnjohje, q\u00eb k\u00ebt\u00eb vit u nda p\u00ebr FONDACIONIONIN DON SIMON FILIPAJ m\u00eb seli n\u00eb New York, motivi; si sh\u00ebnj\u00eb falenderimi p\u00ebr vendosjen e shtatores s\u00eb Don Simon Filipajt n\u00eb ShenGjergj dhe falenderim p\u00ebr ndihm\u00eb ekonomike p\u00ebr disa student q\u00eb studiojn\u00eb n\u00eb univerzitete t\u00eb ndryshme.<br \/>\nDhe si shoqeri, diaspor\u00ebs ju jemi falenderues edhe p\u00ebr secilin kontribut tjet\u00ebr q\u00eb ata bejn\u00eb n\u00eb vendin e ton\u00eb dhe n\u00eb vendin e tyre, e q\u00eb nuk jan\u00eb t\u00eb pakta.<br \/>\nM\u00eb deshir\u00eb t\u00eb sin\u00e7ert\u00eb ju deshirojm\u00eb mergimtarv\u00eb q\u00eb pushojn\u00eb n\u00eb Ulqin dhe rrethin\u00eb shendet, bekim, suksese dhe pushim sa m\u00eb t\u00eb bukur, m\u00eb shpres\u00eb q\u00eb vitin tjeter n\u00eb fest\u00ebn q\u00eb do ta organizojm\u00eb n\u00eb Kllez\u00ebn, t\u00eb takohemi perseri m\u00eb m\u00eb shum\u00eb respekt dhe dashuri m\u00ebs veti.<\/span><\/p>\n<p><strong>Burimi dhe Foto: <a id=\"js_22\" href=\"https:\/\/www.facebook.com\/bernard.beni.hasanaj\" data-hovercard=\"\/ajax\/hovercard\/user.php?id=1472734235\">Bernard Beni HasanajFacebook<\/a><\/strong><\/p>\n\n\t\t<style type=\"text\/css\">\n\t\t\t#gallery-1 {\n\t\t\t\tmargin: auto;\n\t\t\t}\n\t\t\t#gallery-1 .gallery-item {\n\t\t\t\tfloat: left;\n\t\t\t\tmargin-top: 10px;\n\t\t\t\ttext-align: center;\n\t\t\t\twidth: 33%;\n\t\t\t}\n\t\t\t#gallery-1 img {\n\t\t\t\tborder: 2px solid #cfcfcf;\n\t\t\t}\n\t\t\t#gallery-1 .gallery-caption {\n\t\t\t\tmargin-left: 0;\n\t\t\t}\n\t\t\t\/* see gallery_shortcode() in wp-includes\/media.php *\/\n\t\t<\/style>\n\t\t<div id='gallery-1' class='gallery galleryid-91764 gallery-columns-3 gallery-size-thumbnail'><dl class='gallery-item'>\n\t\t\t<dt class='gallery-icon portrait'>\n\t\t\t\t<a href='https:\/\/www.visit-ulcinj.com\/blog\/2015\/07\/24\/manifestimi-mergimtare-ne-kullomze-te-ulqinit\/manifestimi-me-mergimtare-ne-kullomze-3\/'><img width=\"150\" height=\"150\" src=\"https:\/\/www.visit-ulcinj.com\/blog\/wp-content\/uploads\/2015\/07\/Manifestimi-m\u00eb-Mergimtar\u00eb-n\u00eb-Kullomz\u00eb-3-150x150.jpg\" class=\"attachment-thumbnail size-thumbnail\" alt=\"\" loading=\"lazy\" \/><\/a>\n\t\t\t<\/dt><\/dl><dl class='gallery-item'>\n\t\t\t<dt class='gallery-icon landscape'>\n\t\t\t\t<a href='https:\/\/www.visit-ulcinj.com\/blog\/2015\/07\/24\/manifestimi-mergimtare-ne-kullomze-te-ulqinit\/manifestimi-me-mergimtare-ne-kullomze-4\/'><img width=\"150\" height=\"150\" src=\"https:\/\/www.visit-ulcinj.com\/blog\/wp-content\/uploads\/2015\/07\/Manifestimi-m\u00eb-Mergimtar\u00eb-n\u00eb-Kullomz\u00eb-4-150x150.jpg\" class=\"attachment-thumbnail size-thumbnail\" alt=\"\" loading=\"lazy\" \/><\/a>\n\t\t\t<\/dt><\/dl><dl class='gallery-item'>\n\t\t\t<dt class='gallery-icon portrait'>\n\t\t\t\t<a href='https:\/\/www.visit-ulcinj.com\/blog\/2015\/07\/24\/manifestimi-mergimtare-ne-kullomze-te-ulqinit\/manifestimi-me-mergimtare-ne-kullomze-5\/'><img width=\"150\" height=\"150\" src=\"https:\/\/www.visit-ulcinj.com\/blog\/wp-content\/uploads\/2015\/07\/Manifestimi-m\u00eb-Mergimtar\u00eb-n\u00eb-Kullomz\u00eb-5-150x150.jpg\" class=\"attachment-thumbnail size-thumbnail\" alt=\"\" loading=\"lazy\" \/><\/a>\n\t\t\t<\/dt><\/dl><br style=\"clear: both\" \/><dl class='gallery-item'>\n\t\t\t<dt class='gallery-icon landscape'>\n\t\t\t\t<a href='https:\/\/www.visit-ulcinj.com\/blog\/2015\/07\/24\/manifestimi-mergimtare-ne-kullomze-te-ulqinit\/manifestimi-me-mergimtare-ne-kullomze-6\/'><img width=\"150\" height=\"150\" src=\"https:\/\/www.visit-ulcinj.com\/blog\/wp-content\/uploads\/2015\/07\/Manifestimi-m\u00eb-Mergimtar\u00eb-n\u00eb-Kullomz\u00eb-6-150x150.jpg\" class=\"attachment-thumbnail size-thumbnail\" alt=\"\" loading=\"lazy\" \/><\/a>\n\t\t\t<\/dt><\/dl><dl class='gallery-item'>\n\t\t\t<dt class='gallery-icon landscape'>\n\t\t\t\t<a href='https:\/\/www.visit-ulcinj.com\/blog\/2015\/07\/24\/manifestimi-mergimtare-ne-kullomze-te-ulqinit\/manifestimi-me-mergimtare-ne-kullomze-7\/'><img width=\"150\" height=\"150\" src=\"https:\/\/www.visit-ulcinj.com\/blog\/wp-content\/uploads\/2015\/07\/Manifestimi-m\u00eb-Mergimtar\u00eb-n\u00eb-Kullomz\u00eb-7-150x150.jpg\" class=\"attachment-thumbnail size-thumbnail\" alt=\"\" loading=\"lazy\" \/><\/a>\n\t\t\t<\/dt><\/dl><dl class='gallery-item'>\n\t\t\t<dt class='gallery-icon portrait'>\n\t\t\t\t<a href='https:\/\/www.visit-ulcinj.com\/blog\/2015\/07\/24\/manifestimi-mergimtare-ne-kullomze-te-ulqinit\/manifestimi-me-mergimtare-ne-kullomze-8\/'><img width=\"150\" height=\"150\" src=\"https:\/\/www.visit-ulcinj.com\/blog\/wp-content\/uploads\/2015\/07\/Manifestimi-m\u00eb-Mergimtar\u00eb-n\u00eb-Kullomz\u00eb-8-150x150.jpg\" class=\"attachment-thumbnail size-thumbnail\" alt=\"\" loading=\"lazy\" \/><\/a>\n\t\t\t<\/dt><\/dl><br style=\"clear: both\" \/><dl class='gallery-item'>\n\t\t\t<dt class='gallery-icon landscape'>\n\t\t\t\t<a href='https:\/\/www.visit-ulcinj.com\/blog\/2015\/07\/24\/manifestimi-mergimtare-ne-kullomze-te-ulqinit\/manifestimi-me-mergimtare-ne-kullomze-9\/'><img width=\"150\" height=\"150\" src=\"https:\/\/www.visit-ulcinj.com\/blog\/wp-content\/uploads\/2015\/07\/Manifestimi-m\u00eb-Mergimtar\u00eb-n\u00eb-Kullomz\u00eb-9-150x150.jpg\" class=\"attachment-thumbnail size-thumbnail\" alt=\"\" loading=\"lazy\" \/><\/a>\n\t\t\t<\/dt><\/dl><dl class='gallery-item'>\n\t\t\t<dt class='gallery-icon landscape'>\n\t\t\t\t<a href='https:\/\/www.visit-ulcinj.com\/blog\/2015\/07\/24\/manifestimi-mergimtare-ne-kullomze-te-ulqinit\/manifestimi-me-mergimtare-ne-kullomze-10\/'><img width=\"150\" height=\"150\" src=\"https:\/\/www.visit-ulcinj.com\/blog\/wp-content\/uploads\/2015\/07\/Manifestimi-m\u00eb-Mergimtar\u00eb-n\u00eb-Kullomz\u00eb-10-150x150.jpg\" class=\"attachment-thumbnail size-thumbnail\" alt=\"\" loading=\"lazy\" \/><\/a>\n\t\t\t<\/dt><\/dl><dl class='gallery-item'>\n\t\t\t<dt class='gallery-icon landscape'>\n\t\t\t\t<a href='https:\/\/www.visit-ulcinj.com\/blog\/2015\/07\/24\/manifestimi-mergimtare-ne-kullomze-te-ulqinit\/manifestimi-me-mergimtare-ne-kullomze-11\/'><img width=\"150\" height=\"150\" src=\"https:\/\/www.visit-ulcinj.com\/blog\/wp-content\/uploads\/2015\/07\/Manifestimi-m\u00eb-Mergimtar\u00eb-n\u00eb-Kullomz\u00eb-11-150x150.jpg\" class=\"attachment-thumbnail size-thumbnail\" alt=\"\" loading=\"lazy\" \/><\/a>\n\t\t\t<\/dt><\/dl><br style=\"clear: both\" \/><dl class='gallery-item'>\n\t\t\t<dt class='gallery-icon landscape'>\n\t\t\t\t<a href='https:\/\/www.visit-ulcinj.com\/blog\/2015\/07\/24\/manifestimi-mergimtare-ne-kullomze-te-ulqinit\/manifestimi-me-mergimtare-ne-kullomze-12\/'><img width=\"150\" height=\"150\" src=\"https:\/\/www.visit-ulcinj.com\/blog\/wp-content\/uploads\/2015\/07\/Manifestimi-m\u00eb-Mergimtar\u00eb-n\u00eb-Kullomz\u00eb-12-150x150.jpg\" class=\"attachment-thumbnail size-thumbnail\" alt=\"\" loading=\"lazy\" \/><\/a>\n\t\t\t<\/dt><\/dl><dl class='gallery-item'>\n\t\t\t<dt class='gallery-icon portrait'>\n\t\t\t\t<a href='https:\/\/www.visit-ulcinj.com\/blog\/2015\/07\/24\/manifestimi-mergimtare-ne-kullomze-te-ulqinit\/manifestimi-me-mergimtare-ne-kullomze-1\/'><img width=\"150\" height=\"150\" src=\"https:\/\/www.visit-ulcinj.com\/blog\/wp-content\/uploads\/2015\/07\/Manifestimi-m\u00eb-Mergimtar\u00eb-n\u00eb-Kullomz\u00eb-1-150x150.jpg\" class=\"attachment-thumbnail size-thumbnail\" alt=\"\" loading=\"lazy\" \/><\/a>\n\t\t\t<\/dt><\/dl><dl class='gallery-item'>\n\t\t\t<dt class='gallery-icon portrait'>\n\t\t\t\t<a href='https:\/\/www.visit-ulcinj.com\/blog\/2015\/07\/24\/manifestimi-mergimtare-ne-kullomze-te-ulqinit\/manifestimi-me-mergimtare-ne-kullomze-13\/'><img width=\"150\" height=\"150\" src=\"https:\/\/www.visit-ulcinj.com\/blog\/wp-content\/uploads\/2015\/07\/Manifestimi-m\u00eb-Mergimtar\u00eb-n\u00eb-Kullomz\u00eb-13-150x150.jpg\" class=\"attachment-thumbnail size-thumbnail\" alt=\"\" loading=\"lazy\" \/><\/a>\n\t\t\t<\/dt><\/dl><br style=\"clear: both\" \/>\n\t\t<\/div>\n\n","protected":false},"excerpt":{"rendered":"<p>Gjasht\u00eb vite falenderim, gjasht\u00eb vite festim, gjasht\u00eb vit\u00eb sebashku. Kisha katolike n\u00eb treven e Ulqinit, dit\u00ebn e djele t\u00eb 19 korrikut i bashkoj\u00eb p\u00ebr t\u00eb gjash\u00ebn her\u00eb Mergimtar\u00ebt. N\u00eb oborrin e Kish\u00ebs n\u00eb Kullomz\u00eb, n\u00eb perkujdesjen e meshtar\u00ebve dhe rinis\u00eb, dhe besimtar\u00ebve n\u00eb Kullomz\u00eb, mergimtar\u00ebt u bashkuan n\u00eb festen e pervit\u00ebshm\u00eb t\u00eb falenderimit. Si shoqeri [&hellip;]<\/p>\n","protected":false},"author":1,"featured_media":0,"comment_status":"closed","ping_status":"closed","sticky":false,"template":"","format":"standard","meta":{"spay_email":"","jetpack_publicize_message":"","jetpack_is_tweetstorm":false,"jetpack_publicize_feature_enabled":true},"categories":[13],"tags":[],"jetpack_publicize_connections":[],"yoast_head":"<!-- This site is optimized with the Yoast SEO plugin v19.1 - https:\/\/yoast.com\/wordpress\/plugins\/seo\/ -->\n<title>Manifestimi m\u00eb Mergimtar\u00eb n\u00eb Kullomz\u00eb t\u00eb Ulqinit - Lajme nga Ulqini<\/title>\n<meta name=\"description\" content=\"Gjasht\u00eb vite falenderim, gjasht\u00eb vite festim, gjasht\u00eb vit\u00eb sebashku. Kisha katolike n\u00eb treven e Ulqinit, dit\u00ebn e djele t\u00eb 19 korrikut i bashkoj\u00eb p\u00ebr t\u00eb\" \/>\n<meta name=\"robots\" content=\"index, follow, max-snippet:-1, max-image-preview:large, max-video-preview:-1\" \/>\n<link rel=\"canonical\" href=\"https:\/\/www.visit-ulcinj.com\/blog\/2015\/07\/24\/manifestimi-mergimtare-ne-kullomze-te-ulqinit\/\" \/>\n<meta property=\"og:locale\" content=\"en_US\" \/>\n<meta property=\"og:type\" content=\"article\" \/>\n<meta property=\"og:title\" content=\"Manifestimi m\u00eb Mergimtar\u00eb n\u00eb Kullomz\u00eb t\u00eb Ulqinit - Lajme nga Ulqini\" \/>\n<meta property=\"og:description\" content=\"Gjasht\u00eb vite falenderim, gjasht\u00eb vite festim, gjasht\u00eb vit\u00eb sebashku. Kisha katolike n\u00eb treven e Ulqinit, dit\u00ebn e djele t\u00eb 19 korrikut i bashkoj\u00eb p\u00ebr t\u00eb\" \/>\n<meta property=\"og:url\" content=\"https:\/\/www.visit-ulcinj.com\/blog\/2015\/07\/24\/manifestimi-mergimtare-ne-kullomze-te-ulqinit\/\" \/>\n<meta property=\"og:site_name\" content=\"Lajme nga Ulqini\" \/>\n<meta property=\"article:published_time\" content=\"2015-07-24T05:32:36+00:00\" \/>\n<meta property=\"og:image\" content=\"https:\/\/www.visit-ulcinj.com\/blog\/wp-content\/uploads\/2015\/07\/Manifestimi-m\u00eb-Mergimtar\u00eb-n\u00eb-Kullomz\u00eb-3-150x150.jpg\" \/>\n<meta name=\"twitter:label1\" content=\"Written by\" \/>\n\t<meta name=\"twitter:data1\" content=\"ulqini\" \/>\n\t<meta name=\"twitter:label2\" content=\"Est. reading time\" \/>\n\t<meta name=\"twitter:data2\" content=\"2 minutes\" \/>\n<script type=\"application\/ld+json\" class=\"yoast-schema-graph\">{\"@context\":\"https:\/\/schema.org\",\"@graph\":[{\"@type\":\"WebSite\",\"@id\":\"https:\/\/www.visit-ulcinj.com\/blog\/#website\",\"url\":\"https:\/\/www.visit-ulcinj.com\/blog\/\",\"name\":\"Lajme nga Ulqini\",\"description\":\"Lajme,Vijesti,Ulqini,Ulqin,Crna Gora,Mali i Zi\",\"potentialAction\":[{\"@type\":\"SearchAction\",\"target\":{\"@type\":\"EntryPoint\",\"urlTemplate\":\"https:\/\/www.visit-ulcinj.com\/blog\/?s={search_term_string}\"},\"query-input\":\"required name=search_term_string\"}],\"inLanguage\":\"en-US\"},{\"@type\":\"WebPage\",\"@id\":\"https:\/\/www.visit-ulcinj.com\/blog\/2015\/07\/24\/manifestimi-mergimtare-ne-kullomze-te-ulqinit\/#webpage\",\"url\":\"https:\/\/www.visit-ulcinj.com\/blog\/2015\/07\/24\/manifestimi-mergimtare-ne-kullomze-te-ulqinit\/\",\"name\":\"Manifestimi m\u00eb Mergimtar\u00eb n\u00eb Kullomz\u00eb t\u00eb Ulqinit - Lajme nga Ulqini\",\"isPartOf\":{\"@id\":\"https:\/\/www.visit-ulcinj.com\/blog\/#website\"},\"datePublished\":\"2015-07-24T05:32:36+00:00\",\"dateModified\":\"2015-07-24T05:32:36+00:00\",\"author\":{\"@id\":\"https:\/\/www.visit-ulcinj.com\/blog\/#\/schema\/person\/dcab619c614d3038751c63bc2aadc06d\"},\"description\":\"Gjasht\u00eb vite falenderim, gjasht\u00eb vite festim, gjasht\u00eb vit\u00eb sebashku. Kisha katolike n\u00eb treven e Ulqinit, dit\u00ebn e djele t\u00eb 19 korrikut i bashkoj\u00eb p\u00ebr t\u00eb\",\"breadcrumb\":{\"@id\":\"https:\/\/www.visit-ulcinj.com\/blog\/2015\/07\/24\/manifestimi-mergimtare-ne-kullomze-te-ulqinit\/#breadcrumb\"},\"inLanguage\":\"en-US\",\"potentialAction\":[{\"@type\":\"ReadAction\",\"target\":[\"https:\/\/www.visit-ulcinj.com\/blog\/2015\/07\/24\/manifestimi-mergimtare-ne-kullomze-te-ulqinit\/\"]}]},{\"@type\":\"BreadcrumbList\",\"@id\":\"https:\/\/www.visit-ulcinj.com\/blog\/2015\/07\/24\/manifestimi-mergimtare-ne-kullomze-te-ulqinit\/#breadcrumb\",\"itemListElement\":[{\"@type\":\"ListItem\",\"position\":1,\"name\":\"Manifestimi m\u00eb Mergimtar\u00eb n\u00eb Kullomz\u00eb t\u00eb Ulqinit\"}]},{\"@type\":\"Person\",\"@id\":\"https:\/\/www.visit-ulcinj.com\/blog\/#\/schema\/person\/dcab619c614d3038751c63bc2aadc06d\",\"name\":\"ulqini\",\"sameAs\":[\"http:\/\/www.visit-ulcinj.com\"],\"url\":\"https:\/\/www.visit-ulcinj.com\/blog\/author\/admin\/\"}]}<\/script>\n<!-- \/ Yoast SEO plugin. -->","yoast_head_json":{"title":"Manifestimi m\u00eb Mergimtar\u00eb n\u00eb Kullomz\u00eb t\u00eb Ulqinit - Lajme nga Ulqini","description":"Gjasht\u00eb vite falenderim, gjasht\u00eb vite festim, gjasht\u00eb vit\u00eb sebashku. Kisha katolike n\u00eb treven e Ulqinit, dit\u00ebn e djele t\u00eb 19 korrikut i bashkoj\u00eb p\u00ebr t\u00eb","robots":{"index":"index","follow":"follow","max-snippet":"max-snippet:-1","max-image-preview":"max-image-preview:large","max-video-preview":"max-video-preview:-1"},"canonical":"https:\/\/www.visit-ulcinj.com\/blog\/2015\/07\/24\/manifestimi-mergimtare-ne-kullomze-te-ulqinit\/","og_locale":"en_US","og_type":"article","og_title":"Manifestimi m\u00eb Mergimtar\u00eb n\u00eb Kullomz\u00eb t\u00eb Ulqinit - Lajme nga Ulqini","og_description":"Gjasht\u00eb vite falenderim, gjasht\u00eb vite festim, gjasht\u00eb vit\u00eb sebashku. Kisha katolike n\u00eb treven e Ulqinit, dit\u00ebn e djele t\u00eb 19 korrikut i bashkoj\u00eb p\u00ebr t\u00eb","og_url":"https:\/\/www.visit-ulcinj.com\/blog\/2015\/07\/24\/manifestimi-mergimtare-ne-kullomze-te-ulqinit\/","og_site_name":"Lajme nga Ulqini","article_published_time":"2015-07-24T05:32:36+00:00","og_image":[{"url":"https:\/\/www.visit-ulcinj.com\/blog\/wp-content\/uploads\/2015\/07\/Manifestimi-m\u00eb-Mergimtar\u00eb-n\u00eb-Kullomz\u00eb-3-150x150.jpg"}],"twitter_misc":{"Written by":"ulqini","Est. reading time":"2 minutes"},"schema":{"@context":"https:\/\/schema.org","@graph":[{"@type":"WebSite","@id":"https:\/\/www.visit-ulcinj.com\/blog\/#website","url":"https:\/\/www.visit-ulcinj.com\/blog\/","name":"Lajme nga Ulqini","description":"Lajme,Vijesti,Ulqini,Ulqin,Crna Gora,Mali i Zi","potentialAction":[{"@type":"SearchAction","target":{"@type":"EntryPoint","urlTemplate":"https:\/\/www.visit-ulcinj.com\/blog\/?s={search_term_string}"},"query-input":"required name=search_term_string"}],"inLanguage":"en-US"},{"@type":"WebPage","@id":"https:\/\/www.visit-ulcinj.com\/blog\/2015\/07\/24\/manifestimi-mergimtare-ne-kullomze-te-ulqinit\/#webpage","url":"https:\/\/www.visit-ulcinj.com\/blog\/2015\/07\/24\/manifestimi-mergimtare-ne-kullomze-te-ulqinit\/","name":"Manifestimi m\u00eb Mergimtar\u00eb n\u00eb Kullomz\u00eb t\u00eb Ulqinit - Lajme nga Ulqini","isPartOf":{"@id":"https:\/\/www.visit-ulcinj.com\/blog\/#website"},"datePublished":"2015-07-24T05:32:36+00:00","dateModified":"2015-07-24T05:32:36+00:00","author":{"@id":"https:\/\/www.visit-ulcinj.com\/blog\/#\/schema\/person\/dcab619c614d3038751c63bc2aadc06d"},"description":"Gjasht\u00eb vite falenderim, gjasht\u00eb vite festim, gjasht\u00eb vit\u00eb sebashku. Kisha katolike n\u00eb treven e Ulqinit, dit\u00ebn e djele t\u00eb 19 korrikut i bashkoj\u00eb p\u00ebr t\u00eb","breadcrumb":{"@id":"https:\/\/www.visit-ulcinj.com\/blog\/2015\/07\/24\/manifestimi-mergimtare-ne-kullomze-te-ulqinit\/#breadcrumb"},"inLanguage":"en-US","potentialAction":[{"@type":"ReadAction","target":["https:\/\/www.visit-ulcinj.com\/blog\/2015\/07\/24\/manifestimi-mergimtare-ne-kullomze-te-ulqinit\/"]}]},{"@type":"BreadcrumbList","@id":"https:\/\/www.visit-ulcinj.com\/blog\/2015\/07\/24\/manifestimi-mergimtare-ne-kullomze-te-ulqinit\/#breadcrumb","itemListElement":[{"@type":"ListItem","position":1,"name":"Manifestimi m\u00eb Mergimtar\u00eb n\u00eb Kullomz\u00eb t\u00eb Ulqinit"}]},{"@type":"Person","@id":"https:\/\/www.visit-ulcinj.com\/blog\/#\/schema\/person\/dcab619c614d3038751c63bc2aadc06d","name":"ulqini","sameAs":["http:\/\/www.visit-ulcinj.com"],"url":"https:\/\/www.visit-ulcinj.com\/blog\/author\/admin\/"}]}},"jetpack_featured_media_url":"","jetpack_sharing_enabled":true,"jetpack_shortlink":"https:\/\/wp.me\/pe6lTn-nS4","_links":{"self":[{"href":"https:\/\/www.visit-ulcinj.com\/blog\/wp-json\/wp\/v2\/posts\/91764"}],"collection":[{"href":"https:\/\/www.visit-ulcinj.com\/blog\/wp-json\/wp\/v2\/posts"}],"about":[{"href":"https:\/\/www.visit-ulcinj.com\/blog\/wp-json\/wp\/v2\/types\/post"}],"author":[{"embeddable":true,"href":"https:\/\/www.visit-ulcinj.com\/blog\/wp-json\/wp\/v2\/users\/1"}],"replies":[{"embeddable":true,"href":"https:\/\/www.visit-ulcinj.com\/blog\/wp-json\/wp\/v2\/comments?post=91764"}],"version-history":[{"count":1,"href":"https:\/\/www.visit-ulcinj.com\/blog\/wp-json\/wp\/v2\/posts\/91764\/revisions"}],"predecessor-version":[{"id":91779,"href":"https:\/\/www.visit-ulcinj.com\/blog\/wp-json\/wp\/v2\/posts\/91764\/revisions\/91779"}],"wp:attachment":[{"href":"https:\/\/www.visit-ulcinj.com\/blog\/wp-json\/wp\/v2\/media?parent=91764"}],"wp:term":[{"taxonomy":"category","embeddable":true,"href":"https:\/\/www.visit-ulcinj.com\/blog\/wp-json\/wp\/v2\/categories?post=91764"},{"taxonomy":"post_tag","embeddable":true,"href":"https:\/\/www.visit-ulcinj.com\/blog\/wp-json\/wp\/v2\/tags?post=91764"}],"curies":[{"name":"wp","href":"https:\/\/api.w.org\/{rel}","templated":true}]}}