{"id":91780,"date":"2015-07-24T09:10:38","date_gmt":"2015-07-24T08:10:38","guid":{"rendered":"http:\/\/www.visit-ulcinj.com\/blog\/?p=91780"},"modified":"2015-07-24T09:10:38","modified_gmt":"2015-07-24T08:10:38","slug":"zenka-u-ulcinj-vlast-kriva-za-haos","status":"publish","type":"post","link":"https:\/\/www.visit-ulcinj.com\/blog\/2015\/07\/24\/zenka-u-ulcinj-vlast-kriva-za-haos\/","title":{"rendered":"Zenka: U Ulcinj vlast kriva za haos"},"content":{"rendered":"<p><span class=\"tekstcijeli\"><span class=\"kapital\"><a href=\"http:\/\/www.visit-ulcinj.com\/blog\/wp-content\/uploads\/2013\/12\/Mehmed-Zenka-1.jpg\"><img loading=\"lazy\" class=\"alignleft wp-image-77645\" src=\"http:\/\/www.visit-ulcinj.com\/blog\/wp-content\/uploads\/2013\/12\/Mehmed-Zenka-1.jpg\" alt=\"Mehmed-Zenka-1\" width=\"508\" height=\"335\" srcset=\"https:\/\/www.visit-ulcinj.com\/blog\/wp-content\/uploads\/2013\/12\/Mehmed-Zenka-1.jpg 726w, https:\/\/www.visit-ulcinj.com\/blog\/wp-content\/uploads\/2013\/12\/Mehmed-Zenka-1-300x197.jpg 300w\" sizes=\"(max-width: 508px) 100vw, 508px\" \/><\/a>U<\/span>LCINj- Prva sjednica prvog redovnog zasjedanja SO Ulcinj prekinuta je ju\u010de tokom rasprave o odluci o kreditnom zadu\u017eenju JP Vodovod. Tom odlukom planirano je da se preduze\u0107e zadu\u017ei 200.000 eura kako bi se izmirio dio dugovanja Regionalnom vodovodu i platile otpremine radnicima koji \u0107e biti progla\u0161eni tehnolo\u0161kim vi\u0161kom. Podsjetimo, smanjenje broja zaposlenih u preduze\u0107u tra\u017ei KFV banka koja je finansirala izradu projekata kompletne rekonstrukcije vodovoda i kanalizacije. Naime, njema\u010dki stru\u010dnjaci utvrdili su da je za efikasno poslovanje dovoljno 100 zaposlenih od sada\u0161njih 150. Po njihovom mi\u0161ljenju, a i po memorandumu koji je s bankom potpisao biv\u0161i predsjednik op\u0161tine Nazif Cungu, preduze\u0107e treba da broji deset radnika na hiljadu priklju\u010daka. U prvoj fazi brojno stanje mora se smanjiti za 30, a naredne dvije godine jo\u0161 za 20 zaposlenih. Ipak, odbornici se ju\u010de nisu mnogo bavili konkretnom temom i vi\u0161e se raspravljalo o stanju u op\u0161tini, problemima i dometima vladaju\u0107e koalicije. Naime, tokom diskusije o kreditnom zadu\u017eenju lider i odbornik DUA Mehmet Zenka optu\u017eio je vladaju\u0107u koaliciju da je nedoma\u0107inskim odnosom op\u0161tinu dovela na rub propasti. Zenka je kazao da lokalna vlast pre\u010desto pose\u017ee za kreditima, jer nije u stanju da obezbijedi normalno fukniconisanje organa lokalne uprave i javnih preduze\u0107a. On je vlast optu\u017eio za nenamjensko tro\u0161enje sredstva, lo\u0161u realizaciju izvornih prihoda, neznanje i nerad.<br \/>\n\u2013Niko ne zna \u0161ta radite i kako tro\u0161ite sredstva. Jo\u0161 se ne zna gdje su dva miliona eura prihoda od Morskog dobra? Dali smo vam sto dana i nismo vas kritikovali, ali ovaj haos u kome se nalazi op\u0161tina zaslu\u017euje sve kritike, naglasio je Zenka. <\/span><\/p>\n<p><span class=\"tekstcijeli\"><a href=\"http:\/\/www.visit-ulcinj.com\/blog\/wp-content\/uploads\/2015\/07\/Dritan-Abazovic-Ulcinj1.jpg\"><img loading=\"lazy\" class=\"alignleft wp-image-91781\" src=\"http:\/\/www.visit-ulcinj.com\/blog\/wp-content\/uploads\/2015\/07\/Dritan-Abazovic-Ulcinj1.jpg\" alt=\"Dritan-Abazovic-Ulcinj\" width=\"508\" height=\"337\" srcset=\"https:\/\/www.visit-ulcinj.com\/blog\/wp-content\/uploads\/2015\/07\/Dritan-Abazovic-Ulcinj1.jpg 960w, https:\/\/www.visit-ulcinj.com\/blog\/wp-content\/uploads\/2015\/07\/Dritan-Abazovic-Ulcinj1-300x199.jpg 300w\" sizes=\"(max-width: 508px) 100vw, 508px\" \/><\/a><br \/>\nOdgovorio mu je odbornik URA Dritan Abazovi\u0107 koji je kazao da je za sada\u0161nje stanje u op\u0161tini kriva lo\u0161a politika u prehodnih 20 godina.<br \/>\n\u2013I moje mi\u0161ljenje je da se kreditima ne mogu rije\u0161iti problemi, ali na\u0161a realnost je takva. Kredit je neophodan kako bi se izmirili dugovi prema Regionalnom vodovodu i obaveze prema zaposlenima koji su vi\u0161ak. U takvoj situaciji nema mnogo izbora, rekao je Abazovi\u0107.<br \/>\nZenka je potom potegao pitanje odgovornosti partije kojoj pripada Abazovi\u0107, rekav\u0161i da su u aktuelnu vlast u\u0161li obe\u0107avaju\u0107i da \u0107e je kontrolisati, ali da umjesto toga u\u017eivaju u privilegijama.<br \/>\n\u2013Mi smo u koaliciju u\u0161li da sprije\u010dimo da na vlast do\u0111e DPS koji je i te kako odgovoran za stanje u kom se nalazi Ulcinj, odgovorio je Abazovi\u0107. <\/span><\/p>\n<p><span class=\"tekstcijeli\"><a href=\"http:\/\/www.visit-ulcinj.com\/blog\/wp-content\/uploads\/2015\/07\/Loro-Nrekiqi-ulqin.jpg\"><img loading=\"lazy\" class=\"alignleft wp-image-91782\" src=\"http:\/\/www.visit-ulcinj.com\/blog\/wp-content\/uploads\/2015\/07\/Loro-Nrekiqi-ulqin.jpg\" alt=\"Loro-Nrekiqi-ulqin\" width=\"508\" height=\"320\" srcset=\"https:\/\/www.visit-ulcinj.com\/blog\/wp-content\/uploads\/2015\/07\/Loro-Nrekiqi-ulqin.jpg 889w, https:\/\/www.visit-ulcinj.com\/blog\/wp-content\/uploads\/2015\/07\/Loro-Nrekiqi-ulqin-300x189.jpg 300w\" sizes=\"(max-width: 508px) 100vw, 508px\" \/><\/a><br \/>\nU raspravu se potom uklju\u010dio i predsjednik OO DPS-a i odbornik te partije Ljoro Nreki\u0107 koji je ocijenio da je \u201ejadan grad u kom je neko na vlasti samo iz inata DPS-u\u201c. Nreki\u0107 je istakao da Ulcinj grca u problemima i haosu i da bez u\u010de\u0161\u0107a partije kojoj pripada nema razvoja najju\u017enije op\u0161tine.<br \/>\n\u2013Ne zato \u0161to smo najpametniji ve\u0107 zbog toga \u0161to znamo, umijemo i ho\u0107emo da radimo i zato \u0161to po\u0161tujemo zakone i procedure, rekao je Nreki\u0107. Na momente o\u0161tru polemiku prekinuo je nestanak struje, te je odlu\u010deno da se ve\u0107 danas odr\u017ei kolegijum predsjednika skup\u0161tine, a rad nastavi u petak. Na dnevnom redu je 28 ta\u010daka.<br \/>\n<strong>M.K.<\/strong><\/p>\n<p><strong> Regionalnom vodovodu du\u017eni 221. 000 eura<\/strong><\/span><\/p>\n<p><span class=\"tekstcijeli\"><a href=\"http:\/\/www.visit-ulcinj.com\/blog\/wp-content\/uploads\/2015\/07\/Fehim-Avdiu-ulcinj.jpg\"><img loading=\"lazy\" class=\"alignleft wp-image-91783\" src=\"http:\/\/www.visit-ulcinj.com\/blog\/wp-content\/uploads\/2015\/07\/Fehim-Avdiu-ulcinj.jpg\" alt=\"Fehim Avdiu-ulcinj\" width=\"508\" height=\"254\" srcset=\"https:\/\/www.visit-ulcinj.com\/blog\/wp-content\/uploads\/2015\/07\/Fehim-Avdiu-ulcinj.jpg 660w, https:\/\/www.visit-ulcinj.com\/blog\/wp-content\/uploads\/2015\/07\/Fehim-Avdiu-ulcinj-300x150.jpg 300w\" sizes=\"(max-width: 508px) 100vw, 508px\" \/><\/a><\/p>\n<p>Direktor JP Vodovod Fehim Avdiu kazao je da je na osnovu godi\u0161njih izvje\u0161taja o radu evidentno da su najve\u0107i problemi s kojima se suo\u010dava ovo preduze\u0107e dug Regionalnom vodovodu od 221.000 eura i otpu\u0161tanje odre\u0111enog broja radnika shodno potpisanom memorandumu s njema\u010dkom bankom za razvoj KFV.<br \/>\n-Kreditno zadu\u017eenje od 200.000 eura potrebno je kako bi se sanirali ti problemi. Taj iznos na du\u017ei rok ne bi predstavljao veliko finansijsko optere\u0107enje za nas, a sredstva bi bila utro\u0161ena na na\u010din \u0161to bi se za dug izdvojilo 75 odsto, a za otpremine radnicima 25 odsto kredita, rekao je Avdiu. <\/span><\/p>\n<p><strong>Izvor: DAN<\/strong><\/p>\n","protected":false},"excerpt":{"rendered":"<p>ULCINj- Prva sjednica prvog redovnog zasjedanja SO Ulcinj prekinuta je ju\u010de tokom rasprave o odluci o kreditnom zadu\u017eenju JP Vodovod. Tom odlukom planirano je da se preduze\u0107e zadu\u017ei 200.000 eura kako bi se izmirio dio dugovanja Regionalnom vodovodu i platile otpremine radnicima koji \u0107e biti progla\u0161eni tehnolo\u0161kim vi\u0161kom. Podsjetimo, smanjenje broja zaposlenih u preduze\u0107u tra\u017ei [&hellip;]<\/p>\n","protected":false},"author":1,"featured_media":0,"comment_status":"closed","ping_status":"closed","sticky":false,"template":"","format":"standard","meta":{"spay_email":"","jetpack_publicize_message":"","jetpack_is_tweetstorm":false,"jetpack_publicize_feature_enabled":true},"categories":[8337],"tags":[],"jetpack_publicize_connections":[],"yoast_head":"<!-- This site is optimized with the Yoast SEO plugin v19.1 - https:\/\/yoast.com\/wordpress\/plugins\/seo\/ -->\n<title>Zenka: U Ulcinj vlast kriva za haos - Lajme nga Ulqini<\/title>\n<meta name=\"description\" content=\"ULCINj- Prva sjednica prvog redovnog zasjedanja SO Ulcinj prekinuta je ju\u010de tokom rasprave o odluci o kreditnom zadu\u017eenju JP Vodovod. Tom odlukom\" \/>\n<meta name=\"robots\" content=\"index, follow, max-snippet:-1, max-image-preview:large, max-video-preview:-1\" \/>\n<link rel=\"canonical\" href=\"https:\/\/www.visit-ulcinj.com\/blog\/2015\/07\/24\/zenka-u-ulcinj-vlast-kriva-za-haos\/\" \/>\n<meta property=\"og:locale\" content=\"en_US\" \/>\n<meta property=\"og:type\" content=\"article\" \/>\n<meta property=\"og:title\" content=\"Zenka: U Ulcinj vlast kriva za haos - Lajme nga Ulqini\" \/>\n<meta property=\"og:description\" content=\"ULCINj- Prva sjednica prvog redovnog zasjedanja SO Ulcinj prekinuta je ju\u010de tokom rasprave o odluci o kreditnom zadu\u017eenju JP Vodovod. Tom odlukom\" \/>\n<meta property=\"og:url\" content=\"https:\/\/www.visit-ulcinj.com\/blog\/2015\/07\/24\/zenka-u-ulcinj-vlast-kriva-za-haos\/\" \/>\n<meta property=\"og:site_name\" content=\"Lajme nga Ulqini\" \/>\n<meta property=\"article:published_time\" content=\"2015-07-24T08:10:38+00:00\" \/>\n<meta property=\"og:image\" content=\"http:\/\/www.visit-ulcinj.com\/blog\/wp-content\/uploads\/2013\/12\/Mehmed-Zenka-1.jpg\" \/>\n<meta name=\"twitter:label1\" content=\"Written by\" \/>\n\t<meta name=\"twitter:data1\" content=\"ulqini\" \/>\n\t<meta name=\"twitter:label2\" content=\"Est. reading time\" \/>\n\t<meta name=\"twitter:data2\" content=\"3 minutes\" \/>\n<script type=\"application\/ld+json\" class=\"yoast-schema-graph\">{\"@context\":\"https:\/\/schema.org\",\"@graph\":[{\"@type\":\"WebSite\",\"@id\":\"https:\/\/www.visit-ulcinj.com\/blog\/#website\",\"url\":\"https:\/\/www.visit-ulcinj.com\/blog\/\",\"name\":\"Lajme nga Ulqini\",\"description\":\"Lajme,Vijesti,Ulqini,Ulqin,Crna Gora,Mali i Zi\",\"potentialAction\":[{\"@type\":\"SearchAction\",\"target\":{\"@type\":\"EntryPoint\",\"urlTemplate\":\"https:\/\/www.visit-ulcinj.com\/blog\/?s={search_term_string}\"},\"query-input\":\"required name=search_term_string\"}],\"inLanguage\":\"en-US\"},{\"@type\":\"ImageObject\",\"inLanguage\":\"en-US\",\"@id\":\"https:\/\/www.visit-ulcinj.com\/blog\/2015\/07\/24\/zenka-u-ulcinj-vlast-kriva-za-haos\/#primaryimage\",\"url\":\"https:\/\/www.visit-ulcinj.com\/blog\/wp-content\/uploads\/2013\/12\/Mehmed-Zenka-1.jpg\",\"contentUrl\":\"https:\/\/www.visit-ulcinj.com\/blog\/wp-content\/uploads\/2013\/12\/Mehmed-Zenka-1.jpg\",\"width\":726,\"height\":479},{\"@type\":\"WebPage\",\"@id\":\"https:\/\/www.visit-ulcinj.com\/blog\/2015\/07\/24\/zenka-u-ulcinj-vlast-kriva-za-haos\/#webpage\",\"url\":\"https:\/\/www.visit-ulcinj.com\/blog\/2015\/07\/24\/zenka-u-ulcinj-vlast-kriva-za-haos\/\",\"name\":\"Zenka: U Ulcinj vlast kriva za haos - Lajme nga Ulqini\",\"isPartOf\":{\"@id\":\"https:\/\/www.visit-ulcinj.com\/blog\/#website\"},\"primaryImageOfPage\":{\"@id\":\"https:\/\/www.visit-ulcinj.com\/blog\/2015\/07\/24\/zenka-u-ulcinj-vlast-kriva-za-haos\/#primaryimage\"},\"datePublished\":\"2015-07-24T08:10:38+00:00\",\"dateModified\":\"2015-07-24T08:10:38+00:00\",\"author\":{\"@id\":\"https:\/\/www.visit-ulcinj.com\/blog\/#\/schema\/person\/dcab619c614d3038751c63bc2aadc06d\"},\"description\":\"ULCINj- Prva sjednica prvog redovnog zasjedanja SO Ulcinj prekinuta je ju\u010de tokom rasprave o odluci o kreditnom zadu\u017eenju JP Vodovod. Tom odlukom\",\"breadcrumb\":{\"@id\":\"https:\/\/www.visit-ulcinj.com\/blog\/2015\/07\/24\/zenka-u-ulcinj-vlast-kriva-za-haos\/#breadcrumb\"},\"inLanguage\":\"en-US\",\"potentialAction\":[{\"@type\":\"ReadAction\",\"target\":[\"https:\/\/www.visit-ulcinj.com\/blog\/2015\/07\/24\/zenka-u-ulcinj-vlast-kriva-za-haos\/\"]}]},{\"@type\":\"BreadcrumbList\",\"@id\":\"https:\/\/www.visit-ulcinj.com\/blog\/2015\/07\/24\/zenka-u-ulcinj-vlast-kriva-za-haos\/#breadcrumb\",\"itemListElement\":[{\"@type\":\"ListItem\",\"position\":1,\"name\":\"Zenka: U Ulcinj vlast kriva za haos\"}]},{\"@type\":\"Person\",\"@id\":\"https:\/\/www.visit-ulcinj.com\/blog\/#\/schema\/person\/dcab619c614d3038751c63bc2aadc06d\",\"name\":\"ulqini\",\"sameAs\":[\"http:\/\/www.visit-ulcinj.com\"],\"url\":\"https:\/\/www.visit-ulcinj.com\/blog\/author\/admin\/\"}]}<\/script>\n<!-- \/ Yoast SEO plugin. -->","yoast_head_json":{"title":"Zenka: U Ulcinj vlast kriva za haos - Lajme nga Ulqini","description":"ULCINj- Prva sjednica prvog redovnog zasjedanja SO Ulcinj prekinuta je ju\u010de tokom rasprave o odluci o kreditnom zadu\u017eenju JP Vodovod. Tom odlukom","robots":{"index":"index","follow":"follow","max-snippet":"max-snippet:-1","max-image-preview":"max-image-preview:large","max-video-preview":"max-video-preview:-1"},"canonical":"https:\/\/www.visit-ulcinj.com\/blog\/2015\/07\/24\/zenka-u-ulcinj-vlast-kriva-za-haos\/","og_locale":"en_US","og_type":"article","og_title":"Zenka: U Ulcinj vlast kriva za haos - Lajme nga Ulqini","og_description":"ULCINj- Prva sjednica prvog redovnog zasjedanja SO Ulcinj prekinuta je ju\u010de tokom rasprave o odluci o kreditnom zadu\u017eenju JP Vodovod. Tom odlukom","og_url":"https:\/\/www.visit-ulcinj.com\/blog\/2015\/07\/24\/zenka-u-ulcinj-vlast-kriva-za-haos\/","og_site_name":"Lajme nga Ulqini","article_published_time":"2015-07-24T08:10:38+00:00","og_image":[{"url":"http:\/\/www.visit-ulcinj.com\/blog\/wp-content\/uploads\/2013\/12\/Mehmed-Zenka-1.jpg"}],"twitter_misc":{"Written by":"ulqini","Est. reading time":"3 minutes"},"schema":{"@context":"https:\/\/schema.org","@graph":[{"@type":"WebSite","@id":"https:\/\/www.visit-ulcinj.com\/blog\/#website","url":"https:\/\/www.visit-ulcinj.com\/blog\/","name":"Lajme nga Ulqini","description":"Lajme,Vijesti,Ulqini,Ulqin,Crna Gora,Mali i Zi","potentialAction":[{"@type":"SearchAction","target":{"@type":"EntryPoint","urlTemplate":"https:\/\/www.visit-ulcinj.com\/blog\/?s={search_term_string}"},"query-input":"required name=search_term_string"}],"inLanguage":"en-US"},{"@type":"ImageObject","inLanguage":"en-US","@id":"https:\/\/www.visit-ulcinj.com\/blog\/2015\/07\/24\/zenka-u-ulcinj-vlast-kriva-za-haos\/#primaryimage","url":"https:\/\/www.visit-ulcinj.com\/blog\/wp-content\/uploads\/2013\/12\/Mehmed-Zenka-1.jpg","contentUrl":"https:\/\/www.visit-ulcinj.com\/blog\/wp-content\/uploads\/2013\/12\/Mehmed-Zenka-1.jpg","width":726,"height":479},{"@type":"WebPage","@id":"https:\/\/www.visit-ulcinj.com\/blog\/2015\/07\/24\/zenka-u-ulcinj-vlast-kriva-za-haos\/#webpage","url":"https:\/\/www.visit-ulcinj.com\/blog\/2015\/07\/24\/zenka-u-ulcinj-vlast-kriva-za-haos\/","name":"Zenka: U Ulcinj vlast kriva za haos - Lajme nga Ulqini","isPartOf":{"@id":"https:\/\/www.visit-ulcinj.com\/blog\/#website"},"primaryImageOfPage":{"@id":"https:\/\/www.visit-ulcinj.com\/blog\/2015\/07\/24\/zenka-u-ulcinj-vlast-kriva-za-haos\/#primaryimage"},"datePublished":"2015-07-24T08:10:38+00:00","dateModified":"2015-07-24T08:10:38+00:00","author":{"@id":"https:\/\/www.visit-ulcinj.com\/blog\/#\/schema\/person\/dcab619c614d3038751c63bc2aadc06d"},"description":"ULCINj- Prva sjednica prvog redovnog zasjedanja SO Ulcinj prekinuta je ju\u010de tokom rasprave o odluci o kreditnom zadu\u017eenju JP Vodovod. Tom odlukom","breadcrumb":{"@id":"https:\/\/www.visit-ulcinj.com\/blog\/2015\/07\/24\/zenka-u-ulcinj-vlast-kriva-za-haos\/#breadcrumb"},"inLanguage":"en-US","potentialAction":[{"@type":"ReadAction","target":["https:\/\/www.visit-ulcinj.com\/blog\/2015\/07\/24\/zenka-u-ulcinj-vlast-kriva-za-haos\/"]}]},{"@type":"BreadcrumbList","@id":"https:\/\/www.visit-ulcinj.com\/blog\/2015\/07\/24\/zenka-u-ulcinj-vlast-kriva-za-haos\/#breadcrumb","itemListElement":[{"@type":"ListItem","position":1,"name":"Zenka: U Ulcinj vlast kriva za haos"}]},{"@type":"Person","@id":"https:\/\/www.visit-ulcinj.com\/blog\/#\/schema\/person\/dcab619c614d3038751c63bc2aadc06d","name":"ulqini","sameAs":["http:\/\/www.visit-ulcinj.com"],"url":"https:\/\/www.visit-ulcinj.com\/blog\/author\/admin\/"}]}},"jetpack_featured_media_url":"","jetpack_sharing_enabled":true,"jetpack_shortlink":"https:\/\/wp.me\/pe6lTn-nSk","_links":{"self":[{"href":"https:\/\/www.visit-ulcinj.com\/blog\/wp-json\/wp\/v2\/posts\/91780"}],"collection":[{"href":"https:\/\/www.visit-ulcinj.com\/blog\/wp-json\/wp\/v2\/posts"}],"about":[{"href":"https:\/\/www.visit-ulcinj.com\/blog\/wp-json\/wp\/v2\/types\/post"}],"author":[{"embeddable":true,"href":"https:\/\/www.visit-ulcinj.com\/blog\/wp-json\/wp\/v2\/users\/1"}],"replies":[{"embeddable":true,"href":"https:\/\/www.visit-ulcinj.com\/blog\/wp-json\/wp\/v2\/comments?post=91780"}],"version-history":[{"count":1,"href":"https:\/\/www.visit-ulcinj.com\/blog\/wp-json\/wp\/v2\/posts\/91780\/revisions"}],"predecessor-version":[{"id":91784,"href":"https:\/\/www.visit-ulcinj.com\/blog\/wp-json\/wp\/v2\/posts\/91780\/revisions\/91784"}],"wp:attachment":[{"href":"https:\/\/www.visit-ulcinj.com\/blog\/wp-json\/wp\/v2\/media?parent=91780"}],"wp:term":[{"taxonomy":"category","embeddable":true,"href":"https:\/\/www.visit-ulcinj.com\/blog\/wp-json\/wp\/v2\/categories?post=91780"},{"taxonomy":"post_tag","embeddable":true,"href":"https:\/\/www.visit-ulcinj.com\/blog\/wp-json\/wp\/v2\/tags?post=91780"}],"curies":[{"name":"wp","href":"https:\/\/api.w.org\/{rel}","templated":true}]}}