{"id":91785,"date":"2015-07-24T09:17:16","date_gmt":"2015-07-24T08:17:16","guid":{"rendered":"http:\/\/www.visit-ulcinj.com\/blog\/?p=91785"},"modified":"2015-07-24T09:17:16","modified_gmt":"2015-07-24T08:17:16","slug":"ulqini-perballet-mungese-te-rrymes","status":"publish","type":"post","link":"https:\/\/www.visit-ulcinj.com\/blog\/2015\/07\/24\/ulqini-perballet-mungese-te-rrymes\/","title":{"rendered":"Ulqini p\u00ebrballet me munges\u00eb t\u00eb rrym\u00ebs"},"content":{"rendered":"<div class=\"inside-text-paragraphs\">\n<p><a href=\"http:\/\/www.visit-ulcinj.com\/blog\/wp-content\/uploads\/2014\/07\/Ulcinj-Ulqini-nicht.jpg\"><img loading=\"lazy\" class=\"alignleft wp-image-84378\" src=\"http:\/\/www.visit-ulcinj.com\/blog\/wp-content\/uploads\/2014\/07\/Ulcinj-Ulqini-nicht.jpg\" alt=\"Ulcinj-Ulqini-nicht\" width=\"508\" height=\"339\" srcset=\"https:\/\/www.visit-ulcinj.com\/blog\/wp-content\/uploads\/2014\/07\/Ulcinj-Ulqini-nicht.jpg 1152w, https:\/\/www.visit-ulcinj.com\/blog\/wp-content\/uploads\/2014\/07\/Ulcinj-Ulqini-nicht-300x200.jpg 300w, https:\/\/www.visit-ulcinj.com\/blog\/wp-content\/uploads\/2014\/07\/Ulcinj-Ulqini-nicht-1024x682.jpg 1024w\" sizes=\"(max-width: 508px) 100vw, 508px\" \/><\/a>Mungesa e energjis\u00eb elektrike prej m\u00eb shum\u00eb se 24 or\u00eb n\u00eb Ulqin\u00a0\u00a0ka r\u00ebnduar tej mase pushimet e turisteve q\u00eb po kalojn\u00eb pushimet verore n\u00eb bregdetin malazez.<\/p>\n<p>Pushuesit nga Kosova q\u00eb ndodhen n\u00eb Ulqin i kan\u00eb shkruar gazet\u00ebs \u201cZ\u00ebri\u201d p\u00ebrmes post\u00ebs elektronike se ndalja e energjis\u00eb elektrike q\u00eb m\u00eb shum\u00eb se 24 or\u00eb po iu sjell probleme t\u00eb m\u00ebdha.<\/p>\n<p>\u201cMungesa e elegjis\u00eb n\u00eb k\u00ebto temperatura tropikale \u00ebsht\u00eb b\u00ebr\u00eb e pap\u00ebrballueshme.\u00a0\u00a0Ushqimi n\u00ebp\u00ebr frigorifer\u00eb ka filluar t\u00eb prishet, nd\u00ebrkaq ambienti pa kondicioner\u00eb \u00ebsht\u00eb b\u00ebr\u00eb i pap\u00ebrballuesh\u00ebm\u201d i ka shkruar gazet\u00ebs nj\u00eb turiste nga Kosova q\u00eb po kalon pushimet atje.<\/p>\n<p>Si pasoj\u00eb e munges\u00ebs s\u00eb energjis\u00eb elektrike, po ashtu \u00ebsht\u00eb p\u00ebrkeq\u00ebsuar edhe furnizimi me uj\u00eb. \/Z\u00ebri\/<\/p>\n<\/div>\n","protected":false},"excerpt":{"rendered":"<p>Mungesa e energjis\u00eb elektrike prej m\u00eb shum\u00eb se 24 or\u00eb n\u00eb Ulqin\u00a0\u00a0ka r\u00ebnduar tej mase pushimet e turisteve q\u00eb po kalojn\u00eb pushimet verore n\u00eb bregdetin malazez. Pushuesit nga Kosova q\u00eb ndodhen n\u00eb Ulqin i kan\u00eb shkruar gazet\u00ebs \u201cZ\u00ebri\u201d p\u00ebrmes post\u00ebs elektronike se ndalja e energjis\u00eb elektrike q\u00eb m\u00eb shum\u00eb se 24 or\u00eb po iu sjell [&hellip;]<\/p>\n","protected":false},"author":1,"featured_media":0,"comment_status":"closed","ping_status":"closed","sticky":false,"template":"","format":"standard","meta":{"spay_email":"","jetpack_publicize_message":"","jetpack_is_tweetstorm":false,"jetpack_publicize_feature_enabled":true},"categories":[11],"tags":[],"jetpack_publicize_connections":[],"yoast_head":"<!-- This site is optimized with the Yoast SEO plugin v19.1 - https:\/\/yoast.com\/wordpress\/plugins\/seo\/ -->\n<title>Ulqini p\u00ebrballet me munges\u00eb t\u00eb rrym\u00ebs - Lajme nga Ulqini<\/title>\n<meta name=\"description\" content=\"Mungesa e energjis\u00eb elektrike prej m\u00eb shum\u00eb se 24 or\u00eb n\u00eb Ulqin\u00a0\u00a0ka r\u00ebnduar tej mase pushimet e turisteve q\u00eb po kalojn\u00eb pushimet verore n\u00eb bregdetin\" \/>\n<meta name=\"robots\" content=\"index, follow, max-snippet:-1, max-image-preview:large, max-video-preview:-1\" \/>\n<link rel=\"canonical\" href=\"https:\/\/www.visit-ulcinj.com\/blog\/2015\/07\/24\/ulqini-perballet-mungese-te-rrymes\/\" \/>\n<meta property=\"og:locale\" content=\"en_US\" \/>\n<meta property=\"og:type\" content=\"article\" \/>\n<meta property=\"og:title\" content=\"Ulqini p\u00ebrballet me munges\u00eb t\u00eb rrym\u00ebs - Lajme nga Ulqini\" \/>\n<meta property=\"og:description\" content=\"Mungesa e energjis\u00eb elektrike prej m\u00eb shum\u00eb se 24 or\u00eb n\u00eb Ulqin\u00a0\u00a0ka r\u00ebnduar tej mase pushimet e turisteve q\u00eb po kalojn\u00eb pushimet verore n\u00eb bregdetin\" \/>\n<meta property=\"og:url\" content=\"https:\/\/www.visit-ulcinj.com\/blog\/2015\/07\/24\/ulqini-perballet-mungese-te-rrymes\/\" \/>\n<meta property=\"og:site_name\" content=\"Lajme nga Ulqini\" \/>\n<meta property=\"article:published_time\" content=\"2015-07-24T08:17:16+00:00\" \/>\n<meta property=\"og:image\" content=\"http:\/\/www.visit-ulcinj.com\/blog\/wp-content\/uploads\/2014\/07\/Ulcinj-Ulqini-nicht.jpg\" \/>\n<meta name=\"twitter:label1\" content=\"Written by\" \/>\n\t<meta name=\"twitter:data1\" content=\"ulqini\" \/>\n\t<meta name=\"twitter:label2\" content=\"Est. reading time\" \/>\n\t<meta name=\"twitter:data2\" content=\"1 minute\" \/>\n<script type=\"application\/ld+json\" class=\"yoast-schema-graph\">{\"@context\":\"https:\/\/schema.org\",\"@graph\":[{\"@type\":\"WebSite\",\"@id\":\"https:\/\/www.visit-ulcinj.com\/blog\/#website\",\"url\":\"https:\/\/www.visit-ulcinj.com\/blog\/\",\"name\":\"Lajme nga Ulqini\",\"description\":\"Lajme,Vijesti,Ulqini,Ulqin,Crna Gora,Mali i Zi\",\"potentialAction\":[{\"@type\":\"SearchAction\",\"target\":{\"@type\":\"EntryPoint\",\"urlTemplate\":\"https:\/\/www.visit-ulcinj.com\/blog\/?s={search_term_string}\"},\"query-input\":\"required name=search_term_string\"}],\"inLanguage\":\"en-US\"},{\"@type\":\"ImageObject\",\"inLanguage\":\"en-US\",\"@id\":\"https:\/\/www.visit-ulcinj.com\/blog\/2015\/07\/24\/ulqini-perballet-mungese-te-rrymes\/#primaryimage\",\"url\":\"https:\/\/www.visit-ulcinj.com\/blog\/wp-content\/uploads\/2014\/07\/Ulcinj-Ulqini-nicht.jpg\",\"contentUrl\":\"https:\/\/www.visit-ulcinj.com\/blog\/wp-content\/uploads\/2014\/07\/Ulcinj-Ulqini-nicht.jpg\",\"width\":1152,\"height\":768},{\"@type\":\"WebPage\",\"@id\":\"https:\/\/www.visit-ulcinj.com\/blog\/2015\/07\/24\/ulqini-perballet-mungese-te-rrymes\/#webpage\",\"url\":\"https:\/\/www.visit-ulcinj.com\/blog\/2015\/07\/24\/ulqini-perballet-mungese-te-rrymes\/\",\"name\":\"Ulqini p\u00ebrballet me munges\u00eb t\u00eb rrym\u00ebs - Lajme nga Ulqini\",\"isPartOf\":{\"@id\":\"https:\/\/www.visit-ulcinj.com\/blog\/#website\"},\"primaryImageOfPage\":{\"@id\":\"https:\/\/www.visit-ulcinj.com\/blog\/2015\/07\/24\/ulqini-perballet-mungese-te-rrymes\/#primaryimage\"},\"datePublished\":\"2015-07-24T08:17:16+00:00\",\"dateModified\":\"2015-07-24T08:17:16+00:00\",\"author\":{\"@id\":\"https:\/\/www.visit-ulcinj.com\/blog\/#\/schema\/person\/dcab619c614d3038751c63bc2aadc06d\"},\"description\":\"Mungesa e energjis\u00eb elektrike prej m\u00eb shum\u00eb se 24 or\u00eb n\u00eb Ulqin\u00a0\u00a0ka r\u00ebnduar tej mase pushimet e turisteve q\u00eb po kalojn\u00eb pushimet verore n\u00eb bregdetin\",\"breadcrumb\":{\"@id\":\"https:\/\/www.visit-ulcinj.com\/blog\/2015\/07\/24\/ulqini-perballet-mungese-te-rrymes\/#breadcrumb\"},\"inLanguage\":\"en-US\",\"potentialAction\":[{\"@type\":\"ReadAction\",\"target\":[\"https:\/\/www.visit-ulcinj.com\/blog\/2015\/07\/24\/ulqini-perballet-mungese-te-rrymes\/\"]}]},{\"@type\":\"BreadcrumbList\",\"@id\":\"https:\/\/www.visit-ulcinj.com\/blog\/2015\/07\/24\/ulqini-perballet-mungese-te-rrymes\/#breadcrumb\",\"itemListElement\":[{\"@type\":\"ListItem\",\"position\":1,\"name\":\"Ulqini p\u00ebrballet me munges\u00eb t\u00eb rrym\u00ebs\"}]},{\"@type\":\"Person\",\"@id\":\"https:\/\/www.visit-ulcinj.com\/blog\/#\/schema\/person\/dcab619c614d3038751c63bc2aadc06d\",\"name\":\"ulqini\",\"sameAs\":[\"http:\/\/www.visit-ulcinj.com\"],\"url\":\"https:\/\/www.visit-ulcinj.com\/blog\/author\/admin\/\"}]}<\/script>\n<!-- \/ Yoast SEO plugin. -->","yoast_head_json":{"title":"Ulqini p\u00ebrballet me munges\u00eb t\u00eb rrym\u00ebs - Lajme nga Ulqini","description":"Mungesa e energjis\u00eb elektrike prej m\u00eb shum\u00eb se 24 or\u00eb n\u00eb Ulqin\u00a0\u00a0ka r\u00ebnduar tej mase pushimet e turisteve q\u00eb po kalojn\u00eb pushimet verore n\u00eb bregdetin","robots":{"index":"index","follow":"follow","max-snippet":"max-snippet:-1","max-image-preview":"max-image-preview:large","max-video-preview":"max-video-preview:-1"},"canonical":"https:\/\/www.visit-ulcinj.com\/blog\/2015\/07\/24\/ulqini-perballet-mungese-te-rrymes\/","og_locale":"en_US","og_type":"article","og_title":"Ulqini p\u00ebrballet me munges\u00eb t\u00eb rrym\u00ebs - Lajme nga Ulqini","og_description":"Mungesa e energjis\u00eb elektrike prej m\u00eb shum\u00eb se 24 or\u00eb n\u00eb Ulqin\u00a0\u00a0ka r\u00ebnduar tej mase pushimet e turisteve q\u00eb po kalojn\u00eb pushimet verore n\u00eb bregdetin","og_url":"https:\/\/www.visit-ulcinj.com\/blog\/2015\/07\/24\/ulqini-perballet-mungese-te-rrymes\/","og_site_name":"Lajme nga Ulqini","article_published_time":"2015-07-24T08:17:16+00:00","og_image":[{"url":"http:\/\/www.visit-ulcinj.com\/blog\/wp-content\/uploads\/2014\/07\/Ulcinj-Ulqini-nicht.jpg"}],"twitter_misc":{"Written by":"ulqini","Est. reading time":"1 minute"},"schema":{"@context":"https:\/\/schema.org","@graph":[{"@type":"WebSite","@id":"https:\/\/www.visit-ulcinj.com\/blog\/#website","url":"https:\/\/www.visit-ulcinj.com\/blog\/","name":"Lajme nga Ulqini","description":"Lajme,Vijesti,Ulqini,Ulqin,Crna Gora,Mali i Zi","potentialAction":[{"@type":"SearchAction","target":{"@type":"EntryPoint","urlTemplate":"https:\/\/www.visit-ulcinj.com\/blog\/?s={search_term_string}"},"query-input":"required name=search_term_string"}],"inLanguage":"en-US"},{"@type":"ImageObject","inLanguage":"en-US","@id":"https:\/\/www.visit-ulcinj.com\/blog\/2015\/07\/24\/ulqini-perballet-mungese-te-rrymes\/#primaryimage","url":"https:\/\/www.visit-ulcinj.com\/blog\/wp-content\/uploads\/2014\/07\/Ulcinj-Ulqini-nicht.jpg","contentUrl":"https:\/\/www.visit-ulcinj.com\/blog\/wp-content\/uploads\/2014\/07\/Ulcinj-Ulqini-nicht.jpg","width":1152,"height":768},{"@type":"WebPage","@id":"https:\/\/www.visit-ulcinj.com\/blog\/2015\/07\/24\/ulqini-perballet-mungese-te-rrymes\/#webpage","url":"https:\/\/www.visit-ulcinj.com\/blog\/2015\/07\/24\/ulqini-perballet-mungese-te-rrymes\/","name":"Ulqini p\u00ebrballet me munges\u00eb t\u00eb rrym\u00ebs - Lajme nga Ulqini","isPartOf":{"@id":"https:\/\/www.visit-ulcinj.com\/blog\/#website"},"primaryImageOfPage":{"@id":"https:\/\/www.visit-ulcinj.com\/blog\/2015\/07\/24\/ulqini-perballet-mungese-te-rrymes\/#primaryimage"},"datePublished":"2015-07-24T08:17:16+00:00","dateModified":"2015-07-24T08:17:16+00:00","author":{"@id":"https:\/\/www.visit-ulcinj.com\/blog\/#\/schema\/person\/dcab619c614d3038751c63bc2aadc06d"},"description":"Mungesa e energjis\u00eb elektrike prej m\u00eb shum\u00eb se 24 or\u00eb n\u00eb Ulqin\u00a0\u00a0ka r\u00ebnduar tej mase pushimet e turisteve q\u00eb po kalojn\u00eb pushimet verore n\u00eb bregdetin","breadcrumb":{"@id":"https:\/\/www.visit-ulcinj.com\/blog\/2015\/07\/24\/ulqini-perballet-mungese-te-rrymes\/#breadcrumb"},"inLanguage":"en-US","potentialAction":[{"@type":"ReadAction","target":["https:\/\/www.visit-ulcinj.com\/blog\/2015\/07\/24\/ulqini-perballet-mungese-te-rrymes\/"]}]},{"@type":"BreadcrumbList","@id":"https:\/\/www.visit-ulcinj.com\/blog\/2015\/07\/24\/ulqini-perballet-mungese-te-rrymes\/#breadcrumb","itemListElement":[{"@type":"ListItem","position":1,"name":"Ulqini p\u00ebrballet me munges\u00eb t\u00eb rrym\u00ebs"}]},{"@type":"Person","@id":"https:\/\/www.visit-ulcinj.com\/blog\/#\/schema\/person\/dcab619c614d3038751c63bc2aadc06d","name":"ulqini","sameAs":["http:\/\/www.visit-ulcinj.com"],"url":"https:\/\/www.visit-ulcinj.com\/blog\/author\/admin\/"}]}},"jetpack_featured_media_url":"","jetpack_sharing_enabled":true,"jetpack_shortlink":"https:\/\/wp.me\/pe6lTn-nSp","_links":{"self":[{"href":"https:\/\/www.visit-ulcinj.com\/blog\/wp-json\/wp\/v2\/posts\/91785"}],"collection":[{"href":"https:\/\/www.visit-ulcinj.com\/blog\/wp-json\/wp\/v2\/posts"}],"about":[{"href":"https:\/\/www.visit-ulcinj.com\/blog\/wp-json\/wp\/v2\/types\/post"}],"author":[{"embeddable":true,"href":"https:\/\/www.visit-ulcinj.com\/blog\/wp-json\/wp\/v2\/users\/1"}],"replies":[{"embeddable":true,"href":"https:\/\/www.visit-ulcinj.com\/blog\/wp-json\/wp\/v2\/comments?post=91785"}],"version-history":[{"count":1,"href":"https:\/\/www.visit-ulcinj.com\/blog\/wp-json\/wp\/v2\/posts\/91785\/revisions"}],"predecessor-version":[{"id":91786,"href":"https:\/\/www.visit-ulcinj.com\/blog\/wp-json\/wp\/v2\/posts\/91785\/revisions\/91786"}],"wp:attachment":[{"href":"https:\/\/www.visit-ulcinj.com\/blog\/wp-json\/wp\/v2\/media?parent=91785"}],"wp:term":[{"taxonomy":"category","embeddable":true,"href":"https:\/\/www.visit-ulcinj.com\/blog\/wp-json\/wp\/v2\/categories?post=91785"},{"taxonomy":"post_tag","embeddable":true,"href":"https:\/\/www.visit-ulcinj.com\/blog\/wp-json\/wp\/v2\/tags?post=91785"}],"curies":[{"name":"wp","href":"https:\/\/api.w.org\/{rel}","templated":true}]}}