{"id":91787,"date":"2015-07-24T09:38:07","date_gmt":"2015-07-24T08:38:07","guid":{"rendered":"http:\/\/www.visit-ulcinj.com\/blog\/?p=91787"},"modified":"2015-07-24T09:39:10","modified_gmt":"2015-07-24T08:39:10","slug":"kosovaret-te-lidhur-internet-nga-bregdeti-ulqinit","status":"publish","type":"post","link":"https:\/\/www.visit-ulcinj.com\/blog\/2015\/07\/24\/kosovaret-te-lidhur-internet-nga-bregdeti-ulqinit\/","title":{"rendered":"Kosovar\u00ebt m\u00eb t\u00eb lidhur me internet nga bregdeti i Ulqinit"},"content":{"rendered":"<div class=\"right-content\">\n<div class=\"content-wrap\">\n<p><a href=\"http:\/\/www.visit-ulcinj.com\/blog\/wp-content\/uploads\/2015\/07\/internet-nga-bregdeti-i-Ulqinit.png\"><img loading=\"lazy\" class=\"alignleft wp-image-91788\" src=\"http:\/\/www.visit-ulcinj.com\/blog\/wp-content\/uploads\/2015\/07\/internet-nga-bregdeti-i-Ulqinit.png\" alt=\"internet nga bregdeti i Ulqinit\" width=\"508\" height=\"189\" srcset=\"https:\/\/www.visit-ulcinj.com\/blog\/wp-content\/uploads\/2015\/07\/internet-nga-bregdeti-i-Ulqinit.png 659w, https:\/\/www.visit-ulcinj.com\/blog\/wp-content\/uploads\/2015\/07\/internet-nga-bregdeti-i-Ulqinit-300x112.png 300w\" sizes=\"(max-width: 508px) 100vw, 508px\" \/><\/a>Shqip\u00ebria, Mali i Zi dhe Maqedonia jan\u00eb tri shtetet m\u00eb t\u00eb frekuentuara nga kosovar\u00ebt gjat\u00eb gjith\u00eb vitit, me rritje tejet t\u00eb madhe gjat\u00eb sezonit veror, koh\u00ebs kur pushuesit kosovar i b\u00ebjn\u00eb pushimet e tyre n\u00eb bregdetin shqiptar, apo at\u00eb t\u00eb Malit t\u00eb Zi.<\/p>\n<p>Por, t\u00eb gjith\u00eb d\u00ebshirojn\u00eb q\u00eb edhe gjat\u00eb pushimeve t\u00eb ken\u00eb internet n\u00eb telefonin e tyre mobil. P\u00ebr k\u00ebt\u00eb telefonia mobile IPKO nj\u00eb vit pas lansimit t\u00eb pakove t\u00eb para t\u00eb internetit n\u00eb mobil n\u00eb Shqip\u00ebri me Eagle Mobile, ka shtuar edhe Malin e Zi dhe Maqedonin\u00eb n\u00eb t\u00eb nj\u00ebjtat pako, ka shkaktuar edhe operatorin AMC (Shqip\u00ebri) si rrjet prej nga mund t\u00eb p\u00ebrdoret e nj\u00ebjta pako, si dhe ka lansuar pakot e reja t\u00eb thirrjeve dhe SMS-ve nga bregdeti me \u00e7mime t\u00eb ngjashme me ato q\u00eb jan\u00eb n\u00eb Kosov\u00eb.<\/p>\n<p>T\u00eb gjitha k\u00ebto mund\u00ebsi t\u00eb ofruara p\u00ebr pushuesit kosovar nga IPKO kan\u00eb b\u00ebr\u00eb q\u00eb trafiku i internetit n\u00eb mobil n\u00eb roaming nga bregdeti shqiptar dhe ai i Malit t\u00eb Zi, por edhe numri i telefonave q\u00eb p\u00ebrdoren gjat\u00eb q\u00ebndrimit jasht\u00eb vendit t\u00eb shum\u00ebfishohet n\u00eb shifra marramend\u00ebse.<\/p>\n<p>T\u00eb dh\u00ebnat e fundit nga telefonia mobile IPKO tregojn\u00eb se krahasuar me periudh\u00ebn e nj\u00ebjt\u00eb t\u00eb vitit t\u00eb kaluar, kosovar\u00ebt jan\u00eb rreth 300 p\u00ebr qind m\u00eb t\u00eb lidhur me internetin n\u00eb mobil n\u00eb roaming, p\u00ebrkat\u00ebsisht kan\u00eb b\u00ebr\u00eb rreth 300 p\u00ebr qind m\u00eb shum\u00eb aktivizime t\u00eb pakos s\u00eb internetit n\u00eb mobil gjat\u00eb pushimeve verore n\u00eb bregdetin shqiptar.<\/p>\n<p>Nd\u00ebrsa prej fillimit t\u00eb k\u00ebtij viti, prej muajit janar e deri n\u00eb muajin qershor, trafiku i internetit n\u00eb mobil nga tri pakot e aktivizuara nga p\u00ebrdoruesit e telefonis\u00eb mobile IPKO ka pasur nj\u00eb rritje marramend\u00ebse prej 2500 p\u00ebr qind, krahasuar me periudh\u00ebn e nj\u00ebjt\u00eb t\u00eb vitit paraprak.<\/p>\n<p>Por, p\u00ebrve\u00e7 rritjes s\u00eb trafikut dhe aktivizimit t\u00eb pakove t\u00eb internetit n\u00eb mobil, n\u00eb raportin e telefonis\u00eb mobile IPKO p\u00ebr internetin n\u00eb mobil jasht\u00eb vendit \u00ebsht\u00eb v\u00ebrejtur edhe nj\u00eb rritje e madhe e numrit t\u00eb telefonave t\u00eb men\u00e7ur n\u00eb rrjetin mobil IPKO.<\/p>\n<p>K\u00ebt\u00eb vit, krahasuar me vitin e kaluar, n\u00eb rrjetin mobil IPKO jan\u00eb v\u00ebrejtur rreth trefish m\u00eb shum\u00eb telefona t\u00eb men\u00e7ur mobil, t\u00eb cil\u00ebt e kan\u00eb aktivizuar pakon ditore, javore apo at\u00eb mujore t\u00eb internetit n\u00eb mobil i cili mund t\u00eb p\u00ebrdoret n\u00eb tri shtetet e rajonit.<\/p>\n<blockquote><p>\u201c<em>Duke e ditur se m\u00eb shum\u00eb se nj\u00eb milion pushues nga Kosova e frekuentojn\u00eb bregdetin shqiptar gjat\u00eb sezonit veror, vitin e kaluar ne e pat\u00ebm krijuar pakon e par\u00eb t\u00eb internetit n\u00eb mobil n\u00eb Shqip\u00ebri, n\u00eb bashk\u00ebpunim me operatorin Eagle, nd\u00ebrsa k\u00ebt\u00eb ver\u00eb, p\u00ebrdoruesit tan\u00eb e kan\u00eb mund\u00ebsin\u00eb e lidhjes me AMC ose Eagle n\u00eb Shqip\u00ebri, dhe pakon e nj\u00ebjt\u00eb ta p\u00ebrdorin edhe n\u00eb Mal t\u00eb Zi, Maqedoni por edhe n\u00eb Kosov\u00eb<\/em>\u201d ka th\u00ebn\u00eb Arianit Duraku, drejtor i shitjes n\u00eb IPKO.<\/p><\/blockquote>\n<p>Sipas tij, k\u00ebt\u00eb vit IPKO ka rritur kapacitetet\u00a0 e pakove t\u00eb internetit n\u00eb mobil p\u00ebr 100 p\u00ebr qind m\u00eb shum\u00eb, pa ndryshuar \u00e7mimin, nd\u00ebrsa s\u00eb fundmi kemi lansuar edhe pakon p\u00ebr thirrje dhe SMS nga bregdeti, me \u00e7mimet me t\u00eb cilat p\u00ebrdoruesit tan\u00eb mund t\u00eb komunikojn\u00eb sikurse n\u00eb sht\u00ebpi.<\/p>\n<p><strong>KosovaLive360<\/strong><\/p>\n<\/div>\n<\/div>\n","protected":false},"excerpt":{"rendered":"<p>Shqip\u00ebria, Mali i Zi dhe Maqedonia jan\u00eb tri shtetet m\u00eb t\u00eb frekuentuara nga kosovar\u00ebt gjat\u00eb gjith\u00eb vitit, me rritje tejet t\u00eb madhe gjat\u00eb sezonit veror, koh\u00ebs kur pushuesit kosovar i b\u00ebjn\u00eb pushimet e tyre n\u00eb bregdetin shqiptar, apo at\u00eb t\u00eb Malit t\u00eb Zi. Por, t\u00eb gjith\u00eb d\u00ebshirojn\u00eb q\u00eb edhe gjat\u00eb pushimeve t\u00eb ken\u00eb internet n\u00eb [&hellip;]<\/p>\n","protected":false},"author":1,"featured_media":0,"comment_status":"closed","ping_status":"closed","sticky":false,"template":"","format":"standard","meta":{"spay_email":"","jetpack_publicize_message":"","jetpack_is_tweetstorm":false,"jetpack_publicize_feature_enabled":true},"categories":[14249],"tags":[],"jetpack_publicize_connections":[],"yoast_head":"<!-- This site is optimized with the Yoast SEO plugin v19.1 - https:\/\/yoast.com\/wordpress\/plugins\/seo\/ -->\n<title>Kosovar\u00ebt m\u00eb t\u00eb lidhur me internet nga bregdeti i Ulqinit - Lajme nga Ulqini<\/title>\n<meta name=\"description\" content=\"Shqip\u00ebria, Mali i Zi dhe Maqedonia jan\u00eb tri shtetet m\u00eb t\u00eb frekuentuara nga kosovar\u00ebt gjat\u00eb gjith\u00eb vitit, me rritje tejet t\u00eb madhe gjat\u00eb sezonit veror,\" \/>\n<meta name=\"robots\" content=\"index, follow, max-snippet:-1, max-image-preview:large, max-video-preview:-1\" \/>\n<link rel=\"canonical\" href=\"https:\/\/www.visit-ulcinj.com\/blog\/2015\/07\/24\/kosovaret-te-lidhur-internet-nga-bregdeti-ulqinit\/\" \/>\n<meta property=\"og:locale\" content=\"en_US\" \/>\n<meta property=\"og:type\" content=\"article\" \/>\n<meta property=\"og:title\" content=\"Kosovar\u00ebt m\u00eb t\u00eb lidhur me internet nga bregdeti i Ulqinit - Lajme nga Ulqini\" \/>\n<meta property=\"og:description\" content=\"Shqip\u00ebria, Mali i Zi dhe Maqedonia jan\u00eb tri shtetet m\u00eb t\u00eb frekuentuara nga kosovar\u00ebt gjat\u00eb gjith\u00eb vitit, me rritje tejet t\u00eb madhe gjat\u00eb sezonit veror,\" \/>\n<meta property=\"og:url\" content=\"https:\/\/www.visit-ulcinj.com\/blog\/2015\/07\/24\/kosovaret-te-lidhur-internet-nga-bregdeti-ulqinit\/\" \/>\n<meta property=\"og:site_name\" content=\"Lajme nga Ulqini\" \/>\n<meta property=\"article:published_time\" content=\"2015-07-24T08:38:07+00:00\" \/>\n<meta property=\"article:modified_time\" content=\"2015-07-24T08:39:10+00:00\" \/>\n<meta property=\"og:image\" content=\"http:\/\/www.visit-ulcinj.com\/blog\/wp-content\/uploads\/2015\/07\/internet-nga-bregdeti-i-Ulqinit.png\" \/>\n<meta name=\"twitter:label1\" content=\"Written by\" \/>\n\t<meta name=\"twitter:data1\" content=\"ulqini\" \/>\n\t<meta name=\"twitter:label2\" content=\"Est. reading time\" \/>\n\t<meta name=\"twitter:data2\" content=\"3 minutes\" \/>\n<script type=\"application\/ld+json\" class=\"yoast-schema-graph\">{\"@context\":\"https:\/\/schema.org\",\"@graph\":[{\"@type\":\"WebSite\",\"@id\":\"https:\/\/www.visit-ulcinj.com\/blog\/#website\",\"url\":\"https:\/\/www.visit-ulcinj.com\/blog\/\",\"name\":\"Lajme nga Ulqini\",\"description\":\"Lajme,Vijesti,Ulqini,Ulqin,Crna Gora,Mali i Zi\",\"potentialAction\":[{\"@type\":\"SearchAction\",\"target\":{\"@type\":\"EntryPoint\",\"urlTemplate\":\"https:\/\/www.visit-ulcinj.com\/blog\/?s={search_term_string}\"},\"query-input\":\"required name=search_term_string\"}],\"inLanguage\":\"en-US\"},{\"@type\":\"ImageObject\",\"inLanguage\":\"en-US\",\"@id\":\"https:\/\/www.visit-ulcinj.com\/blog\/2015\/07\/24\/kosovaret-te-lidhur-internet-nga-bregdeti-ulqinit\/#primaryimage\",\"url\":\"https:\/\/www.visit-ulcinj.com\/blog\/wp-content\/uploads\/2015\/07\/internet-nga-bregdeti-i-Ulqinit.png\",\"contentUrl\":\"https:\/\/www.visit-ulcinj.com\/blog\/wp-content\/uploads\/2015\/07\/internet-nga-bregdeti-i-Ulqinit.png\",\"width\":659,\"height\":245},{\"@type\":\"WebPage\",\"@id\":\"https:\/\/www.visit-ulcinj.com\/blog\/2015\/07\/24\/kosovaret-te-lidhur-internet-nga-bregdeti-ulqinit\/#webpage\",\"url\":\"https:\/\/www.visit-ulcinj.com\/blog\/2015\/07\/24\/kosovaret-te-lidhur-internet-nga-bregdeti-ulqinit\/\",\"name\":\"Kosovar\u00ebt m\u00eb t\u00eb lidhur me internet nga bregdeti i Ulqinit - Lajme nga Ulqini\",\"isPartOf\":{\"@id\":\"https:\/\/www.visit-ulcinj.com\/blog\/#website\"},\"primaryImageOfPage\":{\"@id\":\"https:\/\/www.visit-ulcinj.com\/blog\/2015\/07\/24\/kosovaret-te-lidhur-internet-nga-bregdeti-ulqinit\/#primaryimage\"},\"datePublished\":\"2015-07-24T08:38:07+00:00\",\"dateModified\":\"2015-07-24T08:39:10+00:00\",\"author\":{\"@id\":\"https:\/\/www.visit-ulcinj.com\/blog\/#\/schema\/person\/dcab619c614d3038751c63bc2aadc06d\"},\"description\":\"Shqip\u00ebria, Mali i Zi dhe Maqedonia jan\u00eb tri shtetet m\u00eb t\u00eb frekuentuara nga kosovar\u00ebt gjat\u00eb gjith\u00eb vitit, me rritje tejet t\u00eb madhe gjat\u00eb sezonit veror,\",\"breadcrumb\":{\"@id\":\"https:\/\/www.visit-ulcinj.com\/blog\/2015\/07\/24\/kosovaret-te-lidhur-internet-nga-bregdeti-ulqinit\/#breadcrumb\"},\"inLanguage\":\"en-US\",\"potentialAction\":[{\"@type\":\"ReadAction\",\"target\":[\"https:\/\/www.visit-ulcinj.com\/blog\/2015\/07\/24\/kosovaret-te-lidhur-internet-nga-bregdeti-ulqinit\/\"]}]},{\"@type\":\"BreadcrumbList\",\"@id\":\"https:\/\/www.visit-ulcinj.com\/blog\/2015\/07\/24\/kosovaret-te-lidhur-internet-nga-bregdeti-ulqinit\/#breadcrumb\",\"itemListElement\":[{\"@type\":\"ListItem\",\"position\":1,\"name\":\"Kosovar\u00ebt m\u00eb t\u00eb lidhur me internet nga bregdeti i Ulqinit\"}]},{\"@type\":\"Person\",\"@id\":\"https:\/\/www.visit-ulcinj.com\/blog\/#\/schema\/person\/dcab619c614d3038751c63bc2aadc06d\",\"name\":\"ulqini\",\"sameAs\":[\"http:\/\/www.visit-ulcinj.com\"],\"url\":\"https:\/\/www.visit-ulcinj.com\/blog\/author\/admin\/\"}]}<\/script>\n<!-- \/ Yoast SEO plugin. -->","yoast_head_json":{"title":"Kosovar\u00ebt m\u00eb t\u00eb lidhur me internet nga bregdeti i Ulqinit - Lajme nga Ulqini","description":"Shqip\u00ebria, Mali i Zi dhe Maqedonia jan\u00eb tri shtetet m\u00eb t\u00eb frekuentuara nga kosovar\u00ebt gjat\u00eb gjith\u00eb vitit, me rritje tejet t\u00eb madhe gjat\u00eb sezonit veror,","robots":{"index":"index","follow":"follow","max-snippet":"max-snippet:-1","max-image-preview":"max-image-preview:large","max-video-preview":"max-video-preview:-1"},"canonical":"https:\/\/www.visit-ulcinj.com\/blog\/2015\/07\/24\/kosovaret-te-lidhur-internet-nga-bregdeti-ulqinit\/","og_locale":"en_US","og_type":"article","og_title":"Kosovar\u00ebt m\u00eb t\u00eb lidhur me internet nga bregdeti i Ulqinit - Lajme nga Ulqini","og_description":"Shqip\u00ebria, Mali i Zi dhe Maqedonia jan\u00eb tri shtetet m\u00eb t\u00eb frekuentuara nga kosovar\u00ebt gjat\u00eb gjith\u00eb vitit, me rritje tejet t\u00eb madhe gjat\u00eb sezonit veror,","og_url":"https:\/\/www.visit-ulcinj.com\/blog\/2015\/07\/24\/kosovaret-te-lidhur-internet-nga-bregdeti-ulqinit\/","og_site_name":"Lajme nga Ulqini","article_published_time":"2015-07-24T08:38:07+00:00","article_modified_time":"2015-07-24T08:39:10+00:00","og_image":[{"url":"http:\/\/www.visit-ulcinj.com\/blog\/wp-content\/uploads\/2015\/07\/internet-nga-bregdeti-i-Ulqinit.png"}],"twitter_misc":{"Written by":"ulqini","Est. reading time":"3 minutes"},"schema":{"@context":"https:\/\/schema.org","@graph":[{"@type":"WebSite","@id":"https:\/\/www.visit-ulcinj.com\/blog\/#website","url":"https:\/\/www.visit-ulcinj.com\/blog\/","name":"Lajme nga Ulqini","description":"Lajme,Vijesti,Ulqini,Ulqin,Crna Gora,Mali i Zi","potentialAction":[{"@type":"SearchAction","target":{"@type":"EntryPoint","urlTemplate":"https:\/\/www.visit-ulcinj.com\/blog\/?s={search_term_string}"},"query-input":"required name=search_term_string"}],"inLanguage":"en-US"},{"@type":"ImageObject","inLanguage":"en-US","@id":"https:\/\/www.visit-ulcinj.com\/blog\/2015\/07\/24\/kosovaret-te-lidhur-internet-nga-bregdeti-ulqinit\/#primaryimage","url":"https:\/\/www.visit-ulcinj.com\/blog\/wp-content\/uploads\/2015\/07\/internet-nga-bregdeti-i-Ulqinit.png","contentUrl":"https:\/\/www.visit-ulcinj.com\/blog\/wp-content\/uploads\/2015\/07\/internet-nga-bregdeti-i-Ulqinit.png","width":659,"height":245},{"@type":"WebPage","@id":"https:\/\/www.visit-ulcinj.com\/blog\/2015\/07\/24\/kosovaret-te-lidhur-internet-nga-bregdeti-ulqinit\/#webpage","url":"https:\/\/www.visit-ulcinj.com\/blog\/2015\/07\/24\/kosovaret-te-lidhur-internet-nga-bregdeti-ulqinit\/","name":"Kosovar\u00ebt m\u00eb t\u00eb lidhur me internet nga bregdeti i Ulqinit - Lajme nga Ulqini","isPartOf":{"@id":"https:\/\/www.visit-ulcinj.com\/blog\/#website"},"primaryImageOfPage":{"@id":"https:\/\/www.visit-ulcinj.com\/blog\/2015\/07\/24\/kosovaret-te-lidhur-internet-nga-bregdeti-ulqinit\/#primaryimage"},"datePublished":"2015-07-24T08:38:07+00:00","dateModified":"2015-07-24T08:39:10+00:00","author":{"@id":"https:\/\/www.visit-ulcinj.com\/blog\/#\/schema\/person\/dcab619c614d3038751c63bc2aadc06d"},"description":"Shqip\u00ebria, Mali i Zi dhe Maqedonia jan\u00eb tri shtetet m\u00eb t\u00eb frekuentuara nga kosovar\u00ebt gjat\u00eb gjith\u00eb vitit, me rritje tejet t\u00eb madhe gjat\u00eb sezonit veror,","breadcrumb":{"@id":"https:\/\/www.visit-ulcinj.com\/blog\/2015\/07\/24\/kosovaret-te-lidhur-internet-nga-bregdeti-ulqinit\/#breadcrumb"},"inLanguage":"en-US","potentialAction":[{"@type":"ReadAction","target":["https:\/\/www.visit-ulcinj.com\/blog\/2015\/07\/24\/kosovaret-te-lidhur-internet-nga-bregdeti-ulqinit\/"]}]},{"@type":"BreadcrumbList","@id":"https:\/\/www.visit-ulcinj.com\/blog\/2015\/07\/24\/kosovaret-te-lidhur-internet-nga-bregdeti-ulqinit\/#breadcrumb","itemListElement":[{"@type":"ListItem","position":1,"name":"Kosovar\u00ebt m\u00eb t\u00eb lidhur me internet nga bregdeti i Ulqinit"}]},{"@type":"Person","@id":"https:\/\/www.visit-ulcinj.com\/blog\/#\/schema\/person\/dcab619c614d3038751c63bc2aadc06d","name":"ulqini","sameAs":["http:\/\/www.visit-ulcinj.com"],"url":"https:\/\/www.visit-ulcinj.com\/blog\/author\/admin\/"}]}},"jetpack_featured_media_url":"","jetpack_sharing_enabled":true,"jetpack_shortlink":"https:\/\/wp.me\/pe6lTn-nSr","_links":{"self":[{"href":"https:\/\/www.visit-ulcinj.com\/blog\/wp-json\/wp\/v2\/posts\/91787"}],"collection":[{"href":"https:\/\/www.visit-ulcinj.com\/blog\/wp-json\/wp\/v2\/posts"}],"about":[{"href":"https:\/\/www.visit-ulcinj.com\/blog\/wp-json\/wp\/v2\/types\/post"}],"author":[{"embeddable":true,"href":"https:\/\/www.visit-ulcinj.com\/blog\/wp-json\/wp\/v2\/users\/1"}],"replies":[{"embeddable":true,"href":"https:\/\/www.visit-ulcinj.com\/blog\/wp-json\/wp\/v2\/comments?post=91787"}],"version-history":[{"count":1,"href":"https:\/\/www.visit-ulcinj.com\/blog\/wp-json\/wp\/v2\/posts\/91787\/revisions"}],"predecessor-version":[{"id":91789,"href":"https:\/\/www.visit-ulcinj.com\/blog\/wp-json\/wp\/v2\/posts\/91787\/revisions\/91789"}],"wp:attachment":[{"href":"https:\/\/www.visit-ulcinj.com\/blog\/wp-json\/wp\/v2\/media?parent=91787"}],"wp:term":[{"taxonomy":"category","embeddable":true,"href":"https:\/\/www.visit-ulcinj.com\/blog\/wp-json\/wp\/v2\/categories?post=91787"},{"taxonomy":"post_tag","embeddable":true,"href":"https:\/\/www.visit-ulcinj.com\/blog\/wp-json\/wp\/v2\/tags?post=91787"}],"curies":[{"name":"wp","href":"https:\/\/api.w.org\/{rel}","templated":true}]}}