{"id":91797,"date":"2015-07-26T13:16:31","date_gmt":"2015-07-26T12:16:31","guid":{"rendered":"http:\/\/www.visit-ulcinj.com\/blog\/?p=91797"},"modified":"2015-07-26T13:16:31","modified_gmt":"2015-07-26T12:16:31","slug":"fatmir-deka-optuzio-epcg-bicete-krivi-ako-sezona-propadne","status":"publish","type":"post","link":"https:\/\/www.visit-ulcinj.com\/blog\/2015\/07\/26\/fatmir-deka-optuzio-epcg-bicete-krivi-ako-sezona-propadne\/","title":{"rendered":"Fatmir \u0110eka optu\u017eio EPCG: Bi\u0107ete krivi ako sezona propadne"},"content":{"rendered":"<div class=\"credits cf\"><strong><span class=\"credits__author\"> <a href=\"http:\/\/www.visit-ulcinj.com\/blog\/wp-content\/uploads\/2015\/01\/Kryetari-Ulqinit-Fatmir-Gjeka.jpg\"><img loading=\"lazy\" class=\"alignleft wp-image-87632\" src=\"http:\/\/www.visit-ulcinj.com\/blog\/wp-content\/uploads\/2015\/01\/Kryetari-Ulqinit-Fatmir-Gjeka.jpg\" alt=\"Kryetari-Ulqinit-Fatmir-Gjeka\" width=\"508\" height=\"286\" srcset=\"https:\/\/www.visit-ulcinj.com\/blog\/wp-content\/uploads\/2015\/01\/Kryetari-Ulqinit-Fatmir-Gjeka.jpg 960w, https:\/\/www.visit-ulcinj.com\/blog\/wp-content\/uploads\/2015\/01\/Kryetari-Ulqinit-Fatmir-Gjeka-300x168.jpg 300w\" sizes=\"(max-width: 508px) 100vw, 508px\" \/><\/a>Autor: Samir Adrovi\u0107 <\/span><\/strong><\/div>\n<div class=\"article_content cf\">\n<div class=\"fb-share-button fb_iframe_widget\" data-type=\"button_count\">\n<div class=\"fb-share-button fb_iframe_widget\" data-type=\"box_count\"><\/div>\n<div id=\"___plusone_0\">\u00a0Predsjednik Op\u0161tine Ulcinj Fatmir \u0110eka upozorio je Elektroprivredu da \u0107e zbog \u010destih <strong><a href=\"http:\/\/www.vijesti.me\/vijesti\/nervoza-sve-veca-djelovi-ulcinja-i-dalje-bez-struje-844099\" target=\"_blank\">nestanaka struje u gradu i prigradskim naseljima posljednjih dana<\/a><\/strong>, snositi odgovornost za eventualno neuspje\u0161nu turisti\u010dku sezonu. On je kazao da Op\u0161tina nije kriva \u0161to je neko davao saglasnosti za priklju\u010denje velikog broja nelegalnih objekata na elektromre\u017eu.<\/div>\n<\/div>\n<div class=\"content\">\n<p>\u201cNemam namjeru nikog da optu\u017eujem ali tra\u017eim hitne mjere da bi podru\u010dje grada i okoline bilo uredno snabdjevano elektri\u010dnom energijom. Svi znamo da je preoptere\u0107enje ogromno ali je pitanje za\u0161to EPCG nije ulagala u sistem u Ulcinju budu\u0107i da nije neupu\u0107ena u problem, kako nam se ovo ne bi de\u0161avalo usred sezone\u201d, kazao je \u0110eka ju\u010de novinarima. Naveo je da su prema podacima Op\u0161tine mje\u0161tani \u0160toja i po 12 sati neprekidno bez struje.<\/p>\n<p>\u201cProbleme u napajanju elektri\u010dnom energijom imaju i ljudi koji \u017eive na Plo\u010di, preko puta Op\u0161tine ali i u drugim djelovima grada. Stanje je alarmantno jo\u0161 vi\u0161e imaju\u0107i u vidu da nestanak struje sa sobom nosi i prekid u vodosnabdijevanju. Zato apelujemo na dr\u017eavne strukture da hitno reaguju jer masovni odlazak gostiju nije problem samo za Ulcinj ve\u0107 i za Crnu Goru\u201d, kazao je \u0110eka.<\/p>\n<p>Tvrdi da \u00a0\u010dinjenica da se danas u Ulcinju te\u0161ko mo\u017ee na\u0107i slobodan smje\u0161taj, govori da je sezona u punom jeku.<\/p>\n<p>U dopisu ministru odr\u017eivog razvoja i turizma Branimiru Gvozdenovi\u0107u, \u0110eka je istakao da je strpljenje vlasti, gra\u0111ana, hotelijera i privrednika na ivici.<\/p>\n<p>\u201cOvo nije ono \u0161to turisti o\u010dekuju u na\u0161em gradu i Crnoj Gori\u201d, napisao je \u0110eka.<\/p>\n<p>Direktorica lokalne \u00a0Turisti\u010dke organizacije Zana Sarvan navela je da u Ulcinju zvani\u010dno boravi oko 20 hiljada turista ali da je taj broj realno vi\u0161estruko ve\u0107i.<\/p>\n<p>\u201cNemamo struje i po 24 sata i zato ne mo\u017eemo iznijeti preciznije podatke o broju gostiju\u201d, kazala je ona. Izrazila je o\u010dekivanje da \u0107e problemi sa strujom i vodom uskoro biti prevazi\u0111eni.<\/p>\n<p>O tome smo upoznali i Nacionalnu turisti\u010dku organizaciju sa kojom smo nastupali na gotovo svim sajmovima \u0161irom Evrope\u201d, istakla je Sarvan.<\/p>\n<p>Nekoliko Ulcinjana, uglavnom mje\u0161tana \u0160toja, \u017ealilo se \u201cVijestima\u201d da im zbog \u010destih nestanaka struje odlaze gosti. Posebno smje\u0161taj, ka\u017eu vlasnici apartmana, napu\u0161taju porodice koje imaju malu djecu, jer kada klime ne rade, neizdr\u017eivo im je da borave u smje\u0161taju koji su platili.<\/p>\n<p><strong><a href=\"http:\/\/www.vijesti.me\/vijesti\/epcg-rekordna-potrosnja-struje-na-primorju-kriticno-u-ulcinju-844004\" target=\"_blank\">Iz Elektroprivrede Crne Gore je prekju\u010de \u201cVijestima\u201d saop\u0161teno da do kratkog prekida napajanja u ulcinjskoj op\u0161tini dolazi zbog preoptere\u0107enosti mre\u017ee nelegalnim priklju\u010dcima i zbog rekordne potro\u0161nje struje koja je zabilje\u017eena jo\u0161 2005. godine.<\/a><\/strong><\/p>\n<p><strong>Izvor: Vijesti Online<\/strong><\/p>\n<\/div>\n<\/div>\n","protected":false},"excerpt":{"rendered":"<p>Autor: Samir Adrovi\u0107 \u00a0Predsjednik Op\u0161tine Ulcinj Fatmir \u0110eka upozorio je Elektroprivredu da \u0107e zbog \u010destih nestanaka struje u gradu i prigradskim naseljima posljednjih dana, snositi odgovornost za eventualno neuspje\u0161nu turisti\u010dku sezonu. On je kazao da Op\u0161tina nije kriva \u0161to je neko davao saglasnosti za priklju\u010denje velikog broja nelegalnih objekata na elektromre\u017eu. \u201cNemam namjeru nikog da [&hellip;]<\/p>\n","protected":false},"author":1,"featured_media":0,"comment_status":"closed","ping_status":"closed","sticky":false,"template":"","format":"standard","meta":{"spay_email":"","jetpack_publicize_message":"","jetpack_is_tweetstorm":false,"jetpack_publicize_feature_enabled":true},"categories":[8337],"tags":[],"jetpack_publicize_connections":[],"yoast_head":"<!-- This site is optimized with the Yoast SEO plugin v19.1 - https:\/\/yoast.com\/wordpress\/plugins\/seo\/ -->\n<title>Fatmir \u0110eka optu\u017eio EPCG: Bi\u0107ete krivi ako sezona propadne - Lajme nga Ulqini<\/title>\n<meta name=\"description\" content=\"Autor: Samir Adrovi\u0107 \u00a0Predsjednik Op\u0161tine Ulcinj Fatmir \u0110eka upozorio je Elektroprivredu da \u0107e zbog \u010destih nestanaka struje u gradu i prigradskim\" \/>\n<meta name=\"robots\" content=\"index, follow, max-snippet:-1, max-image-preview:large, max-video-preview:-1\" \/>\n<link rel=\"canonical\" href=\"https:\/\/www.visit-ulcinj.com\/blog\/2015\/07\/26\/fatmir-deka-optuzio-epcg-bicete-krivi-ako-sezona-propadne\/\" \/>\n<meta property=\"og:locale\" content=\"en_US\" \/>\n<meta property=\"og:type\" content=\"article\" \/>\n<meta property=\"og:title\" content=\"Fatmir \u0110eka optu\u017eio EPCG: Bi\u0107ete krivi ako sezona propadne - Lajme nga Ulqini\" \/>\n<meta property=\"og:description\" content=\"Autor: Samir Adrovi\u0107 \u00a0Predsjednik Op\u0161tine Ulcinj Fatmir \u0110eka upozorio je Elektroprivredu da \u0107e zbog \u010destih nestanaka struje u gradu i prigradskim\" \/>\n<meta property=\"og:url\" content=\"https:\/\/www.visit-ulcinj.com\/blog\/2015\/07\/26\/fatmir-deka-optuzio-epcg-bicete-krivi-ako-sezona-propadne\/\" \/>\n<meta property=\"og:site_name\" content=\"Lajme nga Ulqini\" \/>\n<meta property=\"article:published_time\" content=\"2015-07-26T12:16:31+00:00\" \/>\n<meta property=\"og:image\" content=\"http:\/\/www.visit-ulcinj.com\/blog\/wp-content\/uploads\/2015\/01\/Kryetari-Ulqinit-Fatmir-Gjeka.jpg\" \/>\n<meta name=\"twitter:label1\" content=\"Written by\" \/>\n\t<meta name=\"twitter:data1\" content=\"ulqini\" \/>\n\t<meta name=\"twitter:label2\" content=\"Est. reading time\" \/>\n\t<meta name=\"twitter:data2\" content=\"2 minutes\" \/>\n<script type=\"application\/ld+json\" class=\"yoast-schema-graph\">{\"@context\":\"https:\/\/schema.org\",\"@graph\":[{\"@type\":\"WebSite\",\"@id\":\"https:\/\/www.visit-ulcinj.com\/blog\/#website\",\"url\":\"https:\/\/www.visit-ulcinj.com\/blog\/\",\"name\":\"Lajme nga Ulqini\",\"description\":\"Lajme,Vijesti,Ulqini,Ulqin,Crna Gora,Mali i Zi\",\"potentialAction\":[{\"@type\":\"SearchAction\",\"target\":{\"@type\":\"EntryPoint\",\"urlTemplate\":\"https:\/\/www.visit-ulcinj.com\/blog\/?s={search_term_string}\"},\"query-input\":\"required name=search_term_string\"}],\"inLanguage\":\"en-US\"},{\"@type\":\"ImageObject\",\"inLanguage\":\"en-US\",\"@id\":\"https:\/\/www.visit-ulcinj.com\/blog\/2015\/07\/26\/fatmir-deka-optuzio-epcg-bicete-krivi-ako-sezona-propadne\/#primaryimage\",\"url\":\"https:\/\/www.visit-ulcinj.com\/blog\/wp-content\/uploads\/2015\/01\/Kryetari-Ulqinit-Fatmir-Gjeka.jpg\",\"contentUrl\":\"https:\/\/www.visit-ulcinj.com\/blog\/wp-content\/uploads\/2015\/01\/Kryetari-Ulqinit-Fatmir-Gjeka.jpg\",\"width\":960,\"height\":540},{\"@type\":\"WebPage\",\"@id\":\"https:\/\/www.visit-ulcinj.com\/blog\/2015\/07\/26\/fatmir-deka-optuzio-epcg-bicete-krivi-ako-sezona-propadne\/#webpage\",\"url\":\"https:\/\/www.visit-ulcinj.com\/blog\/2015\/07\/26\/fatmir-deka-optuzio-epcg-bicete-krivi-ako-sezona-propadne\/\",\"name\":\"Fatmir \u0110eka optu\u017eio EPCG: Bi\u0107ete krivi ako sezona propadne - Lajme nga Ulqini\",\"isPartOf\":{\"@id\":\"https:\/\/www.visit-ulcinj.com\/blog\/#website\"},\"primaryImageOfPage\":{\"@id\":\"https:\/\/www.visit-ulcinj.com\/blog\/2015\/07\/26\/fatmir-deka-optuzio-epcg-bicete-krivi-ako-sezona-propadne\/#primaryimage\"},\"datePublished\":\"2015-07-26T12:16:31+00:00\",\"dateModified\":\"2015-07-26T12:16:31+00:00\",\"author\":{\"@id\":\"https:\/\/www.visit-ulcinj.com\/blog\/#\/schema\/person\/dcab619c614d3038751c63bc2aadc06d\"},\"description\":\"Autor: Samir Adrovi\u0107 \u00a0Predsjednik Op\u0161tine Ulcinj Fatmir \u0110eka upozorio je Elektroprivredu da \u0107e zbog \u010destih nestanaka struje u gradu i prigradskim\",\"breadcrumb\":{\"@id\":\"https:\/\/www.visit-ulcinj.com\/blog\/2015\/07\/26\/fatmir-deka-optuzio-epcg-bicete-krivi-ako-sezona-propadne\/#breadcrumb\"},\"inLanguage\":\"en-US\",\"potentialAction\":[{\"@type\":\"ReadAction\",\"target\":[\"https:\/\/www.visit-ulcinj.com\/blog\/2015\/07\/26\/fatmir-deka-optuzio-epcg-bicete-krivi-ako-sezona-propadne\/\"]}]},{\"@type\":\"BreadcrumbList\",\"@id\":\"https:\/\/www.visit-ulcinj.com\/blog\/2015\/07\/26\/fatmir-deka-optuzio-epcg-bicete-krivi-ako-sezona-propadne\/#breadcrumb\",\"itemListElement\":[{\"@type\":\"ListItem\",\"position\":1,\"name\":\"Fatmir \u0110eka optu\u017eio EPCG: Bi\u0107ete krivi ako sezona propadne\"}]},{\"@type\":\"Person\",\"@id\":\"https:\/\/www.visit-ulcinj.com\/blog\/#\/schema\/person\/dcab619c614d3038751c63bc2aadc06d\",\"name\":\"ulqini\",\"sameAs\":[\"http:\/\/www.visit-ulcinj.com\"],\"url\":\"https:\/\/www.visit-ulcinj.com\/blog\/author\/admin\/\"}]}<\/script>\n<!-- \/ Yoast SEO plugin. -->","yoast_head_json":{"title":"Fatmir \u0110eka optu\u017eio EPCG: Bi\u0107ete krivi ako sezona propadne - Lajme nga Ulqini","description":"Autor: Samir Adrovi\u0107 \u00a0Predsjednik Op\u0161tine Ulcinj Fatmir \u0110eka upozorio je Elektroprivredu da \u0107e zbog \u010destih nestanaka struje u gradu i prigradskim","robots":{"index":"index","follow":"follow","max-snippet":"max-snippet:-1","max-image-preview":"max-image-preview:large","max-video-preview":"max-video-preview:-1"},"canonical":"https:\/\/www.visit-ulcinj.com\/blog\/2015\/07\/26\/fatmir-deka-optuzio-epcg-bicete-krivi-ako-sezona-propadne\/","og_locale":"en_US","og_type":"article","og_title":"Fatmir \u0110eka optu\u017eio EPCG: Bi\u0107ete krivi ako sezona propadne - Lajme nga Ulqini","og_description":"Autor: Samir Adrovi\u0107 \u00a0Predsjednik Op\u0161tine Ulcinj Fatmir \u0110eka upozorio je Elektroprivredu da \u0107e zbog \u010destih nestanaka struje u gradu i prigradskim","og_url":"https:\/\/www.visit-ulcinj.com\/blog\/2015\/07\/26\/fatmir-deka-optuzio-epcg-bicete-krivi-ako-sezona-propadne\/","og_site_name":"Lajme nga Ulqini","article_published_time":"2015-07-26T12:16:31+00:00","og_image":[{"url":"http:\/\/www.visit-ulcinj.com\/blog\/wp-content\/uploads\/2015\/01\/Kryetari-Ulqinit-Fatmir-Gjeka.jpg"}],"twitter_misc":{"Written by":"ulqini","Est. reading time":"2 minutes"},"schema":{"@context":"https:\/\/schema.org","@graph":[{"@type":"WebSite","@id":"https:\/\/www.visit-ulcinj.com\/blog\/#website","url":"https:\/\/www.visit-ulcinj.com\/blog\/","name":"Lajme nga Ulqini","description":"Lajme,Vijesti,Ulqini,Ulqin,Crna Gora,Mali i Zi","potentialAction":[{"@type":"SearchAction","target":{"@type":"EntryPoint","urlTemplate":"https:\/\/www.visit-ulcinj.com\/blog\/?s={search_term_string}"},"query-input":"required name=search_term_string"}],"inLanguage":"en-US"},{"@type":"ImageObject","inLanguage":"en-US","@id":"https:\/\/www.visit-ulcinj.com\/blog\/2015\/07\/26\/fatmir-deka-optuzio-epcg-bicete-krivi-ako-sezona-propadne\/#primaryimage","url":"https:\/\/www.visit-ulcinj.com\/blog\/wp-content\/uploads\/2015\/01\/Kryetari-Ulqinit-Fatmir-Gjeka.jpg","contentUrl":"https:\/\/www.visit-ulcinj.com\/blog\/wp-content\/uploads\/2015\/01\/Kryetari-Ulqinit-Fatmir-Gjeka.jpg","width":960,"height":540},{"@type":"WebPage","@id":"https:\/\/www.visit-ulcinj.com\/blog\/2015\/07\/26\/fatmir-deka-optuzio-epcg-bicete-krivi-ako-sezona-propadne\/#webpage","url":"https:\/\/www.visit-ulcinj.com\/blog\/2015\/07\/26\/fatmir-deka-optuzio-epcg-bicete-krivi-ako-sezona-propadne\/","name":"Fatmir \u0110eka optu\u017eio EPCG: Bi\u0107ete krivi ako sezona propadne - Lajme nga Ulqini","isPartOf":{"@id":"https:\/\/www.visit-ulcinj.com\/blog\/#website"},"primaryImageOfPage":{"@id":"https:\/\/www.visit-ulcinj.com\/blog\/2015\/07\/26\/fatmir-deka-optuzio-epcg-bicete-krivi-ako-sezona-propadne\/#primaryimage"},"datePublished":"2015-07-26T12:16:31+00:00","dateModified":"2015-07-26T12:16:31+00:00","author":{"@id":"https:\/\/www.visit-ulcinj.com\/blog\/#\/schema\/person\/dcab619c614d3038751c63bc2aadc06d"},"description":"Autor: Samir Adrovi\u0107 \u00a0Predsjednik Op\u0161tine Ulcinj Fatmir \u0110eka upozorio je Elektroprivredu da \u0107e zbog \u010destih nestanaka struje u gradu i prigradskim","breadcrumb":{"@id":"https:\/\/www.visit-ulcinj.com\/blog\/2015\/07\/26\/fatmir-deka-optuzio-epcg-bicete-krivi-ako-sezona-propadne\/#breadcrumb"},"inLanguage":"en-US","potentialAction":[{"@type":"ReadAction","target":["https:\/\/www.visit-ulcinj.com\/blog\/2015\/07\/26\/fatmir-deka-optuzio-epcg-bicete-krivi-ako-sezona-propadne\/"]}]},{"@type":"BreadcrumbList","@id":"https:\/\/www.visit-ulcinj.com\/blog\/2015\/07\/26\/fatmir-deka-optuzio-epcg-bicete-krivi-ako-sezona-propadne\/#breadcrumb","itemListElement":[{"@type":"ListItem","position":1,"name":"Fatmir \u0110eka optu\u017eio EPCG: Bi\u0107ete krivi ako sezona propadne"}]},{"@type":"Person","@id":"https:\/\/www.visit-ulcinj.com\/blog\/#\/schema\/person\/dcab619c614d3038751c63bc2aadc06d","name":"ulqini","sameAs":["http:\/\/www.visit-ulcinj.com"],"url":"https:\/\/www.visit-ulcinj.com\/blog\/author\/admin\/"}]}},"jetpack_featured_media_url":"","jetpack_sharing_enabled":true,"jetpack_shortlink":"https:\/\/wp.me\/pe6lTn-nSB","_links":{"self":[{"href":"https:\/\/www.visit-ulcinj.com\/blog\/wp-json\/wp\/v2\/posts\/91797"}],"collection":[{"href":"https:\/\/www.visit-ulcinj.com\/blog\/wp-json\/wp\/v2\/posts"}],"about":[{"href":"https:\/\/www.visit-ulcinj.com\/blog\/wp-json\/wp\/v2\/types\/post"}],"author":[{"embeddable":true,"href":"https:\/\/www.visit-ulcinj.com\/blog\/wp-json\/wp\/v2\/users\/1"}],"replies":[{"embeddable":true,"href":"https:\/\/www.visit-ulcinj.com\/blog\/wp-json\/wp\/v2\/comments?post=91797"}],"version-history":[{"count":1,"href":"https:\/\/www.visit-ulcinj.com\/blog\/wp-json\/wp\/v2\/posts\/91797\/revisions"}],"predecessor-version":[{"id":91798,"href":"https:\/\/www.visit-ulcinj.com\/blog\/wp-json\/wp\/v2\/posts\/91797\/revisions\/91798"}],"wp:attachment":[{"href":"https:\/\/www.visit-ulcinj.com\/blog\/wp-json\/wp\/v2\/media?parent=91797"}],"wp:term":[{"taxonomy":"category","embeddable":true,"href":"https:\/\/www.visit-ulcinj.com\/blog\/wp-json\/wp\/v2\/categories?post=91797"},{"taxonomy":"post_tag","embeddable":true,"href":"https:\/\/www.visit-ulcinj.com\/blog\/wp-json\/wp\/v2\/tags?post=91797"}],"curies":[{"name":"wp","href":"https:\/\/api.w.org\/{rel}","templated":true}]}}