{"id":91799,"date":"2015-07-26T13:21:32","date_gmt":"2015-07-26T12:21:32","guid":{"rendered":"http:\/\/www.visit-ulcinj.com\/blog\/?p=91799"},"modified":"2015-07-26T13:23:29","modified_gmt":"2015-07-26T12:23:29","slug":"rekordna-potrosnja-struje-na-primorju-kriticno-u-ulcinju","status":"publish","type":"post","link":"https:\/\/www.visit-ulcinj.com\/blog\/2015\/07\/26\/rekordna-potrosnja-struje-na-primorju-kriticno-u-ulcinju\/","title":{"rendered":"Rekordna potro\u0161nja struje na primorju, kriti\u010dno u Ulcinju"},"content":{"rendered":"<p><a href=\"http:\/\/www.visit-ulcinj.com\/blog\/wp-content\/uploads\/2013\/11\/Elektrodistribucija-Ulcinj-mreza.jpg\"><img loading=\"lazy\" class=\"alignleft wp-image-76274\" src=\"http:\/\/www.visit-ulcinj.com\/blog\/wp-content\/uploads\/2013\/11\/Elektrodistribucija-Ulcinj-mreza.jpg\" alt=\"Elektrodistribucija Ulcinj-mreza\" width=\"508\" height=\"360\" \/><\/a>Potro\u0161nja elektri\u010dne energije posljednje sedmice rekordna je\u00a0u primorskim op\u0161tinama, a situacija u Ulcinju je najozbiljnija.<\/p>\n<p>Kako je saop\u0161teno iz\u00a0Elektroprivrede\u00a0Crne Gore, zbog pove\u0107ane potro\u0161nje tokom prethodna tri dana djelovi Ulcinja su ostajali bez napajanja, a stabilizacija naponskih prilika u najve\u0107oj mjeri zavisi od racionalizacije potro\u0161nje.<\/p>\n<p>&#8220;Pored rekordne potro\u0161nje i rekordnog broja gostiju, jedan od glavnih uzroka problema u napajanju ove promorske op\u0161tine jesu nelegalno priklju\u010deni objekti koji stvaraju optere\u0107enja za koj a mre\u017ea nije projektovana. Me\u0111utim, rje\u0161enje ovog problema zahtijeva zajedni\u010dko djelovanje svih relevantnih subjekata, jer EPCG nije odgovorna za izgradnju nelegalnih objekata. Svi na\u0161i napori trenutno su usmjereni na pobolj\u0161anje napajanja elektri\u010dnom energijom u Ulcinju, sve raspolo\u017eive ekipe su preusmjerene u Ulcinj, a s obzirom na najave o diskretnom padu temperature, o\u010dekujemo da \u0107e stanje biti normalizovano narendih dana&#8221;, navodi se u saop\u0161tenju EPCG.<\/p>\n<p>Iz kompanije naro\u010dito apeluju\u00a0na potro\u0161a\u010de elektri\u010dne energije u Ulcinju\u00a0da racionalizuju potro\u0161nju, kako bi elektroenergetska situacija bila stabilizovana u najkra\u0107em roku.<\/p>\n<p><strong>Izvor: Vijesti Online<\/strong><\/p>\n<p><strong>Nervoza sve ve\u0107a: Djelovi Ulcinja i dalje bez struje<\/strong><\/p>\n<p><strong><span class=\"credits__author\"> Autor: Samir Adrovi\u0107 <\/span><\/strong><\/p>\n<p>Pojedini djelovi grada Ulcinja i\u00a0prigradskih naselja jo\u0161 uvijek imaju problema sa napajanjem strujom, pa je nervoza mje\u0161tana i gostiju sve ve\u0107a i evidentnija.<\/p>\n<p>U dijelu naselja\u00a0\u0160toj\u00a0iza katoli\u010dke crkve u posljednja\u00a0tri\u00a0dana objekti su ukupno imali struju pet\u00a0sati, a dio grada oko pumpe &#8220;Kalamper&#8221; nema je od preksino\u0107.<\/p>\n<p>&#8220;Gosti se s pravom ljute i odlaze jer nemaju elementarnih uslova za boravak u sobama i apartmanima bez struje na ovim\u00a0vru\u0107inama&#8221;, kazao je\u00a0&#8220;Vijestima&#8221; jedan od mje\u0161tana koji izdaje apartmane blizu restorana San Marino.<\/p>\n<p>Naselje u \u0160toju iza katoli\u010dke crkve struju je dobilo danas oko 13 \u010dasova nakon skoro 24 sata.<\/p>\n<p>&#8220;U posljednjih 17 dana u prosjeku smo imali po 9 sati struje dnevno, a ho\u0107emo turizam&#8221;, ka\u017ee Podgori\u010danin\u00a0Mileta\u00a0Lutovac koji u tom dijelu grada ima ku\u0107u.<\/p>\n<p><em><strong><a href=\"http:\/\/www.vijesti.me\/vijesti\/epcg-rekordna-potrosnja-struje-na-primorju-kriticno-u-ulcinju-844004\" target=\"_blank\">Iz EPCG su ju\u010de objasnili da do kvarova dolazi zbog rekordne poto\u0161nje struje u\u00a0posljednjih\u00a010 godina i velikog broja nelegalno priklju\u010denih objekata koji proptere\u0107uju mre\u017eu.<\/a><\/strong><\/em><\/p>\n<p>Prema nezvan procjenama u Ucinju\u00a0trenutno boravi vi\u0161e od 100.000 turista.<\/p>\n<p><strong>Izvor: Vijesti Online<\/strong><\/p>\n","protected":false},"excerpt":{"rendered":"<p>Potro\u0161nja elektri\u010dne energije posljednje sedmice rekordna je\u00a0u primorskim op\u0161tinama, a situacija u Ulcinju je najozbiljnija. Kako je saop\u0161teno iz\u00a0Elektroprivrede\u00a0Crne Gore, zbog pove\u0107ane potro\u0161nje tokom prethodna tri dana djelovi Ulcinja su ostajali bez napajanja, a stabilizacija naponskih prilika u najve\u0107oj mjeri zavisi od racionalizacije potro\u0161nje. &#8220;Pored rekordne potro\u0161nje i rekordnog broja gostiju, jedan od glavnih uzroka [&hellip;]<\/p>\n","protected":false},"author":1,"featured_media":0,"comment_status":"closed","ping_status":"closed","sticky":false,"template":"","format":"standard","meta":{"spay_email":"","jetpack_publicize_message":"","jetpack_is_tweetstorm":false,"jetpack_publicize_feature_enabled":true},"categories":[6950],"tags":[],"jetpack_publicize_connections":[],"yoast_head":"<!-- This site is optimized with the Yoast SEO plugin v19.1 - https:\/\/yoast.com\/wordpress\/plugins\/seo\/ -->\n<title>Rekordna potro\u0161nja struje na primorju, kriti\u010dno u Ulcinju - Lajme nga Ulqini<\/title>\n<meta name=\"description\" content=\"Potro\u0161nja elektri\u010dne energije posljednje sedmice rekordna je\u00a0u primorskim op\u0161tinama, a situacija u Ulcinju je najozbiljnija. Kako je saop\u0161teno\" \/>\n<meta name=\"robots\" content=\"index, follow, max-snippet:-1, max-image-preview:large, max-video-preview:-1\" \/>\n<link rel=\"canonical\" href=\"https:\/\/www.visit-ulcinj.com\/blog\/2015\/07\/26\/rekordna-potrosnja-struje-na-primorju-kriticno-u-ulcinju\/\" \/>\n<meta property=\"og:locale\" content=\"en_US\" \/>\n<meta property=\"og:type\" content=\"article\" \/>\n<meta property=\"og:title\" content=\"Rekordna potro\u0161nja struje na primorju, kriti\u010dno u Ulcinju - Lajme nga Ulqini\" \/>\n<meta property=\"og:description\" content=\"Potro\u0161nja elektri\u010dne energije posljednje sedmice rekordna je\u00a0u primorskim op\u0161tinama, a situacija u Ulcinju je najozbiljnija. Kako je saop\u0161teno\" \/>\n<meta property=\"og:url\" content=\"https:\/\/www.visit-ulcinj.com\/blog\/2015\/07\/26\/rekordna-potrosnja-struje-na-primorju-kriticno-u-ulcinju\/\" \/>\n<meta property=\"og:site_name\" content=\"Lajme nga Ulqini\" \/>\n<meta property=\"article:published_time\" content=\"2015-07-26T12:21:32+00:00\" \/>\n<meta property=\"article:modified_time\" content=\"2015-07-26T12:23:29+00:00\" \/>\n<meta property=\"og:image\" content=\"http:\/\/www.visit-ulcinj.com\/blog\/wp-content\/uploads\/2013\/11\/Elektrodistribucija-Ulcinj-mreza.jpg\" \/>\n<meta name=\"twitter:label1\" content=\"Written by\" \/>\n\t<meta name=\"twitter:data1\" content=\"ulqini\" \/>\n\t<meta name=\"twitter:label2\" content=\"Est. reading time\" \/>\n\t<meta name=\"twitter:data2\" content=\"2 minutes\" \/>\n<script type=\"application\/ld+json\" class=\"yoast-schema-graph\">{\"@context\":\"https:\/\/schema.org\",\"@graph\":[{\"@type\":\"WebSite\",\"@id\":\"https:\/\/www.visit-ulcinj.com\/blog\/#website\",\"url\":\"https:\/\/www.visit-ulcinj.com\/blog\/\",\"name\":\"Lajme nga Ulqini\",\"description\":\"Lajme,Vijesti,Ulqini,Ulqin,Crna Gora,Mali i Zi\",\"potentialAction\":[{\"@type\":\"SearchAction\",\"target\":{\"@type\":\"EntryPoint\",\"urlTemplate\":\"https:\/\/www.visit-ulcinj.com\/blog\/?s={search_term_string}\"},\"query-input\":\"required name=search_term_string\"}],\"inLanguage\":\"en-US\"},{\"@type\":\"ImageObject\",\"inLanguage\":\"en-US\",\"@id\":\"https:\/\/www.visit-ulcinj.com\/blog\/2015\/07\/26\/rekordna-potrosnja-struje-na-primorju-kriticno-u-ulcinju\/#primaryimage\",\"url\":\"https:\/\/www.visit-ulcinj.com\/blog\/wp-content\/uploads\/2013\/11\/Elektrodistribucija-Ulcinj-mreza.jpg\",\"contentUrl\":\"https:\/\/www.visit-ulcinj.com\/blog\/wp-content\/uploads\/2013\/11\/Elektrodistribucija-Ulcinj-mreza.jpg\",\"width\":1936,\"height\":1296},{\"@type\":\"WebPage\",\"@id\":\"https:\/\/www.visit-ulcinj.com\/blog\/2015\/07\/26\/rekordna-potrosnja-struje-na-primorju-kriticno-u-ulcinju\/#webpage\",\"url\":\"https:\/\/www.visit-ulcinj.com\/blog\/2015\/07\/26\/rekordna-potrosnja-struje-na-primorju-kriticno-u-ulcinju\/\",\"name\":\"Rekordna potro\u0161nja struje na primorju, kriti\u010dno u Ulcinju - Lajme nga Ulqini\",\"isPartOf\":{\"@id\":\"https:\/\/www.visit-ulcinj.com\/blog\/#website\"},\"primaryImageOfPage\":{\"@id\":\"https:\/\/www.visit-ulcinj.com\/blog\/2015\/07\/26\/rekordna-potrosnja-struje-na-primorju-kriticno-u-ulcinju\/#primaryimage\"},\"datePublished\":\"2015-07-26T12:21:32+00:00\",\"dateModified\":\"2015-07-26T12:23:29+00:00\",\"author\":{\"@id\":\"https:\/\/www.visit-ulcinj.com\/blog\/#\/schema\/person\/dcab619c614d3038751c63bc2aadc06d\"},\"description\":\"Potro\u0161nja elektri\u010dne energije posljednje sedmice rekordna je\u00a0u primorskim op\u0161tinama, a situacija u Ulcinju je najozbiljnija. Kako je saop\u0161teno\",\"breadcrumb\":{\"@id\":\"https:\/\/www.visit-ulcinj.com\/blog\/2015\/07\/26\/rekordna-potrosnja-struje-na-primorju-kriticno-u-ulcinju\/#breadcrumb\"},\"inLanguage\":\"en-US\",\"potentialAction\":[{\"@type\":\"ReadAction\",\"target\":[\"https:\/\/www.visit-ulcinj.com\/blog\/2015\/07\/26\/rekordna-potrosnja-struje-na-primorju-kriticno-u-ulcinju\/\"]}]},{\"@type\":\"BreadcrumbList\",\"@id\":\"https:\/\/www.visit-ulcinj.com\/blog\/2015\/07\/26\/rekordna-potrosnja-struje-na-primorju-kriticno-u-ulcinju\/#breadcrumb\",\"itemListElement\":[{\"@type\":\"ListItem\",\"position\":1,\"name\":\"Rekordna potro\u0161nja struje na primorju, kriti\u010dno u Ulcinju\"}]},{\"@type\":\"Person\",\"@id\":\"https:\/\/www.visit-ulcinj.com\/blog\/#\/schema\/person\/dcab619c614d3038751c63bc2aadc06d\",\"name\":\"ulqini\",\"sameAs\":[\"http:\/\/www.visit-ulcinj.com\"],\"url\":\"https:\/\/www.visit-ulcinj.com\/blog\/author\/admin\/\"}]}<\/script>\n<!-- \/ Yoast SEO plugin. -->","yoast_head_json":{"title":"Rekordna potro\u0161nja struje na primorju, kriti\u010dno u Ulcinju - Lajme nga Ulqini","description":"Potro\u0161nja elektri\u010dne energije posljednje sedmice rekordna je\u00a0u primorskim op\u0161tinama, a situacija u Ulcinju je najozbiljnija. Kako je saop\u0161teno","robots":{"index":"index","follow":"follow","max-snippet":"max-snippet:-1","max-image-preview":"max-image-preview:large","max-video-preview":"max-video-preview:-1"},"canonical":"https:\/\/www.visit-ulcinj.com\/blog\/2015\/07\/26\/rekordna-potrosnja-struje-na-primorju-kriticno-u-ulcinju\/","og_locale":"en_US","og_type":"article","og_title":"Rekordna potro\u0161nja struje na primorju, kriti\u010dno u Ulcinju - Lajme nga Ulqini","og_description":"Potro\u0161nja elektri\u010dne energije posljednje sedmice rekordna je\u00a0u primorskim op\u0161tinama, a situacija u Ulcinju je najozbiljnija. Kako je saop\u0161teno","og_url":"https:\/\/www.visit-ulcinj.com\/blog\/2015\/07\/26\/rekordna-potrosnja-struje-na-primorju-kriticno-u-ulcinju\/","og_site_name":"Lajme nga Ulqini","article_published_time":"2015-07-26T12:21:32+00:00","article_modified_time":"2015-07-26T12:23:29+00:00","og_image":[{"url":"http:\/\/www.visit-ulcinj.com\/blog\/wp-content\/uploads\/2013\/11\/Elektrodistribucija-Ulcinj-mreza.jpg"}],"twitter_misc":{"Written by":"ulqini","Est. reading time":"2 minutes"},"schema":{"@context":"https:\/\/schema.org","@graph":[{"@type":"WebSite","@id":"https:\/\/www.visit-ulcinj.com\/blog\/#website","url":"https:\/\/www.visit-ulcinj.com\/blog\/","name":"Lajme nga Ulqini","description":"Lajme,Vijesti,Ulqini,Ulqin,Crna Gora,Mali i Zi","potentialAction":[{"@type":"SearchAction","target":{"@type":"EntryPoint","urlTemplate":"https:\/\/www.visit-ulcinj.com\/blog\/?s={search_term_string}"},"query-input":"required name=search_term_string"}],"inLanguage":"en-US"},{"@type":"ImageObject","inLanguage":"en-US","@id":"https:\/\/www.visit-ulcinj.com\/blog\/2015\/07\/26\/rekordna-potrosnja-struje-na-primorju-kriticno-u-ulcinju\/#primaryimage","url":"https:\/\/www.visit-ulcinj.com\/blog\/wp-content\/uploads\/2013\/11\/Elektrodistribucija-Ulcinj-mreza.jpg","contentUrl":"https:\/\/www.visit-ulcinj.com\/blog\/wp-content\/uploads\/2013\/11\/Elektrodistribucija-Ulcinj-mreza.jpg","width":1936,"height":1296},{"@type":"WebPage","@id":"https:\/\/www.visit-ulcinj.com\/blog\/2015\/07\/26\/rekordna-potrosnja-struje-na-primorju-kriticno-u-ulcinju\/#webpage","url":"https:\/\/www.visit-ulcinj.com\/blog\/2015\/07\/26\/rekordna-potrosnja-struje-na-primorju-kriticno-u-ulcinju\/","name":"Rekordna potro\u0161nja struje na primorju, kriti\u010dno u Ulcinju - Lajme nga Ulqini","isPartOf":{"@id":"https:\/\/www.visit-ulcinj.com\/blog\/#website"},"primaryImageOfPage":{"@id":"https:\/\/www.visit-ulcinj.com\/blog\/2015\/07\/26\/rekordna-potrosnja-struje-na-primorju-kriticno-u-ulcinju\/#primaryimage"},"datePublished":"2015-07-26T12:21:32+00:00","dateModified":"2015-07-26T12:23:29+00:00","author":{"@id":"https:\/\/www.visit-ulcinj.com\/blog\/#\/schema\/person\/dcab619c614d3038751c63bc2aadc06d"},"description":"Potro\u0161nja elektri\u010dne energije posljednje sedmice rekordna je\u00a0u primorskim op\u0161tinama, a situacija u Ulcinju je najozbiljnija. Kako je saop\u0161teno","breadcrumb":{"@id":"https:\/\/www.visit-ulcinj.com\/blog\/2015\/07\/26\/rekordna-potrosnja-struje-na-primorju-kriticno-u-ulcinju\/#breadcrumb"},"inLanguage":"en-US","potentialAction":[{"@type":"ReadAction","target":["https:\/\/www.visit-ulcinj.com\/blog\/2015\/07\/26\/rekordna-potrosnja-struje-na-primorju-kriticno-u-ulcinju\/"]}]},{"@type":"BreadcrumbList","@id":"https:\/\/www.visit-ulcinj.com\/blog\/2015\/07\/26\/rekordna-potrosnja-struje-na-primorju-kriticno-u-ulcinju\/#breadcrumb","itemListElement":[{"@type":"ListItem","position":1,"name":"Rekordna potro\u0161nja struje na primorju, kriti\u010dno u Ulcinju"}]},{"@type":"Person","@id":"https:\/\/www.visit-ulcinj.com\/blog\/#\/schema\/person\/dcab619c614d3038751c63bc2aadc06d","name":"ulqini","sameAs":["http:\/\/www.visit-ulcinj.com"],"url":"https:\/\/www.visit-ulcinj.com\/blog\/author\/admin\/"}]}},"jetpack_featured_media_url":"","jetpack_sharing_enabled":true,"jetpack_shortlink":"https:\/\/wp.me\/pe6lTn-nSD","_links":{"self":[{"href":"https:\/\/www.visit-ulcinj.com\/blog\/wp-json\/wp\/v2\/posts\/91799"}],"collection":[{"href":"https:\/\/www.visit-ulcinj.com\/blog\/wp-json\/wp\/v2\/posts"}],"about":[{"href":"https:\/\/www.visit-ulcinj.com\/blog\/wp-json\/wp\/v2\/types\/post"}],"author":[{"embeddable":true,"href":"https:\/\/www.visit-ulcinj.com\/blog\/wp-json\/wp\/v2\/users\/1"}],"replies":[{"embeddable":true,"href":"https:\/\/www.visit-ulcinj.com\/blog\/wp-json\/wp\/v2\/comments?post=91799"}],"version-history":[{"count":3,"href":"https:\/\/www.visit-ulcinj.com\/blog\/wp-json\/wp\/v2\/posts\/91799\/revisions"}],"predecessor-version":[{"id":91802,"href":"https:\/\/www.visit-ulcinj.com\/blog\/wp-json\/wp\/v2\/posts\/91799\/revisions\/91802"}],"wp:attachment":[{"href":"https:\/\/www.visit-ulcinj.com\/blog\/wp-json\/wp\/v2\/media?parent=91799"}],"wp:term":[{"taxonomy":"category","embeddable":true,"href":"https:\/\/www.visit-ulcinj.com\/blog\/wp-json\/wp\/v2\/categories?post=91799"},{"taxonomy":"post_tag","embeddable":true,"href":"https:\/\/www.visit-ulcinj.com\/blog\/wp-json\/wp\/v2\/tags?post=91799"}],"curies":[{"name":"wp","href":"https:\/\/api.w.org\/{rel}","templated":true}]}}