{"id":91803,"date":"2015-07-24T13:25:32","date_gmt":"2015-07-24T12:25:32","guid":{"rendered":"http:\/\/www.visit-ulcinj.com\/blog\/?p=91803"},"modified":"2015-07-26T13:32:06","modified_gmt":"2015-07-26T12:32:06","slug":"dokaj-novi-predsjednik-osnovnog-suda-ulcinja","status":"publish","type":"post","link":"https:\/\/www.visit-ulcinj.com\/blog\/2015\/07\/24\/dokaj-novi-predsjednik-osnovnog-suda-ulcinja\/","title":{"rendered":"Amir \u0110okaj novi predsjednik Osnovnog suda Ulcinja"},"content":{"rendered":"<p><strong><span class=\"credits__author\"> <a href=\"http:\/\/www.visit-ulcinj.com\/blog\/wp-content\/uploads\/2015\/07\/Osnovni-sud-Ulcinj.jpg\"><img loading=\"lazy\" class=\"alignleft wp-image-91804\" src=\"http:\/\/www.visit-ulcinj.com\/blog\/wp-content\/uploads\/2015\/07\/Osnovni-sud-Ulcinj.jpg\" alt=\"Osnovni-sud-Ulcinj\" width=\"508\" height=\"339\" srcset=\"https:\/\/www.visit-ulcinj.com\/blog\/wp-content\/uploads\/2015\/07\/Osnovni-sud-Ulcinj.jpg 473w, https:\/\/www.visit-ulcinj.com\/blog\/wp-content\/uploads\/2015\/07\/Osnovni-sud-Ulcinj-300x200.jpg 300w\" sizes=\"(max-width: 508px) 100vw, 508px\" \/><\/a>Autor: Samir Adrovi\u0107 <\/span><\/strong><\/p>\n<p>Dosada\u0161nji sudija Osnovnog suda u Ulcinju Amir \u0110okaj izabran je danas za predsjednika Osnovnog suda, potvr\u0111eno je \u201cVijestima\u201d u Sudskom savjetu.<\/p>\n<p>On \u0107e na toj funkciji zamijeniti Liriju Buzuku, koja je tako\u0111e bila kandidat za \u010delnu funkciju Osnovnog suda.<\/p>\n<p><strong>Izvor: Vijesti Online<\/strong><\/p>\n","protected":false},"excerpt":{"rendered":"<p>Autor: Samir Adrovi\u0107 Dosada\u0161nji sudija Osnovnog suda u Ulcinju Amir \u0110okaj izabran je danas za predsjednika Osnovnog suda, potvr\u0111eno je \u201cVijestima\u201d u Sudskom savjetu. On \u0107e na toj funkciji zamijeniti Liriju Buzuku, koja je tako\u0111e bila kandidat za \u010delnu funkciju Osnovnog suda. Izvor: Vijesti Online<\/p>\n","protected":false},"author":1,"featured_media":0,"comment_status":"closed","ping_status":"closed","sticky":false,"template":"","format":"standard","meta":{"spay_email":"","jetpack_publicize_message":"","jetpack_is_tweetstorm":false,"jetpack_publicize_feature_enabled":true},"categories":[6950],"tags":[],"jetpack_publicize_connections":[],"yoast_head":"<!-- This site is optimized with the Yoast SEO plugin v19.1 - https:\/\/yoast.com\/wordpress\/plugins\/seo\/ -->\n<title>Amir \u0110okaj novi predsjednik Osnovnog suda Ulcinja - Lajme nga Ulqini<\/title>\n<meta name=\"description\" content=\"Autor: Samir Adrovi\u0107 Dosada\u0161nji sudija Osnovnog suda u Ulcinju Amir \u0110okaj izabran je danas za predsjednika Osnovnog suda, potvr\u0111eno je \u201cVijestima\u201d u\" \/>\n<meta name=\"robots\" content=\"index, follow, max-snippet:-1, max-image-preview:large, max-video-preview:-1\" \/>\n<link rel=\"canonical\" href=\"https:\/\/www.visit-ulcinj.com\/blog\/2015\/07\/24\/dokaj-novi-predsjednik-osnovnog-suda-ulcinja\/\" \/>\n<meta property=\"og:locale\" content=\"en_US\" \/>\n<meta property=\"og:type\" content=\"article\" \/>\n<meta property=\"og:title\" content=\"Amir \u0110okaj novi predsjednik Osnovnog suda Ulcinja - Lajme nga Ulqini\" \/>\n<meta property=\"og:description\" content=\"Autor: Samir Adrovi\u0107 Dosada\u0161nji sudija Osnovnog suda u Ulcinju Amir \u0110okaj izabran je danas za predsjednika Osnovnog suda, potvr\u0111eno je \u201cVijestima\u201d u\" \/>\n<meta property=\"og:url\" content=\"https:\/\/www.visit-ulcinj.com\/blog\/2015\/07\/24\/dokaj-novi-predsjednik-osnovnog-suda-ulcinja\/\" \/>\n<meta property=\"og:site_name\" content=\"Lajme nga Ulqini\" \/>\n<meta property=\"article:published_time\" content=\"2015-07-24T12:25:32+00:00\" \/>\n<meta property=\"article:modified_time\" content=\"2015-07-26T12:32:06+00:00\" \/>\n<meta property=\"og:image\" content=\"http:\/\/www.visit-ulcinj.com\/blog\/wp-content\/uploads\/2015\/07\/Osnovni-sud-Ulcinj.jpg\" \/>\n<meta name=\"twitter:label1\" content=\"Written by\" \/>\n\t<meta name=\"twitter:data1\" content=\"ulqini\" \/>\n<script type=\"application\/ld+json\" class=\"yoast-schema-graph\">{\"@context\":\"https:\/\/schema.org\",\"@graph\":[{\"@type\":\"WebSite\",\"@id\":\"https:\/\/www.visit-ulcinj.com\/blog\/#website\",\"url\":\"https:\/\/www.visit-ulcinj.com\/blog\/\",\"name\":\"Lajme nga Ulqini\",\"description\":\"Lajme,Vijesti,Ulqini,Ulqin,Crna Gora,Mali i Zi\",\"potentialAction\":[{\"@type\":\"SearchAction\",\"target\":{\"@type\":\"EntryPoint\",\"urlTemplate\":\"https:\/\/www.visit-ulcinj.com\/blog\/?s={search_term_string}\"},\"query-input\":\"required name=search_term_string\"}],\"inLanguage\":\"en-US\"},{\"@type\":\"ImageObject\",\"inLanguage\":\"en-US\",\"@id\":\"https:\/\/www.visit-ulcinj.com\/blog\/2015\/07\/24\/dokaj-novi-predsjednik-osnovnog-suda-ulcinja\/#primaryimage\",\"url\":\"https:\/\/www.visit-ulcinj.com\/blog\/wp-content\/uploads\/2015\/07\/Osnovni-sud-Ulcinj.jpg\",\"contentUrl\":\"https:\/\/www.visit-ulcinj.com\/blog\/wp-content\/uploads\/2015\/07\/Osnovni-sud-Ulcinj.jpg\",\"width\":473,\"height\":316},{\"@type\":\"WebPage\",\"@id\":\"https:\/\/www.visit-ulcinj.com\/blog\/2015\/07\/24\/dokaj-novi-predsjednik-osnovnog-suda-ulcinja\/#webpage\",\"url\":\"https:\/\/www.visit-ulcinj.com\/blog\/2015\/07\/24\/dokaj-novi-predsjednik-osnovnog-suda-ulcinja\/\",\"name\":\"Amir \u0110okaj novi predsjednik Osnovnog suda Ulcinja - Lajme nga Ulqini\",\"isPartOf\":{\"@id\":\"https:\/\/www.visit-ulcinj.com\/blog\/#website\"},\"primaryImageOfPage\":{\"@id\":\"https:\/\/www.visit-ulcinj.com\/blog\/2015\/07\/24\/dokaj-novi-predsjednik-osnovnog-suda-ulcinja\/#primaryimage\"},\"datePublished\":\"2015-07-24T12:25:32+00:00\",\"dateModified\":\"2015-07-26T12:32:06+00:00\",\"author\":{\"@id\":\"https:\/\/www.visit-ulcinj.com\/blog\/#\/schema\/person\/dcab619c614d3038751c63bc2aadc06d\"},\"description\":\"Autor: Samir Adrovi\u0107 Dosada\u0161nji sudija Osnovnog suda u Ulcinju Amir \u0110okaj izabran je danas za predsjednika Osnovnog suda, potvr\u0111eno je \u201cVijestima\u201d u\",\"breadcrumb\":{\"@id\":\"https:\/\/www.visit-ulcinj.com\/blog\/2015\/07\/24\/dokaj-novi-predsjednik-osnovnog-suda-ulcinja\/#breadcrumb\"},\"inLanguage\":\"en-US\",\"potentialAction\":[{\"@type\":\"ReadAction\",\"target\":[\"https:\/\/www.visit-ulcinj.com\/blog\/2015\/07\/24\/dokaj-novi-predsjednik-osnovnog-suda-ulcinja\/\"]}]},{\"@type\":\"BreadcrumbList\",\"@id\":\"https:\/\/www.visit-ulcinj.com\/blog\/2015\/07\/24\/dokaj-novi-predsjednik-osnovnog-suda-ulcinja\/#breadcrumb\",\"itemListElement\":[{\"@type\":\"ListItem\",\"position\":1,\"name\":\"Amir \u0110okaj novi predsjednik Osnovnog suda Ulcinja\"}]},{\"@type\":\"Person\",\"@id\":\"https:\/\/www.visit-ulcinj.com\/blog\/#\/schema\/person\/dcab619c614d3038751c63bc2aadc06d\",\"name\":\"ulqini\",\"sameAs\":[\"http:\/\/www.visit-ulcinj.com\"],\"url\":\"https:\/\/www.visit-ulcinj.com\/blog\/author\/admin\/\"}]}<\/script>\n<!-- \/ Yoast SEO plugin. -->","yoast_head_json":{"title":"Amir \u0110okaj novi predsjednik Osnovnog suda Ulcinja - Lajme nga Ulqini","description":"Autor: Samir Adrovi\u0107 Dosada\u0161nji sudija Osnovnog suda u Ulcinju Amir \u0110okaj izabran je danas za predsjednika Osnovnog suda, potvr\u0111eno je \u201cVijestima\u201d u","robots":{"index":"index","follow":"follow","max-snippet":"max-snippet:-1","max-image-preview":"max-image-preview:large","max-video-preview":"max-video-preview:-1"},"canonical":"https:\/\/www.visit-ulcinj.com\/blog\/2015\/07\/24\/dokaj-novi-predsjednik-osnovnog-suda-ulcinja\/","og_locale":"en_US","og_type":"article","og_title":"Amir \u0110okaj novi predsjednik Osnovnog suda Ulcinja - Lajme nga Ulqini","og_description":"Autor: Samir Adrovi\u0107 Dosada\u0161nji sudija Osnovnog suda u Ulcinju Amir \u0110okaj izabran je danas za predsjednika Osnovnog suda, potvr\u0111eno je \u201cVijestima\u201d u","og_url":"https:\/\/www.visit-ulcinj.com\/blog\/2015\/07\/24\/dokaj-novi-predsjednik-osnovnog-suda-ulcinja\/","og_site_name":"Lajme nga Ulqini","article_published_time":"2015-07-24T12:25:32+00:00","article_modified_time":"2015-07-26T12:32:06+00:00","og_image":[{"url":"http:\/\/www.visit-ulcinj.com\/blog\/wp-content\/uploads\/2015\/07\/Osnovni-sud-Ulcinj.jpg"}],"twitter_misc":{"Written by":"ulqini"},"schema":{"@context":"https:\/\/schema.org","@graph":[{"@type":"WebSite","@id":"https:\/\/www.visit-ulcinj.com\/blog\/#website","url":"https:\/\/www.visit-ulcinj.com\/blog\/","name":"Lajme nga Ulqini","description":"Lajme,Vijesti,Ulqini,Ulqin,Crna Gora,Mali i Zi","potentialAction":[{"@type":"SearchAction","target":{"@type":"EntryPoint","urlTemplate":"https:\/\/www.visit-ulcinj.com\/blog\/?s={search_term_string}"},"query-input":"required name=search_term_string"}],"inLanguage":"en-US"},{"@type":"ImageObject","inLanguage":"en-US","@id":"https:\/\/www.visit-ulcinj.com\/blog\/2015\/07\/24\/dokaj-novi-predsjednik-osnovnog-suda-ulcinja\/#primaryimage","url":"https:\/\/www.visit-ulcinj.com\/blog\/wp-content\/uploads\/2015\/07\/Osnovni-sud-Ulcinj.jpg","contentUrl":"https:\/\/www.visit-ulcinj.com\/blog\/wp-content\/uploads\/2015\/07\/Osnovni-sud-Ulcinj.jpg","width":473,"height":316},{"@type":"WebPage","@id":"https:\/\/www.visit-ulcinj.com\/blog\/2015\/07\/24\/dokaj-novi-predsjednik-osnovnog-suda-ulcinja\/#webpage","url":"https:\/\/www.visit-ulcinj.com\/blog\/2015\/07\/24\/dokaj-novi-predsjednik-osnovnog-suda-ulcinja\/","name":"Amir \u0110okaj novi predsjednik Osnovnog suda Ulcinja - Lajme nga Ulqini","isPartOf":{"@id":"https:\/\/www.visit-ulcinj.com\/blog\/#website"},"primaryImageOfPage":{"@id":"https:\/\/www.visit-ulcinj.com\/blog\/2015\/07\/24\/dokaj-novi-predsjednik-osnovnog-suda-ulcinja\/#primaryimage"},"datePublished":"2015-07-24T12:25:32+00:00","dateModified":"2015-07-26T12:32:06+00:00","author":{"@id":"https:\/\/www.visit-ulcinj.com\/blog\/#\/schema\/person\/dcab619c614d3038751c63bc2aadc06d"},"description":"Autor: Samir Adrovi\u0107 Dosada\u0161nji sudija Osnovnog suda u Ulcinju Amir \u0110okaj izabran je danas za predsjednika Osnovnog suda, potvr\u0111eno je \u201cVijestima\u201d u","breadcrumb":{"@id":"https:\/\/www.visit-ulcinj.com\/blog\/2015\/07\/24\/dokaj-novi-predsjednik-osnovnog-suda-ulcinja\/#breadcrumb"},"inLanguage":"en-US","potentialAction":[{"@type":"ReadAction","target":["https:\/\/www.visit-ulcinj.com\/blog\/2015\/07\/24\/dokaj-novi-predsjednik-osnovnog-suda-ulcinja\/"]}]},{"@type":"BreadcrumbList","@id":"https:\/\/www.visit-ulcinj.com\/blog\/2015\/07\/24\/dokaj-novi-predsjednik-osnovnog-suda-ulcinja\/#breadcrumb","itemListElement":[{"@type":"ListItem","position":1,"name":"Amir \u0110okaj novi predsjednik Osnovnog suda Ulcinja"}]},{"@type":"Person","@id":"https:\/\/www.visit-ulcinj.com\/blog\/#\/schema\/person\/dcab619c614d3038751c63bc2aadc06d","name":"ulqini","sameAs":["http:\/\/www.visit-ulcinj.com"],"url":"https:\/\/www.visit-ulcinj.com\/blog\/author\/admin\/"}]}},"jetpack_featured_media_url":"","jetpack_sharing_enabled":true,"jetpack_shortlink":"https:\/\/wp.me\/pe6lTn-nSH","_links":{"self":[{"href":"https:\/\/www.visit-ulcinj.com\/blog\/wp-json\/wp\/v2\/posts\/91803"}],"collection":[{"href":"https:\/\/www.visit-ulcinj.com\/blog\/wp-json\/wp\/v2\/posts"}],"about":[{"href":"https:\/\/www.visit-ulcinj.com\/blog\/wp-json\/wp\/v2\/types\/post"}],"author":[{"embeddable":true,"href":"https:\/\/www.visit-ulcinj.com\/blog\/wp-json\/wp\/v2\/users\/1"}],"replies":[{"embeddable":true,"href":"https:\/\/www.visit-ulcinj.com\/blog\/wp-json\/wp\/v2\/comments?post=91803"}],"version-history":[{"count":2,"href":"https:\/\/www.visit-ulcinj.com\/blog\/wp-json\/wp\/v2\/posts\/91803\/revisions"}],"predecessor-version":[{"id":91806,"href":"https:\/\/www.visit-ulcinj.com\/blog\/wp-json\/wp\/v2\/posts\/91803\/revisions\/91806"}],"wp:attachment":[{"href":"https:\/\/www.visit-ulcinj.com\/blog\/wp-json\/wp\/v2\/media?parent=91803"}],"wp:term":[{"taxonomy":"category","embeddable":true,"href":"https:\/\/www.visit-ulcinj.com\/blog\/wp-json\/wp\/v2\/categories?post=91803"},{"taxonomy":"post_tag","embeddable":true,"href":"https:\/\/www.visit-ulcinj.com\/blog\/wp-json\/wp\/v2\/tags?post=91803"}],"curies":[{"name":"wp","href":"https:\/\/api.w.org\/{rel}","templated":true}]}}